{"id":5645,"date":"2017-09-12T10:07:59","date_gmt":"2017-09-12T10:07:59","guid":{"rendered":"http:\/\/www.travel3.com.br\/site\/ir-e-vir\/ar\/go-inn-em-vitoria-mais-um-hotel-no-portfolio-da-bandeira-100-brasileira\/"},"modified":"2017-09-12T10:07:59","modified_gmt":"2017-09-12T10:07:59","slug":"go-inn-em-vitoria-mais-um-hotel-no-portfolio-da-bandeira-100-brasileira","status":"publish","type":"post","link":"https:\/\/www.travel3.com.br\/site\/sem-categoria\/go-inn-em-vitoria-mais-um-hotel-no-portfolio-da-bandeira-100-brasileira\/","title":{"rendered":"GO INN EM VIT\u00d3RIA, MAIS UM HOTEL NO PORTF\u00d3LIO DA BANDEIRA 100% BRASILEIRA"},"content":{"rendered":"<p><span style=\"color: #40acad; font-family: -apple-system, system-ui, 'Segoe UI', Roboto, Oxygen-Sans, Ubuntu, Cantarell, 'Helvetica Neue', sans-serif; font-size: 12px; font-weight: bold;\"><\/p>\n<p style=\"text-align:justify\">A bandeira Go Inn segue em pleno desenvolvimento e hoje (9), a Atlantica anuncia o seu s\u00e9timo empreendimento da marca, com a inaugura\u00e7\u00e3o do empreendimento em Vit\u00f3ria (ES). O anterior foi em Aracaju, no m\u00eas de janeiro.<\/p>\n<p style=\"text-align:justify\">Localizado na rua Jo\u00e3o Batista Parra, 261, Praia do Su\u00e1, em Vit\u00f3ria (ES), o Go Inn Vit\u00f3ria tem 160 apartamentos, distribu\u00eddos em oito andares, com metragem variando entre 14 m\u00b2 e 20 m\u00b2. A ger\u00eancia geral do Go Inn Vit\u00f3ria est\u00e1 a cargo de Igor Souza.<\/p>\n<p style=\"text-align:justify\">Go Inn \u00e9 \u00a0a primeira bandeira 100% brasileira da Atlantica. Os hot\u00e9is j\u00e1 est\u00e3o em S\u00e3o Paulo, Manaus, Belo Horizonte, Goi\u00e2nia, Curitiba, Aracaju e agora Vit\u00f3ria. \u00a0Os planos s\u00e3o de 15 empreendimentos para os dois pr\u00f3ximos anos, com mais hot\u00e9is em cidades de S\u00e3o Paulo e Minas.<\/p>\n<p style=\"text-align:justify\"><a class=\"fancybox-media\" href=\"..\/_uploads\/_noticia\/2016-05\/paul--2-.jpg\" rel=\"portfolio\"><img decoding=\"async\" alt=\"\" src=\"..\/_uploads\/_noticia\/2016-05\/paul--2-.jpg\" \/><\/a><\/p>\n<p style=\"text-align:justify\">\u201cEstamos muito felizes por mais um Go Inn \u00e9 uma marca que tem forte apelo tanto para h\u00f3spedes que procuram uma hospedagem confort\u00e1vel e \u00e1gil, quanto para investidores porque traz retornos interessantes para quem quer aplicar em im\u00f3veis\u201d, afirma Paul J. Sistare, fundador e CEO da Atlantica Hotels.<\/p>\n<p style=\"text-align:justify\">Ele tamb\u00e9m antecipa que mais um Go Inn ser\u00e1 aberto neste ano, na regi\u00e3o do Grande ABC \u201cDevemos completar a expans\u00e3o da bandeira at\u00e9 2019 com cerca de 15 hot\u00e9is, que representar\u00e3o a oferta de aproximadamente 3 mil apartamentos, abrangendo quase todos os estados do Brasil\u201d.<\/p>\n<p style=\"text-align:justify\">As caracter\u00edsticas dos hot\u00e9is Go Inn indicam mais facilidades para os clientes. Eles encontram uma infraestrutura essencial, em conta, mas com todo o conforto, comodidade e atendimento prestativo.<\/p>\n<p style=\"text-align:justify\"><a class=\"fancybox-media\" href=\"..\/_uploads\/_noticia\/2016-05\/fachada--3-.png\" rel=\"portfolio\"><img decoding=\"async\" alt=\"\" src=\"..\/_uploads\/_noticia\/2016-05\/fachada--3-.png\" \/><\/a><\/p>\n<p style=\"text-align:justify\">O Go Inn de Vit\u00f3ria est\u00e1 na Praia do Su\u00e1, bairro nobre e centro financeiro da capital capixaba, considerada local de fortes tradi\u00e7\u00f5es, cuja a origem est\u00e1 ligada \u00e0 forma\u00e7\u00e3o da vila dos pescadores. Est\u00e1 pr\u00f3ximo ao Shopping Vit\u00f3ria, o maior da cidade, \u00e0 Pra\u00e7a do Papa, onde encontram-se \u00e1reas de eventos, parque infantil e restaurantes, aos consulados da Alemanha, da \u00c1ustria e Guatemala, al\u00e9m de diversos \u00f3rg\u00e3os p\u00fablicos, tendo f\u00e1cil acesso \u00e0s principais vias da cidade.<\/p>\n<p style=\"text-align:justify\">Trilhas, ciclovias e \u00e1reas livres de lazer e esporte cercam a regi\u00e3o, trazendo maior proximidade \u00e0 natureza, principalmente a Reserva Ecol\u00f3gica Ilha do Papagaio.<\/p>\n<p style=\"text-align:justify\">O hotel possui tamb\u00e9m todos os diferenciais da Atlantica, como o programa 100% Satisfa\u00e7\u00e3o Garantida. No lobby, h\u00e1 acesso gratuito \u00e0 conex\u00e3o para internet wireless e espa\u00e7o de conveni\u00eancia descontra\u00eddo e aconchegante, ideal para degustar bebidas, sandu\u00edches e outras variedades de pratos r\u00e1pidos.<\/p>\n<p style=\"text-align:justify\">O caf\u00e9 da manh\u00e3 cortesia \u00e9 servido no restaurante que tem capacidade para atender 60 pessoas simultaneamente. Aos fins de semana e feriados, o Go Inn Vit\u00f3ria tamb\u00e9m serve o caf\u00e9 da manh\u00e3 em hor\u00e1rio estendido, entre 6h30 e meio-dia.<\/p>\n<p style=\"text-align:justify\"><a class=\"fancybox-media\" href=\"..\/_uploads\/_noticia\/2016-05\/apt--2-.png\" rel=\"portfolio\"><img decoding=\"async\" alt=\"\" src=\"..\/_uploads\/_noticia\/2016-05\/apt--2-.png\" \/><\/a><\/p>\n<p style=\"text-align:justify\">Na regi\u00e3o metropolitana de Vit\u00f3ria, a Atlantica passa a administrar cinco hot\u00e9is. O Comfort Suites Vit\u00f3ria, Quality Hotel Vit\u00f3ria, Quality Suites Vila Velha e Sleep Inn Vit\u00f3ria, mais o que est\u00e1 sendo inaugurado.<\/p>\n<p>\u00a0<\/p>\n<p>\u00a0<\/p>\n<p>\u00a0<\/p>\n<p>\u00a0<\/p>\n<p>\u00a0<\/p>\n<p>\u00a0<\/p>\n<p>\u00a0<\/p>\n<p>\u00a0<\/p>\n<p><\/span><\/p>\n","protected":false},"excerpt":{"rendered":"<p>Atlantica administra cinco hot\u00e9is na regi\u00e3o metropolitana da capital capixaba e CEO da rede indica expans\u00e3o<\/p>\n","protected":false},"author":1,"featured_media":0,"comment_status":"open","ping_status":"open","sticky":false,"template":"","format":"standard","meta":{"footnotes":""},"categories":[],"tags":[],"class_list":["post-5645","post","type-post","status-publish","format-standard","hentry"],"yoast_head":"<!-- This site is optimized with the Yoast SEO plugin v26.2 - https:\/\/yoast.com\/wordpress\/plugins\/seo\/ -->\n<title>GO INN EM VIT\u00d3RIA, MAIS UM HOTEL NO PORTF\u00d3LIO DA BANDEIRA 100% BRASILEIRA - Travel3<\/title>\n<meta name=\"description\" content=\"A TRAVEL3 \u00e9 um portal de conte\u00fado voltado para o turismo, encontre destinos, viagens, hospedagem, passagens, guias, not\u00edcias sobre o mercado do turismo, dicas de viagem, v\u00eddeos e podcast.\" \/>\n<meta name=\"robots\" content=\"index, follow, max-snippet:-1, max-image-preview:large, max-video-preview:-1\" \/>\n<link rel=\"canonical\" href=\"https:\/\/www.travel3.com.br\/site\/sem-categoria\/go-inn-em-vitoria-mais-um-hotel-no-portfolio-da-bandeira-100-brasileira\/\" \/>\n<meta property=\"og:locale\" content=\"pt_BR\" \/>\n<meta property=\"og:type\" content=\"article\" \/>\n<meta property=\"og:title\" content=\"GO INN EM VIT\u00d3RIA, MAIS UM HOTEL NO PORTF\u00d3LIO DA BANDEIRA 100% BRASILEIRA - Travel3\" \/>\n<meta property=\"og:description\" content=\"A TRAVEL3 \u00e9 um portal de conte\u00fado voltado para o turismo, encontre destinos, viagens, hospedagem, passagens, guias, not\u00edcias sobre o mercado do turismo, dicas de viagem, v\u00eddeos e podcast.\" \/>\n<meta property=\"og:url\" content=\"https:\/\/www.travel3.com.br\/site\/sem-categoria\/go-inn-em-vitoria-mais-um-hotel-no-portfolio-da-bandeira-100-brasileira\/\" \/>\n<meta property=\"og:site_name\" content=\"Travel3\" \/>\n<meta property=\"article:publisher\" content=\"https:\/\/www.facebook.com\/travel3media\/\" \/>\n<meta property=\"article:published_time\" content=\"2017-09-12T10:07:59+00:00\" \/>\n<meta name=\"author\" content=\"admin\" \/>\n<meta name=\"twitter:card\" content=\"summary_large_image\" \/>\n<meta name=\"twitter:label1\" content=\"Escrito por\" \/>\n\t<meta name=\"twitter:data1\" content=\"admin\" \/>\n\t<meta name=\"twitter:label2\" content=\"Est. tempo de leitura\" \/>\n\t<meta name=\"twitter:data2\" content=\"3 minutos\" \/>\n<script type=\"application\/ld+json\" class=\"yoast-schema-graph\">{\"@context\":\"https:\/\/schema.org\",\"@graph\":[{\"@type\":\"Article\",\"@id\":\"https:\/\/www.travel3.com.br\/site\/sem-categoria\/go-inn-em-vitoria-mais-um-hotel-no-portfolio-da-bandeira-100-brasileira\/#article\",\"isPartOf\":{\"@id\":\"https:\/\/www.travel3.com.br\/site\/sem-categoria\/go-inn-em-vitoria-mais-um-hotel-no-portfolio-da-bandeira-100-brasileira\/\"},\"author\":{\"name\":\"admin\",\"@id\":\"https:\/\/www.travel3.com.br\/site\/#\/schema\/person\/a69d71e41a024999b6ab82369ac0bd1e\"},\"headline\":\"GO INN EM VIT\u00d3RIA, MAIS UM HOTEL NO PORTF\u00d3LIO DA BANDEIRA 100% BRASILEIRA\",\"datePublished\":\"2017-09-12T10:07:59+00:00\",\"mainEntityOfPage\":{\"@id\":\"https:\/\/www.travel3.com.br\/site\/sem-categoria\/go-inn-em-vitoria-mais-um-hotel-no-portfolio-da-bandeira-100-brasileira\/\"},\"wordCount\":522,\"commentCount\":0,\"publisher\":{\"@id\":\"https:\/\/www.travel3.com.br\/site\/#organization\"},\"inLanguage\":\"pt-BR\",\"potentialAction\":[{\"@type\":\"CommentAction\",\"name\":\"Comment\",\"target\":[\"https:\/\/www.travel3.com.br\/site\/sem-categoria\/go-inn-em-vitoria-mais-um-hotel-no-portfolio-da-bandeira-100-brasileira\/#respond\"]}]},{\"@type\":\"WebPage\",\"@id\":\"https:\/\/www.travel3.com.br\/site\/sem-categoria\/go-inn-em-vitoria-mais-um-hotel-no-portfolio-da-bandeira-100-brasileira\/\",\"url\":\"https:\/\/www.travel3.com.br\/site\/sem-categoria\/go-inn-em-vitoria-mais-um-hotel-no-portfolio-da-bandeira-100-brasileira\/\",\"name\":\"GO INN EM VIT\u00d3RIA, MAIS UM HOTEL NO PORTF\u00d3LIO DA BANDEIRA 100% BRASILEIRA - Travel3\",\"isPartOf\":{\"@id\":\"https:\/\/www.travel3.com.br\/site\/#website\"},\"datePublished\":\"2017-09-12T10:07:59+00:00\",\"description\":\"A TRAVEL3 \u00e9 um portal de conte\u00fado voltado para o turismo, encontre destinos, viagens, hospedagem, passagens, guias, not\u00edcias sobre o mercado do turismo, dicas de viagem, v\u00eddeos e podcast.\",\"breadcrumb\":{\"@id\":\"https:\/\/www.travel3.com.br\/site\/sem-categoria\/go-inn-em-vitoria-mais-um-hotel-no-portfolio-da-bandeira-100-brasileira\/#breadcrumb\"},\"inLanguage\":\"pt-BR\",\"potentialAction\":[{\"@type\":\"ReadAction\",\"target\":[\"https:\/\/www.travel3.com.br\/site\/sem-categoria\/go-inn-em-vitoria-mais-um-hotel-no-portfolio-da-bandeira-100-brasileira\/\"]}]},{\"@type\":\"BreadcrumbList\",\"@id\":\"https:\/\/www.travel3.com.br\/site\/sem-categoria\/go-inn-em-vitoria-mais-um-hotel-no-portfolio-da-bandeira-100-brasileira\/#breadcrumb\",\"itemListElement\":[{\"@type\":\"ListItem\",\"position\":1,\"name\":\"In\u00edcio\",\"item\":\"https:\/\/www.travel3.com.br\/site\/\"},{\"@type\":\"ListItem\",\"position\":2,\"name\":\"GO INN EM VIT\u00d3RIA, MAIS UM HOTEL NO PORTF\u00d3LIO DA BANDEIRA 100% BRASILEIRA\"}]},{\"@type\":\"WebSite\",\"@id\":\"https:\/\/www.travel3.com.br\/site\/#website\",\"url\":\"https:\/\/www.travel3.com.br\/site\/\",\"name\":\"Travel3\",\"description\":\"Lazer + Neg&oacute;cios + Aventura\",\"publisher\":{\"@id\":\"https:\/\/www.travel3.com.br\/site\/#organization\"},\"potentialAction\":[{\"@type\":\"SearchAction\",\"target\":{\"@type\":\"EntryPoint\",\"urlTemplate\":\"https:\/\/www.travel3.com.br\/site\/?s={search_term_string}\"},\"query-input\":{\"@type\":\"PropertyValueSpecification\",\"valueRequired\":true,\"valueName\":\"search_term_string\"}}],\"inLanguage\":\"pt-BR\"},{\"@type\":\"Organization\",\"@id\":\"https:\/\/www.travel3.com.br\/site\/#organization\",\"name\":\"Travel3\",\"url\":\"https:\/\/www.travel3.com.br\/site\/\",\"logo\":{\"@type\":\"ImageObject\",\"inLanguage\":\"pt-BR\",\"@id\":\"https:\/\/www.travel3.com.br\/site\/#\/schema\/logo\/image\/\",\"url\":\"https:\/\/www.travel3.com.br\/site\/wp-content\/uploads\/2020\/01\/logo-travel3-2020.png\",\"contentUrl\":\"https:\/\/www.travel3.com.br\/site\/wp-content\/uploads\/2020\/01\/logo-travel3-2020.png\",\"width\":232,\"height\":79,\"caption\":\"Travel3\"},\"image\":{\"@id\":\"https:\/\/www.travel3.com.br\/site\/#\/schema\/logo\/image\/\"},\"sameAs\":[\"https:\/\/www.facebook.com\/travel3media\/\",\"https:\/\/www.instagram.com\/revistatravel3\/\",\"https:\/\/www.youtube.com\/channel\/UCno7J4paGBR3VbZQzvoJ9Eg\"]},{\"@type\":\"Person\",\"@id\":\"https:\/\/www.travel3.com.br\/site\/#\/schema\/person\/a69d71e41a024999b6ab82369ac0bd1e\",\"name\":\"admin\",\"image\":{\"@type\":\"ImageObject\",\"inLanguage\":\"pt-BR\",\"@id\":\"https:\/\/www.travel3.com.br\/site\/#\/schema\/person\/image\/\",\"url\":\"https:\/\/secure.gravatar.com\/avatar\/732a67adfd764da2a47ba10ce731c4c0?s=96&d=mm&r=g\",\"contentUrl\":\"https:\/\/secure.gravatar.com\/avatar\/732a67adfd764da2a47ba10ce731c4c0?s=96&d=mm&r=g\",\"caption\":\"admin\"},\"url\":\"https:\/\/www.travel3.com.br\/site\/author\/admin\/\"}]}<\/script>\n<!-- \/ Yoast SEO plugin. -->","yoast_head_json":{"title":"GO INN EM VIT\u00d3RIA, MAIS UM HOTEL NO PORTF\u00d3LIO DA BANDEIRA 100% BRASILEIRA - Travel3","description":"A TRAVEL3 \u00e9 um portal de conte\u00fado voltado para o turismo, encontre destinos, viagens, hospedagem, passagens, guias, not\u00edcias sobre o mercado do turismo, dicas de viagem, v\u00eddeos e podcast.","robots":{"index":"index","follow":"follow","max-snippet":"max-snippet:-1","max-image-preview":"max-image-preview:large","max-video-preview":"max-video-preview:-1"},"canonical":"https:\/\/www.travel3.com.br\/site\/sem-categoria\/go-inn-em-vitoria-mais-um-hotel-no-portfolio-da-bandeira-100-brasileira\/","og_locale":"pt_BR","og_type":"article","og_title":"GO INN EM VIT\u00d3RIA, MAIS UM HOTEL NO PORTF\u00d3LIO DA BANDEIRA 100% BRASILEIRA - Travel3","og_description":"A TRAVEL3 \u00e9 um portal de conte\u00fado voltado para o turismo, encontre destinos, viagens, hospedagem, passagens, guias, not\u00edcias sobre o mercado do turismo, dicas de viagem, v\u00eddeos e podcast.","og_url":"https:\/\/www.travel3.com.br\/site\/sem-categoria\/go-inn-em-vitoria-mais-um-hotel-no-portfolio-da-bandeira-100-brasileira\/","og_site_name":"Travel3","article_publisher":"https:\/\/www.facebook.com\/travel3media\/","article_published_time":"2017-09-12T10:07:59+00:00","author":"admin","twitter_card":"summary_large_image","twitter_misc":{"Escrito por":"admin","Est. tempo de leitura":"3 minutos"},"schema":{"@context":"https:\/\/schema.org","@graph":[{"@type":"Article","@id":"https:\/\/www.travel3.com.br\/site\/sem-categoria\/go-inn-em-vitoria-mais-um-hotel-no-portfolio-da-bandeira-100-brasileira\/#article","isPartOf":{"@id":"https:\/\/www.travel3.com.br\/site\/sem-categoria\/go-inn-em-vitoria-mais-um-hotel-no-portfolio-da-bandeira-100-brasileira\/"},"author":{"name":"admin","@id":"https:\/\/www.travel3.com.br\/site\/#\/schema\/person\/a69d71e41a024999b6ab82369ac0bd1e"},"headline":"GO INN EM VIT\u00d3RIA, MAIS UM HOTEL NO PORTF\u00d3LIO DA BANDEIRA 100% BRASILEIRA","datePublished":"2017-09-12T10:07:59+00:00","mainEntityOfPage":{"@id":"https:\/\/www.travel3.com.br\/site\/sem-categoria\/go-inn-em-vitoria-mais-um-hotel-no-portfolio-da-bandeira-100-brasileira\/"},"wordCount":522,"commentCount":0,"publisher":{"@id":"https:\/\/www.travel3.com.br\/site\/#organization"},"inLanguage":"pt-BR","potentialAction":[{"@type":"CommentAction","name":"Comment","target":["https:\/\/www.travel3.com.br\/site\/sem-categoria\/go-inn-em-vitoria-mais-um-hotel-no-portfolio-da-bandeira-100-brasileira\/#respond"]}]},{"@type":"WebPage","@id":"https:\/\/www.travel3.com.br\/site\/sem-categoria\/go-inn-em-vitoria-mais-um-hotel-no-portfolio-da-bandeira-100-brasileira\/","url":"https:\/\/www.travel3.com.br\/site\/sem-categoria\/go-inn-em-vitoria-mais-um-hotel-no-portfolio-da-bandeira-100-brasileira\/","name":"GO INN EM VIT\u00d3RIA, MAIS UM HOTEL NO PORTF\u00d3LIO DA BANDEIRA 100% BRASILEIRA - Travel3","isPartOf":{"@id":"https:\/\/www.travel3.com.br\/site\/#website"},"datePublished":"2017-09-12T10:07:59+00:00","description":"A TRAVEL3 \u00e9 um portal de conte\u00fado voltado para o turismo, encontre destinos, viagens, hospedagem, passagens, guias, not\u00edcias sobre o mercado do turismo, dicas de viagem, v\u00eddeos e podcast.","breadcrumb":{"@id":"https:\/\/www.travel3.com.br\/site\/sem-categoria\/go-inn-em-vitoria-mais-um-hotel-no-portfolio-da-bandeira-100-brasileira\/#breadcrumb"},"inLanguage":"pt-BR","potentialAction":[{"@type":"ReadAction","target":["https:\/\/www.travel3.com.br\/site\/sem-categoria\/go-inn-em-vitoria-mais-um-hotel-no-portfolio-da-bandeira-100-brasileira\/"]}]},{"@type":"BreadcrumbList","@id":"https:\/\/www.travel3.com.br\/site\/sem-categoria\/go-inn-em-vitoria-mais-um-hotel-no-portfolio-da-bandeira-100-brasileira\/#breadcrumb","itemListElement":[{"@type":"ListItem","position":1,"name":"In\u00edcio","item":"https:\/\/www.travel3.com.br\/site\/"},{"@type":"ListItem","position":2,"name":"GO INN EM VIT\u00d3RIA, MAIS UM HOTEL NO PORTF\u00d3LIO DA BANDEIRA 100% BRASILEIRA"}]},{"@type":"WebSite","@id":"https:\/\/www.travel3.com.br\/site\/#website","url":"https:\/\/www.travel3.com.br\/site\/","name":"Travel3","description":"Lazer + Neg&oacute;cios + Aventura","publisher":{"@id":"https:\/\/www.travel3.com.br\/site\/#organization"},"potentialAction":[{"@type":"SearchAction","target":{"@type":"EntryPoint","urlTemplate":"https:\/\/www.travel3.com.br\/site\/?s={search_term_string}"},"query-input":{"@type":"PropertyValueSpecification","valueRequired":true,"valueName":"search_term_string"}}],"inLanguage":"pt-BR"},{"@type":"Organization","@id":"https:\/\/www.travel3.com.br\/site\/#organization","name":"Travel3","url":"https:\/\/www.travel3.com.br\/site\/","logo":{"@type":"ImageObject","inLanguage":"pt-BR","@id":"https:\/\/www.travel3.com.br\/site\/#\/schema\/logo\/image\/","url":"https:\/\/www.travel3.com.br\/site\/wp-content\/uploads\/2020\/01\/logo-travel3-2020.png","contentUrl":"https:\/\/www.travel3.com.br\/site\/wp-content\/uploads\/2020\/01\/logo-travel3-2020.png","width":232,"height":79,"caption":"Travel3"},"image":{"@id":"https:\/\/www.travel3.com.br\/site\/#\/schema\/logo\/image\/"},"sameAs":["https:\/\/www.facebook.com\/travel3media\/","https:\/\/www.instagram.com\/revistatravel3\/","https:\/\/www.youtube.com\/channel\/UCno7J4paGBR3VbZQzvoJ9Eg"]},{"@type":"Person","@id":"https:\/\/www.travel3.com.br\/site\/#\/schema\/person\/a69d71e41a024999b6ab82369ac0bd1e","name":"admin","image":{"@type":"ImageObject","inLanguage":"pt-BR","@id":"https:\/\/www.travel3.com.br\/site\/#\/schema\/person\/image\/","url":"https:\/\/secure.gravatar.com\/avatar\/732a67adfd764da2a47ba10ce731c4c0?s=96&d=mm&r=g","contentUrl":"https:\/\/secure.gravatar.com\/avatar\/732a67adfd764da2a47ba10ce731c4c0?s=96&d=mm&r=g","caption":"admin"},"url":"https:\/\/www.travel3.com.br\/site\/author\/admin\/"}]}},"_links":{"self":[{"href":"https:\/\/www.travel3.com.br\/site\/wp-json\/wp\/v2\/posts\/5645","targetHints":{"allow":["GET"]}}],"collection":[{"href":"https:\/\/www.travel3.com.br\/site\/wp-json\/wp\/v2\/posts"}],"about":[{"href":"https:\/\/www.travel3.com.br\/site\/wp-json\/wp\/v2\/types\/post"}],"author":[{"embeddable":true,"href":"https:\/\/www.travel3.com.br\/site\/wp-json\/wp\/v2\/users\/1"}],"replies":[{"embeddable":true,"href":"https:\/\/www.travel3.com.br\/site\/wp-json\/wp\/v2\/comments?post=5645"}],"version-history":[{"count":0,"href":"https:\/\/www.travel3.com.br\/site\/wp-json\/wp\/v2\/posts\/5645\/revisions"}],"wp:attachment":[{"href":"https:\/\/www.travel3.com.br\/site\/wp-json\/wp\/v2\/media?parent=5645"}],"wp:term":[{"taxonomy":"category","embeddable":true,"href":"https:\/\/www.travel3.com.br\/site\/wp-json\/wp\/v2\/categories?post=5645"},{"taxonomy":"post_tag","embeddable":true,"href":"https:\/\/www.travel3.com.br\/site\/wp-json\/wp\/v2\/tags?post=5645"}],"curies":[{"name":"wp","href":"https:\/\/api.w.org\/{rel}","templated":true}]}}