{"id":5633,"date":"2017-08-27T03:46:24","date_gmt":"2017-08-27T03:46:24","guid":{"rendered":"http:\/\/www.travel3.com.br\/site\/ir-e-vir\/ar\/revogada-a-decisao-maranhao-nao-justifica-os-atos-e-volta-atras\/"},"modified":"2017-08-27T03:46:24","modified_gmt":"2017-08-27T03:46:24","slug":"revogada-a-decisao-maranhao-nao-justifica-os-atos-e-volta-atras","status":"publish","type":"post","link":"https:\/\/www.travel3.com.br\/site\/sem-categoria\/revogada-a-decisao-maranhao-nao-justifica-os-atos-e-volta-atras\/","title":{"rendered":"REVOGADA A DECIS\u00c3O, MARANH\u00c3O N\u00c3O JUSTIFICA OS ATOS E VOLTA ATR\u00c1S"},"content":{"rendered":"<p><span style=\"color: #40acad; font-family: -apple-system, system-ui, 'Segoe UI', Roboto, Oxygen-Sans, Ubuntu, Cantarell, 'Helvetica Neue', sans-serif; font-size: 12px; font-weight: bold;\"><\/p>\n<p style=\"text-align: justify;\">Depois da confus\u00e3o que a sua assinatura causou e das manifesta\u00e7\u00f5es pol\u00edticas em torno da sua postura, o presidente interino da C\u00e2mara dos Deputados recuou, e no final da noite desta segunda (9),\u00a0 revogou\u00a0 a decis\u00e3o de anular o processo de impeachement da presidente Dilma Rousseff.<\/p>\n<p style=\"text-align: justify;\">A mudan\u00e7a, sem maiores explica\u00e7\u00f5es, foi\u00a0 no mesmo tom da coletiva anterior na qual tentou justificar sua posi\u00e7\u00e3o, sem as devidas respostas a possiveis questionamentos. A revoga\u00e7\u00e3o ter\u00e1 publica\u00e7\u00e3o j\u00e1 na manh\u00e3 desta ter\u00e7a (10)<\/p>\n<p style=\"text-align: justify;\">Ser expulso do partido (PP) onde j\u00e1 perdeu a dire\u00e7\u00e3o regional no Maranh\u00e3o; ter a abertura de processo de cassa\u00e7\u00e3o na pr\u00f3pria C\u00e2mara onde n\u00e3o dever\u00e1 durar muito como presidente interino. Estas seriam, no m\u00ednimo, as situa\u00e7\u00f5es pelas quais passaria a viver o parlamentar maranhense que foi o principal nome da estrat\u00e9gia arquitetada por setores governistas, entre eles o desastrado procurador Jos\u00e9 Eduardo Cardozo, da AGU, e o governador do estado do Maranh\u00e3o, Fl\u00e1vio Dino (PCdoB).<\/p>\n<p style=\"text-align: justify;\">A repercuss\u00e3o que ocorreu &#8211; no Brasil e no exterior &#8211; provocou s\u00e9rios danos ao ambiente pol\u00edtico e econ\u00f4mico do Pais, al\u00e9m de estimular o conflito social que vive um estado belicoso de tens\u00e3o. Em sua decis\u00e3o anterior, Maranh\u00e3o tomava para si o poder de uma decis\u00e3o que havia sido homologada por 71,5% da casa, no caso os 367 votos que aprovaram o inicio do processo de impeachement.<\/p>\n<p><\/span><\/p>\n","protected":false},"excerpt":{"rendered":"<p>Sem explica\u00e7\u00f5es para os questionamentos existentes, mudan\u00e7a revela o temor pelas consequ\u00eancias pol\u00edticas<\/p>\n","protected":false},"author":1,"featured_media":0,"comment_status":"open","ping_status":"open","sticky":false,"template":"","format":"standard","meta":{"footnotes":""},"categories":[],"tags":[],"class_list":["post-5633","post","type-post","status-publish","format-standard","hentry"],"yoast_head":"<!-- This site is optimized with the Yoast SEO plugin v26.2 - https:\/\/yoast.com\/wordpress\/plugins\/seo\/ -->\n<title>REVOGADA A DECIS\u00c3O, MARANH\u00c3O N\u00c3O JUSTIFICA OS ATOS E VOLTA ATR\u00c1S - Travel3<\/title>\n<meta name=\"description\" content=\"A TRAVEL3 \u00e9 um portal de conte\u00fado voltado para o turismo, encontre destinos, viagens, hospedagem, passagens, guias, not\u00edcias sobre o mercado do turismo, dicas de viagem, v\u00eddeos e podcast.\" \/>\n<meta name=\"robots\" content=\"index, follow, max-snippet:-1, max-image-preview:large, max-video-preview:-1\" \/>\n<link rel=\"canonical\" href=\"https:\/\/www.travel3.com.br\/site\/sem-categoria\/revogada-a-decisao-maranhao-nao-justifica-os-atos-e-volta-atras\/\" \/>\n<meta property=\"og:locale\" content=\"pt_BR\" \/>\n<meta property=\"og:type\" content=\"article\" \/>\n<meta property=\"og:title\" content=\"REVOGADA A DECIS\u00c3O, MARANH\u00c3O N\u00c3O JUSTIFICA OS ATOS E VOLTA ATR\u00c1S - Travel3\" \/>\n<meta property=\"og:description\" content=\"A TRAVEL3 \u00e9 um portal de conte\u00fado voltado para o turismo, encontre destinos, viagens, hospedagem, passagens, guias, not\u00edcias sobre o mercado do turismo, dicas de viagem, v\u00eddeos e podcast.\" \/>\n<meta property=\"og:url\" content=\"https:\/\/www.travel3.com.br\/site\/sem-categoria\/revogada-a-decisao-maranhao-nao-justifica-os-atos-e-volta-atras\/\" \/>\n<meta property=\"og:site_name\" content=\"Travel3\" \/>\n<meta property=\"article:publisher\" content=\"https:\/\/www.facebook.com\/travel3media\/\" \/>\n<meta property=\"article:published_time\" content=\"2017-08-27T03:46:24+00:00\" \/>\n<meta name=\"author\" content=\"admin\" \/>\n<meta name=\"twitter:card\" content=\"summary_large_image\" \/>\n<meta name=\"twitter:label1\" content=\"Escrito por\" \/>\n\t<meta name=\"twitter:data1\" content=\"admin\" \/>\n\t<meta name=\"twitter:label2\" content=\"Est. tempo de leitura\" \/>\n\t<meta name=\"twitter:data2\" content=\"1 minuto\" \/>\n<script type=\"application\/ld+json\" class=\"yoast-schema-graph\">{\"@context\":\"https:\/\/schema.org\",\"@graph\":[{\"@type\":\"Article\",\"@id\":\"https:\/\/www.travel3.com.br\/site\/sem-categoria\/revogada-a-decisao-maranhao-nao-justifica-os-atos-e-volta-atras\/#article\",\"isPartOf\":{\"@id\":\"https:\/\/www.travel3.com.br\/site\/sem-categoria\/revogada-a-decisao-maranhao-nao-justifica-os-atos-e-volta-atras\/\"},\"author\":{\"name\":\"admin\",\"@id\":\"https:\/\/www.travel3.com.br\/site\/#\/schema\/person\/a69d71e41a024999b6ab82369ac0bd1e\"},\"headline\":\"REVOGADA A DECIS\u00c3O, MARANH\u00c3O N\u00c3O JUSTIFICA OS ATOS E VOLTA ATR\u00c1S\",\"datePublished\":\"2017-08-27T03:46:24+00:00\",\"mainEntityOfPage\":{\"@id\":\"https:\/\/www.travel3.com.br\/site\/sem-categoria\/revogada-a-decisao-maranhao-nao-justifica-os-atos-e-volta-atras\/\"},\"wordCount\":267,\"commentCount\":0,\"publisher\":{\"@id\":\"https:\/\/www.travel3.com.br\/site\/#organization\"},\"inLanguage\":\"pt-BR\",\"potentialAction\":[{\"@type\":\"CommentAction\",\"name\":\"Comment\",\"target\":[\"https:\/\/www.travel3.com.br\/site\/sem-categoria\/revogada-a-decisao-maranhao-nao-justifica-os-atos-e-volta-atras\/#respond\"]}]},{\"@type\":\"WebPage\",\"@id\":\"https:\/\/www.travel3.com.br\/site\/sem-categoria\/revogada-a-decisao-maranhao-nao-justifica-os-atos-e-volta-atras\/\",\"url\":\"https:\/\/www.travel3.com.br\/site\/sem-categoria\/revogada-a-decisao-maranhao-nao-justifica-os-atos-e-volta-atras\/\",\"name\":\"REVOGADA A DECIS\u00c3O, MARANH\u00c3O N\u00c3O JUSTIFICA OS ATOS E VOLTA ATR\u00c1S - Travel3\",\"isPartOf\":{\"@id\":\"https:\/\/www.travel3.com.br\/site\/#website\"},\"datePublished\":\"2017-08-27T03:46:24+00:00\",\"description\":\"A TRAVEL3 \u00e9 um portal de conte\u00fado voltado para o turismo, encontre destinos, viagens, hospedagem, passagens, guias, not\u00edcias sobre o mercado do turismo, dicas de viagem, v\u00eddeos e podcast.\",\"breadcrumb\":{\"@id\":\"https:\/\/www.travel3.com.br\/site\/sem-categoria\/revogada-a-decisao-maranhao-nao-justifica-os-atos-e-volta-atras\/#breadcrumb\"},\"inLanguage\":\"pt-BR\",\"potentialAction\":[{\"@type\":\"ReadAction\",\"target\":[\"https:\/\/www.travel3.com.br\/site\/sem-categoria\/revogada-a-decisao-maranhao-nao-justifica-os-atos-e-volta-atras\/\"]}]},{\"@type\":\"BreadcrumbList\",\"@id\":\"https:\/\/www.travel3.com.br\/site\/sem-categoria\/revogada-a-decisao-maranhao-nao-justifica-os-atos-e-volta-atras\/#breadcrumb\",\"itemListElement\":[{\"@type\":\"ListItem\",\"position\":1,\"name\":\"In\u00edcio\",\"item\":\"https:\/\/www.travel3.com.br\/site\/\"},{\"@type\":\"ListItem\",\"position\":2,\"name\":\"REVOGADA A DECIS\u00c3O, MARANH\u00c3O N\u00c3O JUSTIFICA OS ATOS E VOLTA ATR\u00c1S\"}]},{\"@type\":\"WebSite\",\"@id\":\"https:\/\/www.travel3.com.br\/site\/#website\",\"url\":\"https:\/\/www.travel3.com.br\/site\/\",\"name\":\"Travel3\",\"description\":\"Lazer + Neg&oacute;cios + Aventura\",\"publisher\":{\"@id\":\"https:\/\/www.travel3.com.br\/site\/#organization\"},\"potentialAction\":[{\"@type\":\"SearchAction\",\"target\":{\"@type\":\"EntryPoint\",\"urlTemplate\":\"https:\/\/www.travel3.com.br\/site\/?s={search_term_string}\"},\"query-input\":{\"@type\":\"PropertyValueSpecification\",\"valueRequired\":true,\"valueName\":\"search_term_string\"}}],\"inLanguage\":\"pt-BR\"},{\"@type\":\"Organization\",\"@id\":\"https:\/\/www.travel3.com.br\/site\/#organization\",\"name\":\"Travel3\",\"url\":\"https:\/\/www.travel3.com.br\/site\/\",\"logo\":{\"@type\":\"ImageObject\",\"inLanguage\":\"pt-BR\",\"@id\":\"https:\/\/www.travel3.com.br\/site\/#\/schema\/logo\/image\/\",\"url\":\"https:\/\/www.travel3.com.br\/site\/wp-content\/uploads\/2020\/01\/logo-travel3-2020.png\",\"contentUrl\":\"https:\/\/www.travel3.com.br\/site\/wp-content\/uploads\/2020\/01\/logo-travel3-2020.png\",\"width\":232,\"height\":79,\"caption\":\"Travel3\"},\"image\":{\"@id\":\"https:\/\/www.travel3.com.br\/site\/#\/schema\/logo\/image\/\"},\"sameAs\":[\"https:\/\/www.facebook.com\/travel3media\/\",\"https:\/\/www.instagram.com\/revistatravel3\/\",\"https:\/\/www.youtube.com\/channel\/UCno7J4paGBR3VbZQzvoJ9Eg\"]},{\"@type\":\"Person\",\"@id\":\"https:\/\/www.travel3.com.br\/site\/#\/schema\/person\/a69d71e41a024999b6ab82369ac0bd1e\",\"name\":\"admin\",\"image\":{\"@type\":\"ImageObject\",\"inLanguage\":\"pt-BR\",\"@id\":\"https:\/\/www.travel3.com.br\/site\/#\/schema\/person\/image\/\",\"url\":\"https:\/\/secure.gravatar.com\/avatar\/732a67adfd764da2a47ba10ce731c4c0?s=96&d=mm&r=g\",\"contentUrl\":\"https:\/\/secure.gravatar.com\/avatar\/732a67adfd764da2a47ba10ce731c4c0?s=96&d=mm&r=g\",\"caption\":\"admin\"},\"url\":\"https:\/\/www.travel3.com.br\/site\/author\/admin\/\"}]}<\/script>\n<!-- \/ Yoast SEO plugin. -->","yoast_head_json":{"title":"REVOGADA A DECIS\u00c3O, MARANH\u00c3O N\u00c3O JUSTIFICA OS ATOS E VOLTA ATR\u00c1S - Travel3","description":"A TRAVEL3 \u00e9 um portal de conte\u00fado voltado para o turismo, encontre destinos, viagens, hospedagem, passagens, guias, not\u00edcias sobre o mercado do turismo, dicas de viagem, v\u00eddeos e podcast.","robots":{"index":"index","follow":"follow","max-snippet":"max-snippet:-1","max-image-preview":"max-image-preview:large","max-video-preview":"max-video-preview:-1"},"canonical":"https:\/\/www.travel3.com.br\/site\/sem-categoria\/revogada-a-decisao-maranhao-nao-justifica-os-atos-e-volta-atras\/","og_locale":"pt_BR","og_type":"article","og_title":"REVOGADA A DECIS\u00c3O, MARANH\u00c3O N\u00c3O JUSTIFICA OS ATOS E VOLTA ATR\u00c1S - Travel3","og_description":"A TRAVEL3 \u00e9 um portal de conte\u00fado voltado para o turismo, encontre destinos, viagens, hospedagem, passagens, guias, not\u00edcias sobre o mercado do turismo, dicas de viagem, v\u00eddeos e podcast.","og_url":"https:\/\/www.travel3.com.br\/site\/sem-categoria\/revogada-a-decisao-maranhao-nao-justifica-os-atos-e-volta-atras\/","og_site_name":"Travel3","article_publisher":"https:\/\/www.facebook.com\/travel3media\/","article_published_time":"2017-08-27T03:46:24+00:00","author":"admin","twitter_card":"summary_large_image","twitter_misc":{"Escrito por":"admin","Est. tempo de leitura":"1 minuto"},"schema":{"@context":"https:\/\/schema.org","@graph":[{"@type":"Article","@id":"https:\/\/www.travel3.com.br\/site\/sem-categoria\/revogada-a-decisao-maranhao-nao-justifica-os-atos-e-volta-atras\/#article","isPartOf":{"@id":"https:\/\/www.travel3.com.br\/site\/sem-categoria\/revogada-a-decisao-maranhao-nao-justifica-os-atos-e-volta-atras\/"},"author":{"name":"admin","@id":"https:\/\/www.travel3.com.br\/site\/#\/schema\/person\/a69d71e41a024999b6ab82369ac0bd1e"},"headline":"REVOGADA A DECIS\u00c3O, MARANH\u00c3O N\u00c3O JUSTIFICA OS ATOS E VOLTA ATR\u00c1S","datePublished":"2017-08-27T03:46:24+00:00","mainEntityOfPage":{"@id":"https:\/\/www.travel3.com.br\/site\/sem-categoria\/revogada-a-decisao-maranhao-nao-justifica-os-atos-e-volta-atras\/"},"wordCount":267,"commentCount":0,"publisher":{"@id":"https:\/\/www.travel3.com.br\/site\/#organization"},"inLanguage":"pt-BR","potentialAction":[{"@type":"CommentAction","name":"Comment","target":["https:\/\/www.travel3.com.br\/site\/sem-categoria\/revogada-a-decisao-maranhao-nao-justifica-os-atos-e-volta-atras\/#respond"]}]},{"@type":"WebPage","@id":"https:\/\/www.travel3.com.br\/site\/sem-categoria\/revogada-a-decisao-maranhao-nao-justifica-os-atos-e-volta-atras\/","url":"https:\/\/www.travel3.com.br\/site\/sem-categoria\/revogada-a-decisao-maranhao-nao-justifica-os-atos-e-volta-atras\/","name":"REVOGADA A DECIS\u00c3O, MARANH\u00c3O N\u00c3O JUSTIFICA OS ATOS E VOLTA ATR\u00c1S - Travel3","isPartOf":{"@id":"https:\/\/www.travel3.com.br\/site\/#website"},"datePublished":"2017-08-27T03:46:24+00:00","description":"A TRAVEL3 \u00e9 um portal de conte\u00fado voltado para o turismo, encontre destinos, viagens, hospedagem, passagens, guias, not\u00edcias sobre o mercado do turismo, dicas de viagem, v\u00eddeos e podcast.","breadcrumb":{"@id":"https:\/\/www.travel3.com.br\/site\/sem-categoria\/revogada-a-decisao-maranhao-nao-justifica-os-atos-e-volta-atras\/#breadcrumb"},"inLanguage":"pt-BR","potentialAction":[{"@type":"ReadAction","target":["https:\/\/www.travel3.com.br\/site\/sem-categoria\/revogada-a-decisao-maranhao-nao-justifica-os-atos-e-volta-atras\/"]}]},{"@type":"BreadcrumbList","@id":"https:\/\/www.travel3.com.br\/site\/sem-categoria\/revogada-a-decisao-maranhao-nao-justifica-os-atos-e-volta-atras\/#breadcrumb","itemListElement":[{"@type":"ListItem","position":1,"name":"In\u00edcio","item":"https:\/\/www.travel3.com.br\/site\/"},{"@type":"ListItem","position":2,"name":"REVOGADA A DECIS\u00c3O, MARANH\u00c3O N\u00c3O JUSTIFICA OS ATOS E VOLTA ATR\u00c1S"}]},{"@type":"WebSite","@id":"https:\/\/www.travel3.com.br\/site\/#website","url":"https:\/\/www.travel3.com.br\/site\/","name":"Travel3","description":"Lazer + Neg&oacute;cios + Aventura","publisher":{"@id":"https:\/\/www.travel3.com.br\/site\/#organization"},"potentialAction":[{"@type":"SearchAction","target":{"@type":"EntryPoint","urlTemplate":"https:\/\/www.travel3.com.br\/site\/?s={search_term_string}"},"query-input":{"@type":"PropertyValueSpecification","valueRequired":true,"valueName":"search_term_string"}}],"inLanguage":"pt-BR"},{"@type":"Organization","@id":"https:\/\/www.travel3.com.br\/site\/#organization","name":"Travel3","url":"https:\/\/www.travel3.com.br\/site\/","logo":{"@type":"ImageObject","inLanguage":"pt-BR","@id":"https:\/\/www.travel3.com.br\/site\/#\/schema\/logo\/image\/","url":"https:\/\/www.travel3.com.br\/site\/wp-content\/uploads\/2020\/01\/logo-travel3-2020.png","contentUrl":"https:\/\/www.travel3.com.br\/site\/wp-content\/uploads\/2020\/01\/logo-travel3-2020.png","width":232,"height":79,"caption":"Travel3"},"image":{"@id":"https:\/\/www.travel3.com.br\/site\/#\/schema\/logo\/image\/"},"sameAs":["https:\/\/www.facebook.com\/travel3media\/","https:\/\/www.instagram.com\/revistatravel3\/","https:\/\/www.youtube.com\/channel\/UCno7J4paGBR3VbZQzvoJ9Eg"]},{"@type":"Person","@id":"https:\/\/www.travel3.com.br\/site\/#\/schema\/person\/a69d71e41a024999b6ab82369ac0bd1e","name":"admin","image":{"@type":"ImageObject","inLanguage":"pt-BR","@id":"https:\/\/www.travel3.com.br\/site\/#\/schema\/person\/image\/","url":"https:\/\/secure.gravatar.com\/avatar\/732a67adfd764da2a47ba10ce731c4c0?s=96&d=mm&r=g","contentUrl":"https:\/\/secure.gravatar.com\/avatar\/732a67adfd764da2a47ba10ce731c4c0?s=96&d=mm&r=g","caption":"admin"},"url":"https:\/\/www.travel3.com.br\/site\/author\/admin\/"}]}},"_links":{"self":[{"href":"https:\/\/www.travel3.com.br\/site\/wp-json\/wp\/v2\/posts\/5633","targetHints":{"allow":["GET"]}}],"collection":[{"href":"https:\/\/www.travel3.com.br\/site\/wp-json\/wp\/v2\/posts"}],"about":[{"href":"https:\/\/www.travel3.com.br\/site\/wp-json\/wp\/v2\/types\/post"}],"author":[{"embeddable":true,"href":"https:\/\/www.travel3.com.br\/site\/wp-json\/wp\/v2\/users\/1"}],"replies":[{"embeddable":true,"href":"https:\/\/www.travel3.com.br\/site\/wp-json\/wp\/v2\/comments?post=5633"}],"version-history":[{"count":0,"href":"https:\/\/www.travel3.com.br\/site\/wp-json\/wp\/v2\/posts\/5633\/revisions"}],"wp:attachment":[{"href":"https:\/\/www.travel3.com.br\/site\/wp-json\/wp\/v2\/media?parent=5633"}],"wp:term":[{"taxonomy":"category","embeddable":true,"href":"https:\/\/www.travel3.com.br\/site\/wp-json\/wp\/v2\/categories?post=5633"},{"taxonomy":"post_tag","embeddable":true,"href":"https:\/\/www.travel3.com.br\/site\/wp-json\/wp\/v2\/tags?post=5633"}],"curies":[{"name":"wp","href":"https:\/\/api.w.org\/{rel}","templated":true}]}}