{"id":5605,"date":"2017-07-22T00:43:09","date_gmt":"2017-07-22T00:43:09","guid":{"rendered":"http:\/\/www.travel3.com.br\/site\/ir-e-vir\/ar\/feira-do-estudante-2016-oferece-sete-mil-vagas\/"},"modified":"2017-07-22T00:43:09","modified_gmt":"2017-07-22T00:43:09","slug":"feira-do-estudante-2016-oferece-sete-mil-vagas","status":"publish","type":"post","link":"https:\/\/www.travel3.com.br\/site\/sem-categoria\/feira-do-estudante-2016-oferece-sete-mil-vagas\/","title":{"rendered":"FEIRA DO ESTUDANTE 2016 OFERECE SETE MIL VAGAS"},"content":{"rendered":"<p><span style=\"color: #40acad; font-family: -apple-system, system-ui, 'Segoe UI', Roboto, Oxygen-Sans, Ubuntu, Cantarell, 'Helvetica Neue', sans-serif; font-size: 12px; font-weight: bold;\"><\/p>\n<p style=\"text-align: justify;\">Sete mil vagas, sendo cinco mil de est\u00e1gio e duas mil de aprendizagem, 70 expositores, 100 palestras e variadas atividades culturais s\u00e3o alguns dos destaques da 19\u00aa Feira do Estudante \u2013 Expo CIEE 2016, promovida pelo\u00a0<strong>CIEE<\/strong>\u00a0nos dias 20, 21 e\u00a022 de maio, das 10 \u00e0s 20 horas, no Pavilh\u00e3o da Bienal do Parque do Ibirapuera. Cerca de 68 mil jovens s\u00e3o esperados para os tr\u00eas dias de evento.<\/p>\n<p style=\"text-align: justify;\"><strong>Vagas de est\u00e1gio\u00a0<\/strong><\/p>\n<p style=\"text-align: justify;\">Durante a feira, reconhecida como a maior dedicada a est\u00e1gio, aprendizagem e informa\u00e7\u00e3o profissional, os jovens poder\u00e3o se candidatar a sete mil vagas de est\u00e1gio e de aprendizagem que est\u00e3o em oferta, no Cyber CIEE. Al\u00e9m de participar de processos seletivos que ser\u00e3o realizados durante a feira, os candidatos podem pesquisar outras oportunidades interessantes oferecidas no portal da institui\u00e7\u00e3o. Quem participar da feira\u00a0ter\u00e1 encaminhamento preferencial para programas de est\u00e1gio nos seis meses p\u00f3s-evento.<\/p>\n<p style=\"text-align: justify;\"><strong>Mais atra\u00e7\u00f5es e aprendizado<\/strong><\/p>\n<p style=\"text-align: justify;\">A Expo CIEE 2016 tamb\u00e9m abre uma rara oportunidade para que os jovens tenham contato com especialistas em temas como carreira, tecnologia, educa\u00e7\u00e3o, comportamento jovem, mercado de trabalho, analisados em 100 palestras. Entre os destaques da edi\u00e7\u00e3o, est\u00e1 Camila Mabeloop.<\/p>\n<p style=\"text-align: justify;\">A jovem, de apenas 20 anos, ministrar\u00e1 a palestra\u00a0<em>Como um blog pode te ajudar na profiss\u00e3o?<\/em>, em 22\/5, \u00e0s 14h. Camila \u00e9 a criadora de um blog em que escreve resenhas e recomenda livros, entre outras coisas. Gra\u00e7as ao seu trabalho, foi convidada para uma entrevista exclusiva, em v\u00eddeo, com uma autora norte-americana que admira e foi chamada pela editora a escrever o coment\u00e1rio da contracapa do mais recente lan\u00e7amento dela.<\/p>\n<p style=\"text-align: justify;\"><strong>Servi\u00e7o<\/strong><\/p>\n<table border=\"1\" cellpadding=\"0\" cellspacing=\"0\">\n<tbody>\n<tr>\n<td>\n<p style=\"text-align: justify;\"><strong>19\u00aa Feira do Estudante \u2013 EXPO CIEE 2016<\/strong><\/p>\n<p style=\"text-align: justify;\"><strong>Data:\u00a0<\/strong>20, 21 e\u00a022 de maio\u00a0de 2016.<br \/>\n\t\t\t<strong>Local:\u00a0<\/strong>Pavilh\u00e3o da Bienal, no Parque do Ibirapuera \u2013 S\u00e3o Paulo\/SP.<br \/>\n\t\t\t<strong>Hor\u00e1rios:\u00a0<\/strong>sexta-feira,\u00a0s\u00e1bado\u00a0e\u00a0domingo, a partir das 10h<br \/>\n\t\t\t<strong>Entrada:\u00a0<\/strong>gratuita<br \/>\n\t\t\t<strong>Informa\u00e7\u00f5es:\u00a0<\/strong><a href=\"http:\/\/www.ciee.org.br\/expociee\" target=\"_blank\">www.ciee.org.br\/expociee<\/a>.<\/p>\n<\/td>\n<\/tr>\n<\/tbody>\n<\/table>\n<p><\/span><\/p>\n","protected":false},"excerpt":{"rendered":"<p>Al\u00e9m de participar de processos seletivos que ser\u00e3o realizados durante a feira, os candidatos podem pesquisar outras oportunidades no portal<\/p>\n","protected":false},"author":1,"featured_media":0,"comment_status":"open","ping_status":"open","sticky":false,"template":"","format":"standard","meta":{"footnotes":""},"categories":[],"tags":[],"class_list":["post-5605","post","type-post","status-publish","format-standard","hentry"],"yoast_head":"<!-- This site is optimized with the Yoast SEO plugin v26.2 - https:\/\/yoast.com\/wordpress\/plugins\/seo\/ -->\n<title>FEIRA DO ESTUDANTE 2016 OFERECE SETE MIL VAGAS - Travel3<\/title>\n<meta name=\"description\" content=\"A TRAVEL3 \u00e9 um portal de conte\u00fado voltado para o turismo, encontre destinos, viagens, hospedagem, passagens, guias, not\u00edcias sobre o mercado do turismo, dicas de viagem, v\u00eddeos e podcast.\" \/>\n<meta name=\"robots\" content=\"index, follow, max-snippet:-1, max-image-preview:large, max-video-preview:-1\" \/>\n<link rel=\"canonical\" href=\"https:\/\/www.travel3.com.br\/site\/sem-categoria\/feira-do-estudante-2016-oferece-sete-mil-vagas\/\" \/>\n<meta property=\"og:locale\" content=\"pt_BR\" \/>\n<meta property=\"og:type\" content=\"article\" \/>\n<meta property=\"og:title\" content=\"FEIRA DO ESTUDANTE 2016 OFERECE SETE MIL VAGAS - Travel3\" \/>\n<meta property=\"og:description\" content=\"A TRAVEL3 \u00e9 um portal de conte\u00fado voltado para o turismo, encontre destinos, viagens, hospedagem, passagens, guias, not\u00edcias sobre o mercado do turismo, dicas de viagem, v\u00eddeos e podcast.\" \/>\n<meta property=\"og:url\" content=\"https:\/\/www.travel3.com.br\/site\/sem-categoria\/feira-do-estudante-2016-oferece-sete-mil-vagas\/\" \/>\n<meta property=\"og:site_name\" content=\"Travel3\" \/>\n<meta property=\"article:publisher\" content=\"https:\/\/www.facebook.com\/travel3media\/\" \/>\n<meta property=\"article:published_time\" content=\"2017-07-22T00:43:09+00:00\" \/>\n<meta name=\"author\" content=\"admin\" \/>\n<meta name=\"twitter:card\" content=\"summary_large_image\" \/>\n<meta name=\"twitter:label1\" content=\"Escrito por\" \/>\n\t<meta name=\"twitter:data1\" content=\"admin\" \/>\n\t<meta name=\"twitter:label2\" content=\"Est. tempo de leitura\" \/>\n\t<meta name=\"twitter:data2\" content=\"2 minutos\" \/>\n<script type=\"application\/ld+json\" class=\"yoast-schema-graph\">{\"@context\":\"https:\/\/schema.org\",\"@graph\":[{\"@type\":\"Article\",\"@id\":\"https:\/\/www.travel3.com.br\/site\/sem-categoria\/feira-do-estudante-2016-oferece-sete-mil-vagas\/#article\",\"isPartOf\":{\"@id\":\"https:\/\/www.travel3.com.br\/site\/sem-categoria\/feira-do-estudante-2016-oferece-sete-mil-vagas\/\"},\"author\":{\"name\":\"admin\",\"@id\":\"https:\/\/www.travel3.com.br\/site\/#\/schema\/person\/a69d71e41a024999b6ab82369ac0bd1e\"},\"headline\":\"FEIRA DO ESTUDANTE 2016 OFERECE SETE MIL VAGAS\",\"datePublished\":\"2017-07-22T00:43:09+00:00\",\"mainEntityOfPage\":{\"@id\":\"https:\/\/www.travel3.com.br\/site\/sem-categoria\/feira-do-estudante-2016-oferece-sete-mil-vagas\/\"},\"wordCount\":325,\"commentCount\":0,\"publisher\":{\"@id\":\"https:\/\/www.travel3.com.br\/site\/#organization\"},\"inLanguage\":\"pt-BR\",\"potentialAction\":[{\"@type\":\"CommentAction\",\"name\":\"Comment\",\"target\":[\"https:\/\/www.travel3.com.br\/site\/sem-categoria\/feira-do-estudante-2016-oferece-sete-mil-vagas\/#respond\"]}]},{\"@type\":\"WebPage\",\"@id\":\"https:\/\/www.travel3.com.br\/site\/sem-categoria\/feira-do-estudante-2016-oferece-sete-mil-vagas\/\",\"url\":\"https:\/\/www.travel3.com.br\/site\/sem-categoria\/feira-do-estudante-2016-oferece-sete-mil-vagas\/\",\"name\":\"FEIRA DO ESTUDANTE 2016 OFERECE SETE MIL VAGAS - Travel3\",\"isPartOf\":{\"@id\":\"https:\/\/www.travel3.com.br\/site\/#website\"},\"datePublished\":\"2017-07-22T00:43:09+00:00\",\"description\":\"A TRAVEL3 \u00e9 um portal de conte\u00fado voltado para o turismo, encontre destinos, viagens, hospedagem, passagens, guias, not\u00edcias sobre o mercado do turismo, dicas de viagem, v\u00eddeos e podcast.\",\"breadcrumb\":{\"@id\":\"https:\/\/www.travel3.com.br\/site\/sem-categoria\/feira-do-estudante-2016-oferece-sete-mil-vagas\/#breadcrumb\"},\"inLanguage\":\"pt-BR\",\"potentialAction\":[{\"@type\":\"ReadAction\",\"target\":[\"https:\/\/www.travel3.com.br\/site\/sem-categoria\/feira-do-estudante-2016-oferece-sete-mil-vagas\/\"]}]},{\"@type\":\"BreadcrumbList\",\"@id\":\"https:\/\/www.travel3.com.br\/site\/sem-categoria\/feira-do-estudante-2016-oferece-sete-mil-vagas\/#breadcrumb\",\"itemListElement\":[{\"@type\":\"ListItem\",\"position\":1,\"name\":\"In\u00edcio\",\"item\":\"https:\/\/www.travel3.com.br\/site\/\"},{\"@type\":\"ListItem\",\"position\":2,\"name\":\"FEIRA DO ESTUDANTE 2016 OFERECE SETE MIL VAGAS\"}]},{\"@type\":\"WebSite\",\"@id\":\"https:\/\/www.travel3.com.br\/site\/#website\",\"url\":\"https:\/\/www.travel3.com.br\/site\/\",\"name\":\"Travel3\",\"description\":\"Lazer + Neg&oacute;cios + Aventura\",\"publisher\":{\"@id\":\"https:\/\/www.travel3.com.br\/site\/#organization\"},\"potentialAction\":[{\"@type\":\"SearchAction\",\"target\":{\"@type\":\"EntryPoint\",\"urlTemplate\":\"https:\/\/www.travel3.com.br\/site\/?s={search_term_string}\"},\"query-input\":{\"@type\":\"PropertyValueSpecification\",\"valueRequired\":true,\"valueName\":\"search_term_string\"}}],\"inLanguage\":\"pt-BR\"},{\"@type\":\"Organization\",\"@id\":\"https:\/\/www.travel3.com.br\/site\/#organization\",\"name\":\"Travel3\",\"url\":\"https:\/\/www.travel3.com.br\/site\/\",\"logo\":{\"@type\":\"ImageObject\",\"inLanguage\":\"pt-BR\",\"@id\":\"https:\/\/www.travel3.com.br\/site\/#\/schema\/logo\/image\/\",\"url\":\"https:\/\/www.travel3.com.br\/site\/wp-content\/uploads\/2020\/01\/logo-travel3-2020.png\",\"contentUrl\":\"https:\/\/www.travel3.com.br\/site\/wp-content\/uploads\/2020\/01\/logo-travel3-2020.png\",\"width\":232,\"height\":79,\"caption\":\"Travel3\"},\"image\":{\"@id\":\"https:\/\/www.travel3.com.br\/site\/#\/schema\/logo\/image\/\"},\"sameAs\":[\"https:\/\/www.facebook.com\/travel3media\/\",\"https:\/\/www.instagram.com\/revistatravel3\/\",\"https:\/\/www.youtube.com\/channel\/UCno7J4paGBR3VbZQzvoJ9Eg\"]},{\"@type\":\"Person\",\"@id\":\"https:\/\/www.travel3.com.br\/site\/#\/schema\/person\/a69d71e41a024999b6ab82369ac0bd1e\",\"name\":\"admin\",\"image\":{\"@type\":\"ImageObject\",\"inLanguage\":\"pt-BR\",\"@id\":\"https:\/\/www.travel3.com.br\/site\/#\/schema\/person\/image\/\",\"url\":\"https:\/\/secure.gravatar.com\/avatar\/732a67adfd764da2a47ba10ce731c4c0?s=96&d=mm&r=g\",\"contentUrl\":\"https:\/\/secure.gravatar.com\/avatar\/732a67adfd764da2a47ba10ce731c4c0?s=96&d=mm&r=g\",\"caption\":\"admin\"},\"url\":\"https:\/\/www.travel3.com.br\/site\/author\/admin\/\"}]}<\/script>\n<!-- \/ Yoast SEO plugin. -->","yoast_head_json":{"title":"FEIRA DO ESTUDANTE 2016 OFERECE SETE MIL VAGAS - Travel3","description":"A TRAVEL3 \u00e9 um portal de conte\u00fado voltado para o turismo, encontre destinos, viagens, hospedagem, passagens, guias, not\u00edcias sobre o mercado do turismo, dicas de viagem, v\u00eddeos e podcast.","robots":{"index":"index","follow":"follow","max-snippet":"max-snippet:-1","max-image-preview":"max-image-preview:large","max-video-preview":"max-video-preview:-1"},"canonical":"https:\/\/www.travel3.com.br\/site\/sem-categoria\/feira-do-estudante-2016-oferece-sete-mil-vagas\/","og_locale":"pt_BR","og_type":"article","og_title":"FEIRA DO ESTUDANTE 2016 OFERECE SETE MIL VAGAS - Travel3","og_description":"A TRAVEL3 \u00e9 um portal de conte\u00fado voltado para o turismo, encontre destinos, viagens, hospedagem, passagens, guias, not\u00edcias sobre o mercado do turismo, dicas de viagem, v\u00eddeos e podcast.","og_url":"https:\/\/www.travel3.com.br\/site\/sem-categoria\/feira-do-estudante-2016-oferece-sete-mil-vagas\/","og_site_name":"Travel3","article_publisher":"https:\/\/www.facebook.com\/travel3media\/","article_published_time":"2017-07-22T00:43:09+00:00","author":"admin","twitter_card":"summary_large_image","twitter_misc":{"Escrito por":"admin","Est. tempo de leitura":"2 minutos"},"schema":{"@context":"https:\/\/schema.org","@graph":[{"@type":"Article","@id":"https:\/\/www.travel3.com.br\/site\/sem-categoria\/feira-do-estudante-2016-oferece-sete-mil-vagas\/#article","isPartOf":{"@id":"https:\/\/www.travel3.com.br\/site\/sem-categoria\/feira-do-estudante-2016-oferece-sete-mil-vagas\/"},"author":{"name":"admin","@id":"https:\/\/www.travel3.com.br\/site\/#\/schema\/person\/a69d71e41a024999b6ab82369ac0bd1e"},"headline":"FEIRA DO ESTUDANTE 2016 OFERECE SETE MIL VAGAS","datePublished":"2017-07-22T00:43:09+00:00","mainEntityOfPage":{"@id":"https:\/\/www.travel3.com.br\/site\/sem-categoria\/feira-do-estudante-2016-oferece-sete-mil-vagas\/"},"wordCount":325,"commentCount":0,"publisher":{"@id":"https:\/\/www.travel3.com.br\/site\/#organization"},"inLanguage":"pt-BR","potentialAction":[{"@type":"CommentAction","name":"Comment","target":["https:\/\/www.travel3.com.br\/site\/sem-categoria\/feira-do-estudante-2016-oferece-sete-mil-vagas\/#respond"]}]},{"@type":"WebPage","@id":"https:\/\/www.travel3.com.br\/site\/sem-categoria\/feira-do-estudante-2016-oferece-sete-mil-vagas\/","url":"https:\/\/www.travel3.com.br\/site\/sem-categoria\/feira-do-estudante-2016-oferece-sete-mil-vagas\/","name":"FEIRA DO ESTUDANTE 2016 OFERECE SETE MIL VAGAS - Travel3","isPartOf":{"@id":"https:\/\/www.travel3.com.br\/site\/#website"},"datePublished":"2017-07-22T00:43:09+00:00","description":"A TRAVEL3 \u00e9 um portal de conte\u00fado voltado para o turismo, encontre destinos, viagens, hospedagem, passagens, guias, not\u00edcias sobre o mercado do turismo, dicas de viagem, v\u00eddeos e podcast.","breadcrumb":{"@id":"https:\/\/www.travel3.com.br\/site\/sem-categoria\/feira-do-estudante-2016-oferece-sete-mil-vagas\/#breadcrumb"},"inLanguage":"pt-BR","potentialAction":[{"@type":"ReadAction","target":["https:\/\/www.travel3.com.br\/site\/sem-categoria\/feira-do-estudante-2016-oferece-sete-mil-vagas\/"]}]},{"@type":"BreadcrumbList","@id":"https:\/\/www.travel3.com.br\/site\/sem-categoria\/feira-do-estudante-2016-oferece-sete-mil-vagas\/#breadcrumb","itemListElement":[{"@type":"ListItem","position":1,"name":"In\u00edcio","item":"https:\/\/www.travel3.com.br\/site\/"},{"@type":"ListItem","position":2,"name":"FEIRA DO ESTUDANTE 2016 OFERECE SETE MIL VAGAS"}]},{"@type":"WebSite","@id":"https:\/\/www.travel3.com.br\/site\/#website","url":"https:\/\/www.travel3.com.br\/site\/","name":"Travel3","description":"Lazer + Neg&oacute;cios + Aventura","publisher":{"@id":"https:\/\/www.travel3.com.br\/site\/#organization"},"potentialAction":[{"@type":"SearchAction","target":{"@type":"EntryPoint","urlTemplate":"https:\/\/www.travel3.com.br\/site\/?s={search_term_string}"},"query-input":{"@type":"PropertyValueSpecification","valueRequired":true,"valueName":"search_term_string"}}],"inLanguage":"pt-BR"},{"@type":"Organization","@id":"https:\/\/www.travel3.com.br\/site\/#organization","name":"Travel3","url":"https:\/\/www.travel3.com.br\/site\/","logo":{"@type":"ImageObject","inLanguage":"pt-BR","@id":"https:\/\/www.travel3.com.br\/site\/#\/schema\/logo\/image\/","url":"https:\/\/www.travel3.com.br\/site\/wp-content\/uploads\/2020\/01\/logo-travel3-2020.png","contentUrl":"https:\/\/www.travel3.com.br\/site\/wp-content\/uploads\/2020\/01\/logo-travel3-2020.png","width":232,"height":79,"caption":"Travel3"},"image":{"@id":"https:\/\/www.travel3.com.br\/site\/#\/schema\/logo\/image\/"},"sameAs":["https:\/\/www.facebook.com\/travel3media\/","https:\/\/www.instagram.com\/revistatravel3\/","https:\/\/www.youtube.com\/channel\/UCno7J4paGBR3VbZQzvoJ9Eg"]},{"@type":"Person","@id":"https:\/\/www.travel3.com.br\/site\/#\/schema\/person\/a69d71e41a024999b6ab82369ac0bd1e","name":"admin","image":{"@type":"ImageObject","inLanguage":"pt-BR","@id":"https:\/\/www.travel3.com.br\/site\/#\/schema\/person\/image\/","url":"https:\/\/secure.gravatar.com\/avatar\/732a67adfd764da2a47ba10ce731c4c0?s=96&d=mm&r=g","contentUrl":"https:\/\/secure.gravatar.com\/avatar\/732a67adfd764da2a47ba10ce731c4c0?s=96&d=mm&r=g","caption":"admin"},"url":"https:\/\/www.travel3.com.br\/site\/author\/admin\/"}]}},"_links":{"self":[{"href":"https:\/\/www.travel3.com.br\/site\/wp-json\/wp\/v2\/posts\/5605","targetHints":{"allow":["GET"]}}],"collection":[{"href":"https:\/\/www.travel3.com.br\/site\/wp-json\/wp\/v2\/posts"}],"about":[{"href":"https:\/\/www.travel3.com.br\/site\/wp-json\/wp\/v2\/types\/post"}],"author":[{"embeddable":true,"href":"https:\/\/www.travel3.com.br\/site\/wp-json\/wp\/v2\/users\/1"}],"replies":[{"embeddable":true,"href":"https:\/\/www.travel3.com.br\/site\/wp-json\/wp\/v2\/comments?post=5605"}],"version-history":[{"count":0,"href":"https:\/\/www.travel3.com.br\/site\/wp-json\/wp\/v2\/posts\/5605\/revisions"}],"wp:attachment":[{"href":"https:\/\/www.travel3.com.br\/site\/wp-json\/wp\/v2\/media?parent=5605"}],"wp:term":[{"taxonomy":"category","embeddable":true,"href":"https:\/\/www.travel3.com.br\/site\/wp-json\/wp\/v2\/categories?post=5605"},{"taxonomy":"post_tag","embeddable":true,"href":"https:\/\/www.travel3.com.br\/site\/wp-json\/wp\/v2\/tags?post=5605"}],"curies":[{"name":"wp","href":"https:\/\/api.w.org\/{rel}","templated":true}]}}