{"id":5558,"date":"2017-04-08T22:04:51","date_gmt":"2017-04-08T22:04:51","guid":{"rendered":"http:\/\/www.travel3.com.br\/site\/ir-e-vir\/ar\/fernando-de-noronha-tera-vias-de-acesso-reestruturadas\/"},"modified":"2017-04-08T22:04:51","modified_gmt":"2017-04-08T22:04:51","slug":"fernando-de-noronha-tera-vias-de-acesso-reestruturadas","status":"publish","type":"post","link":"https:\/\/www.travel3.com.br\/site\/sem-categoria\/fernando-de-noronha-tera-vias-de-acesso-reestruturadas\/","title":{"rendered":"FERNANDO DE NORONHA TER\u00c1 VIAS DE ACESSO REESTRUTURADAS"},"content":{"rendered":"<p><span style=\"color: #40acad; font-family: -apple-system, system-ui, 'Segoe UI', Roboto, Oxygen-Sans, Ubuntu, Cantarell, 'Helvetica Neue', sans-serif; font-size: 12px; font-weight: bold;\"><\/p>\n<p style=\"text-align: justify;\">Pensando na infraestrutura das vias de circula\u00e7\u00e3o de moradores e turistas da ilha de Fernando de Noronha,\u00a0a\u00a0Secretaria de Turismo, Esportes e Lazer de Pernambuco (Seturel-PE), por meio do Programa de Desenvolvimento do Turismo (Prodetur), vai reestruturar o\u00a0acesso \u00e0s principais pousadas da ilha. Cerca de 17 vias do distrito, localizadas nos\u00a0bairros de Floresta Nova e Floresta Velha, ser\u00e3o contempladas com novo asfalto, requalifica\u00e7\u00e3o do pavimento, drenagem, sinaliza\u00e7\u00e3o e rampas de acessibilidade. As obras devem come\u00e7ar at\u00e9 o segundo semestre deste ano.<\/p>\n<p style=\"text-align: justify;\">As ruas da ilha receber\u00e3o piso intertravado, um tipo de pavimento\u00a0ambientalmente sustent\u00e1vel que permite a absor\u00e7\u00e3o de \u00e1guas de chuvas pelo terreno.\u00a0O novo asfalto ser\u00e1 implantado em oito ruas da ilha (Rua Projetada A, Rua Projetada B; Rua Projetada C; Rua Ant\u00f4nio Alves Cordeiro; Rua Jo\u00e3o Pedro da Silva; Rua Severino Lima e Rua RV 02 \u2013 Acesso \u00e0 Unidade de Tratamento de Res\u00edduos S\u00f3lidos). Outras nove ruas, j\u00e1 cal\u00e7adas, ser\u00e3o requalificadas (Alameda dos Cajueiros; Alameda das Papoulas; Alameda das Ac\u00e1cias; Alameda Bela Vista; Alameda Sol Nascente; Alameda das Amendoeiras; Alameda Harmonia; Alameda Pau D\u2019Arco e Alameda das Flores).<\/p>\n<p style=\"text-align: justify;\">\u201cCom a conclus\u00e3o das obras vamos oferecer mais estrutura para os moradores e frequentadores da Ilha. Noronha \u00e9 um dos principais destinos tur\u00edsticos de Pernambuco e \u00e9 fundamental pensarmos na estrutura f\u00edsica dos corredores de circula\u00e7\u00e3o como uma das a\u00e7\u00f5es importantes para o fortalecimento do turismo\u201d, comenta o Secret\u00e1rio de Turismo, Esportes e Lazer de Pernambuco, Felipe Carreras.\u00a0<\/p>\n<p style=\"text-align: justify;\">A obra tem o prazo m\u00e9dio de um ano para ser conclu\u00edda, ap\u00f3s a assinatura da ordem de servi\u00e7o. O edital de licita\u00e7\u00e3o para contrata\u00e7\u00e3o da empresa respons\u00e1vel pelo projeto foi lan\u00e7ado na \u00faltima sexta-feira (7).<\/p>\n<p><\/span><\/p>\n","protected":false},"excerpt":{"rendered":"<p>As ruas da ilha receber\u00e3o piso intertravado, um tipo de pavimento ambientalmente sustent\u00e1vel que permite a absor\u00e7\u00e3o de \u00e1guas de chuvas<\/p>\n","protected":false},"author":1,"featured_media":0,"comment_status":"open","ping_status":"open","sticky":false,"template":"","format":"standard","meta":{"footnotes":""},"categories":[],"tags":[],"class_list":["post-5558","post","type-post","status-publish","format-standard","hentry"],"yoast_head":"<!-- This site is optimized with the Yoast SEO plugin v26.2 - https:\/\/yoast.com\/wordpress\/plugins\/seo\/ -->\n<title>FERNANDO DE NORONHA TER\u00c1 VIAS DE ACESSO REESTRUTURADAS - Travel3<\/title>\n<meta name=\"description\" content=\"A TRAVEL3 \u00e9 um portal de conte\u00fado voltado para o turismo, encontre destinos, viagens, hospedagem, passagens, guias, not\u00edcias sobre o mercado do turismo, dicas de viagem, v\u00eddeos e podcast.\" \/>\n<meta name=\"robots\" content=\"index, follow, max-snippet:-1, max-image-preview:large, max-video-preview:-1\" \/>\n<link rel=\"canonical\" href=\"https:\/\/www.travel3.com.br\/site\/sem-categoria\/fernando-de-noronha-tera-vias-de-acesso-reestruturadas\/\" \/>\n<meta property=\"og:locale\" content=\"pt_BR\" \/>\n<meta property=\"og:type\" content=\"article\" \/>\n<meta property=\"og:title\" content=\"FERNANDO DE NORONHA TER\u00c1 VIAS DE ACESSO REESTRUTURADAS - Travel3\" \/>\n<meta property=\"og:description\" content=\"A TRAVEL3 \u00e9 um portal de conte\u00fado voltado para o turismo, encontre destinos, viagens, hospedagem, passagens, guias, not\u00edcias sobre o mercado do turismo, dicas de viagem, v\u00eddeos e podcast.\" \/>\n<meta property=\"og:url\" content=\"https:\/\/www.travel3.com.br\/site\/sem-categoria\/fernando-de-noronha-tera-vias-de-acesso-reestruturadas\/\" \/>\n<meta property=\"og:site_name\" content=\"Travel3\" \/>\n<meta property=\"article:publisher\" content=\"https:\/\/www.facebook.com\/travel3media\/\" \/>\n<meta property=\"article:published_time\" content=\"2017-04-08T22:04:51+00:00\" \/>\n<meta name=\"author\" content=\"admin\" \/>\n<meta name=\"twitter:card\" content=\"summary_large_image\" \/>\n<meta name=\"twitter:label1\" content=\"Escrito por\" \/>\n\t<meta name=\"twitter:data1\" content=\"admin\" \/>\n\t<meta name=\"twitter:label2\" content=\"Est. tempo de leitura\" \/>\n\t<meta name=\"twitter:data2\" content=\"2 minutos\" \/>\n<script type=\"application\/ld+json\" class=\"yoast-schema-graph\">{\"@context\":\"https:\/\/schema.org\",\"@graph\":[{\"@type\":\"Article\",\"@id\":\"https:\/\/www.travel3.com.br\/site\/sem-categoria\/fernando-de-noronha-tera-vias-de-acesso-reestruturadas\/#article\",\"isPartOf\":{\"@id\":\"https:\/\/www.travel3.com.br\/site\/sem-categoria\/fernando-de-noronha-tera-vias-de-acesso-reestruturadas\/\"},\"author\":{\"name\":\"admin\",\"@id\":\"https:\/\/www.travel3.com.br\/site\/#\/schema\/person\/a69d71e41a024999b6ab82369ac0bd1e\"},\"headline\":\"FERNANDO DE NORONHA TER\u00c1 VIAS DE ACESSO REESTRUTURADAS\",\"datePublished\":\"2017-04-08T22:04:51+00:00\",\"mainEntityOfPage\":{\"@id\":\"https:\/\/www.travel3.com.br\/site\/sem-categoria\/fernando-de-noronha-tera-vias-de-acesso-reestruturadas\/\"},\"wordCount\":310,\"commentCount\":0,\"publisher\":{\"@id\":\"https:\/\/www.travel3.com.br\/site\/#organization\"},\"inLanguage\":\"pt-BR\",\"potentialAction\":[{\"@type\":\"CommentAction\",\"name\":\"Comment\",\"target\":[\"https:\/\/www.travel3.com.br\/site\/sem-categoria\/fernando-de-noronha-tera-vias-de-acesso-reestruturadas\/#respond\"]}]},{\"@type\":\"WebPage\",\"@id\":\"https:\/\/www.travel3.com.br\/site\/sem-categoria\/fernando-de-noronha-tera-vias-de-acesso-reestruturadas\/\",\"url\":\"https:\/\/www.travel3.com.br\/site\/sem-categoria\/fernando-de-noronha-tera-vias-de-acesso-reestruturadas\/\",\"name\":\"FERNANDO DE NORONHA TER\u00c1 VIAS DE ACESSO REESTRUTURADAS - Travel3\",\"isPartOf\":{\"@id\":\"https:\/\/www.travel3.com.br\/site\/#website\"},\"datePublished\":\"2017-04-08T22:04:51+00:00\",\"description\":\"A TRAVEL3 \u00e9 um portal de conte\u00fado voltado para o turismo, encontre destinos, viagens, hospedagem, passagens, guias, not\u00edcias sobre o mercado do turismo, dicas de viagem, v\u00eddeos e podcast.\",\"breadcrumb\":{\"@id\":\"https:\/\/www.travel3.com.br\/site\/sem-categoria\/fernando-de-noronha-tera-vias-de-acesso-reestruturadas\/#breadcrumb\"},\"inLanguage\":\"pt-BR\",\"potentialAction\":[{\"@type\":\"ReadAction\",\"target\":[\"https:\/\/www.travel3.com.br\/site\/sem-categoria\/fernando-de-noronha-tera-vias-de-acesso-reestruturadas\/\"]}]},{\"@type\":\"BreadcrumbList\",\"@id\":\"https:\/\/www.travel3.com.br\/site\/sem-categoria\/fernando-de-noronha-tera-vias-de-acesso-reestruturadas\/#breadcrumb\",\"itemListElement\":[{\"@type\":\"ListItem\",\"position\":1,\"name\":\"In\u00edcio\",\"item\":\"https:\/\/www.travel3.com.br\/site\/\"},{\"@type\":\"ListItem\",\"position\":2,\"name\":\"FERNANDO DE NORONHA TER\u00c1 VIAS DE ACESSO REESTRUTURADAS\"}]},{\"@type\":\"WebSite\",\"@id\":\"https:\/\/www.travel3.com.br\/site\/#website\",\"url\":\"https:\/\/www.travel3.com.br\/site\/\",\"name\":\"Travel3\",\"description\":\"Lazer + Neg&oacute;cios + Aventura\",\"publisher\":{\"@id\":\"https:\/\/www.travel3.com.br\/site\/#organization\"},\"potentialAction\":[{\"@type\":\"SearchAction\",\"target\":{\"@type\":\"EntryPoint\",\"urlTemplate\":\"https:\/\/www.travel3.com.br\/site\/?s={search_term_string}\"},\"query-input\":{\"@type\":\"PropertyValueSpecification\",\"valueRequired\":true,\"valueName\":\"search_term_string\"}}],\"inLanguage\":\"pt-BR\"},{\"@type\":\"Organization\",\"@id\":\"https:\/\/www.travel3.com.br\/site\/#organization\",\"name\":\"Travel3\",\"url\":\"https:\/\/www.travel3.com.br\/site\/\",\"logo\":{\"@type\":\"ImageObject\",\"inLanguage\":\"pt-BR\",\"@id\":\"https:\/\/www.travel3.com.br\/site\/#\/schema\/logo\/image\/\",\"url\":\"https:\/\/www.travel3.com.br\/site\/wp-content\/uploads\/2020\/01\/logo-travel3-2020.png\",\"contentUrl\":\"https:\/\/www.travel3.com.br\/site\/wp-content\/uploads\/2020\/01\/logo-travel3-2020.png\",\"width\":232,\"height\":79,\"caption\":\"Travel3\"},\"image\":{\"@id\":\"https:\/\/www.travel3.com.br\/site\/#\/schema\/logo\/image\/\"},\"sameAs\":[\"https:\/\/www.facebook.com\/travel3media\/\",\"https:\/\/www.instagram.com\/revistatravel3\/\",\"https:\/\/www.youtube.com\/channel\/UCno7J4paGBR3VbZQzvoJ9Eg\"]},{\"@type\":\"Person\",\"@id\":\"https:\/\/www.travel3.com.br\/site\/#\/schema\/person\/a69d71e41a024999b6ab82369ac0bd1e\",\"name\":\"admin\",\"image\":{\"@type\":\"ImageObject\",\"inLanguage\":\"pt-BR\",\"@id\":\"https:\/\/www.travel3.com.br\/site\/#\/schema\/person\/image\/\",\"url\":\"https:\/\/secure.gravatar.com\/avatar\/732a67adfd764da2a47ba10ce731c4c0?s=96&d=mm&r=g\",\"contentUrl\":\"https:\/\/secure.gravatar.com\/avatar\/732a67adfd764da2a47ba10ce731c4c0?s=96&d=mm&r=g\",\"caption\":\"admin\"},\"url\":\"https:\/\/www.travel3.com.br\/site\/author\/admin\/\"}]}<\/script>\n<!-- \/ Yoast SEO plugin. -->","yoast_head_json":{"title":"FERNANDO DE NORONHA TER\u00c1 VIAS DE ACESSO REESTRUTURADAS - Travel3","description":"A TRAVEL3 \u00e9 um portal de conte\u00fado voltado para o turismo, encontre destinos, viagens, hospedagem, passagens, guias, not\u00edcias sobre o mercado do turismo, dicas de viagem, v\u00eddeos e podcast.","robots":{"index":"index","follow":"follow","max-snippet":"max-snippet:-1","max-image-preview":"max-image-preview:large","max-video-preview":"max-video-preview:-1"},"canonical":"https:\/\/www.travel3.com.br\/site\/sem-categoria\/fernando-de-noronha-tera-vias-de-acesso-reestruturadas\/","og_locale":"pt_BR","og_type":"article","og_title":"FERNANDO DE NORONHA TER\u00c1 VIAS DE ACESSO REESTRUTURADAS - Travel3","og_description":"A TRAVEL3 \u00e9 um portal de conte\u00fado voltado para o turismo, encontre destinos, viagens, hospedagem, passagens, guias, not\u00edcias sobre o mercado do turismo, dicas de viagem, v\u00eddeos e podcast.","og_url":"https:\/\/www.travel3.com.br\/site\/sem-categoria\/fernando-de-noronha-tera-vias-de-acesso-reestruturadas\/","og_site_name":"Travel3","article_publisher":"https:\/\/www.facebook.com\/travel3media\/","article_published_time":"2017-04-08T22:04:51+00:00","author":"admin","twitter_card":"summary_large_image","twitter_misc":{"Escrito por":"admin","Est. tempo de leitura":"2 minutos"},"schema":{"@context":"https:\/\/schema.org","@graph":[{"@type":"Article","@id":"https:\/\/www.travel3.com.br\/site\/sem-categoria\/fernando-de-noronha-tera-vias-de-acesso-reestruturadas\/#article","isPartOf":{"@id":"https:\/\/www.travel3.com.br\/site\/sem-categoria\/fernando-de-noronha-tera-vias-de-acesso-reestruturadas\/"},"author":{"name":"admin","@id":"https:\/\/www.travel3.com.br\/site\/#\/schema\/person\/a69d71e41a024999b6ab82369ac0bd1e"},"headline":"FERNANDO DE NORONHA TER\u00c1 VIAS DE ACESSO REESTRUTURADAS","datePublished":"2017-04-08T22:04:51+00:00","mainEntityOfPage":{"@id":"https:\/\/www.travel3.com.br\/site\/sem-categoria\/fernando-de-noronha-tera-vias-de-acesso-reestruturadas\/"},"wordCount":310,"commentCount":0,"publisher":{"@id":"https:\/\/www.travel3.com.br\/site\/#organization"},"inLanguage":"pt-BR","potentialAction":[{"@type":"CommentAction","name":"Comment","target":["https:\/\/www.travel3.com.br\/site\/sem-categoria\/fernando-de-noronha-tera-vias-de-acesso-reestruturadas\/#respond"]}]},{"@type":"WebPage","@id":"https:\/\/www.travel3.com.br\/site\/sem-categoria\/fernando-de-noronha-tera-vias-de-acesso-reestruturadas\/","url":"https:\/\/www.travel3.com.br\/site\/sem-categoria\/fernando-de-noronha-tera-vias-de-acesso-reestruturadas\/","name":"FERNANDO DE NORONHA TER\u00c1 VIAS DE ACESSO REESTRUTURADAS - Travel3","isPartOf":{"@id":"https:\/\/www.travel3.com.br\/site\/#website"},"datePublished":"2017-04-08T22:04:51+00:00","description":"A TRAVEL3 \u00e9 um portal de conte\u00fado voltado para o turismo, encontre destinos, viagens, hospedagem, passagens, guias, not\u00edcias sobre o mercado do turismo, dicas de viagem, v\u00eddeos e podcast.","breadcrumb":{"@id":"https:\/\/www.travel3.com.br\/site\/sem-categoria\/fernando-de-noronha-tera-vias-de-acesso-reestruturadas\/#breadcrumb"},"inLanguage":"pt-BR","potentialAction":[{"@type":"ReadAction","target":["https:\/\/www.travel3.com.br\/site\/sem-categoria\/fernando-de-noronha-tera-vias-de-acesso-reestruturadas\/"]}]},{"@type":"BreadcrumbList","@id":"https:\/\/www.travel3.com.br\/site\/sem-categoria\/fernando-de-noronha-tera-vias-de-acesso-reestruturadas\/#breadcrumb","itemListElement":[{"@type":"ListItem","position":1,"name":"In\u00edcio","item":"https:\/\/www.travel3.com.br\/site\/"},{"@type":"ListItem","position":2,"name":"FERNANDO DE NORONHA TER\u00c1 VIAS DE ACESSO REESTRUTURADAS"}]},{"@type":"WebSite","@id":"https:\/\/www.travel3.com.br\/site\/#website","url":"https:\/\/www.travel3.com.br\/site\/","name":"Travel3","description":"Lazer + Neg&oacute;cios + Aventura","publisher":{"@id":"https:\/\/www.travel3.com.br\/site\/#organization"},"potentialAction":[{"@type":"SearchAction","target":{"@type":"EntryPoint","urlTemplate":"https:\/\/www.travel3.com.br\/site\/?s={search_term_string}"},"query-input":{"@type":"PropertyValueSpecification","valueRequired":true,"valueName":"search_term_string"}}],"inLanguage":"pt-BR"},{"@type":"Organization","@id":"https:\/\/www.travel3.com.br\/site\/#organization","name":"Travel3","url":"https:\/\/www.travel3.com.br\/site\/","logo":{"@type":"ImageObject","inLanguage":"pt-BR","@id":"https:\/\/www.travel3.com.br\/site\/#\/schema\/logo\/image\/","url":"https:\/\/www.travel3.com.br\/site\/wp-content\/uploads\/2020\/01\/logo-travel3-2020.png","contentUrl":"https:\/\/www.travel3.com.br\/site\/wp-content\/uploads\/2020\/01\/logo-travel3-2020.png","width":232,"height":79,"caption":"Travel3"},"image":{"@id":"https:\/\/www.travel3.com.br\/site\/#\/schema\/logo\/image\/"},"sameAs":["https:\/\/www.facebook.com\/travel3media\/","https:\/\/www.instagram.com\/revistatravel3\/","https:\/\/www.youtube.com\/channel\/UCno7J4paGBR3VbZQzvoJ9Eg"]},{"@type":"Person","@id":"https:\/\/www.travel3.com.br\/site\/#\/schema\/person\/a69d71e41a024999b6ab82369ac0bd1e","name":"admin","image":{"@type":"ImageObject","inLanguage":"pt-BR","@id":"https:\/\/www.travel3.com.br\/site\/#\/schema\/person\/image\/","url":"https:\/\/secure.gravatar.com\/avatar\/732a67adfd764da2a47ba10ce731c4c0?s=96&d=mm&r=g","contentUrl":"https:\/\/secure.gravatar.com\/avatar\/732a67adfd764da2a47ba10ce731c4c0?s=96&d=mm&r=g","caption":"admin"},"url":"https:\/\/www.travel3.com.br\/site\/author\/admin\/"}]}},"_links":{"self":[{"href":"https:\/\/www.travel3.com.br\/site\/wp-json\/wp\/v2\/posts\/5558","targetHints":{"allow":["GET"]}}],"collection":[{"href":"https:\/\/www.travel3.com.br\/site\/wp-json\/wp\/v2\/posts"}],"about":[{"href":"https:\/\/www.travel3.com.br\/site\/wp-json\/wp\/v2\/types\/post"}],"author":[{"embeddable":true,"href":"https:\/\/www.travel3.com.br\/site\/wp-json\/wp\/v2\/users\/1"}],"replies":[{"embeddable":true,"href":"https:\/\/www.travel3.com.br\/site\/wp-json\/wp\/v2\/comments?post=5558"}],"version-history":[{"count":0,"href":"https:\/\/www.travel3.com.br\/site\/wp-json\/wp\/v2\/posts\/5558\/revisions"}],"wp:attachment":[{"href":"https:\/\/www.travel3.com.br\/site\/wp-json\/wp\/v2\/media?parent=5558"}],"wp:term":[{"taxonomy":"category","embeddable":true,"href":"https:\/\/www.travel3.com.br\/site\/wp-json\/wp\/v2\/categories?post=5558"},{"taxonomy":"post_tag","embeddable":true,"href":"https:\/\/www.travel3.com.br\/site\/wp-json\/wp\/v2\/tags?post=5558"}],"curies":[{"name":"wp","href":"https:\/\/api.w.org\/{rel}","templated":true}]}}