{"id":5557,"date":"2017-08-27T22:17:31","date_gmt":"2017-08-27T22:17:31","guid":{"rendered":"http:\/\/www.travel3.com.br\/site\/ir-e-vir\/ar\/world-class-competition-2016-chega-a-final-internacional\/"},"modified":"2017-08-27T22:17:31","modified_gmt":"2017-08-27T22:17:31","slug":"world-class-competition-2016-chega-a-final-internacional","status":"publish","type":"post","link":"https:\/\/www.travel3.com.br\/site\/sem-categoria\/world-class-competition-2016-chega-a-final-internacional\/","title":{"rendered":"WORLD CLASS COMPETITION 2016 CHEGA A FINAL INTERNACIONAL"},"content":{"rendered":"<p><span style=\"color: #40acad; font-family: -apple-system, system-ui, 'Segoe UI', Roboto, Oxygen-Sans, Ubuntu, Cantarell, 'Helvetica Neue', sans-serif; font-size: 12px; font-weight: bold;\"><\/p>\n<p style=\"text-align: justify;\"><em><a class=\"fancybox-media\" href=\"..\/_uploads\/_noticia\/2016-05\/marcos-felix---bar.---4-.jpg\" rel=\"portfolio\"><img decoding=\"async\" alt=\"\" src=\"..\/_uploads\/_noticia\/2016-05\/marcos-felix---bar.---4-.jpg\" \/><\/a><\/em><br \/>\n<strong>O brasileiro\u00a0Marcos Felix em a\u00e7\u00e3o (Foto: Divulga\u00e7\u00e3o)<\/strong><\/p>\n<p style=\"text-align:justify\">O World Class Competition\u2013 maior campeonato de coquetelaria do mundo \u2013 chega a grande final internacional in\u00e9dita com representantes do Brasil e Uruguai.<\/p>\n<p style=\"text-align:justify\">A competi\u00e7\u00e3o acontece nos dias 23 e 24 de maio, na H\u00edpica Santo Amaro. Na ocasi\u00e3o, 14 profissionais se enfrentam em diferentes desafios:\u00a014 bartenders, sendo 10 do Brasil e 04 do Uruguai,\u00a0\u00a0concorrem a uma vaga para representar seus respectivos pa\u00edses na etapa global, que acontece em setembro deste ano em Miami, nos Estados Unidos.<\/p>\n<p style=\"text-align:justify\">Os finalistas do Brasil s\u00e3o:<\/p>\n<p style=\"text-align:justify\"><strong>S\u00e3o Paulo<\/strong><\/p>\n<p style=\"text-align:justify\">Adriana Pino (M\u00e9z)<\/p>\n<p style=\"text-align:justify\">Adriano Lima (Bar\u00ea)<\/p>\n<p style=\"text-align:justify\">Rog\u00e9rio Souza (Subastor)<\/p>\n<p style=\"text-align:justify\">Marcos Felix (Bar.)<\/p>\n<p style=\"text-align:justify\"><strong>Regi\u00e3o Sul e Sudeste<\/strong><\/p>\n<p style=\"text-align:justify\"><strong>RIO DE JANEIRO<\/strong><\/p>\n<p style=\"text-align:justify\">Alice Guedes (Brigite\u2019s)<\/p>\n<p style=\"text-align:justify\">Miguel Paes (Caverna)<\/p>\n<p style=\"text-align:justify\"><strong>CURITIBA<\/strong><\/p>\n<p style=\"text-align:justify\">Lukinhas Siqueira (+55)<\/p>\n<p style=\"text-align:justify\">Diego Bastos (Officina)<\/p>\n<p style=\"text-align:justify\"><strong>Regi\u00e3o Centro-Oeste, Norte e Nordeste<\/strong><\/p>\n<p style=\"text-align:justify\"><strong>RECIFE<\/strong><\/p>\n<p style=\"text-align:justify\">Luciano Melo (Loft Boa Viagem)<\/p>\n<p style=\"text-align:justify\">Marcio Felipe (Buhdakan)<\/p>\n<p style=\"text-align:justify\">Do Uruguai, disputam os bartenders: Adrian Guedes (Ovo Beach, Conrad), Alvaro Pereira (La Ochava), Frederico Palleiro (Radisson), Dami\u00e1n Silva (Dakota).\u00a0<\/p>\n<p style=\"text-align:justify\">Durante os dois dias, os competidores ser\u00e3o avaliados em diferentes provas classificat\u00f3rias. No dia 23, o primeiro desafio ser\u00e1 o\u00a0<strong>\u201cFruits &#038; Plants\u201d<\/strong>. Cada participante vai criar um drinque dentro do tema e todos os aspectos ser\u00e3o avaliados: uso de ingredientes, criatividade, conceito e execu\u00e7\u00e3o. A tarde, teremos uma palestra sobre o tema com a\u00a0<em>chef<\/em>\u00a0Bel Coelho.<\/p>\n<p style=\"text-align:justify\">Em seguida, acontece o 2\u00ba desafio &#8211; \u00a0\u201c<strong>Against the Clock\u201d<\/strong>: cada competidor tem que preparar oito coquet\u00e9is em 10 minutos.<\/p>\n<p style=\"text-align:justify\">No dia 24, teremos a presen\u00e7a do embaixador da DIAGEO Arturo Savage, que ir\u00e1 ministrar o Whiskey Lab.<\/p>\n<p style=\"text-align:justify\">A competi\u00e7\u00e3o segue com o desafio\u00a0<strong>\u201cSeasons Summer and Winter\u201d<\/strong>: a inspira\u00e7\u00e3o s\u00e3o as esta\u00e7\u00f5es do ano \u2013 um drinque fresco para o ver\u00e3o e um envolvente para o inverno.<\/p>\n<p style=\"text-align:justify\">Ap\u00f3s os tr\u00eas desafios, seis bartenders passam para o desafio final, que ir\u00e1 eleger o melhor do Brasil e do Uruguai. Ser\u00e3o 4 do Brasil e 2 do Uruguai.\u00a0<\/p>\n<p style=\"text-align:justify\">Nesse desafio, chamado\u00a0<strong>\u201cAround the World\u201d<\/strong>, cada competidor ir\u00e1 preparar dois drinques: um inspirado na sua cidade ou pa\u00eds, que mostre sua cultura e conte sua hist\u00f3ria e outro de algum pa\u00eds que admire.<\/p>\n<p style=\"text-align:justify\"><strong>Sele\u00e7\u00e3o dos finalistas<\/strong><\/p>\n<p style=\"text-align:justify\">Os concorrentes foram classificados ap\u00f3s a realiza\u00e7\u00e3o de duas ondas do Cocktail Journey, uma das etapas do World Class. S\u00e3o duas edi\u00e7\u00f5es que selecionam os finalistas, onde os bartenders precisam criar uma receita autoral dentro do tema estabelecido: em 2016 foi Tanqueray &#038; Tonic, um dos cl\u00e1ssicos da coquetelaria. Dos inscritos, 29\u00a0bartenders foram para a final regional.<\/p>\n<p style=\"text-align:justify\">Neste ano, tr\u00eas regi\u00f5es participaram da vota\u00e7\u00e3o: S\u00e3o Paulo (S\u00e3o Paulo), Sul e Sudeste (Rio de Janeiro, Belo Horizonte e Curitiba) e Centro-Oeste, Norte e Nordeste (Bras\u00edlia, Goi\u00e2nia e Recife).\u00a0<\/p>\n<p style=\"text-align:justify\">O j\u00fari, composto por profissionais t\u00e9cnicos do setor, jornalistas e formadores de opini\u00e3o, visitou durante duas semanas todas as casas que estavam concorrendo, para avaliar o desempenho dos bartenders. A experi\u00eancia foi analisada como um todo: desde o atendimento, intera\u00e7\u00e3o do bartender com o cliente, criatividade das receitas, e tempo e qualidade de execu\u00e7\u00e3o dos drinques.<\/p>\n<p>\u00a0<\/p>\n<p>\u00a0<\/p>\n<p><\/span><\/p>\n","protected":false},"excerpt":{"rendered":"<p>Conhe\u00e7a os 10 finalistas do Brasil e os quatro do Uruguai que concorrem a uma no maior campeonato de coquetelaria do mundo<\/p>\n","protected":false},"author":1,"featured_media":0,"comment_status":"open","ping_status":"open","sticky":false,"template":"","format":"standard","meta":{"footnotes":""},"categories":[],"tags":[],"class_list":["post-5557","post","type-post","status-publish","format-standard","hentry"],"yoast_head":"<!-- This site is optimized with the Yoast SEO plugin v26.2 - https:\/\/yoast.com\/wordpress\/plugins\/seo\/ -->\n<title>WORLD CLASS COMPETITION 2016 CHEGA A FINAL INTERNACIONAL - Travel3<\/title>\n<meta name=\"description\" content=\"A TRAVEL3 \u00e9 um portal de conte\u00fado voltado para o turismo, encontre destinos, viagens, hospedagem, passagens, guias, not\u00edcias sobre o mercado do turismo, dicas de viagem, v\u00eddeos e podcast.\" \/>\n<meta name=\"robots\" content=\"index, follow, max-snippet:-1, max-image-preview:large, max-video-preview:-1\" \/>\n<link rel=\"canonical\" href=\"https:\/\/www.travel3.com.br\/site\/sem-categoria\/world-class-competition-2016-chega-a-final-internacional\/\" \/>\n<meta property=\"og:locale\" content=\"pt_BR\" \/>\n<meta property=\"og:type\" content=\"article\" \/>\n<meta property=\"og:title\" content=\"WORLD CLASS COMPETITION 2016 CHEGA A FINAL INTERNACIONAL - Travel3\" \/>\n<meta property=\"og:description\" content=\"A TRAVEL3 \u00e9 um portal de conte\u00fado voltado para o turismo, encontre destinos, viagens, hospedagem, passagens, guias, not\u00edcias sobre o mercado do turismo, dicas de viagem, v\u00eddeos e podcast.\" \/>\n<meta property=\"og:url\" content=\"https:\/\/www.travel3.com.br\/site\/sem-categoria\/world-class-competition-2016-chega-a-final-internacional\/\" \/>\n<meta property=\"og:site_name\" content=\"Travel3\" \/>\n<meta property=\"article:publisher\" content=\"https:\/\/www.facebook.com\/travel3media\/\" \/>\n<meta property=\"article:published_time\" content=\"2017-08-27T22:17:31+00:00\" \/>\n<meta name=\"author\" content=\"admin\" \/>\n<meta name=\"twitter:card\" content=\"summary_large_image\" \/>\n<meta name=\"twitter:label1\" content=\"Escrito por\" \/>\n\t<meta name=\"twitter:data1\" content=\"admin\" \/>\n\t<meta name=\"twitter:label2\" content=\"Est. tempo de leitura\" \/>\n\t<meta name=\"twitter:data2\" content=\"3 minutos\" \/>\n<script type=\"application\/ld+json\" class=\"yoast-schema-graph\">{\"@context\":\"https:\/\/schema.org\",\"@graph\":[{\"@type\":\"Article\",\"@id\":\"https:\/\/www.travel3.com.br\/site\/sem-categoria\/world-class-competition-2016-chega-a-final-internacional\/#article\",\"isPartOf\":{\"@id\":\"https:\/\/www.travel3.com.br\/site\/sem-categoria\/world-class-competition-2016-chega-a-final-internacional\/\"},\"author\":{\"name\":\"admin\",\"@id\":\"https:\/\/www.travel3.com.br\/site\/#\/schema\/person\/a69d71e41a024999b6ab82369ac0bd1e\"},\"headline\":\"WORLD CLASS COMPETITION 2016 CHEGA A FINAL INTERNACIONAL\",\"datePublished\":\"2017-08-27T22:17:31+00:00\",\"mainEntityOfPage\":{\"@id\":\"https:\/\/www.travel3.com.br\/site\/sem-categoria\/world-class-competition-2016-chega-a-final-internacional\/\"},\"wordCount\":535,\"commentCount\":0,\"publisher\":{\"@id\":\"https:\/\/www.travel3.com.br\/site\/#organization\"},\"inLanguage\":\"pt-BR\",\"potentialAction\":[{\"@type\":\"CommentAction\",\"name\":\"Comment\",\"target\":[\"https:\/\/www.travel3.com.br\/site\/sem-categoria\/world-class-competition-2016-chega-a-final-internacional\/#respond\"]}]},{\"@type\":\"WebPage\",\"@id\":\"https:\/\/www.travel3.com.br\/site\/sem-categoria\/world-class-competition-2016-chega-a-final-internacional\/\",\"url\":\"https:\/\/www.travel3.com.br\/site\/sem-categoria\/world-class-competition-2016-chega-a-final-internacional\/\",\"name\":\"WORLD CLASS COMPETITION 2016 CHEGA A FINAL INTERNACIONAL - Travel3\",\"isPartOf\":{\"@id\":\"https:\/\/www.travel3.com.br\/site\/#website\"},\"datePublished\":\"2017-08-27T22:17:31+00:00\",\"description\":\"A TRAVEL3 \u00e9 um portal de conte\u00fado voltado para o turismo, encontre destinos, viagens, hospedagem, passagens, guias, not\u00edcias sobre o mercado do turismo, dicas de viagem, v\u00eddeos e podcast.\",\"breadcrumb\":{\"@id\":\"https:\/\/www.travel3.com.br\/site\/sem-categoria\/world-class-competition-2016-chega-a-final-internacional\/#breadcrumb\"},\"inLanguage\":\"pt-BR\",\"potentialAction\":[{\"@type\":\"ReadAction\",\"target\":[\"https:\/\/www.travel3.com.br\/site\/sem-categoria\/world-class-competition-2016-chega-a-final-internacional\/\"]}]},{\"@type\":\"BreadcrumbList\",\"@id\":\"https:\/\/www.travel3.com.br\/site\/sem-categoria\/world-class-competition-2016-chega-a-final-internacional\/#breadcrumb\",\"itemListElement\":[{\"@type\":\"ListItem\",\"position\":1,\"name\":\"In\u00edcio\",\"item\":\"https:\/\/www.travel3.com.br\/site\/\"},{\"@type\":\"ListItem\",\"position\":2,\"name\":\"WORLD CLASS COMPETITION 2016 CHEGA A FINAL INTERNACIONAL\"}]},{\"@type\":\"WebSite\",\"@id\":\"https:\/\/www.travel3.com.br\/site\/#website\",\"url\":\"https:\/\/www.travel3.com.br\/site\/\",\"name\":\"Travel3\",\"description\":\"Lazer + Neg&oacute;cios + Aventura\",\"publisher\":{\"@id\":\"https:\/\/www.travel3.com.br\/site\/#organization\"},\"potentialAction\":[{\"@type\":\"SearchAction\",\"target\":{\"@type\":\"EntryPoint\",\"urlTemplate\":\"https:\/\/www.travel3.com.br\/site\/?s={search_term_string}\"},\"query-input\":{\"@type\":\"PropertyValueSpecification\",\"valueRequired\":true,\"valueName\":\"search_term_string\"}}],\"inLanguage\":\"pt-BR\"},{\"@type\":\"Organization\",\"@id\":\"https:\/\/www.travel3.com.br\/site\/#organization\",\"name\":\"Travel3\",\"url\":\"https:\/\/www.travel3.com.br\/site\/\",\"logo\":{\"@type\":\"ImageObject\",\"inLanguage\":\"pt-BR\",\"@id\":\"https:\/\/www.travel3.com.br\/site\/#\/schema\/logo\/image\/\",\"url\":\"https:\/\/www.travel3.com.br\/site\/wp-content\/uploads\/2020\/01\/logo-travel3-2020.png\",\"contentUrl\":\"https:\/\/www.travel3.com.br\/site\/wp-content\/uploads\/2020\/01\/logo-travel3-2020.png\",\"width\":232,\"height\":79,\"caption\":\"Travel3\"},\"image\":{\"@id\":\"https:\/\/www.travel3.com.br\/site\/#\/schema\/logo\/image\/\"},\"sameAs\":[\"https:\/\/www.facebook.com\/travel3media\/\",\"https:\/\/www.instagram.com\/revistatravel3\/\",\"https:\/\/www.youtube.com\/channel\/UCno7J4paGBR3VbZQzvoJ9Eg\"]},{\"@type\":\"Person\",\"@id\":\"https:\/\/www.travel3.com.br\/site\/#\/schema\/person\/a69d71e41a024999b6ab82369ac0bd1e\",\"name\":\"admin\",\"image\":{\"@type\":\"ImageObject\",\"inLanguage\":\"pt-BR\",\"@id\":\"https:\/\/www.travel3.com.br\/site\/#\/schema\/person\/image\/\",\"url\":\"https:\/\/secure.gravatar.com\/avatar\/732a67adfd764da2a47ba10ce731c4c0?s=96&d=mm&r=g\",\"contentUrl\":\"https:\/\/secure.gravatar.com\/avatar\/732a67adfd764da2a47ba10ce731c4c0?s=96&d=mm&r=g\",\"caption\":\"admin\"},\"url\":\"https:\/\/www.travel3.com.br\/site\/author\/admin\/\"}]}<\/script>\n<!-- \/ Yoast SEO plugin. -->","yoast_head_json":{"title":"WORLD CLASS COMPETITION 2016 CHEGA A FINAL INTERNACIONAL - Travel3","description":"A TRAVEL3 \u00e9 um portal de conte\u00fado voltado para o turismo, encontre destinos, viagens, hospedagem, passagens, guias, not\u00edcias sobre o mercado do turismo, dicas de viagem, v\u00eddeos e podcast.","robots":{"index":"index","follow":"follow","max-snippet":"max-snippet:-1","max-image-preview":"max-image-preview:large","max-video-preview":"max-video-preview:-1"},"canonical":"https:\/\/www.travel3.com.br\/site\/sem-categoria\/world-class-competition-2016-chega-a-final-internacional\/","og_locale":"pt_BR","og_type":"article","og_title":"WORLD CLASS COMPETITION 2016 CHEGA A FINAL INTERNACIONAL - Travel3","og_description":"A TRAVEL3 \u00e9 um portal de conte\u00fado voltado para o turismo, encontre destinos, viagens, hospedagem, passagens, guias, not\u00edcias sobre o mercado do turismo, dicas de viagem, v\u00eddeos e podcast.","og_url":"https:\/\/www.travel3.com.br\/site\/sem-categoria\/world-class-competition-2016-chega-a-final-internacional\/","og_site_name":"Travel3","article_publisher":"https:\/\/www.facebook.com\/travel3media\/","article_published_time":"2017-08-27T22:17:31+00:00","author":"admin","twitter_card":"summary_large_image","twitter_misc":{"Escrito por":"admin","Est. tempo de leitura":"3 minutos"},"schema":{"@context":"https:\/\/schema.org","@graph":[{"@type":"Article","@id":"https:\/\/www.travel3.com.br\/site\/sem-categoria\/world-class-competition-2016-chega-a-final-internacional\/#article","isPartOf":{"@id":"https:\/\/www.travel3.com.br\/site\/sem-categoria\/world-class-competition-2016-chega-a-final-internacional\/"},"author":{"name":"admin","@id":"https:\/\/www.travel3.com.br\/site\/#\/schema\/person\/a69d71e41a024999b6ab82369ac0bd1e"},"headline":"WORLD CLASS COMPETITION 2016 CHEGA A FINAL INTERNACIONAL","datePublished":"2017-08-27T22:17:31+00:00","mainEntityOfPage":{"@id":"https:\/\/www.travel3.com.br\/site\/sem-categoria\/world-class-competition-2016-chega-a-final-internacional\/"},"wordCount":535,"commentCount":0,"publisher":{"@id":"https:\/\/www.travel3.com.br\/site\/#organization"},"inLanguage":"pt-BR","potentialAction":[{"@type":"CommentAction","name":"Comment","target":["https:\/\/www.travel3.com.br\/site\/sem-categoria\/world-class-competition-2016-chega-a-final-internacional\/#respond"]}]},{"@type":"WebPage","@id":"https:\/\/www.travel3.com.br\/site\/sem-categoria\/world-class-competition-2016-chega-a-final-internacional\/","url":"https:\/\/www.travel3.com.br\/site\/sem-categoria\/world-class-competition-2016-chega-a-final-internacional\/","name":"WORLD CLASS COMPETITION 2016 CHEGA A FINAL INTERNACIONAL - Travel3","isPartOf":{"@id":"https:\/\/www.travel3.com.br\/site\/#website"},"datePublished":"2017-08-27T22:17:31+00:00","description":"A TRAVEL3 \u00e9 um portal de conte\u00fado voltado para o turismo, encontre destinos, viagens, hospedagem, passagens, guias, not\u00edcias sobre o mercado do turismo, dicas de viagem, v\u00eddeos e podcast.","breadcrumb":{"@id":"https:\/\/www.travel3.com.br\/site\/sem-categoria\/world-class-competition-2016-chega-a-final-internacional\/#breadcrumb"},"inLanguage":"pt-BR","potentialAction":[{"@type":"ReadAction","target":["https:\/\/www.travel3.com.br\/site\/sem-categoria\/world-class-competition-2016-chega-a-final-internacional\/"]}]},{"@type":"BreadcrumbList","@id":"https:\/\/www.travel3.com.br\/site\/sem-categoria\/world-class-competition-2016-chega-a-final-internacional\/#breadcrumb","itemListElement":[{"@type":"ListItem","position":1,"name":"In\u00edcio","item":"https:\/\/www.travel3.com.br\/site\/"},{"@type":"ListItem","position":2,"name":"WORLD CLASS COMPETITION 2016 CHEGA A FINAL INTERNACIONAL"}]},{"@type":"WebSite","@id":"https:\/\/www.travel3.com.br\/site\/#website","url":"https:\/\/www.travel3.com.br\/site\/","name":"Travel3","description":"Lazer + Neg&oacute;cios + Aventura","publisher":{"@id":"https:\/\/www.travel3.com.br\/site\/#organization"},"potentialAction":[{"@type":"SearchAction","target":{"@type":"EntryPoint","urlTemplate":"https:\/\/www.travel3.com.br\/site\/?s={search_term_string}"},"query-input":{"@type":"PropertyValueSpecification","valueRequired":true,"valueName":"search_term_string"}}],"inLanguage":"pt-BR"},{"@type":"Organization","@id":"https:\/\/www.travel3.com.br\/site\/#organization","name":"Travel3","url":"https:\/\/www.travel3.com.br\/site\/","logo":{"@type":"ImageObject","inLanguage":"pt-BR","@id":"https:\/\/www.travel3.com.br\/site\/#\/schema\/logo\/image\/","url":"https:\/\/www.travel3.com.br\/site\/wp-content\/uploads\/2020\/01\/logo-travel3-2020.png","contentUrl":"https:\/\/www.travel3.com.br\/site\/wp-content\/uploads\/2020\/01\/logo-travel3-2020.png","width":232,"height":79,"caption":"Travel3"},"image":{"@id":"https:\/\/www.travel3.com.br\/site\/#\/schema\/logo\/image\/"},"sameAs":["https:\/\/www.facebook.com\/travel3media\/","https:\/\/www.instagram.com\/revistatravel3\/","https:\/\/www.youtube.com\/channel\/UCno7J4paGBR3VbZQzvoJ9Eg"]},{"@type":"Person","@id":"https:\/\/www.travel3.com.br\/site\/#\/schema\/person\/a69d71e41a024999b6ab82369ac0bd1e","name":"admin","image":{"@type":"ImageObject","inLanguage":"pt-BR","@id":"https:\/\/www.travel3.com.br\/site\/#\/schema\/person\/image\/","url":"https:\/\/secure.gravatar.com\/avatar\/732a67adfd764da2a47ba10ce731c4c0?s=96&d=mm&r=g","contentUrl":"https:\/\/secure.gravatar.com\/avatar\/732a67adfd764da2a47ba10ce731c4c0?s=96&d=mm&r=g","caption":"admin"},"url":"https:\/\/www.travel3.com.br\/site\/author\/admin\/"}]}},"_links":{"self":[{"href":"https:\/\/www.travel3.com.br\/site\/wp-json\/wp\/v2\/posts\/5557","targetHints":{"allow":["GET"]}}],"collection":[{"href":"https:\/\/www.travel3.com.br\/site\/wp-json\/wp\/v2\/posts"}],"about":[{"href":"https:\/\/www.travel3.com.br\/site\/wp-json\/wp\/v2\/types\/post"}],"author":[{"embeddable":true,"href":"https:\/\/www.travel3.com.br\/site\/wp-json\/wp\/v2\/users\/1"}],"replies":[{"embeddable":true,"href":"https:\/\/www.travel3.com.br\/site\/wp-json\/wp\/v2\/comments?post=5557"}],"version-history":[{"count":0,"href":"https:\/\/www.travel3.com.br\/site\/wp-json\/wp\/v2\/posts\/5557\/revisions"}],"wp:attachment":[{"href":"https:\/\/www.travel3.com.br\/site\/wp-json\/wp\/v2\/media?parent=5557"}],"wp:term":[{"taxonomy":"category","embeddable":true,"href":"https:\/\/www.travel3.com.br\/site\/wp-json\/wp\/v2\/categories?post=5557"},{"taxonomy":"post_tag","embeddable":true,"href":"https:\/\/www.travel3.com.br\/site\/wp-json\/wp\/v2\/tags?post=5557"}],"curies":[{"name":"wp","href":"https:\/\/api.w.org\/{rel}","templated":true}]}}