{"id":5553,"date":"2017-08-28T08:01:55","date_gmt":"2017-08-28T08:01:55","guid":{"rendered":"http:\/\/www.travel3.com.br\/site\/ir-e-vir\/ar\/feira-do-estudante-tem-espaco-dedicado-para-quem-quer-fazer-intercambio\/"},"modified":"2017-08-28T08:01:55","modified_gmt":"2017-08-28T08:01:55","slug":"feira-do-estudante-tem-espaco-dedicado-para-quem-quer-fazer-intercambio","status":"publish","type":"post","link":"https:\/\/www.travel3.com.br\/site\/sem-categoria\/feira-do-estudante-tem-espaco-dedicado-para-quem-quer-fazer-intercambio\/","title":{"rendered":"FEIRA DO ESTUDANTE TEM ESPA\u00c7O DEDICADO PARA QUEM QUER FAZER INTERC\u00c2MBIO"},"content":{"rendered":"<p><span style=\"color: #40acad; font-family: -apple-system, system-ui, 'Segoe UI', Roboto, Oxygen-Sans, Ubuntu, Cantarell, 'Helvetica Neue', sans-serif; font-size: 12px; font-weight: bold;\"><\/p>\n<p style=\"text-align: justify;\">Dos dias 20 a 22 de maio, o Pavilh\u00e3o da Bienal, no Parque do Ibirapuera, receber\u00e1 a 19\u00aa Feira do Estudante \u2013 Expo CIEE 2016,\u00a0evento de educa\u00e7\u00e3o e capacita\u00e7\u00e3o profissional. O evento, que espera receber 68 mil visitantes, ter\u00e1 participa\u00e7\u00e3o da\u00a0Belta\u00a0(Associa\u00e7\u00e3o de Ag\u00eancias de Interc\u00e2mbio).<\/p>\n<p style=\"text-align: justify;\">Para os interessados em educa\u00e7\u00e3o internacional,\u00a0a Feira do Estudante \u2013 Expo CIEE 2016 contar\u00e1 com o Lounge do Interc\u00e2mbio, dentro do qual\u00a0ser\u00e1 poss\u00edvel conversar com equipe da\u00a0Belta, tirar d\u00favidas relacionadas a viagens educacionais e saber quais ag\u00eancias de interc\u00e2mbio s\u00e3o\u00a0Ag\u00eancias Selo Belta, empresas que possuem o selo de qualidade em educa\u00e7\u00e3o internacional.\u00a0Al\u00e9m disso, no s\u00e1bado, dia 21, \u00e0s 12h, os visitantes poder\u00e3o assistir \u00e0 palestra \u201cTudo que voc\u00ea precisa saber para fazer seu interc\u00e2mbio\u201d,\u00a0que ser\u00e1 dada por Mariglan Gabarra, diretora executiva da\u00a0Belta, no audit\u00f3rio 3, na Arena Aprendiz.<\/p>\n<p style=\"text-align: justify;\">No Lounge do Interc\u00e2mbio, a\u00a0Belta\u00a0ainda distribuir\u00e1,\u00a0 gratuitamente e durante os tr\u00eas dias de feira,\u00a0exemplares da revista\u00a0<em>ei!\u00a0<\/em>2016. A edi\u00e7\u00e3o tem a\u00a0Irlanda como destino de capa, a \u00c1frica do Sul\u00a0como pa\u00eds de destaque, uma mat\u00e9ria\u00a0com\u00a0dicas para quem quer fazer faculdade fora do Brasil, e textos com temas relacionados\u00a0ao mercado de trabalho, voluntariado e interc\u00e2mbio na terceira idade. Tamb\u00e9m \u00e9 poss\u00edvel encontrar na revista a rela\u00e7\u00e3o das\u00a0Ag\u00eancias Selo Belta\u00a0e o que cada uma oferece para a viagem de interc\u00e2mbio.<\/p>\n<p style=\"text-align: justify;\">Ainda no s\u00e1bado,\u00a0\u00e0s 15h30, a\u00a0Belta\u00a0oferecer\u00e1 brindes\u00a0aos vencedores\u00a0de um Quiz\u00a0que ter\u00e1 o apoio de alguns dos principais destinos de interc\u00e2mbio, como \u00c1frica do Sul, Canad\u00e1, Holanda e Nova Zel\u00e2ndia.\u00a0Cada Quiz ter\u00e1 perguntas espec\u00edficas sobre um dos pa\u00edses participantes, e o competidor que acumular mais acertos receber\u00e1 o brinde correspondente ao destino em disputa.<\/p>\n<p style=\"text-align: justify;\">Para os que desejam uma bolsa de estudos em curso de espanhol, a\u00a0Belta\u00a0realizar\u00e1, junto \u00e0 SEA &#8212; Asociaci\u00f3n de Centros de Idiomas \u2013\u00a0da Argentina, o Concurso Cultural \u201cL\u00edngua e cultura na Argentina\u201d, que ter\u00e1 como pr\u00eamio bolsas de estudo no pa\u00eds. Para participar, os estudantes dever\u00e3o preencher um formul\u00e1rio no estande da\u00a0Belta\u00a0e resumir em uma frase porqu\u00ea gostariam de estudar na Argentina. Os autores das frases selecionadas ganhar\u00e3o um curso de vinte horas, com dura\u00e7\u00e3o de uma semana.<\/p>\n<p style=\"text-align: justify;\">Os detalhes do regulamento e a futura divulga\u00e7\u00e3o dos vencedores podem ser encontrados no site\u00a0<a href=\"http:\/\/www.belta.org.br\/\" target=\"_blank\" title=\"http:\/\/www.belta.org.br\/\">www.belta.org.br<\/a>.<\/p>\n<p><\/span><\/p>\n","protected":false},"excerpt":{"rendered":"<p>Evento contar\u00e1 com o Lounge do Interc\u00e2mbio, onde ser\u00e1 poss\u00edvel conversar com equipe da\u00a0Belta para tirar d\u00favidas sobre viagens educacionais<\/p>\n","protected":false},"author":1,"featured_media":0,"comment_status":"open","ping_status":"open","sticky":false,"template":"","format":"standard","meta":{"footnotes":""},"categories":[],"tags":[],"class_list":["post-5553","post","type-post","status-publish","format-standard","hentry"],"yoast_head":"<!-- This site is optimized with the Yoast SEO plugin v26.2 - https:\/\/yoast.com\/wordpress\/plugins\/seo\/ -->\n<title>FEIRA DO ESTUDANTE TEM ESPA\u00c7O DEDICADO PARA QUEM QUER FAZER INTERC\u00c2MBIO - Travel3<\/title>\n<meta name=\"description\" content=\"A TRAVEL3 \u00e9 um portal de conte\u00fado voltado para o turismo, encontre destinos, viagens, hospedagem, passagens, guias, not\u00edcias sobre o mercado do turismo, dicas de viagem, v\u00eddeos e podcast.\" \/>\n<meta name=\"robots\" content=\"index, follow, max-snippet:-1, max-image-preview:large, max-video-preview:-1\" \/>\n<link rel=\"canonical\" href=\"https:\/\/www.travel3.com.br\/site\/sem-categoria\/feira-do-estudante-tem-espaco-dedicado-para-quem-quer-fazer-intercambio\/\" \/>\n<meta property=\"og:locale\" content=\"pt_BR\" \/>\n<meta property=\"og:type\" content=\"article\" \/>\n<meta property=\"og:title\" content=\"FEIRA DO ESTUDANTE TEM ESPA\u00c7O DEDICADO PARA QUEM QUER FAZER INTERC\u00c2MBIO - Travel3\" \/>\n<meta property=\"og:description\" content=\"A TRAVEL3 \u00e9 um portal de conte\u00fado voltado para o turismo, encontre destinos, viagens, hospedagem, passagens, guias, not\u00edcias sobre o mercado do turismo, dicas de viagem, v\u00eddeos e podcast.\" \/>\n<meta property=\"og:url\" content=\"https:\/\/www.travel3.com.br\/site\/sem-categoria\/feira-do-estudante-tem-espaco-dedicado-para-quem-quer-fazer-intercambio\/\" \/>\n<meta property=\"og:site_name\" content=\"Travel3\" \/>\n<meta property=\"article:publisher\" content=\"https:\/\/www.facebook.com\/travel3media\/\" \/>\n<meta property=\"article:published_time\" content=\"2017-08-28T08:01:55+00:00\" \/>\n<meta name=\"author\" content=\"admin\" \/>\n<meta name=\"twitter:card\" content=\"summary_large_image\" \/>\n<meta name=\"twitter:label1\" content=\"Escrito por\" \/>\n\t<meta name=\"twitter:data1\" content=\"admin\" \/>\n\t<meta name=\"twitter:label2\" content=\"Est. tempo de leitura\" \/>\n\t<meta name=\"twitter:data2\" content=\"2 minutos\" \/>\n<script type=\"application\/ld+json\" class=\"yoast-schema-graph\">{\"@context\":\"https:\/\/schema.org\",\"@graph\":[{\"@type\":\"Article\",\"@id\":\"https:\/\/www.travel3.com.br\/site\/sem-categoria\/feira-do-estudante-tem-espaco-dedicado-para-quem-quer-fazer-intercambio\/#article\",\"isPartOf\":{\"@id\":\"https:\/\/www.travel3.com.br\/site\/sem-categoria\/feira-do-estudante-tem-espaco-dedicado-para-quem-quer-fazer-intercambio\/\"},\"author\":{\"name\":\"admin\",\"@id\":\"https:\/\/www.travel3.com.br\/site\/#\/schema\/person\/a69d71e41a024999b6ab82369ac0bd1e\"},\"headline\":\"FEIRA DO ESTUDANTE TEM ESPA\u00c7O DEDICADO PARA QUEM QUER FAZER INTERC\u00c2MBIO\",\"datePublished\":\"2017-08-28T08:01:55+00:00\",\"mainEntityOfPage\":{\"@id\":\"https:\/\/www.travel3.com.br\/site\/sem-categoria\/feira-do-estudante-tem-espaco-dedicado-para-quem-quer-fazer-intercambio\/\"},\"wordCount\":436,\"commentCount\":0,\"publisher\":{\"@id\":\"https:\/\/www.travel3.com.br\/site\/#organization\"},\"inLanguage\":\"pt-BR\",\"potentialAction\":[{\"@type\":\"CommentAction\",\"name\":\"Comment\",\"target\":[\"https:\/\/www.travel3.com.br\/site\/sem-categoria\/feira-do-estudante-tem-espaco-dedicado-para-quem-quer-fazer-intercambio\/#respond\"]}]},{\"@type\":\"WebPage\",\"@id\":\"https:\/\/www.travel3.com.br\/site\/sem-categoria\/feira-do-estudante-tem-espaco-dedicado-para-quem-quer-fazer-intercambio\/\",\"url\":\"https:\/\/www.travel3.com.br\/site\/sem-categoria\/feira-do-estudante-tem-espaco-dedicado-para-quem-quer-fazer-intercambio\/\",\"name\":\"FEIRA DO ESTUDANTE TEM ESPA\u00c7O DEDICADO PARA QUEM QUER FAZER INTERC\u00c2MBIO - Travel3\",\"isPartOf\":{\"@id\":\"https:\/\/www.travel3.com.br\/site\/#website\"},\"datePublished\":\"2017-08-28T08:01:55+00:00\",\"description\":\"A TRAVEL3 \u00e9 um portal de conte\u00fado voltado para o turismo, encontre destinos, viagens, hospedagem, passagens, guias, not\u00edcias sobre o mercado do turismo, dicas de viagem, v\u00eddeos e podcast.\",\"breadcrumb\":{\"@id\":\"https:\/\/www.travel3.com.br\/site\/sem-categoria\/feira-do-estudante-tem-espaco-dedicado-para-quem-quer-fazer-intercambio\/#breadcrumb\"},\"inLanguage\":\"pt-BR\",\"potentialAction\":[{\"@type\":\"ReadAction\",\"target\":[\"https:\/\/www.travel3.com.br\/site\/sem-categoria\/feira-do-estudante-tem-espaco-dedicado-para-quem-quer-fazer-intercambio\/\"]}]},{\"@type\":\"BreadcrumbList\",\"@id\":\"https:\/\/www.travel3.com.br\/site\/sem-categoria\/feira-do-estudante-tem-espaco-dedicado-para-quem-quer-fazer-intercambio\/#breadcrumb\",\"itemListElement\":[{\"@type\":\"ListItem\",\"position\":1,\"name\":\"In\u00edcio\",\"item\":\"https:\/\/www.travel3.com.br\/site\/\"},{\"@type\":\"ListItem\",\"position\":2,\"name\":\"FEIRA DO ESTUDANTE TEM ESPA\u00c7O DEDICADO PARA QUEM QUER FAZER INTERC\u00c2MBIO\"}]},{\"@type\":\"WebSite\",\"@id\":\"https:\/\/www.travel3.com.br\/site\/#website\",\"url\":\"https:\/\/www.travel3.com.br\/site\/\",\"name\":\"Travel3\",\"description\":\"Lazer + Neg&oacute;cios + Aventura\",\"publisher\":{\"@id\":\"https:\/\/www.travel3.com.br\/site\/#organization\"},\"potentialAction\":[{\"@type\":\"SearchAction\",\"target\":{\"@type\":\"EntryPoint\",\"urlTemplate\":\"https:\/\/www.travel3.com.br\/site\/?s={search_term_string}\"},\"query-input\":{\"@type\":\"PropertyValueSpecification\",\"valueRequired\":true,\"valueName\":\"search_term_string\"}}],\"inLanguage\":\"pt-BR\"},{\"@type\":\"Organization\",\"@id\":\"https:\/\/www.travel3.com.br\/site\/#organization\",\"name\":\"Travel3\",\"url\":\"https:\/\/www.travel3.com.br\/site\/\",\"logo\":{\"@type\":\"ImageObject\",\"inLanguage\":\"pt-BR\",\"@id\":\"https:\/\/www.travel3.com.br\/site\/#\/schema\/logo\/image\/\",\"url\":\"https:\/\/www.travel3.com.br\/site\/wp-content\/uploads\/2020\/01\/logo-travel3-2020.png\",\"contentUrl\":\"https:\/\/www.travel3.com.br\/site\/wp-content\/uploads\/2020\/01\/logo-travel3-2020.png\",\"width\":232,\"height\":79,\"caption\":\"Travel3\"},\"image\":{\"@id\":\"https:\/\/www.travel3.com.br\/site\/#\/schema\/logo\/image\/\"},\"sameAs\":[\"https:\/\/www.facebook.com\/travel3media\/\",\"https:\/\/www.instagram.com\/revistatravel3\/\",\"https:\/\/www.youtube.com\/channel\/UCno7J4paGBR3VbZQzvoJ9Eg\"]},{\"@type\":\"Person\",\"@id\":\"https:\/\/www.travel3.com.br\/site\/#\/schema\/person\/a69d71e41a024999b6ab82369ac0bd1e\",\"name\":\"admin\",\"image\":{\"@type\":\"ImageObject\",\"inLanguage\":\"pt-BR\",\"@id\":\"https:\/\/www.travel3.com.br\/site\/#\/schema\/person\/image\/\",\"url\":\"https:\/\/secure.gravatar.com\/avatar\/732a67adfd764da2a47ba10ce731c4c0?s=96&d=mm&r=g\",\"contentUrl\":\"https:\/\/secure.gravatar.com\/avatar\/732a67adfd764da2a47ba10ce731c4c0?s=96&d=mm&r=g\",\"caption\":\"admin\"},\"url\":\"https:\/\/www.travel3.com.br\/site\/author\/admin\/\"}]}<\/script>\n<!-- \/ Yoast SEO plugin. -->","yoast_head_json":{"title":"FEIRA DO ESTUDANTE TEM ESPA\u00c7O DEDICADO PARA QUEM QUER FAZER INTERC\u00c2MBIO - Travel3","description":"A TRAVEL3 \u00e9 um portal de conte\u00fado voltado para o turismo, encontre destinos, viagens, hospedagem, passagens, guias, not\u00edcias sobre o mercado do turismo, dicas de viagem, v\u00eddeos e podcast.","robots":{"index":"index","follow":"follow","max-snippet":"max-snippet:-1","max-image-preview":"max-image-preview:large","max-video-preview":"max-video-preview:-1"},"canonical":"https:\/\/www.travel3.com.br\/site\/sem-categoria\/feira-do-estudante-tem-espaco-dedicado-para-quem-quer-fazer-intercambio\/","og_locale":"pt_BR","og_type":"article","og_title":"FEIRA DO ESTUDANTE TEM ESPA\u00c7O DEDICADO PARA QUEM QUER FAZER INTERC\u00c2MBIO - Travel3","og_description":"A TRAVEL3 \u00e9 um portal de conte\u00fado voltado para o turismo, encontre destinos, viagens, hospedagem, passagens, guias, not\u00edcias sobre o mercado do turismo, dicas de viagem, v\u00eddeos e podcast.","og_url":"https:\/\/www.travel3.com.br\/site\/sem-categoria\/feira-do-estudante-tem-espaco-dedicado-para-quem-quer-fazer-intercambio\/","og_site_name":"Travel3","article_publisher":"https:\/\/www.facebook.com\/travel3media\/","article_published_time":"2017-08-28T08:01:55+00:00","author":"admin","twitter_card":"summary_large_image","twitter_misc":{"Escrito por":"admin","Est. tempo de leitura":"2 minutos"},"schema":{"@context":"https:\/\/schema.org","@graph":[{"@type":"Article","@id":"https:\/\/www.travel3.com.br\/site\/sem-categoria\/feira-do-estudante-tem-espaco-dedicado-para-quem-quer-fazer-intercambio\/#article","isPartOf":{"@id":"https:\/\/www.travel3.com.br\/site\/sem-categoria\/feira-do-estudante-tem-espaco-dedicado-para-quem-quer-fazer-intercambio\/"},"author":{"name":"admin","@id":"https:\/\/www.travel3.com.br\/site\/#\/schema\/person\/a69d71e41a024999b6ab82369ac0bd1e"},"headline":"FEIRA DO ESTUDANTE TEM ESPA\u00c7O DEDICADO PARA QUEM QUER FAZER INTERC\u00c2MBIO","datePublished":"2017-08-28T08:01:55+00:00","mainEntityOfPage":{"@id":"https:\/\/www.travel3.com.br\/site\/sem-categoria\/feira-do-estudante-tem-espaco-dedicado-para-quem-quer-fazer-intercambio\/"},"wordCount":436,"commentCount":0,"publisher":{"@id":"https:\/\/www.travel3.com.br\/site\/#organization"},"inLanguage":"pt-BR","potentialAction":[{"@type":"CommentAction","name":"Comment","target":["https:\/\/www.travel3.com.br\/site\/sem-categoria\/feira-do-estudante-tem-espaco-dedicado-para-quem-quer-fazer-intercambio\/#respond"]}]},{"@type":"WebPage","@id":"https:\/\/www.travel3.com.br\/site\/sem-categoria\/feira-do-estudante-tem-espaco-dedicado-para-quem-quer-fazer-intercambio\/","url":"https:\/\/www.travel3.com.br\/site\/sem-categoria\/feira-do-estudante-tem-espaco-dedicado-para-quem-quer-fazer-intercambio\/","name":"FEIRA DO ESTUDANTE TEM ESPA\u00c7O DEDICADO PARA QUEM QUER FAZER INTERC\u00c2MBIO - Travel3","isPartOf":{"@id":"https:\/\/www.travel3.com.br\/site\/#website"},"datePublished":"2017-08-28T08:01:55+00:00","description":"A TRAVEL3 \u00e9 um portal de conte\u00fado voltado para o turismo, encontre destinos, viagens, hospedagem, passagens, guias, not\u00edcias sobre o mercado do turismo, dicas de viagem, v\u00eddeos e podcast.","breadcrumb":{"@id":"https:\/\/www.travel3.com.br\/site\/sem-categoria\/feira-do-estudante-tem-espaco-dedicado-para-quem-quer-fazer-intercambio\/#breadcrumb"},"inLanguage":"pt-BR","potentialAction":[{"@type":"ReadAction","target":["https:\/\/www.travel3.com.br\/site\/sem-categoria\/feira-do-estudante-tem-espaco-dedicado-para-quem-quer-fazer-intercambio\/"]}]},{"@type":"BreadcrumbList","@id":"https:\/\/www.travel3.com.br\/site\/sem-categoria\/feira-do-estudante-tem-espaco-dedicado-para-quem-quer-fazer-intercambio\/#breadcrumb","itemListElement":[{"@type":"ListItem","position":1,"name":"In\u00edcio","item":"https:\/\/www.travel3.com.br\/site\/"},{"@type":"ListItem","position":2,"name":"FEIRA DO ESTUDANTE TEM ESPA\u00c7O DEDICADO PARA QUEM QUER FAZER INTERC\u00c2MBIO"}]},{"@type":"WebSite","@id":"https:\/\/www.travel3.com.br\/site\/#website","url":"https:\/\/www.travel3.com.br\/site\/","name":"Travel3","description":"Lazer + Neg&oacute;cios + Aventura","publisher":{"@id":"https:\/\/www.travel3.com.br\/site\/#organization"},"potentialAction":[{"@type":"SearchAction","target":{"@type":"EntryPoint","urlTemplate":"https:\/\/www.travel3.com.br\/site\/?s={search_term_string}"},"query-input":{"@type":"PropertyValueSpecification","valueRequired":true,"valueName":"search_term_string"}}],"inLanguage":"pt-BR"},{"@type":"Organization","@id":"https:\/\/www.travel3.com.br\/site\/#organization","name":"Travel3","url":"https:\/\/www.travel3.com.br\/site\/","logo":{"@type":"ImageObject","inLanguage":"pt-BR","@id":"https:\/\/www.travel3.com.br\/site\/#\/schema\/logo\/image\/","url":"https:\/\/www.travel3.com.br\/site\/wp-content\/uploads\/2020\/01\/logo-travel3-2020.png","contentUrl":"https:\/\/www.travel3.com.br\/site\/wp-content\/uploads\/2020\/01\/logo-travel3-2020.png","width":232,"height":79,"caption":"Travel3"},"image":{"@id":"https:\/\/www.travel3.com.br\/site\/#\/schema\/logo\/image\/"},"sameAs":["https:\/\/www.facebook.com\/travel3media\/","https:\/\/www.instagram.com\/revistatravel3\/","https:\/\/www.youtube.com\/channel\/UCno7J4paGBR3VbZQzvoJ9Eg"]},{"@type":"Person","@id":"https:\/\/www.travel3.com.br\/site\/#\/schema\/person\/a69d71e41a024999b6ab82369ac0bd1e","name":"admin","image":{"@type":"ImageObject","inLanguage":"pt-BR","@id":"https:\/\/www.travel3.com.br\/site\/#\/schema\/person\/image\/","url":"https:\/\/secure.gravatar.com\/avatar\/732a67adfd764da2a47ba10ce731c4c0?s=96&d=mm&r=g","contentUrl":"https:\/\/secure.gravatar.com\/avatar\/732a67adfd764da2a47ba10ce731c4c0?s=96&d=mm&r=g","caption":"admin"},"url":"https:\/\/www.travel3.com.br\/site\/author\/admin\/"}]}},"_links":{"self":[{"href":"https:\/\/www.travel3.com.br\/site\/wp-json\/wp\/v2\/posts\/5553","targetHints":{"allow":["GET"]}}],"collection":[{"href":"https:\/\/www.travel3.com.br\/site\/wp-json\/wp\/v2\/posts"}],"about":[{"href":"https:\/\/www.travel3.com.br\/site\/wp-json\/wp\/v2\/types\/post"}],"author":[{"embeddable":true,"href":"https:\/\/www.travel3.com.br\/site\/wp-json\/wp\/v2\/users\/1"}],"replies":[{"embeddable":true,"href":"https:\/\/www.travel3.com.br\/site\/wp-json\/wp\/v2\/comments?post=5553"}],"version-history":[{"count":0,"href":"https:\/\/www.travel3.com.br\/site\/wp-json\/wp\/v2\/posts\/5553\/revisions"}],"wp:attachment":[{"href":"https:\/\/www.travel3.com.br\/site\/wp-json\/wp\/v2\/media?parent=5553"}],"wp:term":[{"taxonomy":"category","embeddable":true,"href":"https:\/\/www.travel3.com.br\/site\/wp-json\/wp\/v2\/categories?post=5553"},{"taxonomy":"post_tag","embeddable":true,"href":"https:\/\/www.travel3.com.br\/site\/wp-json\/wp\/v2\/tags?post=5553"}],"curies":[{"name":"wp","href":"https:\/\/api.w.org\/{rel}","templated":true}]}}