{"id":5540,"date":"2017-09-09T18:28:04","date_gmt":"2017-09-09T18:28:04","guid":{"rendered":"http:\/\/www.travel3.com.br\/site\/ir-e-vir\/ar\/santa-lucia-realiza-capacitacao-em-belo-horizonte\/"},"modified":"2017-09-09T18:28:04","modified_gmt":"2017-09-09T18:28:04","slug":"santa-lucia-realiza-capacitacao-em-belo-horizonte","status":"publish","type":"post","link":"https:\/\/www.travel3.com.br\/site\/sem-categoria\/santa-lucia-realiza-capacitacao-em-belo-horizonte\/","title":{"rendered":"SANTA LUCIA REALIZA CAPACITA\u00c7\u00c3O EM BELO HORIZONTE"},"content":{"rendered":"<p><span style=\"color: #40acad; font-family: -apple-system, system-ui, 'Segoe UI', Roboto, Oxygen-Sans, Ubuntu, Cantarell, 'Helvetica Neue', sans-serif; font-size: 12px; font-weight: bold;\"><\/p>\n<p style=\"text-align:justify\"><strong>Enzo Avezum com os participantes da capacita\u00e7\u00e3o sobre hot\u00e9is, atra\u00e7\u00f5es e diferenciais do destino Santa Lucia, que aconteceu na manh\u00e3 de hoje (17 de maio), em Belo Horizonte (Fotos: Claudia Tonaco)<\/strong><\/p>\n<p style=\"text-align:justify\">&#8220;O mineiro \u00e9 o que mais investe em bons hot\u00e9is e est\u00e1 sempre em busca de novos destinos para conhecer e Santa Lucia \u00e9 uma ilha do Caribe diferenciada, com sensacionais atra\u00e7\u00f5es e hot\u00e9is que v\u00e3o de charmosos Bed &#038; Breakfast a 6 estrelas espetaculares. Assim Enzo Avezum, diretor da iTours, mostrou aos agentes de viagem de Belo Horizonte, as vantagens de sugerir um roteiro de Santa Lucia aos seus passageiros.<\/p>\n<p style=\"text-align:justify\"><a class=\"fancybox-media\" href=\"..\/_uploads\/_noticia\/2016-05\/santa-lucia-bhz022.jpg\" rel=\"portfolio\"><img decoding=\"async\" alt=\"\" src=\"..\/_uploads\/_noticia\/2016-05\/santa-lucia-bhz022.jpg\" \/><\/a><strong>Enzo Avezum fala aos agentes de viagem<\/strong><\/p>\n<p style=\"text-align:justify\">A capacita\u00e7\u00e3o aconteceu durante um caf\u00e9 da manh\u00e3 na capital mineira. Aos presentes, foi feita\u00a0uma minuciosa apresenta\u00e7\u00e3o de Santa Lucia, incluindo melhores \u00e9pocas para cada perfil de p\u00fablico visitar + os melhores hot\u00e9is e resorts da ilha + restaurantes imperd\u00edveis + roteiro de atra\u00e7\u00f5es + pre\u00e7os praticados nos hot\u00e9is, restaurantes e outros servi\u00e7os + calend\u00e1rio anual de eventos e atividades + roteiros combinados com Santa Lucia.<\/p>\n<p style=\"text-align:justify\">A TRAVEL3 destacou pontos b\u00e1sicos da capacita\u00e7\u00e3o.<\/p>\n<p style=\"text-align:justify\">N\u00e3o h\u00e1 furac\u00f5es em Santa Lucia e, mesmo na temporada de chuva, que acontece entre setembro e outubro, o ver\u00e3o prevalece, possibilitando assim que a ilha seja uma op\u00e7\u00e3o de viagem o ano inteiro.<\/p>\n<p style=\"text-align:justify\">O turista brasileiro voa para Santa Lucia com American Airlines e por isso precisa do visto norte-americano.\u00a0<\/p>\n<p style=\"text-align:justify\">Em Santa Lucia as possibilidades de passeios s\u00e3o in\u00fameras pois a ilha \u00e9 repleta de distintas e excepcionais atra\u00e7\u00f5es, ou seja, o turista pode ficar mais do que 7 noites sem repetir nenhum programa.<\/p>\n<p style=\"text-align:justify\">Os resorts locais est\u00e3o entre os melhores do Caribe.<\/p>\n<p style=\"text-align:justify\">A qualidade dos servi\u00e7os \u00e9 uma das grandes qualidades da ilha.<\/p>\n<p style=\"text-align:justify\">Antes de terminar a capacita\u00e7\u00e3o, Enzo divulgou o endere\u00e7o onde os agentes poder\u00e3o fazer uma capacita\u00e7\u00e3o online onde, os que conseguirem a pontua\u00e7\u00e3o m\u00e1xima ir\u00e3o concorrer a uma viagem para conhecer tudo o que aprenderam in loco.<\/p>\n<p style=\"text-align:justify\">Confira agora as presen\u00e7as no evento de Santa Lucia:<\/p>\n<p style=\"text-align:justify\"><a class=\"fancybox-media\" href=\"..\/_uploads\/_noticia\/2016-05\/santa-lucia-bhz002.jpg\" rel=\"portfolio\"><img decoding=\"async\" alt=\"\" src=\"..\/_uploads\/_noticia\/2016-05\/santa-lucia-bhz002.jpg\" \/><\/a><\/p>\n<p style=\"text-align:justify\"><strong>Neto e Clinton, da MMTGapnet, com Enzo Avezum, da iTours, que representa Santa Lucia<\/strong><\/p>\n<p style=\"text-align:justify\"><a class=\"fancybox-media\" href=\"..\/_uploads\/_noticia\/2016-05\/santa-lucia-bhz003.jpg\" rel=\"portfolio\"><img decoding=\"async\" alt=\"\" src=\"..\/_uploads\/_noticia\/2016-05\/santa-lucia-bhz003.jpg\" \/><\/a><strong>Luiz Claudio Barros, da Visual Turismo e o diretor da iTours<\/strong><\/p>\n<p style=\"text-align:justify\"><a class=\"fancybox-media\" href=\"..\/_uploads\/_noticia\/2016-05\/santa-lucia-bhz006.jpg\" rel=\"portfolio\"><img decoding=\"async\" alt=\"\" src=\"..\/_uploads\/_noticia\/2016-05\/santa-lucia-bhz006.jpg\" \/><\/a><strong>Andr\u00e9 Rossi, da Flytour, marcou presen\u00e7a no evento, mostrando o interesse da operadora por destinos onde a exclusividade \u00e9 a t\u00f4nica<\/strong><\/p>\n<p style=\"text-align:justify\"><a class=\"fancybox-media\" href=\"..\/_uploads\/_noticia\/2016-05\/santa-lucia-bhz007.jpg\" rel=\"portfolio\"><img decoding=\"async\" alt=\"\" src=\"..\/_uploads\/_noticia\/2016-05\/santa-lucia-bhz007.jpg\" \/><\/a><strong>Fabrina Morais, da Honeymoon<\/strong><\/p>\n<p style=\"text-align:justify\"><a class=\"fancybox-media\" href=\"..\/_uploads\/_noticia\/2016-05\/santa-lucia-bhz008.jpg\" rel=\"portfolio\"><img decoding=\"async\" alt=\"\" src=\"..\/_uploads\/_noticia\/2016-05\/santa-lucia-bhz008.jpg\" \/><\/a><strong>Andr\u00e9 Biagioni e\u00a0Celso Passos, da Viagens Master, com\u00a0Andr\u00e9 Rossi, da Flytour<\/strong><\/p>\n<p><a class=\"fancybox-media\" href=\"..\/_uploads\/_noticia\/2016-05\/santa-lucia-bhz009.jpg\" rel=\"portfolio\"><img decoding=\"async\" alt=\"\" src=\"..\/_uploads\/_noticia\/2016-05\/santa-lucia-bhz009.jpg\" \/><\/a><\/p>\n<p><strong>Silvana Paceli, da Classtur<\/strong><\/p>\n<p><a class=\"fancybox-media\" href=\"..\/_uploads\/_noticia\/2016-05\/santa-lucia-bhz010.jpg\" rel=\"portfolio\"><img decoding=\"async\" alt=\"\" src=\"..\/_uploads\/_noticia\/2016-05\/santa-lucia-bhz010.jpg\" \/><\/a><\/p>\n<p style=\"text-align:justify\"><strong>Agnes Barcelos, da Agnestur<\/strong><\/p>\n<p><a class=\"fancybox-media\" href=\"..\/_uploads\/_noticia\/2016-05\/santa-lucia-bhz011.jpg\" rel=\"portfolio\"><img decoding=\"async\" alt=\"\" src=\"..\/_uploads\/_noticia\/2016-05\/santa-lucia-bhz011.jpg\" \/><\/a><\/p>\n<p style=\"text-align:justify\"><strong>Juliana Machado, da Ibiza, e Michelle Moraes, da Atos Viagens<\/strong><\/p>\n<p><a class=\"fancybox-media\" href=\"..\/_uploads\/_noticia\/2016-05\/santa-lucia-bhz012.jpg\" rel=\"portfolio\"><img decoding=\"async\" alt=\"\" src=\"..\/_uploads\/_noticia\/2016-05\/santa-lucia-bhz012.jpg\" \/><\/a><\/p>\n<p style=\"text-align:justify\"><strong>Ana Luiza Lana, da ALR Viagens, com Daura Alvarenga<\/strong><\/p>\n<p style=\"text-align:justify\"><a class=\"fancybox-media\" href=\"..\/_uploads\/_noticia\/2016-05\/santa-lucia-bhz014.jpg\" rel=\"portfolio\"><img decoding=\"async\" alt=\"\" src=\"..\/_uploads\/_noticia\/2016-05\/santa-lucia-bhz014.jpg\" \/><\/a><strong>In\u00eas, da Persona<\/strong><\/p>\n<p style=\"text-align: justify;\"><a class=\"fancybox-media\" href=\"..\/_uploads\/_noticia\/2016-05\/santa-lucia-bhz035.jpg\" rel=\"portfolio\"><img decoding=\"async\" alt=\"\" src=\"..\/_uploads\/_noticia\/2016-05\/santa-lucia-bhz035.jpg\" \/><\/a><strong>Michele Trindade e Jo\u00e3o Paulo, da Flash Viagens<\/strong><\/p>\n<p><\/span><\/p>\n","protected":false},"excerpt":{"rendered":"<p>Enzo Avenzun mostrou as qualidades do destino caribenho para os mineiros, &#8221; os turistas que mais investem, em valores, numa viagem&#8221;<\/p>\n","protected":false},"author":1,"featured_media":0,"comment_status":"open","ping_status":"open","sticky":false,"template":"","format":"standard","meta":{"footnotes":""},"categories":[],"tags":[],"class_list":["post-5540","post","type-post","status-publish","format-standard","hentry"],"yoast_head":"<!-- This site is optimized with the Yoast SEO plugin v26.2 - https:\/\/yoast.com\/wordpress\/plugins\/seo\/ -->\n<title>SANTA LUCIA REALIZA CAPACITA\u00c7\u00c3O EM BELO HORIZONTE - Travel3<\/title>\n<meta name=\"description\" content=\"A TRAVEL3 \u00e9 um portal de conte\u00fado voltado para o turismo, encontre destinos, viagens, hospedagem, passagens, guias, not\u00edcias sobre o mercado do turismo, dicas de viagem, v\u00eddeos e podcast.\" \/>\n<meta name=\"robots\" content=\"index, follow, max-snippet:-1, max-image-preview:large, max-video-preview:-1\" \/>\n<link rel=\"canonical\" href=\"https:\/\/www.travel3.com.br\/site\/sem-categoria\/santa-lucia-realiza-capacitacao-em-belo-horizonte\/\" \/>\n<meta property=\"og:locale\" content=\"pt_BR\" \/>\n<meta property=\"og:type\" content=\"article\" \/>\n<meta property=\"og:title\" content=\"SANTA LUCIA REALIZA CAPACITA\u00c7\u00c3O EM BELO HORIZONTE - Travel3\" \/>\n<meta property=\"og:description\" content=\"A TRAVEL3 \u00e9 um portal de conte\u00fado voltado para o turismo, encontre destinos, viagens, hospedagem, passagens, guias, not\u00edcias sobre o mercado do turismo, dicas de viagem, v\u00eddeos e podcast.\" \/>\n<meta property=\"og:url\" content=\"https:\/\/www.travel3.com.br\/site\/sem-categoria\/santa-lucia-realiza-capacitacao-em-belo-horizonte\/\" \/>\n<meta property=\"og:site_name\" content=\"Travel3\" \/>\n<meta property=\"article:publisher\" content=\"https:\/\/www.facebook.com\/travel3media\/\" \/>\n<meta property=\"article:published_time\" content=\"2017-09-09T18:28:04+00:00\" \/>\n<meta name=\"author\" content=\"admin\" \/>\n<meta name=\"twitter:card\" content=\"summary_large_image\" \/>\n<meta name=\"twitter:label1\" content=\"Escrito por\" \/>\n\t<meta name=\"twitter:data1\" content=\"admin\" \/>\n\t<meta name=\"twitter:label2\" content=\"Est. tempo de leitura\" \/>\n\t<meta name=\"twitter:data2\" content=\"2 minutos\" \/>\n<script type=\"application\/ld+json\" class=\"yoast-schema-graph\">{\"@context\":\"https:\/\/schema.org\",\"@graph\":[{\"@type\":\"Article\",\"@id\":\"https:\/\/www.travel3.com.br\/site\/sem-categoria\/santa-lucia-realiza-capacitacao-em-belo-horizonte\/#article\",\"isPartOf\":{\"@id\":\"https:\/\/www.travel3.com.br\/site\/sem-categoria\/santa-lucia-realiza-capacitacao-em-belo-horizonte\/\"},\"author\":{\"name\":\"admin\",\"@id\":\"https:\/\/www.travel3.com.br\/site\/#\/schema\/person\/a69d71e41a024999b6ab82369ac0bd1e\"},\"headline\":\"SANTA LUCIA REALIZA CAPACITA\u00c7\u00c3O EM BELO HORIZONTE\",\"datePublished\":\"2017-09-09T18:28:04+00:00\",\"mainEntityOfPage\":{\"@id\":\"https:\/\/www.travel3.com.br\/site\/sem-categoria\/santa-lucia-realiza-capacitacao-em-belo-horizonte\/\"},\"wordCount\":468,\"commentCount\":0,\"publisher\":{\"@id\":\"https:\/\/www.travel3.com.br\/site\/#organization\"},\"inLanguage\":\"pt-BR\",\"potentialAction\":[{\"@type\":\"CommentAction\",\"name\":\"Comment\",\"target\":[\"https:\/\/www.travel3.com.br\/site\/sem-categoria\/santa-lucia-realiza-capacitacao-em-belo-horizonte\/#respond\"]}]},{\"@type\":\"WebPage\",\"@id\":\"https:\/\/www.travel3.com.br\/site\/sem-categoria\/santa-lucia-realiza-capacitacao-em-belo-horizonte\/\",\"url\":\"https:\/\/www.travel3.com.br\/site\/sem-categoria\/santa-lucia-realiza-capacitacao-em-belo-horizonte\/\",\"name\":\"SANTA LUCIA REALIZA CAPACITA\u00c7\u00c3O EM BELO HORIZONTE - Travel3\",\"isPartOf\":{\"@id\":\"https:\/\/www.travel3.com.br\/site\/#website\"},\"datePublished\":\"2017-09-09T18:28:04+00:00\",\"description\":\"A TRAVEL3 \u00e9 um portal de conte\u00fado voltado para o turismo, encontre destinos, viagens, hospedagem, passagens, guias, not\u00edcias sobre o mercado do turismo, dicas de viagem, v\u00eddeos e podcast.\",\"breadcrumb\":{\"@id\":\"https:\/\/www.travel3.com.br\/site\/sem-categoria\/santa-lucia-realiza-capacitacao-em-belo-horizonte\/#breadcrumb\"},\"inLanguage\":\"pt-BR\",\"potentialAction\":[{\"@type\":\"ReadAction\",\"target\":[\"https:\/\/www.travel3.com.br\/site\/sem-categoria\/santa-lucia-realiza-capacitacao-em-belo-horizonte\/\"]}]},{\"@type\":\"BreadcrumbList\",\"@id\":\"https:\/\/www.travel3.com.br\/site\/sem-categoria\/santa-lucia-realiza-capacitacao-em-belo-horizonte\/#breadcrumb\",\"itemListElement\":[{\"@type\":\"ListItem\",\"position\":1,\"name\":\"In\u00edcio\",\"item\":\"https:\/\/www.travel3.com.br\/site\/\"},{\"@type\":\"ListItem\",\"position\":2,\"name\":\"SANTA LUCIA REALIZA CAPACITA\u00c7\u00c3O EM BELO HORIZONTE\"}]},{\"@type\":\"WebSite\",\"@id\":\"https:\/\/www.travel3.com.br\/site\/#website\",\"url\":\"https:\/\/www.travel3.com.br\/site\/\",\"name\":\"Travel3\",\"description\":\"Lazer + Neg&oacute;cios + Aventura\",\"publisher\":{\"@id\":\"https:\/\/www.travel3.com.br\/site\/#organization\"},\"potentialAction\":[{\"@type\":\"SearchAction\",\"target\":{\"@type\":\"EntryPoint\",\"urlTemplate\":\"https:\/\/www.travel3.com.br\/site\/?s={search_term_string}\"},\"query-input\":{\"@type\":\"PropertyValueSpecification\",\"valueRequired\":true,\"valueName\":\"search_term_string\"}}],\"inLanguage\":\"pt-BR\"},{\"@type\":\"Organization\",\"@id\":\"https:\/\/www.travel3.com.br\/site\/#organization\",\"name\":\"Travel3\",\"url\":\"https:\/\/www.travel3.com.br\/site\/\",\"logo\":{\"@type\":\"ImageObject\",\"inLanguage\":\"pt-BR\",\"@id\":\"https:\/\/www.travel3.com.br\/site\/#\/schema\/logo\/image\/\",\"url\":\"https:\/\/www.travel3.com.br\/site\/wp-content\/uploads\/2020\/01\/logo-travel3-2020.png\",\"contentUrl\":\"https:\/\/www.travel3.com.br\/site\/wp-content\/uploads\/2020\/01\/logo-travel3-2020.png\",\"width\":232,\"height\":79,\"caption\":\"Travel3\"},\"image\":{\"@id\":\"https:\/\/www.travel3.com.br\/site\/#\/schema\/logo\/image\/\"},\"sameAs\":[\"https:\/\/www.facebook.com\/travel3media\/\",\"https:\/\/www.instagram.com\/revistatravel3\/\",\"https:\/\/www.youtube.com\/channel\/UCno7J4paGBR3VbZQzvoJ9Eg\"]},{\"@type\":\"Person\",\"@id\":\"https:\/\/www.travel3.com.br\/site\/#\/schema\/person\/a69d71e41a024999b6ab82369ac0bd1e\",\"name\":\"admin\",\"image\":{\"@type\":\"ImageObject\",\"inLanguage\":\"pt-BR\",\"@id\":\"https:\/\/www.travel3.com.br\/site\/#\/schema\/person\/image\/\",\"url\":\"https:\/\/secure.gravatar.com\/avatar\/732a67adfd764da2a47ba10ce731c4c0?s=96&d=mm&r=g\",\"contentUrl\":\"https:\/\/secure.gravatar.com\/avatar\/732a67adfd764da2a47ba10ce731c4c0?s=96&d=mm&r=g\",\"caption\":\"admin\"},\"url\":\"https:\/\/www.travel3.com.br\/site\/author\/admin\/\"}]}<\/script>\n<!-- \/ Yoast SEO plugin. -->","yoast_head_json":{"title":"SANTA LUCIA REALIZA CAPACITA\u00c7\u00c3O EM BELO HORIZONTE - Travel3","description":"A TRAVEL3 \u00e9 um portal de conte\u00fado voltado para o turismo, encontre destinos, viagens, hospedagem, passagens, guias, not\u00edcias sobre o mercado do turismo, dicas de viagem, v\u00eddeos e podcast.","robots":{"index":"index","follow":"follow","max-snippet":"max-snippet:-1","max-image-preview":"max-image-preview:large","max-video-preview":"max-video-preview:-1"},"canonical":"https:\/\/www.travel3.com.br\/site\/sem-categoria\/santa-lucia-realiza-capacitacao-em-belo-horizonte\/","og_locale":"pt_BR","og_type":"article","og_title":"SANTA LUCIA REALIZA CAPACITA\u00c7\u00c3O EM BELO HORIZONTE - Travel3","og_description":"A TRAVEL3 \u00e9 um portal de conte\u00fado voltado para o turismo, encontre destinos, viagens, hospedagem, passagens, guias, not\u00edcias sobre o mercado do turismo, dicas de viagem, v\u00eddeos e podcast.","og_url":"https:\/\/www.travel3.com.br\/site\/sem-categoria\/santa-lucia-realiza-capacitacao-em-belo-horizonte\/","og_site_name":"Travel3","article_publisher":"https:\/\/www.facebook.com\/travel3media\/","article_published_time":"2017-09-09T18:28:04+00:00","author":"admin","twitter_card":"summary_large_image","twitter_misc":{"Escrito por":"admin","Est. tempo de leitura":"2 minutos"},"schema":{"@context":"https:\/\/schema.org","@graph":[{"@type":"Article","@id":"https:\/\/www.travel3.com.br\/site\/sem-categoria\/santa-lucia-realiza-capacitacao-em-belo-horizonte\/#article","isPartOf":{"@id":"https:\/\/www.travel3.com.br\/site\/sem-categoria\/santa-lucia-realiza-capacitacao-em-belo-horizonte\/"},"author":{"name":"admin","@id":"https:\/\/www.travel3.com.br\/site\/#\/schema\/person\/a69d71e41a024999b6ab82369ac0bd1e"},"headline":"SANTA LUCIA REALIZA CAPACITA\u00c7\u00c3O EM BELO HORIZONTE","datePublished":"2017-09-09T18:28:04+00:00","mainEntityOfPage":{"@id":"https:\/\/www.travel3.com.br\/site\/sem-categoria\/santa-lucia-realiza-capacitacao-em-belo-horizonte\/"},"wordCount":468,"commentCount":0,"publisher":{"@id":"https:\/\/www.travel3.com.br\/site\/#organization"},"inLanguage":"pt-BR","potentialAction":[{"@type":"CommentAction","name":"Comment","target":["https:\/\/www.travel3.com.br\/site\/sem-categoria\/santa-lucia-realiza-capacitacao-em-belo-horizonte\/#respond"]}]},{"@type":"WebPage","@id":"https:\/\/www.travel3.com.br\/site\/sem-categoria\/santa-lucia-realiza-capacitacao-em-belo-horizonte\/","url":"https:\/\/www.travel3.com.br\/site\/sem-categoria\/santa-lucia-realiza-capacitacao-em-belo-horizonte\/","name":"SANTA LUCIA REALIZA CAPACITA\u00c7\u00c3O EM BELO HORIZONTE - Travel3","isPartOf":{"@id":"https:\/\/www.travel3.com.br\/site\/#website"},"datePublished":"2017-09-09T18:28:04+00:00","description":"A TRAVEL3 \u00e9 um portal de conte\u00fado voltado para o turismo, encontre destinos, viagens, hospedagem, passagens, guias, not\u00edcias sobre o mercado do turismo, dicas de viagem, v\u00eddeos e podcast.","breadcrumb":{"@id":"https:\/\/www.travel3.com.br\/site\/sem-categoria\/santa-lucia-realiza-capacitacao-em-belo-horizonte\/#breadcrumb"},"inLanguage":"pt-BR","potentialAction":[{"@type":"ReadAction","target":["https:\/\/www.travel3.com.br\/site\/sem-categoria\/santa-lucia-realiza-capacitacao-em-belo-horizonte\/"]}]},{"@type":"BreadcrumbList","@id":"https:\/\/www.travel3.com.br\/site\/sem-categoria\/santa-lucia-realiza-capacitacao-em-belo-horizonte\/#breadcrumb","itemListElement":[{"@type":"ListItem","position":1,"name":"In\u00edcio","item":"https:\/\/www.travel3.com.br\/site\/"},{"@type":"ListItem","position":2,"name":"SANTA LUCIA REALIZA CAPACITA\u00c7\u00c3O EM BELO HORIZONTE"}]},{"@type":"WebSite","@id":"https:\/\/www.travel3.com.br\/site\/#website","url":"https:\/\/www.travel3.com.br\/site\/","name":"Travel3","description":"Lazer + Neg&oacute;cios + Aventura","publisher":{"@id":"https:\/\/www.travel3.com.br\/site\/#organization"},"potentialAction":[{"@type":"SearchAction","target":{"@type":"EntryPoint","urlTemplate":"https:\/\/www.travel3.com.br\/site\/?s={search_term_string}"},"query-input":{"@type":"PropertyValueSpecification","valueRequired":true,"valueName":"search_term_string"}}],"inLanguage":"pt-BR"},{"@type":"Organization","@id":"https:\/\/www.travel3.com.br\/site\/#organization","name":"Travel3","url":"https:\/\/www.travel3.com.br\/site\/","logo":{"@type":"ImageObject","inLanguage":"pt-BR","@id":"https:\/\/www.travel3.com.br\/site\/#\/schema\/logo\/image\/","url":"https:\/\/www.travel3.com.br\/site\/wp-content\/uploads\/2020\/01\/logo-travel3-2020.png","contentUrl":"https:\/\/www.travel3.com.br\/site\/wp-content\/uploads\/2020\/01\/logo-travel3-2020.png","width":232,"height":79,"caption":"Travel3"},"image":{"@id":"https:\/\/www.travel3.com.br\/site\/#\/schema\/logo\/image\/"},"sameAs":["https:\/\/www.facebook.com\/travel3media\/","https:\/\/www.instagram.com\/revistatravel3\/","https:\/\/www.youtube.com\/channel\/UCno7J4paGBR3VbZQzvoJ9Eg"]},{"@type":"Person","@id":"https:\/\/www.travel3.com.br\/site\/#\/schema\/person\/a69d71e41a024999b6ab82369ac0bd1e","name":"admin","image":{"@type":"ImageObject","inLanguage":"pt-BR","@id":"https:\/\/www.travel3.com.br\/site\/#\/schema\/person\/image\/","url":"https:\/\/secure.gravatar.com\/avatar\/732a67adfd764da2a47ba10ce731c4c0?s=96&d=mm&r=g","contentUrl":"https:\/\/secure.gravatar.com\/avatar\/732a67adfd764da2a47ba10ce731c4c0?s=96&d=mm&r=g","caption":"admin"},"url":"https:\/\/www.travel3.com.br\/site\/author\/admin\/"}]}},"_links":{"self":[{"href":"https:\/\/www.travel3.com.br\/site\/wp-json\/wp\/v2\/posts\/5540","targetHints":{"allow":["GET"]}}],"collection":[{"href":"https:\/\/www.travel3.com.br\/site\/wp-json\/wp\/v2\/posts"}],"about":[{"href":"https:\/\/www.travel3.com.br\/site\/wp-json\/wp\/v2\/types\/post"}],"author":[{"embeddable":true,"href":"https:\/\/www.travel3.com.br\/site\/wp-json\/wp\/v2\/users\/1"}],"replies":[{"embeddable":true,"href":"https:\/\/www.travel3.com.br\/site\/wp-json\/wp\/v2\/comments?post=5540"}],"version-history":[{"count":0,"href":"https:\/\/www.travel3.com.br\/site\/wp-json\/wp\/v2\/posts\/5540\/revisions"}],"wp:attachment":[{"href":"https:\/\/www.travel3.com.br\/site\/wp-json\/wp\/v2\/media?parent=5540"}],"wp:term":[{"taxonomy":"category","embeddable":true,"href":"https:\/\/www.travel3.com.br\/site\/wp-json\/wp\/v2\/categories?post=5540"},{"taxonomy":"post_tag","embeddable":true,"href":"https:\/\/www.travel3.com.br\/site\/wp-json\/wp\/v2\/tags?post=5540"}],"curies":[{"name":"wp","href":"https:\/\/api.w.org\/{rel}","templated":true}]}}