{"id":5530,"date":"2017-06-27T10:09:01","date_gmt":"2017-06-27T10:09:01","guid":{"rendered":"http:\/\/www.travel3.com.br\/site\/ir-e-vir\/ar\/grupo-eventofacil-realiza-congresso-para-profissionais-de-eventos\/"},"modified":"2017-06-27T10:09:01","modified_gmt":"2017-06-27T10:09:01","slug":"grupo-eventofacil-realiza-congresso-para-profissionais-de-eventos","status":"publish","type":"post","link":"https:\/\/www.travel3.com.br\/site\/sem-categoria\/grupo-eventofacil-realiza-congresso-para-profissionais-de-eventos\/","title":{"rendered":"GRUPO EVENTOF\u00c1CIL REALIZA CONGRESSO PARA PROFISSIONAIS DE EVENTOS"},"content":{"rendered":"<p><span style=\"color: #40acad; font-family: -apple-system, system-ui, 'Segoe UI', Roboto, Oxygen-Sans, Ubuntu, Cantarell, 'Helvetica Neue', sans-serif; font-size: 12px; font-weight: bold;\"><\/p>\n<p style=\"text-align: justify;\">O Grupo EventoFacil, especializado na organiza\u00e7\u00e3o e promo\u00e7\u00e3o de feiras de neg\u00f3cios e eventos de relacionamento, anuncia a realiza\u00e7\u00e3o da primeira edi\u00e7\u00e3o do Congresso MICE Brasil, maior iniciativa j\u00e1 realizada para o segmento MICE (Meeting, Incentives, Conferences and Exhibitions). O evento ir\u00e1 ocorrer entre os dias 1 e 2 de junho de 2016, das 9h00 \u00e0s 19h00, no Centro de Conven\u00e7\u00f5es Rebou\u00e7as, localizado em S\u00e3o Paulo (SP).<\/p>\n<p style=\"text-align: justify;\">Trata-se do maior encontro entre os principais especialistas nacionais e internacionais de toda a ind\u00fastria de eventos, incentivos, congressos e feiras, um segmento que movimentou R$ 209,2 bilh\u00f5es em 2013, o que representa uma participa\u00e7\u00e3o de 4,32% no PIB (Produto Interno Bruto) do Brasil, al\u00e9m de gerar 7,5 milh\u00f5es de empregos diretos, terceirizados e indiretos.<\/p>\n<p style=\"text-align: justify;\">O Brasil figurou em 2014 na 10\u00ba posi\u00e7\u00e3o no ranking global de na\u00e7\u00f5es que mais sediaram eventos internacionais (foram 291 no total), de acordo com pesquisa divulgada pela International Congress and Convention Association (ICCA). A lista \u00e9 liderada por Estados Unidos (831), Alemanha (659) e Espanha (578), seguidos por Reino Unido (543), Fran\u00e7a (533), It\u00e1lia (452), Jap\u00e3o (337). China (332) e Holanda (307).<\/p>\n<p style=\"text-align: justify;\">\u201cO Brasil vem ganhando muita visibilidade internacional nos \u00faltimos anos. Ao realizar megaeventos esportivos e culturais, o pa\u00eds mostra ao mundo inteiro que tem in\u00fameros atrativos, como uma gastronomia variada, vasto acervo de artesanato, excelente hotelaria, uma grande diversidade de folclore e de festas populares, al\u00e9m de uma gama gigantesca de atra\u00e7\u00f5es\u201d, destaca Marcello Baranowsky, diretor do Grupo EventoFacil.<\/p>\n<p style=\"text-align: justify;\"><strong>Iniciativa Pioneira<\/strong><\/p>\n<p style=\"text-align: justify;\">O objetivo do Congresso MICE Brasil \u00e9 debater as tend\u00eancias do segmento, al\u00e9m de promover a integra\u00e7\u00e3o do trade e o interc\u00e2mbio de experi\u00eancias entre os profissionais do setor. \u201cSer\u00e3o dois dias intensos de muita informa\u00e7\u00e3o, discuss\u00e3o, networking, enriquecimento profissional e gera\u00e7\u00e3o de neg\u00f3cios e resultados\u201d, revela Baranowsky.<\/p>\n<p style=\"text-align: justify;\">A iniciativa ocorre paralelamente a 14\u00aa EBS \u2013 Evento Business Show, dirigida aos profissionais gestores de eventos, marketing, treinamento, incentivo e compras das principais empresas, al\u00e9m de organizadores de eventos t\u00e9cnicos e cient\u00edficos, DMCs, ag\u00eancias de\u00a0<em>live marketing\u00a0<\/em>e viagens corporativas.<\/p>\n<p style=\"text-align: justify;\">Os participantes ter\u00e3o em um \u00fanico lugar acesso ao mais completo conte\u00fado para o setor de eventos, juntamente \u00e0 principal exposi\u00e7\u00e3o de fornecedores de produtos e servi\u00e7os para esse mercado.<\/p>\n<p style=\"text-align: justify;\"><strong>Programa\u00e7\u00e3o Diversificada<\/strong><\/p>\n<p style=\"text-align: justify;\">O Congresso MICE Brasil ir\u00e1 debater in\u00fameros temas, entre eles: \u201c<em>Experiential Marketing<\/em>: A For\u00e7a da Experi\u00eancia!\u201d, com Celso Schvartzer, diretor-geral para a Am\u00e9rica Latina da GMR, uma das maiores empresas de marketing de experi\u00eancias do mundo, especializada na cria\u00e7\u00e3o e implementa\u00e7\u00e3o de estrat\u00e9gias em esportes, entretenimento, m\u00fasica e\u00a0<em>lifestyle<\/em>.<\/p>\n<p style=\"text-align: justify;\">Outra palestrante em destaque \u00e9 a consultora americana Alicia Matheson, CEO da Matheson Global Consulting, parceira da Lederman e profissional com mais de 20 anos de experi\u00eancia na The Walt Disney Company. A executiva falar\u00e1 sobre o tema \u201cExperiencie a M\u00e1gica\u201d, revelando como as empresas devem adotar boas pr\u00e1ticas de gest\u00e3o e engajamento, al\u00e9m de mostrar como inspirar as estrat\u00e9gias \u201cpense fora da caixa\u201d aliada \u00e0 tecnologia, transformando a simples experi\u00eancia dos clientes em algo extraordin\u00e1rio.<\/p>\n<p style=\"text-align: justify;\">O painel \u201cEm 20 minutos Tudo Pode Mudar\u201d trar\u00e1 convidados como M\u00e1rio Baccei, vice-presidente de r\u00e1dios do Grupo Bandeirantes, acompanhado por Daniel Costantini, consultor s\u00eanior de inova\u00e7\u00e3o em neg\u00f3cios sociais para Ashoka Brasil, dentre outros.<\/p>\n<p style=\"text-align: justify;\">Confira abaixo outros temas que ser\u00e3o debatidos no Congresso MICE Brasil:<\/p>\n<p style=\"text-align: justify;\">\u00b7\u00a0\u00a0\u00a0\u00a0\u00a0\u00a0\u00a0\u00a0\u00a0\u201cA Import\u00e2ncia dos Programas de Incentivo para Meus Neg\u00f3cios &#8211; A Vis\u00e3o do Cliente\u201d, com Carmela Borst, vice-presidente de marketing da Oracle para Am\u00e9rica Latina;<\/p>\n<p style=\"text-align: justify;\">\u00b7\u00a0\u00a0\u00a0\u00a0\u00a0\u00a0\u00a0\u00a0\u00a0\u201cA Import\u00e2ncia do Market Place Ao Vivo\u201d, com Juan Pablo de Vera, CEO da Reed Alc\u00e2ntara;<\/p>\n<p style=\"text-align: justify;\">\u00b7\u00a0\u00a0\u00a0\u00a0\u00a0\u00a0\u00a0\u00a0\u00a0\u201cMarketing de Destinos\u201d, com Caio Carvalho, diretor do Canal Arte 1 do Grupo Bandeirantes;<\/p>\n<p style=\"text-align: justify;\">\u00b7\u00a0\u00a0\u00a0\u00a0\u00a0\u00a0\u00a0\u00a0\u00a0\u201cPainel Destinos MICE\u201d, com Toni Sando, do SPCVB, Michael Nagy, do Rio CVB e Miguel Harraca, do CVB de Am\u00e9rica Latina e Caribe;<\/p>\n<p style=\"text-align: justify;\">\u00b7\u00a0\u00a0\u00a0\u00a0\u00a0\u00a0\u00a0\u00a0\u00a0\u201cAprendizados de uma Empresa de Bens de Consumo na Ativa\u00e7\u00e3o de Grandes Eventos Esportivos\u201d, com Flavio Camelier, gerente-geral dos Jogos Ol\u00edmpicos Rio 2016 para a Coca-Cola;<\/p>\n<p style=\"text-align: justify;\">\u00b7\u00a0\u00a0\u00a0\u00a0\u00a0\u00a0\u00a0\u00a0\u00a0\u201cPainel Megaeventos\/Megaorganiza\u00e7\u00e3o\/Megaresultados\u201d, que contar\u00e1 com a presen\u00e7a de Tonico Novaes, da Campus Party Brasil; Geraldo Azevedo, da T4F e Loolapaloza; e Luiz Eurico Klotz, s\u00f3cio-diretor das ag\u00eancias Plus Talent e ID&#038;T Brasil &#8211; Tomorrowland.<\/p>\n<p>\u00a0<\/p>\n<p><\/span><\/p>\n","protected":false},"excerpt":{"rendered":"<p>Iniciativa dirigida aos profissionais gestores de eventos, marketing, treinamento, incentivo e compras das principais empresas<\/p>\n","protected":false},"author":1,"featured_media":0,"comment_status":"open","ping_status":"open","sticky":false,"template":"","format":"standard","meta":{"footnotes":""},"categories":[],"tags":[],"class_list":["post-5530","post","type-post","status-publish","format-standard","hentry"],"yoast_head":"<!-- This site is optimized with the Yoast SEO plugin v26.2 - https:\/\/yoast.com\/wordpress\/plugins\/seo\/ -->\n<title>GRUPO EVENTOF\u00c1CIL REALIZA CONGRESSO PARA PROFISSIONAIS DE EVENTOS - Travel3<\/title>\n<meta name=\"description\" content=\"A TRAVEL3 \u00e9 um portal de conte\u00fado voltado para o turismo, encontre destinos, viagens, hospedagem, passagens, guias, not\u00edcias sobre o mercado do turismo, dicas de viagem, v\u00eddeos e podcast.\" \/>\n<meta name=\"robots\" content=\"index, follow, max-snippet:-1, max-image-preview:large, max-video-preview:-1\" \/>\n<link rel=\"canonical\" href=\"https:\/\/www.travel3.com.br\/site\/sem-categoria\/grupo-eventofacil-realiza-congresso-para-profissionais-de-eventos\/\" \/>\n<meta property=\"og:locale\" content=\"pt_BR\" \/>\n<meta property=\"og:type\" content=\"article\" \/>\n<meta property=\"og:title\" content=\"GRUPO EVENTOF\u00c1CIL REALIZA CONGRESSO PARA PROFISSIONAIS DE EVENTOS - Travel3\" \/>\n<meta property=\"og:description\" content=\"A TRAVEL3 \u00e9 um portal de conte\u00fado voltado para o turismo, encontre destinos, viagens, hospedagem, passagens, guias, not\u00edcias sobre o mercado do turismo, dicas de viagem, v\u00eddeos e podcast.\" \/>\n<meta property=\"og:url\" content=\"https:\/\/www.travel3.com.br\/site\/sem-categoria\/grupo-eventofacil-realiza-congresso-para-profissionais-de-eventos\/\" \/>\n<meta property=\"og:site_name\" content=\"Travel3\" \/>\n<meta property=\"article:publisher\" content=\"https:\/\/www.facebook.com\/travel3media\/\" \/>\n<meta property=\"article:published_time\" content=\"2017-06-27T10:09:01+00:00\" \/>\n<meta name=\"author\" content=\"admin\" \/>\n<meta name=\"twitter:card\" content=\"summary_large_image\" \/>\n<meta name=\"twitter:label1\" content=\"Escrito por\" \/>\n\t<meta name=\"twitter:data1\" content=\"admin\" \/>\n\t<meta name=\"twitter:label2\" content=\"Est. tempo de leitura\" \/>\n\t<meta name=\"twitter:data2\" content=\"4 minutos\" \/>\n<script type=\"application\/ld+json\" class=\"yoast-schema-graph\">{\"@context\":\"https:\/\/schema.org\",\"@graph\":[{\"@type\":\"Article\",\"@id\":\"https:\/\/www.travel3.com.br\/site\/sem-categoria\/grupo-eventofacil-realiza-congresso-para-profissionais-de-eventos\/#article\",\"isPartOf\":{\"@id\":\"https:\/\/www.travel3.com.br\/site\/sem-categoria\/grupo-eventofacil-realiza-congresso-para-profissionais-de-eventos\/\"},\"author\":{\"name\":\"admin\",\"@id\":\"https:\/\/www.travel3.com.br\/site\/#\/schema\/person\/a69d71e41a024999b6ab82369ac0bd1e\"},\"headline\":\"GRUPO EVENTOF\u00c1CIL REALIZA CONGRESSO PARA PROFISSIONAIS DE EVENTOS\",\"datePublished\":\"2017-06-27T10:09:01+00:00\",\"mainEntityOfPage\":{\"@id\":\"https:\/\/www.travel3.com.br\/site\/sem-categoria\/grupo-eventofacil-realiza-congresso-para-profissionais-de-eventos\/\"},\"wordCount\":736,\"commentCount\":0,\"publisher\":{\"@id\":\"https:\/\/www.travel3.com.br\/site\/#organization\"},\"inLanguage\":\"pt-BR\",\"potentialAction\":[{\"@type\":\"CommentAction\",\"name\":\"Comment\",\"target\":[\"https:\/\/www.travel3.com.br\/site\/sem-categoria\/grupo-eventofacil-realiza-congresso-para-profissionais-de-eventos\/#respond\"]}]},{\"@type\":\"WebPage\",\"@id\":\"https:\/\/www.travel3.com.br\/site\/sem-categoria\/grupo-eventofacil-realiza-congresso-para-profissionais-de-eventos\/\",\"url\":\"https:\/\/www.travel3.com.br\/site\/sem-categoria\/grupo-eventofacil-realiza-congresso-para-profissionais-de-eventos\/\",\"name\":\"GRUPO EVENTOF\u00c1CIL REALIZA CONGRESSO PARA PROFISSIONAIS DE EVENTOS - Travel3\",\"isPartOf\":{\"@id\":\"https:\/\/www.travel3.com.br\/site\/#website\"},\"datePublished\":\"2017-06-27T10:09:01+00:00\",\"description\":\"A TRAVEL3 \u00e9 um portal de conte\u00fado voltado para o turismo, encontre destinos, viagens, hospedagem, passagens, guias, not\u00edcias sobre o mercado do turismo, dicas de viagem, v\u00eddeos e podcast.\",\"breadcrumb\":{\"@id\":\"https:\/\/www.travel3.com.br\/site\/sem-categoria\/grupo-eventofacil-realiza-congresso-para-profissionais-de-eventos\/#breadcrumb\"},\"inLanguage\":\"pt-BR\",\"potentialAction\":[{\"@type\":\"ReadAction\",\"target\":[\"https:\/\/www.travel3.com.br\/site\/sem-categoria\/grupo-eventofacil-realiza-congresso-para-profissionais-de-eventos\/\"]}]},{\"@type\":\"BreadcrumbList\",\"@id\":\"https:\/\/www.travel3.com.br\/site\/sem-categoria\/grupo-eventofacil-realiza-congresso-para-profissionais-de-eventos\/#breadcrumb\",\"itemListElement\":[{\"@type\":\"ListItem\",\"position\":1,\"name\":\"In\u00edcio\",\"item\":\"https:\/\/www.travel3.com.br\/site\/\"},{\"@type\":\"ListItem\",\"position\":2,\"name\":\"GRUPO EVENTOF\u00c1CIL REALIZA CONGRESSO PARA PROFISSIONAIS DE EVENTOS\"}]},{\"@type\":\"WebSite\",\"@id\":\"https:\/\/www.travel3.com.br\/site\/#website\",\"url\":\"https:\/\/www.travel3.com.br\/site\/\",\"name\":\"Travel3\",\"description\":\"Lazer + Neg&oacute;cios + Aventura\",\"publisher\":{\"@id\":\"https:\/\/www.travel3.com.br\/site\/#organization\"},\"potentialAction\":[{\"@type\":\"SearchAction\",\"target\":{\"@type\":\"EntryPoint\",\"urlTemplate\":\"https:\/\/www.travel3.com.br\/site\/?s={search_term_string}\"},\"query-input\":{\"@type\":\"PropertyValueSpecification\",\"valueRequired\":true,\"valueName\":\"search_term_string\"}}],\"inLanguage\":\"pt-BR\"},{\"@type\":\"Organization\",\"@id\":\"https:\/\/www.travel3.com.br\/site\/#organization\",\"name\":\"Travel3\",\"url\":\"https:\/\/www.travel3.com.br\/site\/\",\"logo\":{\"@type\":\"ImageObject\",\"inLanguage\":\"pt-BR\",\"@id\":\"https:\/\/www.travel3.com.br\/site\/#\/schema\/logo\/image\/\",\"url\":\"https:\/\/www.travel3.com.br\/site\/wp-content\/uploads\/2020\/01\/logo-travel3-2020.png\",\"contentUrl\":\"https:\/\/www.travel3.com.br\/site\/wp-content\/uploads\/2020\/01\/logo-travel3-2020.png\",\"width\":232,\"height\":79,\"caption\":\"Travel3\"},\"image\":{\"@id\":\"https:\/\/www.travel3.com.br\/site\/#\/schema\/logo\/image\/\"},\"sameAs\":[\"https:\/\/www.facebook.com\/travel3media\/\",\"https:\/\/www.instagram.com\/revistatravel3\/\",\"https:\/\/www.youtube.com\/channel\/UCno7J4paGBR3VbZQzvoJ9Eg\"]},{\"@type\":\"Person\",\"@id\":\"https:\/\/www.travel3.com.br\/site\/#\/schema\/person\/a69d71e41a024999b6ab82369ac0bd1e\",\"name\":\"admin\",\"image\":{\"@type\":\"ImageObject\",\"inLanguage\":\"pt-BR\",\"@id\":\"https:\/\/www.travel3.com.br\/site\/#\/schema\/person\/image\/\",\"url\":\"https:\/\/secure.gravatar.com\/avatar\/732a67adfd764da2a47ba10ce731c4c0?s=96&d=mm&r=g\",\"contentUrl\":\"https:\/\/secure.gravatar.com\/avatar\/732a67adfd764da2a47ba10ce731c4c0?s=96&d=mm&r=g\",\"caption\":\"admin\"},\"url\":\"https:\/\/www.travel3.com.br\/site\/author\/admin\/\"}]}<\/script>\n<!-- \/ Yoast SEO plugin. -->","yoast_head_json":{"title":"GRUPO EVENTOF\u00c1CIL REALIZA CONGRESSO PARA PROFISSIONAIS DE EVENTOS - Travel3","description":"A TRAVEL3 \u00e9 um portal de conte\u00fado voltado para o turismo, encontre destinos, viagens, hospedagem, passagens, guias, not\u00edcias sobre o mercado do turismo, dicas de viagem, v\u00eddeos e podcast.","robots":{"index":"index","follow":"follow","max-snippet":"max-snippet:-1","max-image-preview":"max-image-preview:large","max-video-preview":"max-video-preview:-1"},"canonical":"https:\/\/www.travel3.com.br\/site\/sem-categoria\/grupo-eventofacil-realiza-congresso-para-profissionais-de-eventos\/","og_locale":"pt_BR","og_type":"article","og_title":"GRUPO EVENTOF\u00c1CIL REALIZA CONGRESSO PARA PROFISSIONAIS DE EVENTOS - Travel3","og_description":"A TRAVEL3 \u00e9 um portal de conte\u00fado voltado para o turismo, encontre destinos, viagens, hospedagem, passagens, guias, not\u00edcias sobre o mercado do turismo, dicas de viagem, v\u00eddeos e podcast.","og_url":"https:\/\/www.travel3.com.br\/site\/sem-categoria\/grupo-eventofacil-realiza-congresso-para-profissionais-de-eventos\/","og_site_name":"Travel3","article_publisher":"https:\/\/www.facebook.com\/travel3media\/","article_published_time":"2017-06-27T10:09:01+00:00","author":"admin","twitter_card":"summary_large_image","twitter_misc":{"Escrito por":"admin","Est. tempo de leitura":"4 minutos"},"schema":{"@context":"https:\/\/schema.org","@graph":[{"@type":"Article","@id":"https:\/\/www.travel3.com.br\/site\/sem-categoria\/grupo-eventofacil-realiza-congresso-para-profissionais-de-eventos\/#article","isPartOf":{"@id":"https:\/\/www.travel3.com.br\/site\/sem-categoria\/grupo-eventofacil-realiza-congresso-para-profissionais-de-eventos\/"},"author":{"name":"admin","@id":"https:\/\/www.travel3.com.br\/site\/#\/schema\/person\/a69d71e41a024999b6ab82369ac0bd1e"},"headline":"GRUPO EVENTOF\u00c1CIL REALIZA CONGRESSO PARA PROFISSIONAIS DE EVENTOS","datePublished":"2017-06-27T10:09:01+00:00","mainEntityOfPage":{"@id":"https:\/\/www.travel3.com.br\/site\/sem-categoria\/grupo-eventofacil-realiza-congresso-para-profissionais-de-eventos\/"},"wordCount":736,"commentCount":0,"publisher":{"@id":"https:\/\/www.travel3.com.br\/site\/#organization"},"inLanguage":"pt-BR","potentialAction":[{"@type":"CommentAction","name":"Comment","target":["https:\/\/www.travel3.com.br\/site\/sem-categoria\/grupo-eventofacil-realiza-congresso-para-profissionais-de-eventos\/#respond"]}]},{"@type":"WebPage","@id":"https:\/\/www.travel3.com.br\/site\/sem-categoria\/grupo-eventofacil-realiza-congresso-para-profissionais-de-eventos\/","url":"https:\/\/www.travel3.com.br\/site\/sem-categoria\/grupo-eventofacil-realiza-congresso-para-profissionais-de-eventos\/","name":"GRUPO EVENTOF\u00c1CIL REALIZA CONGRESSO PARA PROFISSIONAIS DE EVENTOS - Travel3","isPartOf":{"@id":"https:\/\/www.travel3.com.br\/site\/#website"},"datePublished":"2017-06-27T10:09:01+00:00","description":"A TRAVEL3 \u00e9 um portal de conte\u00fado voltado para o turismo, encontre destinos, viagens, hospedagem, passagens, guias, not\u00edcias sobre o mercado do turismo, dicas de viagem, v\u00eddeos e podcast.","breadcrumb":{"@id":"https:\/\/www.travel3.com.br\/site\/sem-categoria\/grupo-eventofacil-realiza-congresso-para-profissionais-de-eventos\/#breadcrumb"},"inLanguage":"pt-BR","potentialAction":[{"@type":"ReadAction","target":["https:\/\/www.travel3.com.br\/site\/sem-categoria\/grupo-eventofacil-realiza-congresso-para-profissionais-de-eventos\/"]}]},{"@type":"BreadcrumbList","@id":"https:\/\/www.travel3.com.br\/site\/sem-categoria\/grupo-eventofacil-realiza-congresso-para-profissionais-de-eventos\/#breadcrumb","itemListElement":[{"@type":"ListItem","position":1,"name":"In\u00edcio","item":"https:\/\/www.travel3.com.br\/site\/"},{"@type":"ListItem","position":2,"name":"GRUPO EVENTOF\u00c1CIL REALIZA CONGRESSO PARA PROFISSIONAIS DE EVENTOS"}]},{"@type":"WebSite","@id":"https:\/\/www.travel3.com.br\/site\/#website","url":"https:\/\/www.travel3.com.br\/site\/","name":"Travel3","description":"Lazer + Neg&oacute;cios + Aventura","publisher":{"@id":"https:\/\/www.travel3.com.br\/site\/#organization"},"potentialAction":[{"@type":"SearchAction","target":{"@type":"EntryPoint","urlTemplate":"https:\/\/www.travel3.com.br\/site\/?s={search_term_string}"},"query-input":{"@type":"PropertyValueSpecification","valueRequired":true,"valueName":"search_term_string"}}],"inLanguage":"pt-BR"},{"@type":"Organization","@id":"https:\/\/www.travel3.com.br\/site\/#organization","name":"Travel3","url":"https:\/\/www.travel3.com.br\/site\/","logo":{"@type":"ImageObject","inLanguage":"pt-BR","@id":"https:\/\/www.travel3.com.br\/site\/#\/schema\/logo\/image\/","url":"https:\/\/www.travel3.com.br\/site\/wp-content\/uploads\/2020\/01\/logo-travel3-2020.png","contentUrl":"https:\/\/www.travel3.com.br\/site\/wp-content\/uploads\/2020\/01\/logo-travel3-2020.png","width":232,"height":79,"caption":"Travel3"},"image":{"@id":"https:\/\/www.travel3.com.br\/site\/#\/schema\/logo\/image\/"},"sameAs":["https:\/\/www.facebook.com\/travel3media\/","https:\/\/www.instagram.com\/revistatravel3\/","https:\/\/www.youtube.com\/channel\/UCno7J4paGBR3VbZQzvoJ9Eg"]},{"@type":"Person","@id":"https:\/\/www.travel3.com.br\/site\/#\/schema\/person\/a69d71e41a024999b6ab82369ac0bd1e","name":"admin","image":{"@type":"ImageObject","inLanguage":"pt-BR","@id":"https:\/\/www.travel3.com.br\/site\/#\/schema\/person\/image\/","url":"https:\/\/secure.gravatar.com\/avatar\/732a67adfd764da2a47ba10ce731c4c0?s=96&d=mm&r=g","contentUrl":"https:\/\/secure.gravatar.com\/avatar\/732a67adfd764da2a47ba10ce731c4c0?s=96&d=mm&r=g","caption":"admin"},"url":"https:\/\/www.travel3.com.br\/site\/author\/admin\/"}]}},"_links":{"self":[{"href":"https:\/\/www.travel3.com.br\/site\/wp-json\/wp\/v2\/posts\/5530","targetHints":{"allow":["GET"]}}],"collection":[{"href":"https:\/\/www.travel3.com.br\/site\/wp-json\/wp\/v2\/posts"}],"about":[{"href":"https:\/\/www.travel3.com.br\/site\/wp-json\/wp\/v2\/types\/post"}],"author":[{"embeddable":true,"href":"https:\/\/www.travel3.com.br\/site\/wp-json\/wp\/v2\/users\/1"}],"replies":[{"embeddable":true,"href":"https:\/\/www.travel3.com.br\/site\/wp-json\/wp\/v2\/comments?post=5530"}],"version-history":[{"count":0,"href":"https:\/\/www.travel3.com.br\/site\/wp-json\/wp\/v2\/posts\/5530\/revisions"}],"wp:attachment":[{"href":"https:\/\/www.travel3.com.br\/site\/wp-json\/wp\/v2\/media?parent=5530"}],"wp:term":[{"taxonomy":"category","embeddable":true,"href":"https:\/\/www.travel3.com.br\/site\/wp-json\/wp\/v2\/categories?post=5530"},{"taxonomy":"post_tag","embeddable":true,"href":"https:\/\/www.travel3.com.br\/site\/wp-json\/wp\/v2\/tags?post=5530"}],"curies":[{"name":"wp","href":"https:\/\/api.w.org\/{rel}","templated":true}]}}