{"id":5524,"date":"2017-08-25T08:03:55","date_gmt":"2017-08-25T08:03:55","guid":{"rendered":"http:\/\/www.travel3.com.br\/site\/ir-e-vir\/ar\/avianca-brasil-transportara-medicos-sem-fronteiras\/"},"modified":"2017-08-25T08:03:55","modified_gmt":"2017-08-25T08:03:55","slug":"avianca-brasil-transportara-medicos-sem-fronteiras","status":"publish","type":"post","link":"https:\/\/www.travel3.com.br\/site\/sem-categoria\/avianca-brasil-transportara-medicos-sem-fronteiras\/","title":{"rendered":"AVIANCA BRASIL TRANSPORTAR\u00c1 M\u00c9DICOS SEM FRONTEIRAS"},"content":{"rendered":"<p><span style=\"color: #40acad; font-family: -apple-system, system-ui, 'Segoe UI', Roboto, Oxygen-Sans, Ubuntu, Cantarell, 'Helvetica Neue', sans-serif; font-size: 12px; font-weight: bold;\"><\/p>\n<table border=\"0\" cellpadding=\"0\" cellspacing=\"0\">\n<tbody>\n<tr>\n<td>\n<p style=\"text-align: justify;\">A companhia a\u00e9rea Avianca Brasil, membro da alian\u00e7a global Star Alliance, e a organiza\u00e7\u00e3o humanit\u00e1ria internacional M\u00e9dicos Sem Fronteiras (MSF) anunciaram uma parceria para transporte dos profissionais do escrit\u00f3rio brasileiro da entidade. O contrato envolve a cess\u00e3o de passagens a\u00e9reas para os destinos dom\u00e9sticos contemplados na malha da empresa, que opera cerca de 220 voos di\u00e1rios em 22 cidades do pa\u00eds.<\/p>\n<p style=\"text-align: justify;\">Os profissionais da MSF utilizar\u00e3o este apoio para participar de reuni\u00f5es sobre temas humanit\u00e1rios e outros eventos, como exposi\u00e7\u00f5es para sensibilizar o p\u00fablico brasileiro sobre as crises enfrentadas pelas popula\u00e7\u00f5es atendidas pela organiza\u00e7\u00e3o.\u00a0Al\u00e9m de apoiar com o transporte, a Avianca Brasil tamb\u00e9m divulgar\u00e1 na sua revista de bordo e no sistema de \u00e1udio e v\u00eddeo das suas aeronaves informa\u00e7\u00f5es sobre como os clientes podem colaborar no esfor\u00e7o de ajuda.<\/p>\n<p style=\"text-align: justify;\">\u00a0<\/p>\n<\/td>\n<\/tr>\n<tr>\n<td>\n<p style=\"text-align: justify;\">\u201c\u00c9 a primeira vez que a Avianca Brasil abra\u00e7a uma causa com amplitude global, o que faz todo sentido neste momento da companhia, que se internacionalizou com a entrada na Star Alliance. Colaborar para que esses profissionais viajem pelo Brasil para realizar atividades de apoio ao trabalho da organiza\u00e7\u00e3o \u00e9 apenas uma pequena a\u00e7\u00e3o, se comparada ao gesto desses grandes exemplos de altru\u00edsmo. Divulgaremos o trabalho deles em nossos canais de comunica\u00e7\u00e3o, como fazemos com todos os projetos sociais e culturais que apoiamos\u201d, destacou Flavia Z\u00fclzke, gerente geral de Marketing da Avianca Brasil.<\/p>\n<p style=\"text-align: justify;\">\u201cEstamos muito felizes com o apoio da Avianca Brasil. Esta parceria possibilitar\u00e1 que mais recursos sejam direcionados para nossa miss\u00e3o social: salvar vidas. Isso demonstra que essa \u00e9 uma empresa que valoriza a ajuda humanit\u00e1ria\u201d, disse Flavia Tenenbaum, diretora de Capta\u00e7\u00e3o de Recursos de M\u00e9dicos Sem Fronteiras-Brasil.<\/p>\n<p style=\"text-align: justify;\">M\u00e9dicos Sem Fronteiras chegou ao Brasil em 1991, para combater uma epidemia de c\u00f3lera na Amaz\u00f4nia. Nos anos 2000, deu in\u00edcio a atividades que incluem o recrutamento de profissionais brasileiros e a capta\u00e7\u00e3o de recursos financeiros para apoiar os projetos da organiza\u00e7\u00e3o. Atualmente, cerca de 160 profissionais brasileiros, de v\u00e1rias especialidades, participam regularmente dos projetos de assist\u00eancia m\u00e9dica da MSF em cerca de 70 pa\u00edses.<\/p>\n<\/td>\n<\/tr>\n<\/tbody>\n<\/table>\n<p><\/span><\/p>\n","protected":false},"excerpt":{"rendered":"<p>Al\u00e9m de apoiar com passagens a\u00e9reas, companhia divulgar\u00e1 a bordo das aeronaves informa\u00e7\u00f5es sobre a miss\u00e3o social da entidade<\/p>\n","protected":false},"author":1,"featured_media":0,"comment_status":"open","ping_status":"open","sticky":false,"template":"","format":"standard","meta":{"footnotes":""},"categories":[],"tags":[],"class_list":["post-5524","post","type-post","status-publish","format-standard","hentry"],"yoast_head":"<!-- This site is optimized with the Yoast SEO plugin v26.2 - https:\/\/yoast.com\/wordpress\/plugins\/seo\/ -->\n<title>AVIANCA BRASIL TRANSPORTAR\u00c1 M\u00c9DICOS SEM FRONTEIRAS - Travel3<\/title>\n<meta name=\"description\" content=\"A TRAVEL3 \u00e9 um portal de conte\u00fado voltado para o turismo, encontre destinos, viagens, hospedagem, passagens, guias, not\u00edcias sobre o mercado do turismo, dicas de viagem, v\u00eddeos e podcast.\" \/>\n<meta name=\"robots\" content=\"index, follow, max-snippet:-1, max-image-preview:large, max-video-preview:-1\" \/>\n<link rel=\"canonical\" href=\"https:\/\/www.travel3.com.br\/site\/sem-categoria\/avianca-brasil-transportara-medicos-sem-fronteiras\/\" \/>\n<meta property=\"og:locale\" content=\"pt_BR\" \/>\n<meta property=\"og:type\" content=\"article\" \/>\n<meta property=\"og:title\" content=\"AVIANCA BRASIL TRANSPORTAR\u00c1 M\u00c9DICOS SEM FRONTEIRAS - Travel3\" \/>\n<meta property=\"og:description\" content=\"A TRAVEL3 \u00e9 um portal de conte\u00fado voltado para o turismo, encontre destinos, viagens, hospedagem, passagens, guias, not\u00edcias sobre o mercado do turismo, dicas de viagem, v\u00eddeos e podcast.\" \/>\n<meta property=\"og:url\" content=\"https:\/\/www.travel3.com.br\/site\/sem-categoria\/avianca-brasil-transportara-medicos-sem-fronteiras\/\" \/>\n<meta property=\"og:site_name\" content=\"Travel3\" \/>\n<meta property=\"article:publisher\" content=\"https:\/\/www.facebook.com\/travel3media\/\" \/>\n<meta property=\"article:published_time\" content=\"2017-08-25T08:03:55+00:00\" \/>\n<meta name=\"author\" content=\"admin\" \/>\n<meta name=\"twitter:card\" content=\"summary_large_image\" \/>\n<meta name=\"twitter:label1\" content=\"Escrito por\" \/>\n\t<meta name=\"twitter:data1\" content=\"admin\" \/>\n\t<meta name=\"twitter:label2\" content=\"Est. tempo de leitura\" \/>\n\t<meta name=\"twitter:data2\" content=\"2 minutos\" \/>\n<script type=\"application\/ld+json\" class=\"yoast-schema-graph\">{\"@context\":\"https:\/\/schema.org\",\"@graph\":[{\"@type\":\"Article\",\"@id\":\"https:\/\/www.travel3.com.br\/site\/sem-categoria\/avianca-brasil-transportara-medicos-sem-fronteiras\/#article\",\"isPartOf\":{\"@id\":\"https:\/\/www.travel3.com.br\/site\/sem-categoria\/avianca-brasil-transportara-medicos-sem-fronteiras\/\"},\"author\":{\"name\":\"admin\",\"@id\":\"https:\/\/www.travel3.com.br\/site\/#\/schema\/person\/a69d71e41a024999b6ab82369ac0bd1e\"},\"headline\":\"AVIANCA BRASIL TRANSPORTAR\u00c1 M\u00c9DICOS SEM FRONTEIRAS\",\"datePublished\":\"2017-08-25T08:03:55+00:00\",\"mainEntityOfPage\":{\"@id\":\"https:\/\/www.travel3.com.br\/site\/sem-categoria\/avianca-brasil-transportara-medicos-sem-fronteiras\/\"},\"wordCount\":377,\"commentCount\":0,\"publisher\":{\"@id\":\"https:\/\/www.travel3.com.br\/site\/#organization\"},\"inLanguage\":\"pt-BR\",\"potentialAction\":[{\"@type\":\"CommentAction\",\"name\":\"Comment\",\"target\":[\"https:\/\/www.travel3.com.br\/site\/sem-categoria\/avianca-brasil-transportara-medicos-sem-fronteiras\/#respond\"]}]},{\"@type\":\"WebPage\",\"@id\":\"https:\/\/www.travel3.com.br\/site\/sem-categoria\/avianca-brasil-transportara-medicos-sem-fronteiras\/\",\"url\":\"https:\/\/www.travel3.com.br\/site\/sem-categoria\/avianca-brasil-transportara-medicos-sem-fronteiras\/\",\"name\":\"AVIANCA BRASIL TRANSPORTAR\u00c1 M\u00c9DICOS SEM FRONTEIRAS - Travel3\",\"isPartOf\":{\"@id\":\"https:\/\/www.travel3.com.br\/site\/#website\"},\"datePublished\":\"2017-08-25T08:03:55+00:00\",\"description\":\"A TRAVEL3 \u00e9 um portal de conte\u00fado voltado para o turismo, encontre destinos, viagens, hospedagem, passagens, guias, not\u00edcias sobre o mercado do turismo, dicas de viagem, v\u00eddeos e podcast.\",\"breadcrumb\":{\"@id\":\"https:\/\/www.travel3.com.br\/site\/sem-categoria\/avianca-brasil-transportara-medicos-sem-fronteiras\/#breadcrumb\"},\"inLanguage\":\"pt-BR\",\"potentialAction\":[{\"@type\":\"ReadAction\",\"target\":[\"https:\/\/www.travel3.com.br\/site\/sem-categoria\/avianca-brasil-transportara-medicos-sem-fronteiras\/\"]}]},{\"@type\":\"BreadcrumbList\",\"@id\":\"https:\/\/www.travel3.com.br\/site\/sem-categoria\/avianca-brasil-transportara-medicos-sem-fronteiras\/#breadcrumb\",\"itemListElement\":[{\"@type\":\"ListItem\",\"position\":1,\"name\":\"In\u00edcio\",\"item\":\"https:\/\/www.travel3.com.br\/site\/\"},{\"@type\":\"ListItem\",\"position\":2,\"name\":\"AVIANCA BRASIL TRANSPORTAR\u00c1 M\u00c9DICOS SEM FRONTEIRAS\"}]},{\"@type\":\"WebSite\",\"@id\":\"https:\/\/www.travel3.com.br\/site\/#website\",\"url\":\"https:\/\/www.travel3.com.br\/site\/\",\"name\":\"Travel3\",\"description\":\"Lazer + Neg&oacute;cios + Aventura\",\"publisher\":{\"@id\":\"https:\/\/www.travel3.com.br\/site\/#organization\"},\"potentialAction\":[{\"@type\":\"SearchAction\",\"target\":{\"@type\":\"EntryPoint\",\"urlTemplate\":\"https:\/\/www.travel3.com.br\/site\/?s={search_term_string}\"},\"query-input\":{\"@type\":\"PropertyValueSpecification\",\"valueRequired\":true,\"valueName\":\"search_term_string\"}}],\"inLanguage\":\"pt-BR\"},{\"@type\":\"Organization\",\"@id\":\"https:\/\/www.travel3.com.br\/site\/#organization\",\"name\":\"Travel3\",\"url\":\"https:\/\/www.travel3.com.br\/site\/\",\"logo\":{\"@type\":\"ImageObject\",\"inLanguage\":\"pt-BR\",\"@id\":\"https:\/\/www.travel3.com.br\/site\/#\/schema\/logo\/image\/\",\"url\":\"https:\/\/www.travel3.com.br\/site\/wp-content\/uploads\/2020\/01\/logo-travel3-2020.png\",\"contentUrl\":\"https:\/\/www.travel3.com.br\/site\/wp-content\/uploads\/2020\/01\/logo-travel3-2020.png\",\"width\":232,\"height\":79,\"caption\":\"Travel3\"},\"image\":{\"@id\":\"https:\/\/www.travel3.com.br\/site\/#\/schema\/logo\/image\/\"},\"sameAs\":[\"https:\/\/www.facebook.com\/travel3media\/\",\"https:\/\/www.instagram.com\/revistatravel3\/\",\"https:\/\/www.youtube.com\/channel\/UCno7J4paGBR3VbZQzvoJ9Eg\"]},{\"@type\":\"Person\",\"@id\":\"https:\/\/www.travel3.com.br\/site\/#\/schema\/person\/a69d71e41a024999b6ab82369ac0bd1e\",\"name\":\"admin\",\"image\":{\"@type\":\"ImageObject\",\"inLanguage\":\"pt-BR\",\"@id\":\"https:\/\/www.travel3.com.br\/site\/#\/schema\/person\/image\/\",\"url\":\"https:\/\/secure.gravatar.com\/avatar\/732a67adfd764da2a47ba10ce731c4c0?s=96&d=mm&r=g\",\"contentUrl\":\"https:\/\/secure.gravatar.com\/avatar\/732a67adfd764da2a47ba10ce731c4c0?s=96&d=mm&r=g\",\"caption\":\"admin\"},\"url\":\"https:\/\/www.travel3.com.br\/site\/author\/admin\/\"}]}<\/script>\n<!-- \/ Yoast SEO plugin. -->","yoast_head_json":{"title":"AVIANCA BRASIL TRANSPORTAR\u00c1 M\u00c9DICOS SEM FRONTEIRAS - Travel3","description":"A TRAVEL3 \u00e9 um portal de conte\u00fado voltado para o turismo, encontre destinos, viagens, hospedagem, passagens, guias, not\u00edcias sobre o mercado do turismo, dicas de viagem, v\u00eddeos e podcast.","robots":{"index":"index","follow":"follow","max-snippet":"max-snippet:-1","max-image-preview":"max-image-preview:large","max-video-preview":"max-video-preview:-1"},"canonical":"https:\/\/www.travel3.com.br\/site\/sem-categoria\/avianca-brasil-transportara-medicos-sem-fronteiras\/","og_locale":"pt_BR","og_type":"article","og_title":"AVIANCA BRASIL TRANSPORTAR\u00c1 M\u00c9DICOS SEM FRONTEIRAS - Travel3","og_description":"A TRAVEL3 \u00e9 um portal de conte\u00fado voltado para o turismo, encontre destinos, viagens, hospedagem, passagens, guias, not\u00edcias sobre o mercado do turismo, dicas de viagem, v\u00eddeos e podcast.","og_url":"https:\/\/www.travel3.com.br\/site\/sem-categoria\/avianca-brasil-transportara-medicos-sem-fronteiras\/","og_site_name":"Travel3","article_publisher":"https:\/\/www.facebook.com\/travel3media\/","article_published_time":"2017-08-25T08:03:55+00:00","author":"admin","twitter_card":"summary_large_image","twitter_misc":{"Escrito por":"admin","Est. tempo de leitura":"2 minutos"},"schema":{"@context":"https:\/\/schema.org","@graph":[{"@type":"Article","@id":"https:\/\/www.travel3.com.br\/site\/sem-categoria\/avianca-brasil-transportara-medicos-sem-fronteiras\/#article","isPartOf":{"@id":"https:\/\/www.travel3.com.br\/site\/sem-categoria\/avianca-brasil-transportara-medicos-sem-fronteiras\/"},"author":{"name":"admin","@id":"https:\/\/www.travel3.com.br\/site\/#\/schema\/person\/a69d71e41a024999b6ab82369ac0bd1e"},"headline":"AVIANCA BRASIL TRANSPORTAR\u00c1 M\u00c9DICOS SEM FRONTEIRAS","datePublished":"2017-08-25T08:03:55+00:00","mainEntityOfPage":{"@id":"https:\/\/www.travel3.com.br\/site\/sem-categoria\/avianca-brasil-transportara-medicos-sem-fronteiras\/"},"wordCount":377,"commentCount":0,"publisher":{"@id":"https:\/\/www.travel3.com.br\/site\/#organization"},"inLanguage":"pt-BR","potentialAction":[{"@type":"CommentAction","name":"Comment","target":["https:\/\/www.travel3.com.br\/site\/sem-categoria\/avianca-brasil-transportara-medicos-sem-fronteiras\/#respond"]}]},{"@type":"WebPage","@id":"https:\/\/www.travel3.com.br\/site\/sem-categoria\/avianca-brasil-transportara-medicos-sem-fronteiras\/","url":"https:\/\/www.travel3.com.br\/site\/sem-categoria\/avianca-brasil-transportara-medicos-sem-fronteiras\/","name":"AVIANCA BRASIL TRANSPORTAR\u00c1 M\u00c9DICOS SEM FRONTEIRAS - Travel3","isPartOf":{"@id":"https:\/\/www.travel3.com.br\/site\/#website"},"datePublished":"2017-08-25T08:03:55+00:00","description":"A TRAVEL3 \u00e9 um portal de conte\u00fado voltado para o turismo, encontre destinos, viagens, hospedagem, passagens, guias, not\u00edcias sobre o mercado do turismo, dicas de viagem, v\u00eddeos e podcast.","breadcrumb":{"@id":"https:\/\/www.travel3.com.br\/site\/sem-categoria\/avianca-brasil-transportara-medicos-sem-fronteiras\/#breadcrumb"},"inLanguage":"pt-BR","potentialAction":[{"@type":"ReadAction","target":["https:\/\/www.travel3.com.br\/site\/sem-categoria\/avianca-brasil-transportara-medicos-sem-fronteiras\/"]}]},{"@type":"BreadcrumbList","@id":"https:\/\/www.travel3.com.br\/site\/sem-categoria\/avianca-brasil-transportara-medicos-sem-fronteiras\/#breadcrumb","itemListElement":[{"@type":"ListItem","position":1,"name":"In\u00edcio","item":"https:\/\/www.travel3.com.br\/site\/"},{"@type":"ListItem","position":2,"name":"AVIANCA BRASIL TRANSPORTAR\u00c1 M\u00c9DICOS SEM FRONTEIRAS"}]},{"@type":"WebSite","@id":"https:\/\/www.travel3.com.br\/site\/#website","url":"https:\/\/www.travel3.com.br\/site\/","name":"Travel3","description":"Lazer + Neg&oacute;cios + Aventura","publisher":{"@id":"https:\/\/www.travel3.com.br\/site\/#organization"},"potentialAction":[{"@type":"SearchAction","target":{"@type":"EntryPoint","urlTemplate":"https:\/\/www.travel3.com.br\/site\/?s={search_term_string}"},"query-input":{"@type":"PropertyValueSpecification","valueRequired":true,"valueName":"search_term_string"}}],"inLanguage":"pt-BR"},{"@type":"Organization","@id":"https:\/\/www.travel3.com.br\/site\/#organization","name":"Travel3","url":"https:\/\/www.travel3.com.br\/site\/","logo":{"@type":"ImageObject","inLanguage":"pt-BR","@id":"https:\/\/www.travel3.com.br\/site\/#\/schema\/logo\/image\/","url":"https:\/\/www.travel3.com.br\/site\/wp-content\/uploads\/2020\/01\/logo-travel3-2020.png","contentUrl":"https:\/\/www.travel3.com.br\/site\/wp-content\/uploads\/2020\/01\/logo-travel3-2020.png","width":232,"height":79,"caption":"Travel3"},"image":{"@id":"https:\/\/www.travel3.com.br\/site\/#\/schema\/logo\/image\/"},"sameAs":["https:\/\/www.facebook.com\/travel3media\/","https:\/\/www.instagram.com\/revistatravel3\/","https:\/\/www.youtube.com\/channel\/UCno7J4paGBR3VbZQzvoJ9Eg"]},{"@type":"Person","@id":"https:\/\/www.travel3.com.br\/site\/#\/schema\/person\/a69d71e41a024999b6ab82369ac0bd1e","name":"admin","image":{"@type":"ImageObject","inLanguage":"pt-BR","@id":"https:\/\/www.travel3.com.br\/site\/#\/schema\/person\/image\/","url":"https:\/\/secure.gravatar.com\/avatar\/732a67adfd764da2a47ba10ce731c4c0?s=96&d=mm&r=g","contentUrl":"https:\/\/secure.gravatar.com\/avatar\/732a67adfd764da2a47ba10ce731c4c0?s=96&d=mm&r=g","caption":"admin"},"url":"https:\/\/www.travel3.com.br\/site\/author\/admin\/"}]}},"_links":{"self":[{"href":"https:\/\/www.travel3.com.br\/site\/wp-json\/wp\/v2\/posts\/5524","targetHints":{"allow":["GET"]}}],"collection":[{"href":"https:\/\/www.travel3.com.br\/site\/wp-json\/wp\/v2\/posts"}],"about":[{"href":"https:\/\/www.travel3.com.br\/site\/wp-json\/wp\/v2\/types\/post"}],"author":[{"embeddable":true,"href":"https:\/\/www.travel3.com.br\/site\/wp-json\/wp\/v2\/users\/1"}],"replies":[{"embeddable":true,"href":"https:\/\/www.travel3.com.br\/site\/wp-json\/wp\/v2\/comments?post=5524"}],"version-history":[{"count":0,"href":"https:\/\/www.travel3.com.br\/site\/wp-json\/wp\/v2\/posts\/5524\/revisions"}],"wp:attachment":[{"href":"https:\/\/www.travel3.com.br\/site\/wp-json\/wp\/v2\/media?parent=5524"}],"wp:term":[{"taxonomy":"category","embeddable":true,"href":"https:\/\/www.travel3.com.br\/site\/wp-json\/wp\/v2\/categories?post=5524"},{"taxonomy":"post_tag","embeddable":true,"href":"https:\/\/www.travel3.com.br\/site\/wp-json\/wp\/v2\/tags?post=5524"}],"curies":[{"name":"wp","href":"https:\/\/api.w.org\/{rel}","templated":true}]}}