{"id":55153,"date":"2023-01-08T00:47:15","date_gmt":"2023-01-08T03:47:15","guid":{"rendered":"https:\/\/www.travel3.com.br\/?p=55153"},"modified":"2023-01-08T10:18:35","modified_gmt":"2023-01-08T13:18:35","slug":"feliz-2023-para-voce","status":"publish","type":"post","link":"https:\/\/www.travel3.com.br\/site\/comece-a-viajar\/feliz-2023-para-voce\/","title":{"rendered":"FELIZ 2023 para voc\u00ea!"},"content":{"rendered":"\n<p class=\"has-medium-font-size\">Para mim, Solst\u00edcio de Ver\u00e3o e Solst\u00edcio de Inverno, nunca significaram muito, at\u00e9 eu come\u00e7ar a viver no Canad\u00e1. De repente, a viagem do sol pelo c\u00e9u passou a fazer parte constante da minha vida. <\/p>\n\n\n\n<p class=\"has-medium-font-size\">Aqui, o movimento da estrela maior do nosso sistema planet\u00e1rio se tornou, para mim muito mais vis\u00edvel e diariamente passei a vivenci\u00e1-lo. Dependendo da esta\u00e7\u00e3o do ano, ele nasce muito mais cedo ou muito mais tarde, e se p\u00f5e tamb\u00e9m muito mais cedo ou muito mais tarde.<\/p>\n\n\n\n<p class=\"has-medium-font-size\">A partir da primavera os dias ficam mais brilhantes e esticam noite adentro. Sua luz, que no auge do ver\u00e3o surge no c\u00e9u antes das 5 da manh\u00e3 e se apaga depois das 9 da noite, come\u00e7a a diminuir depois do Solst\u00edcio de Ver\u00e3o. \u00c9 o aviso que, daqui a pouco, o outono vai chegar. E quando o outono chega, a noite vai ganhando muitos e muitos segundos a cada dia que passa. E o dia, a luz do dia, come\u00e7a a ir embora&#8230;<\/p>\n\n\n\n<p class=\"has-medium-font-size\">E a\u00ed, finalmente chega o final do ano. \u00c9 quando voc\u00ea acorda \u00e0s 7 da manh\u00e3, na mais completa escurid\u00e3o e volta para casa com a sensa\u00e7\u00e3o de a noite j\u00e1 vai longe, at\u00e9 confirmar com o seu rel\u00f3gio que s\u00e3o apenas 5 da tarde.<\/p>\n\n\n\n<p class=\"has-medium-font-size\">21 de dezembro foi Solst\u00edcio de Inverno, ou seja, o dia mais curto do ano. O sol surgiu entre os arranha c\u00e9us por volta das 8 da manh\u00e3 e sumiu  l\u00e1 pelas 4 e meia da tarde. Mas junto com o dia mais escuro do ano veio a certeza de que, dali para a frente, o sol iria ficar cada dia mais tempo brilhando sobre o horizonte.<\/p>\n\n\n\n<p class=\"has-medium-font-size\">E foi assim que o Solst\u00edcio de Inverno se revelou para mim. Escurid\u00e3o, luz, escurid\u00e3o, luz. Depois da escurid\u00e3o sempre vem a luz!<\/p>\n\n\n\n<p class=\"has-medium-font-size\">Daqui deste inverno gelado e escuro, eu desejo a voc\u00ea, Viajante da Travel3, um ano novo iluminado e, como a pr\u00f3pria vida &#8211; basta observ\u00e1-la &#8211; cheio de renova\u00e7\u00f5es e transforma\u00e7\u00f5es.<\/p>\n\n\n\n<p class=\"has-medium-font-size\">Feliz 2023!<\/p>\n","protected":false},"excerpt":{"rendered":"<p>Daqui deste inverno gelado e escuro, eu desejo a voc\u00ea, Viajante da Travel3, um ano novo iluminado!<\/p>\n","protected":false},"author":4,"featured_media":55156,"comment_status":"open","ping_status":"open","sticky":false,"template":"","format":"standard","meta":{"footnotes":""},"categories":[884],"tags":[],"class_list":["post-55153","post","type-post","status-publish","format-standard","has-post-thumbnail","hentry","category-comece-a-viajar"],"yoast_head":"<!-- This site is optimized with the Yoast SEO plugin v26.2 - https:\/\/yoast.com\/wordpress\/plugins\/seo\/ -->\n<title>FELIZ 2023 para voc\u00ea! - Travel3<\/title>\n<meta name=\"description\" content=\"feliz-2023-para-voce; Daqui deste inverno gelado e escuro, eu desejo a voc\u00ea, Viajante da Travel3, um ano novo iluminado!\" \/>\n<meta name=\"robots\" content=\"index, follow, max-snippet:-1, max-image-preview:large, max-video-preview:-1\" \/>\n<link rel=\"canonical\" href=\"https:\/\/www.travel3.com.br\/site\/comece-a-viajar\/feliz-2023-para-voce\/\" \/>\n<meta property=\"og:locale\" content=\"pt_BR\" \/>\n<meta property=\"og:type\" content=\"article\" \/>\n<meta property=\"og:title\" content=\"FELIZ 2023 para voc\u00ea! - Travel3\" \/>\n<meta property=\"og:description\" content=\"feliz-2023-para-voce; Daqui deste inverno gelado e escuro, eu desejo a voc\u00ea, Viajante da Travel3, um ano novo iluminado!\" \/>\n<meta property=\"og:url\" content=\"https:\/\/www.travel3.com.br\/site\/comece-a-viajar\/feliz-2023-para-voce\/\" \/>\n<meta property=\"og:site_name\" content=\"Travel3\" \/>\n<meta property=\"article:publisher\" content=\"https:\/\/www.facebook.com\/travel3media\/\" \/>\n<meta property=\"article:published_time\" content=\"2023-01-08T03:47:15+00:00\" \/>\n<meta property=\"article:modified_time\" content=\"2023-01-08T13:18:35+00:00\" \/>\n<meta property=\"og:image\" content=\"https:\/\/www.travel3.com.br\/site\/wp-content\/uploads\/2023\/01\/winter-landscape-2995987_1920.jpg\" \/>\n\t<meta property=\"og:image:width\" content=\"1920\" \/>\n\t<meta property=\"og:image:height\" content=\"1282\" \/>\n\t<meta property=\"og:image:type\" content=\"image\/jpeg\" \/>\n<meta name=\"author\" content=\"Claudia Tonaco\" \/>\n<meta name=\"twitter:card\" content=\"summary_large_image\" \/>\n<meta name=\"twitter:label1\" content=\"Escrito por\" \/>\n\t<meta name=\"twitter:data1\" content=\"Claudia Tonaco\" \/>\n\t<meta name=\"twitter:label2\" content=\"Est. tempo de leitura\" \/>\n\t<meta name=\"twitter:data2\" content=\"2 minutos\" \/>\n<script type=\"application\/ld+json\" class=\"yoast-schema-graph\">{\"@context\":\"https:\/\/schema.org\",\"@graph\":[{\"@type\":\"Article\",\"@id\":\"https:\/\/www.travel3.com.br\/site\/comece-a-viajar\/feliz-2023-para-voce\/#article\",\"isPartOf\":{\"@id\":\"https:\/\/www.travel3.com.br\/site\/comece-a-viajar\/feliz-2023-para-voce\/\"},\"author\":{\"name\":\"Claudia Tonaco\",\"@id\":\"https:\/\/www.travel3.com.br\/site\/#\/schema\/person\/ad24a6ccba88dcd54877f3d2fb76c605\"},\"headline\":\"FELIZ 2023 para voc\u00ea!\",\"datePublished\":\"2023-01-08T03:47:15+00:00\",\"dateModified\":\"2023-01-08T13:18:35+00:00\",\"mainEntityOfPage\":{\"@id\":\"https:\/\/www.travel3.com.br\/site\/comece-a-viajar\/feliz-2023-para-voce\/\"},\"wordCount\":358,\"commentCount\":0,\"publisher\":{\"@id\":\"https:\/\/www.travel3.com.br\/site\/#organization\"},\"image\":{\"@id\":\"https:\/\/www.travel3.com.br\/site\/comece-a-viajar\/feliz-2023-para-voce\/#primaryimage\"},\"thumbnailUrl\":\"https:\/\/www.travel3.com.br\/site\/wp-content\/uploads\/2023\/01\/winter-landscape-2995987_1920.jpg\",\"articleSection\":[\"Comece a Viajar\"],\"inLanguage\":\"pt-BR\",\"potentialAction\":[{\"@type\":\"CommentAction\",\"name\":\"Comment\",\"target\":[\"https:\/\/www.travel3.com.br\/site\/comece-a-viajar\/feliz-2023-para-voce\/#respond\"]}]},{\"@type\":\"WebPage\",\"@id\":\"https:\/\/www.travel3.com.br\/site\/comece-a-viajar\/feliz-2023-para-voce\/\",\"url\":\"https:\/\/www.travel3.com.br\/site\/comece-a-viajar\/feliz-2023-para-voce\/\",\"name\":\"FELIZ 2023 para voc\u00ea! - Travel3\",\"isPartOf\":{\"@id\":\"https:\/\/www.travel3.com.br\/site\/#website\"},\"primaryImageOfPage\":{\"@id\":\"https:\/\/www.travel3.com.br\/site\/comece-a-viajar\/feliz-2023-para-voce\/#primaryimage\"},\"image\":{\"@id\":\"https:\/\/www.travel3.com.br\/site\/comece-a-viajar\/feliz-2023-para-voce\/#primaryimage\"},\"thumbnailUrl\":\"https:\/\/www.travel3.com.br\/site\/wp-content\/uploads\/2023\/01\/winter-landscape-2995987_1920.jpg\",\"datePublished\":\"2023-01-08T03:47:15+00:00\",\"dateModified\":\"2023-01-08T13:18:35+00:00\",\"description\":\"feliz-2023-para-voce; Daqui deste inverno gelado e escuro, eu desejo a voc\u00ea, Viajante da Travel3, um ano novo iluminado!\",\"breadcrumb\":{\"@id\":\"https:\/\/www.travel3.com.br\/site\/comece-a-viajar\/feliz-2023-para-voce\/#breadcrumb\"},\"inLanguage\":\"pt-BR\",\"potentialAction\":[{\"@type\":\"ReadAction\",\"target\":[\"https:\/\/www.travel3.com.br\/site\/comece-a-viajar\/feliz-2023-para-voce\/\"]}]},{\"@type\":\"ImageObject\",\"inLanguage\":\"pt-BR\",\"@id\":\"https:\/\/www.travel3.com.br\/site\/comece-a-viajar\/feliz-2023-para-voce\/#primaryimage\",\"url\":\"https:\/\/www.travel3.com.br\/site\/wp-content\/uploads\/2023\/01\/winter-landscape-2995987_1920.jpg\",\"contentUrl\":\"https:\/\/www.travel3.com.br\/site\/wp-content\/uploads\/2023\/01\/winter-landscape-2995987_1920.jpg\",\"width\":1920,\"height\":1282,\"caption\":\"(Foto: Divulga\u00e7\u00e3o)\"},{\"@type\":\"BreadcrumbList\",\"@id\":\"https:\/\/www.travel3.com.br\/site\/comece-a-viajar\/feliz-2023-para-voce\/#breadcrumb\",\"itemListElement\":[{\"@type\":\"ListItem\",\"position\":1,\"name\":\"In\u00edcio\",\"item\":\"https:\/\/www.travel3.com.br\/site\/\"},{\"@type\":\"ListItem\",\"position\":2,\"name\":\"FELIZ 2023 para voc\u00ea!\"}]},{\"@type\":\"WebSite\",\"@id\":\"https:\/\/www.travel3.com.br\/site\/#website\",\"url\":\"https:\/\/www.travel3.com.br\/site\/\",\"name\":\"Travel3\",\"description\":\"Lazer + Neg&oacute;cios + Aventura\",\"publisher\":{\"@id\":\"https:\/\/www.travel3.com.br\/site\/#organization\"},\"potentialAction\":[{\"@type\":\"SearchAction\",\"target\":{\"@type\":\"EntryPoint\",\"urlTemplate\":\"https:\/\/www.travel3.com.br\/site\/?s={search_term_string}\"},\"query-input\":{\"@type\":\"PropertyValueSpecification\",\"valueRequired\":true,\"valueName\":\"search_term_string\"}}],\"inLanguage\":\"pt-BR\"},{\"@type\":\"Organization\",\"@id\":\"https:\/\/www.travel3.com.br\/site\/#organization\",\"name\":\"Travel3\",\"url\":\"https:\/\/www.travel3.com.br\/site\/\",\"logo\":{\"@type\":\"ImageObject\",\"inLanguage\":\"pt-BR\",\"@id\":\"https:\/\/www.travel3.com.br\/site\/#\/schema\/logo\/image\/\",\"url\":\"https:\/\/www.travel3.com.br\/site\/wp-content\/uploads\/2020\/01\/logo-travel3-2020.png\",\"contentUrl\":\"https:\/\/www.travel3.com.br\/site\/wp-content\/uploads\/2020\/01\/logo-travel3-2020.png\",\"width\":232,\"height\":79,\"caption\":\"Travel3\"},\"image\":{\"@id\":\"https:\/\/www.travel3.com.br\/site\/#\/schema\/logo\/image\/\"},\"sameAs\":[\"https:\/\/www.facebook.com\/travel3media\/\",\"https:\/\/www.instagram.com\/revistatravel3\/\",\"https:\/\/www.youtube.com\/channel\/UCno7J4paGBR3VbZQzvoJ9Eg\"]},{\"@type\":\"Person\",\"@id\":\"https:\/\/www.travel3.com.br\/site\/#\/schema\/person\/ad24a6ccba88dcd54877f3d2fb76c605\",\"name\":\"Claudia Tonaco\",\"image\":{\"@type\":\"ImageObject\",\"inLanguage\":\"pt-BR\",\"@id\":\"https:\/\/www.travel3.com.br\/site\/#\/schema\/person\/image\/\",\"url\":\"https:\/\/secure.gravatar.com\/avatar\/7c64bb31135bb8c28f49658a042f8b8a?s=96&d=mm&r=g\",\"contentUrl\":\"https:\/\/secure.gravatar.com\/avatar\/7c64bb31135bb8c28f49658a042f8b8a?s=96&d=mm&r=g\",\"caption\":\"Claudia Tonaco\"},\"sameAs\":[\"http:\/\/www.travel3.com.br\"],\"url\":\"https:\/\/www.travel3.com.br\/site\/author\/tonaco\/\"}]}<\/script>\n<!-- \/ Yoast SEO plugin. -->","yoast_head_json":{"title":"FELIZ 2023 para voc\u00ea! - Travel3","description":"feliz-2023-para-voce; Daqui deste inverno gelado e escuro, eu desejo a voc\u00ea, Viajante da Travel3, um ano novo iluminado!","robots":{"index":"index","follow":"follow","max-snippet":"max-snippet:-1","max-image-preview":"max-image-preview:large","max-video-preview":"max-video-preview:-1"},"canonical":"https:\/\/www.travel3.com.br\/site\/comece-a-viajar\/feliz-2023-para-voce\/","og_locale":"pt_BR","og_type":"article","og_title":"FELIZ 2023 para voc\u00ea! - Travel3","og_description":"feliz-2023-para-voce; Daqui deste inverno gelado e escuro, eu desejo a voc\u00ea, Viajante da Travel3, um ano novo iluminado!","og_url":"https:\/\/www.travel3.com.br\/site\/comece-a-viajar\/feliz-2023-para-voce\/","og_site_name":"Travel3","article_publisher":"https:\/\/www.facebook.com\/travel3media\/","article_published_time":"2023-01-08T03:47:15+00:00","article_modified_time":"2023-01-08T13:18:35+00:00","og_image":[{"width":1920,"height":1282,"url":"https:\/\/www.travel3.com.br\/site\/wp-content\/uploads\/2023\/01\/winter-landscape-2995987_1920.jpg","type":"image\/jpeg"}],"author":"Claudia Tonaco","twitter_card":"summary_large_image","twitter_misc":{"Escrito por":"Claudia Tonaco","Est. tempo de leitura":"2 minutos"},"schema":{"@context":"https:\/\/schema.org","@graph":[{"@type":"Article","@id":"https:\/\/www.travel3.com.br\/site\/comece-a-viajar\/feliz-2023-para-voce\/#article","isPartOf":{"@id":"https:\/\/www.travel3.com.br\/site\/comece-a-viajar\/feliz-2023-para-voce\/"},"author":{"name":"Claudia Tonaco","@id":"https:\/\/www.travel3.com.br\/site\/#\/schema\/person\/ad24a6ccba88dcd54877f3d2fb76c605"},"headline":"FELIZ 2023 para voc\u00ea!","datePublished":"2023-01-08T03:47:15+00:00","dateModified":"2023-01-08T13:18:35+00:00","mainEntityOfPage":{"@id":"https:\/\/www.travel3.com.br\/site\/comece-a-viajar\/feliz-2023-para-voce\/"},"wordCount":358,"commentCount":0,"publisher":{"@id":"https:\/\/www.travel3.com.br\/site\/#organization"},"image":{"@id":"https:\/\/www.travel3.com.br\/site\/comece-a-viajar\/feliz-2023-para-voce\/#primaryimage"},"thumbnailUrl":"https:\/\/www.travel3.com.br\/site\/wp-content\/uploads\/2023\/01\/winter-landscape-2995987_1920.jpg","articleSection":["Comece a Viajar"],"inLanguage":"pt-BR","potentialAction":[{"@type":"CommentAction","name":"Comment","target":["https:\/\/www.travel3.com.br\/site\/comece-a-viajar\/feliz-2023-para-voce\/#respond"]}]},{"@type":"WebPage","@id":"https:\/\/www.travel3.com.br\/site\/comece-a-viajar\/feliz-2023-para-voce\/","url":"https:\/\/www.travel3.com.br\/site\/comece-a-viajar\/feliz-2023-para-voce\/","name":"FELIZ 2023 para voc\u00ea! - Travel3","isPartOf":{"@id":"https:\/\/www.travel3.com.br\/site\/#website"},"primaryImageOfPage":{"@id":"https:\/\/www.travel3.com.br\/site\/comece-a-viajar\/feliz-2023-para-voce\/#primaryimage"},"image":{"@id":"https:\/\/www.travel3.com.br\/site\/comece-a-viajar\/feliz-2023-para-voce\/#primaryimage"},"thumbnailUrl":"https:\/\/www.travel3.com.br\/site\/wp-content\/uploads\/2023\/01\/winter-landscape-2995987_1920.jpg","datePublished":"2023-01-08T03:47:15+00:00","dateModified":"2023-01-08T13:18:35+00:00","description":"feliz-2023-para-voce; Daqui deste inverno gelado e escuro, eu desejo a voc\u00ea, Viajante da Travel3, um ano novo iluminado!","breadcrumb":{"@id":"https:\/\/www.travel3.com.br\/site\/comece-a-viajar\/feliz-2023-para-voce\/#breadcrumb"},"inLanguage":"pt-BR","potentialAction":[{"@type":"ReadAction","target":["https:\/\/www.travel3.com.br\/site\/comece-a-viajar\/feliz-2023-para-voce\/"]}]},{"@type":"ImageObject","inLanguage":"pt-BR","@id":"https:\/\/www.travel3.com.br\/site\/comece-a-viajar\/feliz-2023-para-voce\/#primaryimage","url":"https:\/\/www.travel3.com.br\/site\/wp-content\/uploads\/2023\/01\/winter-landscape-2995987_1920.jpg","contentUrl":"https:\/\/www.travel3.com.br\/site\/wp-content\/uploads\/2023\/01\/winter-landscape-2995987_1920.jpg","width":1920,"height":1282,"caption":"(Foto: Divulga\u00e7\u00e3o)"},{"@type":"BreadcrumbList","@id":"https:\/\/www.travel3.com.br\/site\/comece-a-viajar\/feliz-2023-para-voce\/#breadcrumb","itemListElement":[{"@type":"ListItem","position":1,"name":"In\u00edcio","item":"https:\/\/www.travel3.com.br\/site\/"},{"@type":"ListItem","position":2,"name":"FELIZ 2023 para voc\u00ea!"}]},{"@type":"WebSite","@id":"https:\/\/www.travel3.com.br\/site\/#website","url":"https:\/\/www.travel3.com.br\/site\/","name":"Travel3","description":"Lazer + Neg&oacute;cios + Aventura","publisher":{"@id":"https:\/\/www.travel3.com.br\/site\/#organization"},"potentialAction":[{"@type":"SearchAction","target":{"@type":"EntryPoint","urlTemplate":"https:\/\/www.travel3.com.br\/site\/?s={search_term_string}"},"query-input":{"@type":"PropertyValueSpecification","valueRequired":true,"valueName":"search_term_string"}}],"inLanguage":"pt-BR"},{"@type":"Organization","@id":"https:\/\/www.travel3.com.br\/site\/#organization","name":"Travel3","url":"https:\/\/www.travel3.com.br\/site\/","logo":{"@type":"ImageObject","inLanguage":"pt-BR","@id":"https:\/\/www.travel3.com.br\/site\/#\/schema\/logo\/image\/","url":"https:\/\/www.travel3.com.br\/site\/wp-content\/uploads\/2020\/01\/logo-travel3-2020.png","contentUrl":"https:\/\/www.travel3.com.br\/site\/wp-content\/uploads\/2020\/01\/logo-travel3-2020.png","width":232,"height":79,"caption":"Travel3"},"image":{"@id":"https:\/\/www.travel3.com.br\/site\/#\/schema\/logo\/image\/"},"sameAs":["https:\/\/www.facebook.com\/travel3media\/","https:\/\/www.instagram.com\/revistatravel3\/","https:\/\/www.youtube.com\/channel\/UCno7J4paGBR3VbZQzvoJ9Eg"]},{"@type":"Person","@id":"https:\/\/www.travel3.com.br\/site\/#\/schema\/person\/ad24a6ccba88dcd54877f3d2fb76c605","name":"Claudia Tonaco","image":{"@type":"ImageObject","inLanguage":"pt-BR","@id":"https:\/\/www.travel3.com.br\/site\/#\/schema\/person\/image\/","url":"https:\/\/secure.gravatar.com\/avatar\/7c64bb31135bb8c28f49658a042f8b8a?s=96&d=mm&r=g","contentUrl":"https:\/\/secure.gravatar.com\/avatar\/7c64bb31135bb8c28f49658a042f8b8a?s=96&d=mm&r=g","caption":"Claudia Tonaco"},"sameAs":["http:\/\/www.travel3.com.br"],"url":"https:\/\/www.travel3.com.br\/site\/author\/tonaco\/"}]}},"_links":{"self":[{"href":"https:\/\/www.travel3.com.br\/site\/wp-json\/wp\/v2\/posts\/55153","targetHints":{"allow":["GET"]}}],"collection":[{"href":"https:\/\/www.travel3.com.br\/site\/wp-json\/wp\/v2\/posts"}],"about":[{"href":"https:\/\/www.travel3.com.br\/site\/wp-json\/wp\/v2\/types\/post"}],"author":[{"embeddable":true,"href":"https:\/\/www.travel3.com.br\/site\/wp-json\/wp\/v2\/users\/4"}],"replies":[{"embeddable":true,"href":"https:\/\/www.travel3.com.br\/site\/wp-json\/wp\/v2\/comments?post=55153"}],"version-history":[{"count":5,"href":"https:\/\/www.travel3.com.br\/site\/wp-json\/wp\/v2\/posts\/55153\/revisions"}],"predecessor-version":[{"id":55220,"href":"https:\/\/www.travel3.com.br\/site\/wp-json\/wp\/v2\/posts\/55153\/revisions\/55220"}],"wp:featuredmedia":[{"embeddable":true,"href":"https:\/\/www.travel3.com.br\/site\/wp-json\/wp\/v2\/media\/55156"}],"wp:attachment":[{"href":"https:\/\/www.travel3.com.br\/site\/wp-json\/wp\/v2\/media?parent=55153"}],"wp:term":[{"taxonomy":"category","embeddable":true,"href":"https:\/\/www.travel3.com.br\/site\/wp-json\/wp\/v2\/categories?post=55153"},{"taxonomy":"post_tag","embeddable":true,"href":"https:\/\/www.travel3.com.br\/site\/wp-json\/wp\/v2\/tags?post=55153"}],"curies":[{"name":"wp","href":"https:\/\/api.w.org\/{rel}","templated":true}]}}