{"id":5511,"date":"2017-08-10T00:46:37","date_gmt":"2017-08-10T00:46:37","guid":{"rendered":"http:\/\/www.travel3.com.br\/site\/ir-e-vir\/ar\/rio-de-janeiro-tera-festa-de-santos-populares-portugueses\/"},"modified":"2017-08-10T00:46:37","modified_gmt":"2017-08-10T00:46:37","slug":"rio-de-janeiro-tera-festa-de-santos-populares-portugueses","status":"publish","type":"post","link":"https:\/\/www.travel3.com.br\/site\/sem-categoria\/rio-de-janeiro-tera-festa-de-santos-populares-portugueses\/","title":{"rendered":"RIO DE JANEIRO TER\u00c1 FESTA DE SANTOS POPULARES PORTUGUESES"},"content":{"rendered":"<p><span style=\"color: #40acad; font-family: -apple-system, system-ui, 'Segoe UI', Roboto, Oxygen-Sans, Ubuntu, Cantarell, 'Helvetica Neue', sans-serif; font-size: 12px; font-weight: bold;\"><\/p>\n<p style=\"text-align: justify;\">Palco do desembarque da fam\u00edlia real portuguesa no Brasil, em 1808, a Pra\u00e7a XV, no centro do Rio de Janeiro,\u00a0abrigar\u00e1 a primeira edi\u00e7\u00e3o da Festa dos Santos Populares Portugueses, a mais tradicional de Portugal e que comemora o m\u00eas de Santo Ant\u00f4nio, S\u00e3o Jo\u00e3o e S\u00e3o Pedro. Entre 10 e 12 de junho, m\u00fasica, gastronomia, literatura e arte v\u00e3o dominar o espa\u00e7o aberto da Pra\u00e7a, Pa\u00e7o Imperial e Centro Cultural Banco do Brasil (CCBB). O espa\u00e7o ter\u00e1 ilumina\u00e7\u00e3o, enfeites, bal\u00f5es, bandeirinhas e toda a tradi\u00e7\u00e3o portuguesa que deu origem \u00e0s festas juninas brasileiras. O evento\u00a0\u00e9 gratuito e aberto ao p\u00fablico.<\/p>\n<p style=\"text-align: justify;\">\u201cA ideia \u00e9 proporcionar uma experi\u00eancia completa, unindo tradi\u00e7\u00e3o e contemporaneidade, em\u00a0um fim de semana repleto de cultura que vai festejar com alegria\u00a0as del\u00edcias de Portugal. Vamos fazer um festival multicultural que unir\u00e1 passado e presente\u201d, afirma Connie Lopes, idealizadora e curadora do festival no Brasil,\u00a0que escolheu o dia 10 para abrir a festa por ser o dia de Portugal, de Lu\u00eds de Cam\u00f5es e das comunidades portuguesas.\u00a0Nesse dia, o Cristo Redentor estar\u00e1 iluminado com as cores da bandeira portuguesa.<\/p>\n<p style=\"text-align: justify;\">O festival contar\u00e1 com uma\u00a0extensa programa\u00e7\u00e3o de shows com representantes da cultura pop portuguesa, como a banda Deolinda\u00a0(grupo de m\u00fasica popular inspirado no fado)\u00a0e o acorde\u00e3o fren\u00e9tico de Rosinha\u00a0(cantora que se destaca pelo humor nas suas letras),\u00a0que se apresentar\u00e3o no palco montado na Pra\u00e7a XV. Outra atra\u00e7\u00e3o musical ser\u00e1 a\u00a0sanfoneira Lucy Alves, que ficou conhecida na \u00faltima edi\u00e7\u00e3o do The Voice Brasil e que atualmente brilha na novela das 21h da rede Globo, Velho Chico. Nomes como Nicolas Krassik e Cordestinos, mistura de m\u00fasica cl\u00e1ssica e nordestina, e o Forr\u00f3 do Kiko, cuja marca registrada \u00e9 o improviso, tamb\u00e9m integram a agenda do evento. No 12, em homenagem a Santo Ant\u00f4nio, casamenteiro, a\u00a0<em>bigband<\/em>\u00a0Orquestra Imperial conduz o baile rom\u00e2ntico dos namorados. Haver\u00e1 ainda desfiles de trajes tradicionais t\u00edpicos portugueses e m\u00fasicos tocando as conhecidas Guitarradas Portuguesas.<\/p>\n<p style=\"text-align: justify;\">Em torno do palco,\u00a0haver\u00e1 barracas e foodtrucks com o melhor da gastronomia lusitana, com sardinhas assadas na brasa, bolinho de bacalhau, punheta (salada de bacalhau desfiado), bifanas (sandu\u00edche de carne de porco),\u00a0past\u00e9is de nata e bacalhau, al\u00e9m de cerveja artesanal e sangrias. J\u00e1 no Pa\u00e7o Imperial, haver\u00e1 sess\u00f5es de degusta\u00e7\u00e3o e um workshop culin\u00e1rio ministrado por Alexandre Henriques, chefe do restaurante Gruta Santo Ant\u00f4nio, em Niter\u00f3i, considerado um dos melhores restaurantes portugueses do Brasil.<\/p>\n<p style=\"text-align: justify;\">Ainda no Pa\u00e7o ser\u00e1 montada uma\u00a0exposi\u00e7\u00e3o de Cascatas\u00a0\u2013 maquetes que reproduzem a vida nas cidades. O portugu\u00eas Jos\u00e9 Carlos Amaral Fernandes far\u00e1 uma representa\u00e7\u00e3o do Porto, onde \u00e9 detentor do pr\u00eamio de melhor cascateiro. J\u00e1 o brasileiro Morrinho construir\u00e1 a maquete do Rio,\u00a0a partir de peda\u00e7os de tijolos, que reproduz as favelas da regi\u00e3o central no in\u00edcio do povoamento daquela \u00e1rea. A programa\u00e7\u00e3o englobar\u00e1, ainda, a transmiss\u00e3o inaugural do\u00a0document\u00e1rio Ba(p)tismo de Terra, obra que cruza seis hist\u00f3rias de sucesso da imigra\u00e7\u00e3o portuguesa no Rio de Janeiro.\u00a0\u00a0\u00a0<\/p>\n<p style=\"text-align: justify;\">Hist\u00f3ria e literatura tamb\u00e9m ter\u00e3o espa\u00e7o na festa. Haver\u00e1 palestras do historiador brasileiro Laurentino Gomes, autor do livro \u201c1808\u201d e de diversos livros sobre a hist\u00f3ria Brasil-Portugal, e do historiador portugu\u00eas Jorge Couto. Al\u00e9m disso, o comediante do grupo Porta dos Fundos Lu\u00eds Lobianco e o ator Ricardo Pereira,\u00a0atualmente no elenco da novela das 23h da rede Globo, Liberdade, Liberdade, far\u00e3o a leitura de textos de poesia portuguesa no palco.\u00a0\u201cQueremos mostrar o Portugal do passado, juntamente com a modernidade desse pa\u00eds que se projetou e continua se projetando\u201d, diz Pereira.<\/p>\n<p style=\"text-align: justify;\">A\u00a0Festa dos Santos Populares Portugueses \u00e9\u00a0organizada pela Natasha Artes com patroc\u00ednio de Guanabara Diesel, Est\u00e1cio, Triunfo Log\u00edstica; apoio de Galp, Telecine, EDP, Porto Bay, Caixa Geral dos Dep\u00f3sitos e apoio institucional do Consulado de Portugal no Brasil, C\u00e2mara do Com\u00e9rcio Portugal-Brasil, Rio Eventos e Pa\u00e7o Imperial. A Natasha Artes tamb\u00e9m organiza no Rio o Festival do Fado, que acontece anualmente na Cidade das Artes.<\/p>\n<p><\/span><\/p>\n","protected":false},"excerpt":{"rendered":"<p>Entre 10 e 12 de junho, o festival reunir\u00e1 m\u00fasica, gastronomia, arte popular e literatura no centro da cidade; evento \u00e9 gratuito<\/p>\n","protected":false},"author":1,"featured_media":0,"comment_status":"open","ping_status":"open","sticky":false,"template":"","format":"standard","meta":{"footnotes":""},"categories":[],"tags":[],"class_list":["post-5511","post","type-post","status-publish","format-standard","hentry"],"yoast_head":"<!-- This site is optimized with the Yoast SEO plugin v26.2 - https:\/\/yoast.com\/wordpress\/plugins\/seo\/ -->\n<title>RIO DE JANEIRO TER\u00c1 FESTA DE SANTOS POPULARES PORTUGUESES - Travel3<\/title>\n<meta name=\"description\" content=\"A TRAVEL3 \u00e9 um portal de conte\u00fado voltado para o turismo, encontre destinos, viagens, hospedagem, passagens, guias, not\u00edcias sobre o mercado do turismo, dicas de viagem, v\u00eddeos e podcast.\" \/>\n<meta name=\"robots\" content=\"index, follow, max-snippet:-1, max-image-preview:large, max-video-preview:-1\" \/>\n<link rel=\"canonical\" href=\"https:\/\/www.travel3.com.br\/site\/sem-categoria\/rio-de-janeiro-tera-festa-de-santos-populares-portugueses\/\" \/>\n<meta property=\"og:locale\" content=\"pt_BR\" \/>\n<meta property=\"og:type\" content=\"article\" \/>\n<meta property=\"og:title\" content=\"RIO DE JANEIRO TER\u00c1 FESTA DE SANTOS POPULARES PORTUGUESES - Travel3\" \/>\n<meta property=\"og:description\" content=\"A TRAVEL3 \u00e9 um portal de conte\u00fado voltado para o turismo, encontre destinos, viagens, hospedagem, passagens, guias, not\u00edcias sobre o mercado do turismo, dicas de viagem, v\u00eddeos e podcast.\" \/>\n<meta property=\"og:url\" content=\"https:\/\/www.travel3.com.br\/site\/sem-categoria\/rio-de-janeiro-tera-festa-de-santos-populares-portugueses\/\" \/>\n<meta property=\"og:site_name\" content=\"Travel3\" \/>\n<meta property=\"article:publisher\" content=\"https:\/\/www.facebook.com\/travel3media\/\" \/>\n<meta property=\"article:published_time\" content=\"2017-08-10T00:46:37+00:00\" \/>\n<meta name=\"author\" content=\"admin\" \/>\n<meta name=\"twitter:card\" content=\"summary_large_image\" \/>\n<meta name=\"twitter:label1\" content=\"Escrito por\" \/>\n\t<meta name=\"twitter:data1\" content=\"admin\" \/>\n\t<meta name=\"twitter:label2\" content=\"Est. tempo de leitura\" \/>\n\t<meta name=\"twitter:data2\" content=\"4 minutos\" \/>\n<script type=\"application\/ld+json\" class=\"yoast-schema-graph\">{\"@context\":\"https:\/\/schema.org\",\"@graph\":[{\"@type\":\"Article\",\"@id\":\"https:\/\/www.travel3.com.br\/site\/sem-categoria\/rio-de-janeiro-tera-festa-de-santos-populares-portugueses\/#article\",\"isPartOf\":{\"@id\":\"https:\/\/www.travel3.com.br\/site\/sem-categoria\/rio-de-janeiro-tera-festa-de-santos-populares-portugueses\/\"},\"author\":{\"name\":\"admin\",\"@id\":\"https:\/\/www.travel3.com.br\/site\/#\/schema\/person\/a69d71e41a024999b6ab82369ac0bd1e\"},\"headline\":\"RIO DE JANEIRO TER\u00c1 FESTA DE SANTOS POPULARES PORTUGUESES\",\"datePublished\":\"2017-08-10T00:46:37+00:00\",\"mainEntityOfPage\":{\"@id\":\"https:\/\/www.travel3.com.br\/site\/sem-categoria\/rio-de-janeiro-tera-festa-de-santos-populares-portugueses\/\"},\"wordCount\":730,\"commentCount\":0,\"publisher\":{\"@id\":\"https:\/\/www.travel3.com.br\/site\/#organization\"},\"inLanguage\":\"pt-BR\",\"potentialAction\":[{\"@type\":\"CommentAction\",\"name\":\"Comment\",\"target\":[\"https:\/\/www.travel3.com.br\/site\/sem-categoria\/rio-de-janeiro-tera-festa-de-santos-populares-portugueses\/#respond\"]}]},{\"@type\":\"WebPage\",\"@id\":\"https:\/\/www.travel3.com.br\/site\/sem-categoria\/rio-de-janeiro-tera-festa-de-santos-populares-portugueses\/\",\"url\":\"https:\/\/www.travel3.com.br\/site\/sem-categoria\/rio-de-janeiro-tera-festa-de-santos-populares-portugueses\/\",\"name\":\"RIO DE JANEIRO TER\u00c1 FESTA DE SANTOS POPULARES PORTUGUESES - Travel3\",\"isPartOf\":{\"@id\":\"https:\/\/www.travel3.com.br\/site\/#website\"},\"datePublished\":\"2017-08-10T00:46:37+00:00\",\"description\":\"A TRAVEL3 \u00e9 um portal de conte\u00fado voltado para o turismo, encontre destinos, viagens, hospedagem, passagens, guias, not\u00edcias sobre o mercado do turismo, dicas de viagem, v\u00eddeos e podcast.\",\"breadcrumb\":{\"@id\":\"https:\/\/www.travel3.com.br\/site\/sem-categoria\/rio-de-janeiro-tera-festa-de-santos-populares-portugueses\/#breadcrumb\"},\"inLanguage\":\"pt-BR\",\"potentialAction\":[{\"@type\":\"ReadAction\",\"target\":[\"https:\/\/www.travel3.com.br\/site\/sem-categoria\/rio-de-janeiro-tera-festa-de-santos-populares-portugueses\/\"]}]},{\"@type\":\"BreadcrumbList\",\"@id\":\"https:\/\/www.travel3.com.br\/site\/sem-categoria\/rio-de-janeiro-tera-festa-de-santos-populares-portugueses\/#breadcrumb\",\"itemListElement\":[{\"@type\":\"ListItem\",\"position\":1,\"name\":\"In\u00edcio\",\"item\":\"https:\/\/www.travel3.com.br\/site\/\"},{\"@type\":\"ListItem\",\"position\":2,\"name\":\"RIO DE JANEIRO TER\u00c1 FESTA DE SANTOS POPULARES PORTUGUESES\"}]},{\"@type\":\"WebSite\",\"@id\":\"https:\/\/www.travel3.com.br\/site\/#website\",\"url\":\"https:\/\/www.travel3.com.br\/site\/\",\"name\":\"Travel3\",\"description\":\"Lazer + Neg&oacute;cios + Aventura\",\"publisher\":{\"@id\":\"https:\/\/www.travel3.com.br\/site\/#organization\"},\"potentialAction\":[{\"@type\":\"SearchAction\",\"target\":{\"@type\":\"EntryPoint\",\"urlTemplate\":\"https:\/\/www.travel3.com.br\/site\/?s={search_term_string}\"},\"query-input\":{\"@type\":\"PropertyValueSpecification\",\"valueRequired\":true,\"valueName\":\"search_term_string\"}}],\"inLanguage\":\"pt-BR\"},{\"@type\":\"Organization\",\"@id\":\"https:\/\/www.travel3.com.br\/site\/#organization\",\"name\":\"Travel3\",\"url\":\"https:\/\/www.travel3.com.br\/site\/\",\"logo\":{\"@type\":\"ImageObject\",\"inLanguage\":\"pt-BR\",\"@id\":\"https:\/\/www.travel3.com.br\/site\/#\/schema\/logo\/image\/\",\"url\":\"https:\/\/www.travel3.com.br\/site\/wp-content\/uploads\/2020\/01\/logo-travel3-2020.png\",\"contentUrl\":\"https:\/\/www.travel3.com.br\/site\/wp-content\/uploads\/2020\/01\/logo-travel3-2020.png\",\"width\":232,\"height\":79,\"caption\":\"Travel3\"},\"image\":{\"@id\":\"https:\/\/www.travel3.com.br\/site\/#\/schema\/logo\/image\/\"},\"sameAs\":[\"https:\/\/www.facebook.com\/travel3media\/\",\"https:\/\/www.instagram.com\/revistatravel3\/\",\"https:\/\/www.youtube.com\/channel\/UCno7J4paGBR3VbZQzvoJ9Eg\"]},{\"@type\":\"Person\",\"@id\":\"https:\/\/www.travel3.com.br\/site\/#\/schema\/person\/a69d71e41a024999b6ab82369ac0bd1e\",\"name\":\"admin\",\"image\":{\"@type\":\"ImageObject\",\"inLanguage\":\"pt-BR\",\"@id\":\"https:\/\/www.travel3.com.br\/site\/#\/schema\/person\/image\/\",\"url\":\"https:\/\/secure.gravatar.com\/avatar\/732a67adfd764da2a47ba10ce731c4c0?s=96&d=mm&r=g\",\"contentUrl\":\"https:\/\/secure.gravatar.com\/avatar\/732a67adfd764da2a47ba10ce731c4c0?s=96&d=mm&r=g\",\"caption\":\"admin\"},\"url\":\"https:\/\/www.travel3.com.br\/site\/author\/admin\/\"}]}<\/script>\n<!-- \/ Yoast SEO plugin. -->","yoast_head_json":{"title":"RIO DE JANEIRO TER\u00c1 FESTA DE SANTOS POPULARES PORTUGUESES - Travel3","description":"A TRAVEL3 \u00e9 um portal de conte\u00fado voltado para o turismo, encontre destinos, viagens, hospedagem, passagens, guias, not\u00edcias sobre o mercado do turismo, dicas de viagem, v\u00eddeos e podcast.","robots":{"index":"index","follow":"follow","max-snippet":"max-snippet:-1","max-image-preview":"max-image-preview:large","max-video-preview":"max-video-preview:-1"},"canonical":"https:\/\/www.travel3.com.br\/site\/sem-categoria\/rio-de-janeiro-tera-festa-de-santos-populares-portugueses\/","og_locale":"pt_BR","og_type":"article","og_title":"RIO DE JANEIRO TER\u00c1 FESTA DE SANTOS POPULARES PORTUGUESES - Travel3","og_description":"A TRAVEL3 \u00e9 um portal de conte\u00fado voltado para o turismo, encontre destinos, viagens, hospedagem, passagens, guias, not\u00edcias sobre o mercado do turismo, dicas de viagem, v\u00eddeos e podcast.","og_url":"https:\/\/www.travel3.com.br\/site\/sem-categoria\/rio-de-janeiro-tera-festa-de-santos-populares-portugueses\/","og_site_name":"Travel3","article_publisher":"https:\/\/www.facebook.com\/travel3media\/","article_published_time":"2017-08-10T00:46:37+00:00","author":"admin","twitter_card":"summary_large_image","twitter_misc":{"Escrito por":"admin","Est. tempo de leitura":"4 minutos"},"schema":{"@context":"https:\/\/schema.org","@graph":[{"@type":"Article","@id":"https:\/\/www.travel3.com.br\/site\/sem-categoria\/rio-de-janeiro-tera-festa-de-santos-populares-portugueses\/#article","isPartOf":{"@id":"https:\/\/www.travel3.com.br\/site\/sem-categoria\/rio-de-janeiro-tera-festa-de-santos-populares-portugueses\/"},"author":{"name":"admin","@id":"https:\/\/www.travel3.com.br\/site\/#\/schema\/person\/a69d71e41a024999b6ab82369ac0bd1e"},"headline":"RIO DE JANEIRO TER\u00c1 FESTA DE SANTOS POPULARES PORTUGUESES","datePublished":"2017-08-10T00:46:37+00:00","mainEntityOfPage":{"@id":"https:\/\/www.travel3.com.br\/site\/sem-categoria\/rio-de-janeiro-tera-festa-de-santos-populares-portugueses\/"},"wordCount":730,"commentCount":0,"publisher":{"@id":"https:\/\/www.travel3.com.br\/site\/#organization"},"inLanguage":"pt-BR","potentialAction":[{"@type":"CommentAction","name":"Comment","target":["https:\/\/www.travel3.com.br\/site\/sem-categoria\/rio-de-janeiro-tera-festa-de-santos-populares-portugueses\/#respond"]}]},{"@type":"WebPage","@id":"https:\/\/www.travel3.com.br\/site\/sem-categoria\/rio-de-janeiro-tera-festa-de-santos-populares-portugueses\/","url":"https:\/\/www.travel3.com.br\/site\/sem-categoria\/rio-de-janeiro-tera-festa-de-santos-populares-portugueses\/","name":"RIO DE JANEIRO TER\u00c1 FESTA DE SANTOS POPULARES PORTUGUESES - Travel3","isPartOf":{"@id":"https:\/\/www.travel3.com.br\/site\/#website"},"datePublished":"2017-08-10T00:46:37+00:00","description":"A TRAVEL3 \u00e9 um portal de conte\u00fado voltado para o turismo, encontre destinos, viagens, hospedagem, passagens, guias, not\u00edcias sobre o mercado do turismo, dicas de viagem, v\u00eddeos e podcast.","breadcrumb":{"@id":"https:\/\/www.travel3.com.br\/site\/sem-categoria\/rio-de-janeiro-tera-festa-de-santos-populares-portugueses\/#breadcrumb"},"inLanguage":"pt-BR","potentialAction":[{"@type":"ReadAction","target":["https:\/\/www.travel3.com.br\/site\/sem-categoria\/rio-de-janeiro-tera-festa-de-santos-populares-portugueses\/"]}]},{"@type":"BreadcrumbList","@id":"https:\/\/www.travel3.com.br\/site\/sem-categoria\/rio-de-janeiro-tera-festa-de-santos-populares-portugueses\/#breadcrumb","itemListElement":[{"@type":"ListItem","position":1,"name":"In\u00edcio","item":"https:\/\/www.travel3.com.br\/site\/"},{"@type":"ListItem","position":2,"name":"RIO DE JANEIRO TER\u00c1 FESTA DE SANTOS POPULARES PORTUGUESES"}]},{"@type":"WebSite","@id":"https:\/\/www.travel3.com.br\/site\/#website","url":"https:\/\/www.travel3.com.br\/site\/","name":"Travel3","description":"Lazer + Neg&oacute;cios + Aventura","publisher":{"@id":"https:\/\/www.travel3.com.br\/site\/#organization"},"potentialAction":[{"@type":"SearchAction","target":{"@type":"EntryPoint","urlTemplate":"https:\/\/www.travel3.com.br\/site\/?s={search_term_string}"},"query-input":{"@type":"PropertyValueSpecification","valueRequired":true,"valueName":"search_term_string"}}],"inLanguage":"pt-BR"},{"@type":"Organization","@id":"https:\/\/www.travel3.com.br\/site\/#organization","name":"Travel3","url":"https:\/\/www.travel3.com.br\/site\/","logo":{"@type":"ImageObject","inLanguage":"pt-BR","@id":"https:\/\/www.travel3.com.br\/site\/#\/schema\/logo\/image\/","url":"https:\/\/www.travel3.com.br\/site\/wp-content\/uploads\/2020\/01\/logo-travel3-2020.png","contentUrl":"https:\/\/www.travel3.com.br\/site\/wp-content\/uploads\/2020\/01\/logo-travel3-2020.png","width":232,"height":79,"caption":"Travel3"},"image":{"@id":"https:\/\/www.travel3.com.br\/site\/#\/schema\/logo\/image\/"},"sameAs":["https:\/\/www.facebook.com\/travel3media\/","https:\/\/www.instagram.com\/revistatravel3\/","https:\/\/www.youtube.com\/channel\/UCno7J4paGBR3VbZQzvoJ9Eg"]},{"@type":"Person","@id":"https:\/\/www.travel3.com.br\/site\/#\/schema\/person\/a69d71e41a024999b6ab82369ac0bd1e","name":"admin","image":{"@type":"ImageObject","inLanguage":"pt-BR","@id":"https:\/\/www.travel3.com.br\/site\/#\/schema\/person\/image\/","url":"https:\/\/secure.gravatar.com\/avatar\/732a67adfd764da2a47ba10ce731c4c0?s=96&d=mm&r=g","contentUrl":"https:\/\/secure.gravatar.com\/avatar\/732a67adfd764da2a47ba10ce731c4c0?s=96&d=mm&r=g","caption":"admin"},"url":"https:\/\/www.travel3.com.br\/site\/author\/admin\/"}]}},"_links":{"self":[{"href":"https:\/\/www.travel3.com.br\/site\/wp-json\/wp\/v2\/posts\/5511","targetHints":{"allow":["GET"]}}],"collection":[{"href":"https:\/\/www.travel3.com.br\/site\/wp-json\/wp\/v2\/posts"}],"about":[{"href":"https:\/\/www.travel3.com.br\/site\/wp-json\/wp\/v2\/types\/post"}],"author":[{"embeddable":true,"href":"https:\/\/www.travel3.com.br\/site\/wp-json\/wp\/v2\/users\/1"}],"replies":[{"embeddable":true,"href":"https:\/\/www.travel3.com.br\/site\/wp-json\/wp\/v2\/comments?post=5511"}],"version-history":[{"count":0,"href":"https:\/\/www.travel3.com.br\/site\/wp-json\/wp\/v2\/posts\/5511\/revisions"}],"wp:attachment":[{"href":"https:\/\/www.travel3.com.br\/site\/wp-json\/wp\/v2\/media?parent=5511"}],"wp:term":[{"taxonomy":"category","embeddable":true,"href":"https:\/\/www.travel3.com.br\/site\/wp-json\/wp\/v2\/categories?post=5511"},{"taxonomy":"post_tag","embeddable":true,"href":"https:\/\/www.travel3.com.br\/site\/wp-json\/wp\/v2\/tags?post=5511"}],"curies":[{"name":"wp","href":"https:\/\/api.w.org\/{rel}","templated":true}]}}