{"id":5506,"date":"2017-08-09T11:48:50","date_gmt":"2017-08-09T11:48:50","guid":{"rendered":"http:\/\/www.travel3.com.br\/site\/ir-e-vir\/ar\/aruba-tem-ofertas-especiais-para-o-mes-do-bem-estar\/"},"modified":"2017-08-09T11:48:50","modified_gmt":"2017-08-09T11:48:50","slug":"aruba-tem-ofertas-especiais-para-o-mes-do-bem-estar","status":"publish","type":"post","link":"https:\/\/www.travel3.com.br\/site\/sem-categoria\/aruba-tem-ofertas-especiais-para-o-mes-do-bem-estar\/","title":{"rendered":"ARUBA TEM OFERTAS ESPECIAIS PARA O M\u00caS DO BEM-ESTAR"},"content":{"rendered":"<p><span style=\"color: #40acad; font-family: -apple-system, system-ui, 'Segoe UI', Roboto, Oxygen-Sans, Ubuntu, Cantarell, 'Helvetica Neue', sans-serif; font-size: 12px; font-weight: bold;\"><\/p>\n<p style=\"text-align: justify;\">A primeira edi\u00e7\u00e3o do festival Aloe Wellness Month acontece em junho de 2016 e promete trazer experi\u00eancias inigual\u00e1veis aos visitantes de Aruba. Durante esse m\u00eas, spas, atra\u00e7\u00f5es e servi\u00e7os da ilha apresentar\u00e3o atividades rejuvenescedoras gratuitas ou a pre\u00e7os convidativos, e os hot\u00e9is ter\u00e3o pacotes especiais. Os benef\u00edcios oferecidos incluir\u00e3o cr\u00e9ditos no spa, aulas de ioga gr\u00e1tis, demonstra\u00e7\u00f5es de culin\u00e1ria com chefs de cozinha premiados e outros mimos que demonstram a variedade de programas de bem-estar dispon\u00edveis na Ilha Feliz.<\/p>\n<p style=\"text-align: justify;\">O m\u00eas do bem-estar \u00e9 inspirado na comemora\u00e7\u00e3o dos 125 anos de cultivo do aloe na ilha. N\u00e3o \u00e9 \u00e0 toa que aloe \u00e9 tema do festival: tamb\u00e9m conhecida como babosa, esta planta \u00e9 famosa por suas propriedades curativas.<\/p>\n<p style=\"text-align: justify;\">Confira programas gr\u00e1tis ou com descontos dispon\u00edveis durante o m\u00eas de junho e saiba quais s\u00e3o as novidades culturais com edi\u00e7\u00e3o limitada ao Wellness Month.<\/p>\n<p style=\"text-align: justify;\">\n<strong>Programas com ofertas<\/strong><\/p>\n<p style=\"text-align: justify;\"><strong>Aulas de tai chi gratuitas<\/strong><br \/>\nOferecidas pela Sociedade Taoista de Tai Chi de Aruba, estas relaxantes aulas acontecem aos domingos durante o p\u00f4r do sol e o nascer do sol. Doa\u00e7\u00f5es s\u00e3o bem-vindas.\u00a0<\/p>\n<p style=\"text-align: justify;\"><strong>Aulas de canoagem com 10% de desconto<\/strong><br \/>\nMinistradas pelo brasileiro Ulysses Matarozzi, as divertidas aulas de canoagem do Aruba Canoe acontecem todos os dias, exceto aos domingos, e custam US$ 45. As sess\u00f5es da manh\u00e3 est\u00e3o com 10% de desconto durante o Wellness Month.\u00a0<\/p>\n<p style=\"text-align: justify;\"><strong>Stand Up Paddle com 10% de desconto<\/strong><br \/>\nCertificados pela Associa\u00e7\u00e3o Mundial de SUP e pela Paddlefit Pro, o\u00a0Aruba Surf &#038; Paddleboarding School oferece 10% de desconto nas aulas marcadas diretamente pelo site da escola (arubasurfschool.com). As animadas sess\u00f5es de SUP ensinam \u00f3timas t\u00e9cnicas e custam a partir de US$ 60.\u00a0<\/p>\n<p style=\"text-align: justify;\"><strong>Yoga promocional<\/strong><br \/>\nAs aulas ao p\u00f4r do sol (das 18h30 \u00e0s 19h30) do Dushi Yoga t\u00eam US$ 5 de desconto todas as sextas-feiras do Wellness Month. O custo regular \u00e9 de US$ 10 e as aulas s\u00e3o ministradas na praia, em frente ao Manchebo Beach Resort &#038; Spa.<\/p>\n<p style=\"text-align: justify;\">O Wildmoon Yoga oferece tamb\u00e9m US$ 5 de desconto por sess\u00e3o (que normalmente custa US$ 15), todas as quintas-feiras a partir das 20h no Kitty Kitty Aruba Studio (Italiestraat 20, Oranjestad).<\/p>\n<p style=\"text-align: justify;\">J\u00e1 a HappyBuddha Yoga (Monserat 5, Noord) oferece US$ 10 de desconto no pacote de cinco aulas, quando comprado diretamente no site (happybuddha-aruba.com). As sess\u00f5es podem ser de manh\u00e3 ou \u00e0 tarde e o cart\u00e3o de cinco aulas custa US$ 60 com o desconto.<\/p>\n<p style=\"text-align: justify;\"><strong>Medita\u00e7\u00e3o gr\u00e1tis<\/strong><br \/>\nSess\u00f5es de medita\u00e7\u00e3o sahaja-yoga s\u00e3o gratuitas \u00e0s sextas no centro de yoga Prana Aruba (Zepp Lampestraat 10, Oranjestad), das 18h30 \u00e0s 19h30. Tamb\u00e9m h\u00e1 sess\u00f5es francas \u00e0s segundas e quintas-feiras, das 14h30 \u00e0s 15h30, no Da Vinci Academy (Vondellaan 2, Oranjestad); e \u00e0s ter\u00e7as e quintas-feiras ao lado da fonte do shopping Paseo Herencia, das 19h30 \u00e0s 20h30. Pedem-se doa\u00e7\u00f5es para cobrir os custos.\u00a0<\/p>\n<p style=\"text-align: justify;\"><strong>Aulas de Pole Dancing com oferta<\/strong><br \/>\nExerc\u00edcio, equil\u00edbrio e dan\u00e7a se mesclam nas aulas da Kitty Kitty Aruba Studio (Italiestraat 20, Oranjestad), que oferecem 15% de desconto em qualquer pacote, com atividades a partir de US$ 20. H\u00e1 sess\u00f5es de segunda a s\u00e1bado.<br \/>\n\u00a0<\/p>\n<p style=\"text-align: justify;\"><strong>Edi\u00e7\u00f5es limitadas<\/strong><\/p>\n<p style=\"text-align: justify;\"><strong>Aula de dan\u00e7a na Casa Ayo<\/strong><br \/>\n\u00c0s segundas, quartas e quintas-feiras, explore a rica cultura arubana atrav\u00e9s de aulas de dan\u00e7a tradicional e folcl\u00f3rica (com ritmos como a tumba e a valsa arubana) e da aprecia\u00e7\u00e3o da arte local. Ap\u00f3s a aula, ser\u00e1 servido um almo\u00e7o leve com apresenta\u00e7\u00e3o de coreografia. O pre\u00e7o (US$ 59,95) inclui a aula de dan\u00e7a, apresenta\u00e7\u00e3o de arte, almo\u00e7o e bebidas na Casa Ayo (Residency Ayo 36J).\u00a0<\/p>\n<p style=\"text-align: justify;\"><strong>Aula de arte e ch\u00e1 da tarde no Museu Hist\u00f3rico<\/strong><br \/>\nO Aloe Wellness Month proporcionar\u00e1 uma experi\u00eancia singular: aulas de arte e ch\u00e1 da tarde em pleno Museu Hist\u00f3rico de Aruba (Zoutmanstraat 6, Oranjestad), que fica dentro dos monumentos mais antigos da ilha, a Torre Willem III, de 147 anos, e o Fort Zoutman, de 220 anos. A obra de arte feita durante a sess\u00e3o pode ser levada para casa como souvenir. As atividades acontecem \u00e0s quartas-feiras, das 9h \u00e0s 12h, e custam US$ 150 por pessoa (inclui todo o material e ch\u00e1 da tarde).<\/p>\n<p style=\"text-align: justify;\"><strong>Tour e tratamentos de beleza no Aruba Aloe Balm N.V.<\/strong><br \/>\nOs visitantes do museu e da f\u00e1brica de produtos Aruba Aloe Balm N.V. (Pitastraat 115, Oranjestad) podem aprender sobre a hist\u00f3ria e o significado desta planta na ilha. Durante o Wellness Month, no fim da visita h\u00e1 uma oferta especial: um esteticista vai criar receitas individuais e personalizadas de produto para estimular o bem-estar da mente e do corpo. A visita pode ser feita de segunda a s\u00e1bado, das 8h \u00e0s 16h30 (aos s\u00e1bados abre \u00e0s 9h) e custa US$ 25 por pessoa.<br \/>\n\u00a0<\/p>\n<p style=\"text-align: justify;\">Saiba mais no site oficial do Aruba Aloe Wellness Month em\u00a0<a href=\"http:\/\/br.aruba.com\/mes-do-bemestar-aruba-aloe\" target=\"_blank\">br.aruba.com\/mes-do-bemestar-aruba-aloe<\/a>.<\/p>\n<figure class=\"icon-overlay icn-enlarge\"> <a href=\"..\/_uploads\/_noticia\/2016-05\/imageproxy--4-.jpg\" class=\"fancybox-media\" data-rel=\"portfolio\" rel=\"portfolio\"><span class=\"icn-more\"><\/span> <img decoding=\"async\" src=\"..\/_uploads\/_noticia\/2016-05\/imageproxy--4-.jpg\" alt=\"\"><\/a><\/figure>\n<p><\/span><\/p>\n","protected":false},"excerpt":{"rendered":"<p>O m\u00eas do bem-estar \u00e9 inspirado na comemora\u00e7\u00e3o dos 125 anos de cultivo do aloe na ilha. N\u00e3o \u00e9 \u00e0 toa que aloe \u00e9 tema do festival<\/p>\n","protected":false},"author":1,"featured_media":0,"comment_status":"open","ping_status":"open","sticky":false,"template":"","format":"standard","meta":{"footnotes":""},"categories":[],"tags":[],"class_list":["post-5506","post","type-post","status-publish","format-standard","hentry"],"yoast_head":"<!-- This site is optimized with the Yoast SEO plugin v26.2 - https:\/\/yoast.com\/wordpress\/plugins\/seo\/ -->\n<title>ARUBA TEM OFERTAS ESPECIAIS PARA O M\u00caS DO BEM-ESTAR - Travel3<\/title>\n<meta name=\"description\" content=\"A TRAVEL3 \u00e9 um portal de conte\u00fado voltado para o turismo, encontre destinos, viagens, hospedagem, passagens, guias, not\u00edcias sobre o mercado do turismo, dicas de viagem, v\u00eddeos e podcast.\" \/>\n<meta name=\"robots\" content=\"index, follow, max-snippet:-1, max-image-preview:large, max-video-preview:-1\" \/>\n<link rel=\"canonical\" href=\"https:\/\/www.travel3.com.br\/site\/sem-categoria\/aruba-tem-ofertas-especiais-para-o-mes-do-bem-estar\/\" \/>\n<meta property=\"og:locale\" content=\"pt_BR\" \/>\n<meta property=\"og:type\" content=\"article\" \/>\n<meta property=\"og:title\" content=\"ARUBA TEM OFERTAS ESPECIAIS PARA O M\u00caS DO BEM-ESTAR - Travel3\" \/>\n<meta property=\"og:description\" content=\"A TRAVEL3 \u00e9 um portal de conte\u00fado voltado para o turismo, encontre destinos, viagens, hospedagem, passagens, guias, not\u00edcias sobre o mercado do turismo, dicas de viagem, v\u00eddeos e podcast.\" \/>\n<meta property=\"og:url\" content=\"https:\/\/www.travel3.com.br\/site\/sem-categoria\/aruba-tem-ofertas-especiais-para-o-mes-do-bem-estar\/\" \/>\n<meta property=\"og:site_name\" content=\"Travel3\" \/>\n<meta property=\"article:publisher\" content=\"https:\/\/www.facebook.com\/travel3media\/\" \/>\n<meta property=\"article:published_time\" content=\"2017-08-09T11:48:50+00:00\" \/>\n<meta name=\"author\" content=\"admin\" \/>\n<meta name=\"twitter:card\" content=\"summary_large_image\" \/>\n<meta name=\"twitter:label1\" content=\"Escrito por\" \/>\n\t<meta name=\"twitter:data1\" content=\"admin\" \/>\n\t<meta name=\"twitter:label2\" content=\"Est. tempo de leitura\" \/>\n\t<meta name=\"twitter:data2\" content=\"4 minutos\" \/>\n<script type=\"application\/ld+json\" class=\"yoast-schema-graph\">{\"@context\":\"https:\/\/schema.org\",\"@graph\":[{\"@type\":\"Article\",\"@id\":\"https:\/\/www.travel3.com.br\/site\/sem-categoria\/aruba-tem-ofertas-especiais-para-o-mes-do-bem-estar\/#article\",\"isPartOf\":{\"@id\":\"https:\/\/www.travel3.com.br\/site\/sem-categoria\/aruba-tem-ofertas-especiais-para-o-mes-do-bem-estar\/\"},\"author\":{\"name\":\"admin\",\"@id\":\"https:\/\/www.travel3.com.br\/site\/#\/schema\/person\/a69d71e41a024999b6ab82369ac0bd1e\"},\"headline\":\"ARUBA TEM OFERTAS ESPECIAIS PARA O M\u00caS DO BEM-ESTAR\",\"datePublished\":\"2017-08-09T11:48:50+00:00\",\"mainEntityOfPage\":{\"@id\":\"https:\/\/www.travel3.com.br\/site\/sem-categoria\/aruba-tem-ofertas-especiais-para-o-mes-do-bem-estar\/\"},\"wordCount\":836,\"commentCount\":0,\"publisher\":{\"@id\":\"https:\/\/www.travel3.com.br\/site\/#organization\"},\"inLanguage\":\"pt-BR\",\"potentialAction\":[{\"@type\":\"CommentAction\",\"name\":\"Comment\",\"target\":[\"https:\/\/www.travel3.com.br\/site\/sem-categoria\/aruba-tem-ofertas-especiais-para-o-mes-do-bem-estar\/#respond\"]}]},{\"@type\":\"WebPage\",\"@id\":\"https:\/\/www.travel3.com.br\/site\/sem-categoria\/aruba-tem-ofertas-especiais-para-o-mes-do-bem-estar\/\",\"url\":\"https:\/\/www.travel3.com.br\/site\/sem-categoria\/aruba-tem-ofertas-especiais-para-o-mes-do-bem-estar\/\",\"name\":\"ARUBA TEM OFERTAS ESPECIAIS PARA O M\u00caS DO BEM-ESTAR - Travel3\",\"isPartOf\":{\"@id\":\"https:\/\/www.travel3.com.br\/site\/#website\"},\"datePublished\":\"2017-08-09T11:48:50+00:00\",\"description\":\"A TRAVEL3 \u00e9 um portal de conte\u00fado voltado para o turismo, encontre destinos, viagens, hospedagem, passagens, guias, not\u00edcias sobre o mercado do turismo, dicas de viagem, v\u00eddeos e podcast.\",\"breadcrumb\":{\"@id\":\"https:\/\/www.travel3.com.br\/site\/sem-categoria\/aruba-tem-ofertas-especiais-para-o-mes-do-bem-estar\/#breadcrumb\"},\"inLanguage\":\"pt-BR\",\"potentialAction\":[{\"@type\":\"ReadAction\",\"target\":[\"https:\/\/www.travel3.com.br\/site\/sem-categoria\/aruba-tem-ofertas-especiais-para-o-mes-do-bem-estar\/\"]}]},{\"@type\":\"BreadcrumbList\",\"@id\":\"https:\/\/www.travel3.com.br\/site\/sem-categoria\/aruba-tem-ofertas-especiais-para-o-mes-do-bem-estar\/#breadcrumb\",\"itemListElement\":[{\"@type\":\"ListItem\",\"position\":1,\"name\":\"In\u00edcio\",\"item\":\"https:\/\/www.travel3.com.br\/site\/\"},{\"@type\":\"ListItem\",\"position\":2,\"name\":\"ARUBA TEM OFERTAS ESPECIAIS PARA O M\u00caS DO BEM-ESTAR\"}]},{\"@type\":\"WebSite\",\"@id\":\"https:\/\/www.travel3.com.br\/site\/#website\",\"url\":\"https:\/\/www.travel3.com.br\/site\/\",\"name\":\"Travel3\",\"description\":\"Lazer + Neg&oacute;cios + Aventura\",\"publisher\":{\"@id\":\"https:\/\/www.travel3.com.br\/site\/#organization\"},\"potentialAction\":[{\"@type\":\"SearchAction\",\"target\":{\"@type\":\"EntryPoint\",\"urlTemplate\":\"https:\/\/www.travel3.com.br\/site\/?s={search_term_string}\"},\"query-input\":{\"@type\":\"PropertyValueSpecification\",\"valueRequired\":true,\"valueName\":\"search_term_string\"}}],\"inLanguage\":\"pt-BR\"},{\"@type\":\"Organization\",\"@id\":\"https:\/\/www.travel3.com.br\/site\/#organization\",\"name\":\"Travel3\",\"url\":\"https:\/\/www.travel3.com.br\/site\/\",\"logo\":{\"@type\":\"ImageObject\",\"inLanguage\":\"pt-BR\",\"@id\":\"https:\/\/www.travel3.com.br\/site\/#\/schema\/logo\/image\/\",\"url\":\"https:\/\/www.travel3.com.br\/site\/wp-content\/uploads\/2020\/01\/logo-travel3-2020.png\",\"contentUrl\":\"https:\/\/www.travel3.com.br\/site\/wp-content\/uploads\/2020\/01\/logo-travel3-2020.png\",\"width\":232,\"height\":79,\"caption\":\"Travel3\"},\"image\":{\"@id\":\"https:\/\/www.travel3.com.br\/site\/#\/schema\/logo\/image\/\"},\"sameAs\":[\"https:\/\/www.facebook.com\/travel3media\/\",\"https:\/\/www.instagram.com\/revistatravel3\/\",\"https:\/\/www.youtube.com\/channel\/UCno7J4paGBR3VbZQzvoJ9Eg\"]},{\"@type\":\"Person\",\"@id\":\"https:\/\/www.travel3.com.br\/site\/#\/schema\/person\/a69d71e41a024999b6ab82369ac0bd1e\",\"name\":\"admin\",\"image\":{\"@type\":\"ImageObject\",\"inLanguage\":\"pt-BR\",\"@id\":\"https:\/\/www.travel3.com.br\/site\/#\/schema\/person\/image\/\",\"url\":\"https:\/\/secure.gravatar.com\/avatar\/732a67adfd764da2a47ba10ce731c4c0?s=96&d=mm&r=g\",\"contentUrl\":\"https:\/\/secure.gravatar.com\/avatar\/732a67adfd764da2a47ba10ce731c4c0?s=96&d=mm&r=g\",\"caption\":\"admin\"},\"url\":\"https:\/\/www.travel3.com.br\/site\/author\/admin\/\"}]}<\/script>\n<!-- \/ Yoast SEO plugin. -->","yoast_head_json":{"title":"ARUBA TEM OFERTAS ESPECIAIS PARA O M\u00caS DO BEM-ESTAR - Travel3","description":"A TRAVEL3 \u00e9 um portal de conte\u00fado voltado para o turismo, encontre destinos, viagens, hospedagem, passagens, guias, not\u00edcias sobre o mercado do turismo, dicas de viagem, v\u00eddeos e podcast.","robots":{"index":"index","follow":"follow","max-snippet":"max-snippet:-1","max-image-preview":"max-image-preview:large","max-video-preview":"max-video-preview:-1"},"canonical":"https:\/\/www.travel3.com.br\/site\/sem-categoria\/aruba-tem-ofertas-especiais-para-o-mes-do-bem-estar\/","og_locale":"pt_BR","og_type":"article","og_title":"ARUBA TEM OFERTAS ESPECIAIS PARA O M\u00caS DO BEM-ESTAR - Travel3","og_description":"A TRAVEL3 \u00e9 um portal de conte\u00fado voltado para o turismo, encontre destinos, viagens, hospedagem, passagens, guias, not\u00edcias sobre o mercado do turismo, dicas de viagem, v\u00eddeos e podcast.","og_url":"https:\/\/www.travel3.com.br\/site\/sem-categoria\/aruba-tem-ofertas-especiais-para-o-mes-do-bem-estar\/","og_site_name":"Travel3","article_publisher":"https:\/\/www.facebook.com\/travel3media\/","article_published_time":"2017-08-09T11:48:50+00:00","author":"admin","twitter_card":"summary_large_image","twitter_misc":{"Escrito por":"admin","Est. tempo de leitura":"4 minutos"},"schema":{"@context":"https:\/\/schema.org","@graph":[{"@type":"Article","@id":"https:\/\/www.travel3.com.br\/site\/sem-categoria\/aruba-tem-ofertas-especiais-para-o-mes-do-bem-estar\/#article","isPartOf":{"@id":"https:\/\/www.travel3.com.br\/site\/sem-categoria\/aruba-tem-ofertas-especiais-para-o-mes-do-bem-estar\/"},"author":{"name":"admin","@id":"https:\/\/www.travel3.com.br\/site\/#\/schema\/person\/a69d71e41a024999b6ab82369ac0bd1e"},"headline":"ARUBA TEM OFERTAS ESPECIAIS PARA O M\u00caS DO BEM-ESTAR","datePublished":"2017-08-09T11:48:50+00:00","mainEntityOfPage":{"@id":"https:\/\/www.travel3.com.br\/site\/sem-categoria\/aruba-tem-ofertas-especiais-para-o-mes-do-bem-estar\/"},"wordCount":836,"commentCount":0,"publisher":{"@id":"https:\/\/www.travel3.com.br\/site\/#organization"},"inLanguage":"pt-BR","potentialAction":[{"@type":"CommentAction","name":"Comment","target":["https:\/\/www.travel3.com.br\/site\/sem-categoria\/aruba-tem-ofertas-especiais-para-o-mes-do-bem-estar\/#respond"]}]},{"@type":"WebPage","@id":"https:\/\/www.travel3.com.br\/site\/sem-categoria\/aruba-tem-ofertas-especiais-para-o-mes-do-bem-estar\/","url":"https:\/\/www.travel3.com.br\/site\/sem-categoria\/aruba-tem-ofertas-especiais-para-o-mes-do-bem-estar\/","name":"ARUBA TEM OFERTAS ESPECIAIS PARA O M\u00caS DO BEM-ESTAR - Travel3","isPartOf":{"@id":"https:\/\/www.travel3.com.br\/site\/#website"},"datePublished":"2017-08-09T11:48:50+00:00","description":"A TRAVEL3 \u00e9 um portal de conte\u00fado voltado para o turismo, encontre destinos, viagens, hospedagem, passagens, guias, not\u00edcias sobre o mercado do turismo, dicas de viagem, v\u00eddeos e podcast.","breadcrumb":{"@id":"https:\/\/www.travel3.com.br\/site\/sem-categoria\/aruba-tem-ofertas-especiais-para-o-mes-do-bem-estar\/#breadcrumb"},"inLanguage":"pt-BR","potentialAction":[{"@type":"ReadAction","target":["https:\/\/www.travel3.com.br\/site\/sem-categoria\/aruba-tem-ofertas-especiais-para-o-mes-do-bem-estar\/"]}]},{"@type":"BreadcrumbList","@id":"https:\/\/www.travel3.com.br\/site\/sem-categoria\/aruba-tem-ofertas-especiais-para-o-mes-do-bem-estar\/#breadcrumb","itemListElement":[{"@type":"ListItem","position":1,"name":"In\u00edcio","item":"https:\/\/www.travel3.com.br\/site\/"},{"@type":"ListItem","position":2,"name":"ARUBA TEM OFERTAS ESPECIAIS PARA O M\u00caS DO BEM-ESTAR"}]},{"@type":"WebSite","@id":"https:\/\/www.travel3.com.br\/site\/#website","url":"https:\/\/www.travel3.com.br\/site\/","name":"Travel3","description":"Lazer + Neg&oacute;cios + Aventura","publisher":{"@id":"https:\/\/www.travel3.com.br\/site\/#organization"},"potentialAction":[{"@type":"SearchAction","target":{"@type":"EntryPoint","urlTemplate":"https:\/\/www.travel3.com.br\/site\/?s={search_term_string}"},"query-input":{"@type":"PropertyValueSpecification","valueRequired":true,"valueName":"search_term_string"}}],"inLanguage":"pt-BR"},{"@type":"Organization","@id":"https:\/\/www.travel3.com.br\/site\/#organization","name":"Travel3","url":"https:\/\/www.travel3.com.br\/site\/","logo":{"@type":"ImageObject","inLanguage":"pt-BR","@id":"https:\/\/www.travel3.com.br\/site\/#\/schema\/logo\/image\/","url":"https:\/\/www.travel3.com.br\/site\/wp-content\/uploads\/2020\/01\/logo-travel3-2020.png","contentUrl":"https:\/\/www.travel3.com.br\/site\/wp-content\/uploads\/2020\/01\/logo-travel3-2020.png","width":232,"height":79,"caption":"Travel3"},"image":{"@id":"https:\/\/www.travel3.com.br\/site\/#\/schema\/logo\/image\/"},"sameAs":["https:\/\/www.facebook.com\/travel3media\/","https:\/\/www.instagram.com\/revistatravel3\/","https:\/\/www.youtube.com\/channel\/UCno7J4paGBR3VbZQzvoJ9Eg"]},{"@type":"Person","@id":"https:\/\/www.travel3.com.br\/site\/#\/schema\/person\/a69d71e41a024999b6ab82369ac0bd1e","name":"admin","image":{"@type":"ImageObject","inLanguage":"pt-BR","@id":"https:\/\/www.travel3.com.br\/site\/#\/schema\/person\/image\/","url":"https:\/\/secure.gravatar.com\/avatar\/732a67adfd764da2a47ba10ce731c4c0?s=96&d=mm&r=g","contentUrl":"https:\/\/secure.gravatar.com\/avatar\/732a67adfd764da2a47ba10ce731c4c0?s=96&d=mm&r=g","caption":"admin"},"url":"https:\/\/www.travel3.com.br\/site\/author\/admin\/"}]}},"_links":{"self":[{"href":"https:\/\/www.travel3.com.br\/site\/wp-json\/wp\/v2\/posts\/5506","targetHints":{"allow":["GET"]}}],"collection":[{"href":"https:\/\/www.travel3.com.br\/site\/wp-json\/wp\/v2\/posts"}],"about":[{"href":"https:\/\/www.travel3.com.br\/site\/wp-json\/wp\/v2\/types\/post"}],"author":[{"embeddable":true,"href":"https:\/\/www.travel3.com.br\/site\/wp-json\/wp\/v2\/users\/1"}],"replies":[{"embeddable":true,"href":"https:\/\/www.travel3.com.br\/site\/wp-json\/wp\/v2\/comments?post=5506"}],"version-history":[{"count":0,"href":"https:\/\/www.travel3.com.br\/site\/wp-json\/wp\/v2\/posts\/5506\/revisions"}],"wp:attachment":[{"href":"https:\/\/www.travel3.com.br\/site\/wp-json\/wp\/v2\/media?parent=5506"}],"wp:term":[{"taxonomy":"category","embeddable":true,"href":"https:\/\/www.travel3.com.br\/site\/wp-json\/wp\/v2\/categories?post=5506"},{"taxonomy":"post_tag","embeddable":true,"href":"https:\/\/www.travel3.com.br\/site\/wp-json\/wp\/v2\/tags?post=5506"}],"curies":[{"name":"wp","href":"https:\/\/api.w.org\/{rel}","templated":true}]}}