{"id":5491,"date":"2017-09-04T21:40:29","date_gmt":"2017-09-04T21:40:29","guid":{"rendered":"http:\/\/www.travel3.com.br\/site\/ir-e-vir\/ar\/experiencias-no-cinturao-verde-de-frankfurt\/"},"modified":"2017-09-04T21:40:29","modified_gmt":"2017-09-04T21:40:29","slug":"experiencias-no-cinturao-verde-de-frankfurt","status":"publish","type":"post","link":"https:\/\/www.travel3.com.br\/site\/sem-categoria\/experiencias-no-cinturao-verde-de-frankfurt\/","title":{"rendered":"EXPERIENCIAS NO CINTUR\u00c3O VERDE DE FRANKFURT"},"content":{"rendered":"<p><span style=\"color: #40acad; font-family: -apple-system, system-ui, 'Segoe UI', Roboto, Oxygen-Sans, Ubuntu, Cantarell, 'Helvetica Neue', sans-serif; font-size: 12px; font-weight: bold;\"><\/p>\n<p style=\"text-align:justify\"><strong>FRANKFURT<\/strong> \u2013 A metr\u00f3pole financeira, centro de muitas decis\u00f5es econ\u00f4micas e empresariais n\u00e3o s\u00f3 da Alemanha mas de toda a Uni\u00e3o Europ\u00e9ia n\u00e3o se descuida. Tem uma das maiores preocupa\u00e7\u00f5es ambientais e um chamado \u2018cintur\u00e3o verde\u2019 que estimula projetos desde as culturas org\u00e2nicas e evolu\u00e7\u00f5es vegetais, aos parques diversificados e meios de transporte.<\/p>\n<p style=\"text-align:justify\"><a class=\"fancybox-media\" href=\"..\/_uploads\/_noticia\/2016-05\/dscn5438--2-.jpg\" rel=\"portfolio\"><img decoding=\"async\" alt=\"\" src=\"..\/_uploads\/_noticia\/2016-05\/dscn5438--2-.jpg\" \/><\/a><\/p>\n<p style=\"text-align:justify\">Circulando pelas ruas com espa\u00e7os arborizados, canteiros que ilustram art\u00e9rias de nomes famosos \u2013 como a Konrad Adenauer Strabe \u2013 o contraponto com v\u00e1rios jardins e \u00e1reas verdes. Onibus el\u00e9tricos quase silenciosos s\u00e3o bem uma prova desta circula\u00e7\u00e3o e preciosa combina\u00e7\u00e3o entre o colorido ambiental e o tom cinza t\u00e3o caracter\u00edstico de edif\u00edcios.<\/p>\n<p style=\"text-align:justify\"><a class=\"fancybox-media\" href=\"..\/_uploads\/_noticia\/2016-05\/dscn5443--2-.jpg\" rel=\"portfolio\"><img decoding=\"async\" alt=\"\" src=\"..\/_uploads\/_noticia\/2016-05\/dscn5443--2-.jpg\" \/><\/a><\/p>\n<p style=\"text-align:justify\">Vamos pr\u00f3ximos, para uma vista geral da cidade em seu ritmo habitual de trabalho observando tamb\u00e9m o que aconteceu na historia milenar at\u00e9 os dias atuais. A regi\u00e3o produtora de vinho que se estendia por cerca de 10 km. na parte oeste de Frankfurt. A contraven\u00e7\u00e3o da larva vinda de outros continentes destruiu os vinhedos at\u00e9 surgirem os desordenados pomares alternativos.<\/p>\n<p style=\"text-align:justify\">Estamos justamente no centro daquele que j\u00e1 foi o maior pomar da regi\u00e3o do estado de Hessen. \u00a0Exatamente no que restou desta parte, em 1,3 hectares recuperados como terreno produtivo, onde hoje s\u00e3o produzidas 10 mil garrafas do vinho riesling oficial \u00a0do munic\u00edpio, servidos pela prefeitura nos eventos e que \u00e9 uma prova viva da parceria entre publico e privado. Pois uma parte \u00e9 comercializada pela associa\u00e7\u00e3o formada pelos 160 membros cooperados que tem o cultivo como lema quase volunt\u00e1rio.<\/p>\n<p style=\"text-align:justify\"><a class=\"fancybox-media\" href=\"..\/_uploads\/_noticia\/2016-05\/dscn5457--2-.jpg\" rel=\"portfolio\"><img decoding=\"async\" alt=\"\" src=\"..\/_uploads\/_noticia\/2016-05\/dscn5457--2-.jpg\" \/><\/a><\/p>\n<p style=\"text-align:justify\"><strong>Uma boa lembran\u00e7a para levar de Frankfurt, o vinho oficial tem venda exclusiva neste local, 9,50 euros a garrafa. Pode levar tamb\u00e9m o espumante ou alguns dos melhores vinhos de ma\u00e7a<\/strong><\/p>\n<p style=\"text-align:justify\"><a class=\"fancybox-media\" href=\"..\/_uploads\/_noticia\/2016-05\/dscn5458--2-.jpg\" rel=\"portfolio\"><img decoding=\"async\" alt=\"\" src=\"..\/_uploads\/_noticia\/2016-05\/dscn5458--2-.jpg\" \/><\/a><\/p>\n<p style=\"text-align:justify\">No acordo com a prefeitura, 6 mil crian\u00e7as passam por aqui, muitas com o seu aprendizado pelo campo e o solo, no trabalho desenvolvido por seis pedagogos, contratados \u00a0pela associa\u00e7\u00e3o que atua como arrendat\u00e1ria e que desenvolveu este projeto progressivo de horticultura ecol\u00f3gica e conserva\u00e7\u00e3o a partir dos anos 50.<\/p>\n<p style=\"text-align:justify\">Neste jardim em Lohrberg, nos arredores, a 185 metros, o \u00fanico vinhedo remanescente na \u00e1rea urbana. S\u00e3o 650 \u00e1rvores e 60 delas macieiras. 15 hectares de pomar, produ\u00e7\u00e3o que envolve a fruta b\u00e1sica, ameixa, cereja e at\u00e9 duas de marmelo que entram no espumante \u2013 que eles chamam de champagne de ma\u00e7\u00e3. \u00a0A cultura da fruta que transp\u00f5e o elemento de identidade regional.<\/p>\n<p style=\"text-align:justify\">A fruta da Vida, desde Ad\u00e3o e Eva, seus ritos e dogmas desde Guilherme Tell, respira-se no perfume desta \u00e1rea onde os moradores de Frankfurt, visitantes e turistas, vem respirar, aspirar o ar puro, entender a ma\u00e7a como filosofia e conte\u00fado, exemplos que os jardins bem cuidados do \u2018Main Appelhauses\u2019 e a planta\u00e7\u00e3o assimilada fazem saltar \u00e0 vista.<\/p>\n<p style=\"text-align:justify\"><a class=\"fancybox-media\" href=\"..\/_uploads\/_noticia\/2016-05\/dscn5451.jpg\" rel=\"portfolio\"><img decoding=\"async\" alt=\"\" src=\"..\/_uploads\/_noticia\/2016-05\/dscn5451.jpg\" \/><\/a><\/p>\n<p style=\"text-align:justify\">Tem multimacieira que produz dez tipos diferentes atrav\u00e9s de enxertos. \u00c1rvores que por 280 euros cada passam a ser adotadas, o cultivo de jardins tem\u00e1ticos. Algo assim como a provar que \u2018em se plantando, tudo d\u00e1\u2019.<\/p>\n<p style=\"text-align:justify\"><a class=\"fancybox-media\" href=\"..\/_uploads\/_noticia\/2016-05\/dscn5448--2-.jpg\" rel=\"portfolio\"><img decoding=\"async\" alt=\"\" src=\"..\/_uploads\/_noticia\/2016-05\/dscn5448--2-.jpg\" \/><\/a><\/p>\n<p style=\"text-align:justify\">E o contexto da fama do vinho de ma\u00e7a de Frankfurt ? Pois 10% da produ\u00e7\u00e3o alem\u00e3 da fruta sai daqui, explica Gerhard Weinrich, o coordenador respons\u00e1vel pelo funcionamento deste peda\u00e7o de paraiso onde uma amostra t\u00e3o vis\u00edvel de como o alem\u00e3o trabalha o turismo de sustentabilidade, tanto que o numero de visitantes cresceu muito nestes ultimos cinco anos.<\/p>\n<p style=\"text-align:justify\"><a class=\"fancybox-media\" href=\"..\/_uploads\/_noticia\/2016-05\/dscn5455--2-.jpg\" rel=\"portfolio\"><img decoding=\"async\" alt=\"\" src=\"..\/_uploads\/_noticia\/2016-05\/dscn5455--2-.jpg\" \/><\/a><\/p>\n<p style=\"text-align:justify\">Frankfurt, a terceira cidade do pais mais visitada por brasileiros, teve oito milh\u00f5es de pernoites na mais recente estat\u00edstica do DZT, tem este e v\u00e1rios outros projetos sustent\u00e1veis que realmente valorizam e referendam esta programa\u00e7\u00e3o organizada pela Braztoa e DZT. S\u00e3o a\u00e7\u00f5es que surpreendem, acendem a curiosidade e estimulam pr\u00e1ticas convergentes, como adiantou Adonai Arruda Filho, diretor comercial da BWT, a empresa paranaense que foi primeiro lugar entre as operadoras Braztoa na premia\u00e7\u00e3o de 2105.<\/p>\n<p style=\"text-align:justify\">\u2018Nas empresas do grupo em Curitiba temos um sitio que tem distribui\u00e7\u00e3o rateada entre os funcion\u00e1rios. S\u00f3 que nas aplica\u00e7\u00f5es deste formato, como aplica\u00e7\u00e3o de ganhos com produtividade no trabalho associativo \u00e9 algo que bem podemos pensar em aplicar. \u00c9 muito interessante o que observamos por aqui\u2019.<\/p>\n<p style=\"text-align:justify\">Tem mais. No roteiro de dois dias por Frankfurt, a cidade do Meno \u2013 o rio que corta a cidade e muito representa em sua integra\u00e7\u00e3o \u2013 ainda temos muito a conhecer. O Frankfurter Garden, no centro, maior projeto de jardinagem urbana do Hessen. \u00a0A sustentabilidade dos arranha-ceus e dos parques. \u00a0Passeio com o Velotaxi, \u00a0o modo de transporte que os da cidade curtem e os visitantes mais ainda. \u00a0Seguimos\u00a0 viagem.<\/p>\n<p style=\"text-align:justify\"><a class=\"fancybox-media\" href=\"..\/_uploads\/_noticia\/2016-05\/dscn5463.jpg\" rel=\"portfolio\"><img decoding=\"async\" alt=\"\" src=\"..\/_uploads\/_noticia\/2016-05\/dscn5463.jpg\" \/><\/a><\/p>\n<p style=\"text-align:justify\"><strong>A TRAVEL3 viaja com a assist\u00eancia APRIL Brasil \u2013 Mudando \u00a0a imagem do Seguro \u00a0\u00a0<\/strong><\/p>\n<p>\u00a0<\/p>\n<p>\u00a0<\/p>\n<p>\u00a0<\/p>\n<p>\u00a0<\/p>\n<p>\u00a0<\/p>\n<p>\u00a0<\/p>\n<p>\u00a0<\/p>\n<p>\u00a0<\/p>\n<p><\/span><\/p>\n","protected":false},"excerpt":{"rendered":"<p>\u00c1reas onde a cidade surpreende, do vinho de ma\u00e7a tradicional ao oficial Riesling e detalhes da produ\u00e7\u00e3o e condi\u00e7\u00e3o ambiental<\/p>\n","protected":false},"author":1,"featured_media":0,"comment_status":"open","ping_status":"open","sticky":false,"template":"","format":"standard","meta":{"footnotes":""},"categories":[],"tags":[],"class_list":["post-5491","post","type-post","status-publish","format-standard","hentry"],"yoast_head":"<!-- This site is optimized with the Yoast SEO plugin v26.2 - https:\/\/yoast.com\/wordpress\/plugins\/seo\/ -->\n<title>EXPERIENCIAS NO CINTUR\u00c3O VERDE DE FRANKFURT - Travel3<\/title>\n<meta name=\"description\" content=\"A TRAVEL3 \u00e9 um portal de conte\u00fado voltado para o turismo, encontre destinos, viagens, hospedagem, passagens, guias, not\u00edcias sobre o mercado do turismo, dicas de viagem, v\u00eddeos e podcast.\" \/>\n<meta name=\"robots\" content=\"index, follow, max-snippet:-1, max-image-preview:large, max-video-preview:-1\" \/>\n<link rel=\"canonical\" href=\"https:\/\/www.travel3.com.br\/site\/sem-categoria\/experiencias-no-cinturao-verde-de-frankfurt\/\" \/>\n<meta property=\"og:locale\" content=\"pt_BR\" \/>\n<meta property=\"og:type\" content=\"article\" \/>\n<meta property=\"og:title\" content=\"EXPERIENCIAS NO CINTUR\u00c3O VERDE DE FRANKFURT - Travel3\" \/>\n<meta property=\"og:description\" content=\"A TRAVEL3 \u00e9 um portal de conte\u00fado voltado para o turismo, encontre destinos, viagens, hospedagem, passagens, guias, not\u00edcias sobre o mercado do turismo, dicas de viagem, v\u00eddeos e podcast.\" \/>\n<meta property=\"og:url\" content=\"https:\/\/www.travel3.com.br\/site\/sem-categoria\/experiencias-no-cinturao-verde-de-frankfurt\/\" \/>\n<meta property=\"og:site_name\" content=\"Travel3\" \/>\n<meta property=\"article:publisher\" content=\"https:\/\/www.facebook.com\/travel3media\/\" \/>\n<meta property=\"article:published_time\" content=\"2017-09-04T21:40:29+00:00\" \/>\n<meta name=\"author\" content=\"admin\" \/>\n<meta name=\"twitter:card\" content=\"summary_large_image\" \/>\n<meta name=\"twitter:label1\" content=\"Escrito por\" \/>\n\t<meta name=\"twitter:data1\" content=\"admin\" \/>\n\t<meta name=\"twitter:label2\" content=\"Est. tempo de leitura\" \/>\n\t<meta name=\"twitter:data2\" content=\"4 minutos\" \/>\n<script type=\"application\/ld+json\" class=\"yoast-schema-graph\">{\"@context\":\"https:\/\/schema.org\",\"@graph\":[{\"@type\":\"Article\",\"@id\":\"https:\/\/www.travel3.com.br\/site\/sem-categoria\/experiencias-no-cinturao-verde-de-frankfurt\/#article\",\"isPartOf\":{\"@id\":\"https:\/\/www.travel3.com.br\/site\/sem-categoria\/experiencias-no-cinturao-verde-de-frankfurt\/\"},\"author\":{\"name\":\"admin\",\"@id\":\"https:\/\/www.travel3.com.br\/site\/#\/schema\/person\/a69d71e41a024999b6ab82369ac0bd1e\"},\"headline\":\"EXPERIENCIAS NO CINTUR\u00c3O VERDE DE FRANKFURT\",\"datePublished\":\"2017-09-04T21:40:29+00:00\",\"mainEntityOfPage\":{\"@id\":\"https:\/\/www.travel3.com.br\/site\/sem-categoria\/experiencias-no-cinturao-verde-de-frankfurt\/\"},\"wordCount\":801,\"commentCount\":0,\"publisher\":{\"@id\":\"https:\/\/www.travel3.com.br\/site\/#organization\"},\"inLanguage\":\"pt-BR\",\"potentialAction\":[{\"@type\":\"CommentAction\",\"name\":\"Comment\",\"target\":[\"https:\/\/www.travel3.com.br\/site\/sem-categoria\/experiencias-no-cinturao-verde-de-frankfurt\/#respond\"]}]},{\"@type\":\"WebPage\",\"@id\":\"https:\/\/www.travel3.com.br\/site\/sem-categoria\/experiencias-no-cinturao-verde-de-frankfurt\/\",\"url\":\"https:\/\/www.travel3.com.br\/site\/sem-categoria\/experiencias-no-cinturao-verde-de-frankfurt\/\",\"name\":\"EXPERIENCIAS NO CINTUR\u00c3O VERDE DE FRANKFURT - Travel3\",\"isPartOf\":{\"@id\":\"https:\/\/www.travel3.com.br\/site\/#website\"},\"datePublished\":\"2017-09-04T21:40:29+00:00\",\"description\":\"A TRAVEL3 \u00e9 um portal de conte\u00fado voltado para o turismo, encontre destinos, viagens, hospedagem, passagens, guias, not\u00edcias sobre o mercado do turismo, dicas de viagem, v\u00eddeos e podcast.\",\"breadcrumb\":{\"@id\":\"https:\/\/www.travel3.com.br\/site\/sem-categoria\/experiencias-no-cinturao-verde-de-frankfurt\/#breadcrumb\"},\"inLanguage\":\"pt-BR\",\"potentialAction\":[{\"@type\":\"ReadAction\",\"target\":[\"https:\/\/www.travel3.com.br\/site\/sem-categoria\/experiencias-no-cinturao-verde-de-frankfurt\/\"]}]},{\"@type\":\"BreadcrumbList\",\"@id\":\"https:\/\/www.travel3.com.br\/site\/sem-categoria\/experiencias-no-cinturao-verde-de-frankfurt\/#breadcrumb\",\"itemListElement\":[{\"@type\":\"ListItem\",\"position\":1,\"name\":\"In\u00edcio\",\"item\":\"https:\/\/www.travel3.com.br\/site\/\"},{\"@type\":\"ListItem\",\"position\":2,\"name\":\"EXPERIENCIAS NO CINTUR\u00c3O VERDE DE FRANKFURT\"}]},{\"@type\":\"WebSite\",\"@id\":\"https:\/\/www.travel3.com.br\/site\/#website\",\"url\":\"https:\/\/www.travel3.com.br\/site\/\",\"name\":\"Travel3\",\"description\":\"Lazer + Neg&oacute;cios + Aventura\",\"publisher\":{\"@id\":\"https:\/\/www.travel3.com.br\/site\/#organization\"},\"potentialAction\":[{\"@type\":\"SearchAction\",\"target\":{\"@type\":\"EntryPoint\",\"urlTemplate\":\"https:\/\/www.travel3.com.br\/site\/?s={search_term_string}\"},\"query-input\":{\"@type\":\"PropertyValueSpecification\",\"valueRequired\":true,\"valueName\":\"search_term_string\"}}],\"inLanguage\":\"pt-BR\"},{\"@type\":\"Organization\",\"@id\":\"https:\/\/www.travel3.com.br\/site\/#organization\",\"name\":\"Travel3\",\"url\":\"https:\/\/www.travel3.com.br\/site\/\",\"logo\":{\"@type\":\"ImageObject\",\"inLanguage\":\"pt-BR\",\"@id\":\"https:\/\/www.travel3.com.br\/site\/#\/schema\/logo\/image\/\",\"url\":\"https:\/\/www.travel3.com.br\/site\/wp-content\/uploads\/2020\/01\/logo-travel3-2020.png\",\"contentUrl\":\"https:\/\/www.travel3.com.br\/site\/wp-content\/uploads\/2020\/01\/logo-travel3-2020.png\",\"width\":232,\"height\":79,\"caption\":\"Travel3\"},\"image\":{\"@id\":\"https:\/\/www.travel3.com.br\/site\/#\/schema\/logo\/image\/\"},\"sameAs\":[\"https:\/\/www.facebook.com\/travel3media\/\",\"https:\/\/www.instagram.com\/revistatravel3\/\",\"https:\/\/www.youtube.com\/channel\/UCno7J4paGBR3VbZQzvoJ9Eg\"]},{\"@type\":\"Person\",\"@id\":\"https:\/\/www.travel3.com.br\/site\/#\/schema\/person\/a69d71e41a024999b6ab82369ac0bd1e\",\"name\":\"admin\",\"image\":{\"@type\":\"ImageObject\",\"inLanguage\":\"pt-BR\",\"@id\":\"https:\/\/www.travel3.com.br\/site\/#\/schema\/person\/image\/\",\"url\":\"https:\/\/secure.gravatar.com\/avatar\/732a67adfd764da2a47ba10ce731c4c0?s=96&d=mm&r=g\",\"contentUrl\":\"https:\/\/secure.gravatar.com\/avatar\/732a67adfd764da2a47ba10ce731c4c0?s=96&d=mm&r=g\",\"caption\":\"admin\"},\"url\":\"https:\/\/www.travel3.com.br\/site\/author\/admin\/\"}]}<\/script>\n<!-- \/ Yoast SEO plugin. -->","yoast_head_json":{"title":"EXPERIENCIAS NO CINTUR\u00c3O VERDE DE FRANKFURT - Travel3","description":"A TRAVEL3 \u00e9 um portal de conte\u00fado voltado para o turismo, encontre destinos, viagens, hospedagem, passagens, guias, not\u00edcias sobre o mercado do turismo, dicas de viagem, v\u00eddeos e podcast.","robots":{"index":"index","follow":"follow","max-snippet":"max-snippet:-1","max-image-preview":"max-image-preview:large","max-video-preview":"max-video-preview:-1"},"canonical":"https:\/\/www.travel3.com.br\/site\/sem-categoria\/experiencias-no-cinturao-verde-de-frankfurt\/","og_locale":"pt_BR","og_type":"article","og_title":"EXPERIENCIAS NO CINTUR\u00c3O VERDE DE FRANKFURT - Travel3","og_description":"A TRAVEL3 \u00e9 um portal de conte\u00fado voltado para o turismo, encontre destinos, viagens, hospedagem, passagens, guias, not\u00edcias sobre o mercado do turismo, dicas de viagem, v\u00eddeos e podcast.","og_url":"https:\/\/www.travel3.com.br\/site\/sem-categoria\/experiencias-no-cinturao-verde-de-frankfurt\/","og_site_name":"Travel3","article_publisher":"https:\/\/www.facebook.com\/travel3media\/","article_published_time":"2017-09-04T21:40:29+00:00","author":"admin","twitter_card":"summary_large_image","twitter_misc":{"Escrito por":"admin","Est. tempo de leitura":"4 minutos"},"schema":{"@context":"https:\/\/schema.org","@graph":[{"@type":"Article","@id":"https:\/\/www.travel3.com.br\/site\/sem-categoria\/experiencias-no-cinturao-verde-de-frankfurt\/#article","isPartOf":{"@id":"https:\/\/www.travel3.com.br\/site\/sem-categoria\/experiencias-no-cinturao-verde-de-frankfurt\/"},"author":{"name":"admin","@id":"https:\/\/www.travel3.com.br\/site\/#\/schema\/person\/a69d71e41a024999b6ab82369ac0bd1e"},"headline":"EXPERIENCIAS NO CINTUR\u00c3O VERDE DE FRANKFURT","datePublished":"2017-09-04T21:40:29+00:00","mainEntityOfPage":{"@id":"https:\/\/www.travel3.com.br\/site\/sem-categoria\/experiencias-no-cinturao-verde-de-frankfurt\/"},"wordCount":801,"commentCount":0,"publisher":{"@id":"https:\/\/www.travel3.com.br\/site\/#organization"},"inLanguage":"pt-BR","potentialAction":[{"@type":"CommentAction","name":"Comment","target":["https:\/\/www.travel3.com.br\/site\/sem-categoria\/experiencias-no-cinturao-verde-de-frankfurt\/#respond"]}]},{"@type":"WebPage","@id":"https:\/\/www.travel3.com.br\/site\/sem-categoria\/experiencias-no-cinturao-verde-de-frankfurt\/","url":"https:\/\/www.travel3.com.br\/site\/sem-categoria\/experiencias-no-cinturao-verde-de-frankfurt\/","name":"EXPERIENCIAS NO CINTUR\u00c3O VERDE DE FRANKFURT - Travel3","isPartOf":{"@id":"https:\/\/www.travel3.com.br\/site\/#website"},"datePublished":"2017-09-04T21:40:29+00:00","description":"A TRAVEL3 \u00e9 um portal de conte\u00fado voltado para o turismo, encontre destinos, viagens, hospedagem, passagens, guias, not\u00edcias sobre o mercado do turismo, dicas de viagem, v\u00eddeos e podcast.","breadcrumb":{"@id":"https:\/\/www.travel3.com.br\/site\/sem-categoria\/experiencias-no-cinturao-verde-de-frankfurt\/#breadcrumb"},"inLanguage":"pt-BR","potentialAction":[{"@type":"ReadAction","target":["https:\/\/www.travel3.com.br\/site\/sem-categoria\/experiencias-no-cinturao-verde-de-frankfurt\/"]}]},{"@type":"BreadcrumbList","@id":"https:\/\/www.travel3.com.br\/site\/sem-categoria\/experiencias-no-cinturao-verde-de-frankfurt\/#breadcrumb","itemListElement":[{"@type":"ListItem","position":1,"name":"In\u00edcio","item":"https:\/\/www.travel3.com.br\/site\/"},{"@type":"ListItem","position":2,"name":"EXPERIENCIAS NO CINTUR\u00c3O VERDE DE FRANKFURT"}]},{"@type":"WebSite","@id":"https:\/\/www.travel3.com.br\/site\/#website","url":"https:\/\/www.travel3.com.br\/site\/","name":"Travel3","description":"Lazer + Neg&oacute;cios + Aventura","publisher":{"@id":"https:\/\/www.travel3.com.br\/site\/#organization"},"potentialAction":[{"@type":"SearchAction","target":{"@type":"EntryPoint","urlTemplate":"https:\/\/www.travel3.com.br\/site\/?s={search_term_string}"},"query-input":{"@type":"PropertyValueSpecification","valueRequired":true,"valueName":"search_term_string"}}],"inLanguage":"pt-BR"},{"@type":"Organization","@id":"https:\/\/www.travel3.com.br\/site\/#organization","name":"Travel3","url":"https:\/\/www.travel3.com.br\/site\/","logo":{"@type":"ImageObject","inLanguage":"pt-BR","@id":"https:\/\/www.travel3.com.br\/site\/#\/schema\/logo\/image\/","url":"https:\/\/www.travel3.com.br\/site\/wp-content\/uploads\/2020\/01\/logo-travel3-2020.png","contentUrl":"https:\/\/www.travel3.com.br\/site\/wp-content\/uploads\/2020\/01\/logo-travel3-2020.png","width":232,"height":79,"caption":"Travel3"},"image":{"@id":"https:\/\/www.travel3.com.br\/site\/#\/schema\/logo\/image\/"},"sameAs":["https:\/\/www.facebook.com\/travel3media\/","https:\/\/www.instagram.com\/revistatravel3\/","https:\/\/www.youtube.com\/channel\/UCno7J4paGBR3VbZQzvoJ9Eg"]},{"@type":"Person","@id":"https:\/\/www.travel3.com.br\/site\/#\/schema\/person\/a69d71e41a024999b6ab82369ac0bd1e","name":"admin","image":{"@type":"ImageObject","inLanguage":"pt-BR","@id":"https:\/\/www.travel3.com.br\/site\/#\/schema\/person\/image\/","url":"https:\/\/secure.gravatar.com\/avatar\/732a67adfd764da2a47ba10ce731c4c0?s=96&d=mm&r=g","contentUrl":"https:\/\/secure.gravatar.com\/avatar\/732a67adfd764da2a47ba10ce731c4c0?s=96&d=mm&r=g","caption":"admin"},"url":"https:\/\/www.travel3.com.br\/site\/author\/admin\/"}]}},"_links":{"self":[{"href":"https:\/\/www.travel3.com.br\/site\/wp-json\/wp\/v2\/posts\/5491","targetHints":{"allow":["GET"]}}],"collection":[{"href":"https:\/\/www.travel3.com.br\/site\/wp-json\/wp\/v2\/posts"}],"about":[{"href":"https:\/\/www.travel3.com.br\/site\/wp-json\/wp\/v2\/types\/post"}],"author":[{"embeddable":true,"href":"https:\/\/www.travel3.com.br\/site\/wp-json\/wp\/v2\/users\/1"}],"replies":[{"embeddable":true,"href":"https:\/\/www.travel3.com.br\/site\/wp-json\/wp\/v2\/comments?post=5491"}],"version-history":[{"count":0,"href":"https:\/\/www.travel3.com.br\/site\/wp-json\/wp\/v2\/posts\/5491\/revisions"}],"wp:attachment":[{"href":"https:\/\/www.travel3.com.br\/site\/wp-json\/wp\/v2\/media?parent=5491"}],"wp:term":[{"taxonomy":"category","embeddable":true,"href":"https:\/\/www.travel3.com.br\/site\/wp-json\/wp\/v2\/categories?post=5491"},{"taxonomy":"post_tag","embeddable":true,"href":"https:\/\/www.travel3.com.br\/site\/wp-json\/wp\/v2\/tags?post=5491"}],"curies":[{"name":"wp","href":"https:\/\/api.w.org\/{rel}","templated":true}]}}