{"id":5482,"date":"2017-08-20T21:44:35","date_gmt":"2017-08-20T21:44:35","guid":{"rendered":"http:\/\/www.travel3.com.br\/site\/ir-e-vir\/ar\/azul-inicia-venda-de-passagens-para-montevideu-a-partir-de-r59200\/"},"modified":"2017-08-20T21:44:35","modified_gmt":"2017-08-20T21:44:35","slug":"azul-inicia-venda-de-passagens-para-montevideu-a-partir-de-r59200","status":"publish","type":"post","link":"https:\/\/www.travel3.com.br\/site\/sem-categoria\/azul-inicia-venda-de-passagens-para-montevideu-a-partir-de-r59200\/","title":{"rendered":"AZUL INICIA VENDA DE PASSAGENS PARA MONTEVID\u00c9U A PARTIR DE R$592,00"},"content":{"rendered":"<p><span style=\"color: #40acad; font-family: -apple-system, system-ui, 'Segoe UI', Roboto, Oxygen-Sans, Ubuntu, Cantarell, 'Helvetica Neue', sans-serif; font-size: 12px; font-weight: bold;\"><\/p>\n<p style=\"text-align: justify;\">A Azul Linhas A\u00e9reas Brasileiras inicia hoje a venda de passagens \u2013 a partir de R$ 592,00* ou 10.000 pontos do TudoAzul* ida e volta \u2013 para os voos entre Porto Alegre e Montevid\u00e9u, no Uruguai. Com estreia em 1\u00ba \u00a0de julho, a empresa oferecer\u00e1 quatro voos semanais nesta rota, operados pelos modernos turbo\u00e9lices ATR 72-600, de 70 assentos.<br \/>\n\u00a0<br \/>\n\u201cEstamos prontos para o in\u00edcio das opera\u00e7\u00f5es da Azul em Montevid\u00e9u. A aprova\u00e7\u00e3o do voo nos permite agora comercializar passagens e expandir nossa opera\u00e7\u00e3o para mercados importantes para a companhia. A liga\u00e7\u00e3o com sa\u00edda de Porto Alegre garante diversas op\u00e7\u00f5es de conex\u00e3o aos Clientes, que podem chegar a Montevid\u00e9u partindo de diversas partes do Brasil\u201d, afirma Antonoaldo Neves, presidente da Azul.<br \/>\n\u00a0<br \/>\nEm Porto Alegre, a Azul oferta voos para S\u00e3o Paulo (Campinas, Guarulhos e Congonhas), Belo Horizonte (Confins), Curitiba, Florian\u00f3polis, Navegantes, Pelotas e Santa Maria. Al\u00e9m da capital mineira e S\u00e3o Paulo (Campinas), os dois maiores hubs da companhia, a oferta da Azul em S\u00e3o Paulo (Guarulhos e Congonhas) e Rio de Janeiro (Santos Dumont) garantem ampla conectividade de todo o pa\u00eds \u00e0 capital uruguaia. Punta del Este, o famoso balne\u00e1rio, e a hist\u00f3rica cidade de Col\u00f4nia est\u00e3o tamb\u00e9m a curta dist\u00e2ncia de Montevid\u00e9u.<br \/>\n\u00a0<br \/>\nO destino \u2013 Capital do Uruguai, Montevid\u00e9u conta com aspectos hist\u00f3ricos, concentrados, sobretudo, na Ciudad Vieja, principal ponto tur\u00edstico. L\u00e1, os turistas encontram diversos monumentos, pra\u00e7as e pr\u00e9dios com refer\u00eancias hist\u00f3ricas, como aPlaza Independencia, aCatedral Metropolitana de Montevid\u00e9u e o Mercado del Puerto. A gastronomia e cultura locais s\u00e3o pontos fundamentais da viagem.<\/p>\n<p style=\"text-align: justify;\">Mais informa\u00e7\u00f5es em www.azulviagens.com.br\u00a0<\/p>\n<p><\/span><\/p>\n","protected":false},"excerpt":{"rendered":"<p>Com partidas de Porto Alegre, voos para a capital uruguaia est\u00e3o confirmados para in\u00edcio em 1\u00ba de julho<\/p>\n","protected":false},"author":1,"featured_media":0,"comment_status":"open","ping_status":"open","sticky":false,"template":"","format":"standard","meta":{"footnotes":""},"categories":[],"tags":[],"class_list":["post-5482","post","type-post","status-publish","format-standard","hentry"],"yoast_head":"<!-- This site is optimized with the Yoast SEO plugin v26.2 - https:\/\/yoast.com\/wordpress\/plugins\/seo\/ -->\n<title>AZUL INICIA VENDA DE PASSAGENS PARA MONTEVID\u00c9U A PARTIR DE R$592,00 - Travel3<\/title>\n<meta name=\"description\" content=\"A TRAVEL3 \u00e9 um portal de conte\u00fado voltado para o turismo, encontre destinos, viagens, hospedagem, passagens, guias, not\u00edcias sobre o mercado do turismo, dicas de viagem, v\u00eddeos e podcast.\" \/>\n<meta name=\"robots\" content=\"index, follow, max-snippet:-1, max-image-preview:large, max-video-preview:-1\" \/>\n<link rel=\"canonical\" href=\"https:\/\/www.travel3.com.br\/site\/sem-categoria\/azul-inicia-venda-de-passagens-para-montevideu-a-partir-de-r59200\/\" \/>\n<meta property=\"og:locale\" content=\"pt_BR\" \/>\n<meta property=\"og:type\" content=\"article\" \/>\n<meta property=\"og:title\" content=\"AZUL INICIA VENDA DE PASSAGENS PARA MONTEVID\u00c9U A PARTIR DE R$592,00 - Travel3\" \/>\n<meta property=\"og:description\" content=\"A TRAVEL3 \u00e9 um portal de conte\u00fado voltado para o turismo, encontre destinos, viagens, hospedagem, passagens, guias, not\u00edcias sobre o mercado do turismo, dicas de viagem, v\u00eddeos e podcast.\" \/>\n<meta property=\"og:url\" content=\"https:\/\/www.travel3.com.br\/site\/sem-categoria\/azul-inicia-venda-de-passagens-para-montevideu-a-partir-de-r59200\/\" \/>\n<meta property=\"og:site_name\" content=\"Travel3\" \/>\n<meta property=\"article:publisher\" content=\"https:\/\/www.facebook.com\/travel3media\/\" \/>\n<meta property=\"article:published_time\" content=\"2017-08-20T21:44:35+00:00\" \/>\n<meta name=\"author\" content=\"admin\" \/>\n<meta name=\"twitter:card\" content=\"summary_large_image\" \/>\n<meta name=\"twitter:label1\" content=\"Escrito por\" \/>\n\t<meta name=\"twitter:data1\" content=\"admin\" \/>\n\t<meta name=\"twitter:label2\" content=\"Est. tempo de leitura\" \/>\n\t<meta name=\"twitter:data2\" content=\"1 minuto\" \/>\n<script type=\"application\/ld+json\" class=\"yoast-schema-graph\">{\"@context\":\"https:\/\/schema.org\",\"@graph\":[{\"@type\":\"Article\",\"@id\":\"https:\/\/www.travel3.com.br\/site\/sem-categoria\/azul-inicia-venda-de-passagens-para-montevideu-a-partir-de-r59200\/#article\",\"isPartOf\":{\"@id\":\"https:\/\/www.travel3.com.br\/site\/sem-categoria\/azul-inicia-venda-de-passagens-para-montevideu-a-partir-de-r59200\/\"},\"author\":{\"name\":\"admin\",\"@id\":\"https:\/\/www.travel3.com.br\/site\/#\/schema\/person\/a69d71e41a024999b6ab82369ac0bd1e\"},\"headline\":\"AZUL INICIA VENDA DE PASSAGENS PARA MONTEVID\u00c9U A PARTIR DE R$592,00\",\"datePublished\":\"2017-08-20T21:44:35+00:00\",\"mainEntityOfPage\":{\"@id\":\"https:\/\/www.travel3.com.br\/site\/sem-categoria\/azul-inicia-venda-de-passagens-para-montevideu-a-partir-de-r59200\/\"},\"wordCount\":303,\"commentCount\":0,\"publisher\":{\"@id\":\"https:\/\/www.travel3.com.br\/site\/#organization\"},\"inLanguage\":\"pt-BR\",\"potentialAction\":[{\"@type\":\"CommentAction\",\"name\":\"Comment\",\"target\":[\"https:\/\/www.travel3.com.br\/site\/sem-categoria\/azul-inicia-venda-de-passagens-para-montevideu-a-partir-de-r59200\/#respond\"]}]},{\"@type\":\"WebPage\",\"@id\":\"https:\/\/www.travel3.com.br\/site\/sem-categoria\/azul-inicia-venda-de-passagens-para-montevideu-a-partir-de-r59200\/\",\"url\":\"https:\/\/www.travel3.com.br\/site\/sem-categoria\/azul-inicia-venda-de-passagens-para-montevideu-a-partir-de-r59200\/\",\"name\":\"AZUL INICIA VENDA DE PASSAGENS PARA MONTEVID\u00c9U A PARTIR DE R$592,00 - Travel3\",\"isPartOf\":{\"@id\":\"https:\/\/www.travel3.com.br\/site\/#website\"},\"datePublished\":\"2017-08-20T21:44:35+00:00\",\"description\":\"A TRAVEL3 \u00e9 um portal de conte\u00fado voltado para o turismo, encontre destinos, viagens, hospedagem, passagens, guias, not\u00edcias sobre o mercado do turismo, dicas de viagem, v\u00eddeos e podcast.\",\"breadcrumb\":{\"@id\":\"https:\/\/www.travel3.com.br\/site\/sem-categoria\/azul-inicia-venda-de-passagens-para-montevideu-a-partir-de-r59200\/#breadcrumb\"},\"inLanguage\":\"pt-BR\",\"potentialAction\":[{\"@type\":\"ReadAction\",\"target\":[\"https:\/\/www.travel3.com.br\/site\/sem-categoria\/azul-inicia-venda-de-passagens-para-montevideu-a-partir-de-r59200\/\"]}]},{\"@type\":\"BreadcrumbList\",\"@id\":\"https:\/\/www.travel3.com.br\/site\/sem-categoria\/azul-inicia-venda-de-passagens-para-montevideu-a-partir-de-r59200\/#breadcrumb\",\"itemListElement\":[{\"@type\":\"ListItem\",\"position\":1,\"name\":\"In\u00edcio\",\"item\":\"https:\/\/www.travel3.com.br\/site\/\"},{\"@type\":\"ListItem\",\"position\":2,\"name\":\"AZUL INICIA VENDA DE PASSAGENS PARA MONTEVID\u00c9U A PARTIR DE R$592,00\"}]},{\"@type\":\"WebSite\",\"@id\":\"https:\/\/www.travel3.com.br\/site\/#website\",\"url\":\"https:\/\/www.travel3.com.br\/site\/\",\"name\":\"Travel3\",\"description\":\"Lazer + Neg&oacute;cios + Aventura\",\"publisher\":{\"@id\":\"https:\/\/www.travel3.com.br\/site\/#organization\"},\"potentialAction\":[{\"@type\":\"SearchAction\",\"target\":{\"@type\":\"EntryPoint\",\"urlTemplate\":\"https:\/\/www.travel3.com.br\/site\/?s={search_term_string}\"},\"query-input\":{\"@type\":\"PropertyValueSpecification\",\"valueRequired\":true,\"valueName\":\"search_term_string\"}}],\"inLanguage\":\"pt-BR\"},{\"@type\":\"Organization\",\"@id\":\"https:\/\/www.travel3.com.br\/site\/#organization\",\"name\":\"Travel3\",\"url\":\"https:\/\/www.travel3.com.br\/site\/\",\"logo\":{\"@type\":\"ImageObject\",\"inLanguage\":\"pt-BR\",\"@id\":\"https:\/\/www.travel3.com.br\/site\/#\/schema\/logo\/image\/\",\"url\":\"https:\/\/www.travel3.com.br\/site\/wp-content\/uploads\/2020\/01\/logo-travel3-2020.png\",\"contentUrl\":\"https:\/\/www.travel3.com.br\/site\/wp-content\/uploads\/2020\/01\/logo-travel3-2020.png\",\"width\":232,\"height\":79,\"caption\":\"Travel3\"},\"image\":{\"@id\":\"https:\/\/www.travel3.com.br\/site\/#\/schema\/logo\/image\/\"},\"sameAs\":[\"https:\/\/www.facebook.com\/travel3media\/\",\"https:\/\/www.instagram.com\/revistatravel3\/\",\"https:\/\/www.youtube.com\/channel\/UCno7J4paGBR3VbZQzvoJ9Eg\"]},{\"@type\":\"Person\",\"@id\":\"https:\/\/www.travel3.com.br\/site\/#\/schema\/person\/a69d71e41a024999b6ab82369ac0bd1e\",\"name\":\"admin\",\"image\":{\"@type\":\"ImageObject\",\"inLanguage\":\"pt-BR\",\"@id\":\"https:\/\/www.travel3.com.br\/site\/#\/schema\/person\/image\/\",\"url\":\"https:\/\/secure.gravatar.com\/avatar\/732a67adfd764da2a47ba10ce731c4c0?s=96&d=mm&r=g\",\"contentUrl\":\"https:\/\/secure.gravatar.com\/avatar\/732a67adfd764da2a47ba10ce731c4c0?s=96&d=mm&r=g\",\"caption\":\"admin\"},\"url\":\"https:\/\/www.travel3.com.br\/site\/author\/admin\/\"}]}<\/script>\n<!-- \/ Yoast SEO plugin. -->","yoast_head_json":{"title":"AZUL INICIA VENDA DE PASSAGENS PARA MONTEVID\u00c9U A PARTIR DE R$592,00 - Travel3","description":"A TRAVEL3 \u00e9 um portal de conte\u00fado voltado para o turismo, encontre destinos, viagens, hospedagem, passagens, guias, not\u00edcias sobre o mercado do turismo, dicas de viagem, v\u00eddeos e podcast.","robots":{"index":"index","follow":"follow","max-snippet":"max-snippet:-1","max-image-preview":"max-image-preview:large","max-video-preview":"max-video-preview:-1"},"canonical":"https:\/\/www.travel3.com.br\/site\/sem-categoria\/azul-inicia-venda-de-passagens-para-montevideu-a-partir-de-r59200\/","og_locale":"pt_BR","og_type":"article","og_title":"AZUL INICIA VENDA DE PASSAGENS PARA MONTEVID\u00c9U A PARTIR DE R$592,00 - Travel3","og_description":"A TRAVEL3 \u00e9 um portal de conte\u00fado voltado para o turismo, encontre destinos, viagens, hospedagem, passagens, guias, not\u00edcias sobre o mercado do turismo, dicas de viagem, v\u00eddeos e podcast.","og_url":"https:\/\/www.travel3.com.br\/site\/sem-categoria\/azul-inicia-venda-de-passagens-para-montevideu-a-partir-de-r59200\/","og_site_name":"Travel3","article_publisher":"https:\/\/www.facebook.com\/travel3media\/","article_published_time":"2017-08-20T21:44:35+00:00","author":"admin","twitter_card":"summary_large_image","twitter_misc":{"Escrito por":"admin","Est. tempo de leitura":"1 minuto"},"schema":{"@context":"https:\/\/schema.org","@graph":[{"@type":"Article","@id":"https:\/\/www.travel3.com.br\/site\/sem-categoria\/azul-inicia-venda-de-passagens-para-montevideu-a-partir-de-r59200\/#article","isPartOf":{"@id":"https:\/\/www.travel3.com.br\/site\/sem-categoria\/azul-inicia-venda-de-passagens-para-montevideu-a-partir-de-r59200\/"},"author":{"name":"admin","@id":"https:\/\/www.travel3.com.br\/site\/#\/schema\/person\/a69d71e41a024999b6ab82369ac0bd1e"},"headline":"AZUL INICIA VENDA DE PASSAGENS PARA MONTEVID\u00c9U A PARTIR DE R$592,00","datePublished":"2017-08-20T21:44:35+00:00","mainEntityOfPage":{"@id":"https:\/\/www.travel3.com.br\/site\/sem-categoria\/azul-inicia-venda-de-passagens-para-montevideu-a-partir-de-r59200\/"},"wordCount":303,"commentCount":0,"publisher":{"@id":"https:\/\/www.travel3.com.br\/site\/#organization"},"inLanguage":"pt-BR","potentialAction":[{"@type":"CommentAction","name":"Comment","target":["https:\/\/www.travel3.com.br\/site\/sem-categoria\/azul-inicia-venda-de-passagens-para-montevideu-a-partir-de-r59200\/#respond"]}]},{"@type":"WebPage","@id":"https:\/\/www.travel3.com.br\/site\/sem-categoria\/azul-inicia-venda-de-passagens-para-montevideu-a-partir-de-r59200\/","url":"https:\/\/www.travel3.com.br\/site\/sem-categoria\/azul-inicia-venda-de-passagens-para-montevideu-a-partir-de-r59200\/","name":"AZUL INICIA VENDA DE PASSAGENS PARA MONTEVID\u00c9U A PARTIR DE R$592,00 - Travel3","isPartOf":{"@id":"https:\/\/www.travel3.com.br\/site\/#website"},"datePublished":"2017-08-20T21:44:35+00:00","description":"A TRAVEL3 \u00e9 um portal de conte\u00fado voltado para o turismo, encontre destinos, viagens, hospedagem, passagens, guias, not\u00edcias sobre o mercado do turismo, dicas de viagem, v\u00eddeos e podcast.","breadcrumb":{"@id":"https:\/\/www.travel3.com.br\/site\/sem-categoria\/azul-inicia-venda-de-passagens-para-montevideu-a-partir-de-r59200\/#breadcrumb"},"inLanguage":"pt-BR","potentialAction":[{"@type":"ReadAction","target":["https:\/\/www.travel3.com.br\/site\/sem-categoria\/azul-inicia-venda-de-passagens-para-montevideu-a-partir-de-r59200\/"]}]},{"@type":"BreadcrumbList","@id":"https:\/\/www.travel3.com.br\/site\/sem-categoria\/azul-inicia-venda-de-passagens-para-montevideu-a-partir-de-r59200\/#breadcrumb","itemListElement":[{"@type":"ListItem","position":1,"name":"In\u00edcio","item":"https:\/\/www.travel3.com.br\/site\/"},{"@type":"ListItem","position":2,"name":"AZUL INICIA VENDA DE PASSAGENS PARA MONTEVID\u00c9U A PARTIR DE R$592,00"}]},{"@type":"WebSite","@id":"https:\/\/www.travel3.com.br\/site\/#website","url":"https:\/\/www.travel3.com.br\/site\/","name":"Travel3","description":"Lazer + Neg&oacute;cios + Aventura","publisher":{"@id":"https:\/\/www.travel3.com.br\/site\/#organization"},"potentialAction":[{"@type":"SearchAction","target":{"@type":"EntryPoint","urlTemplate":"https:\/\/www.travel3.com.br\/site\/?s={search_term_string}"},"query-input":{"@type":"PropertyValueSpecification","valueRequired":true,"valueName":"search_term_string"}}],"inLanguage":"pt-BR"},{"@type":"Organization","@id":"https:\/\/www.travel3.com.br\/site\/#organization","name":"Travel3","url":"https:\/\/www.travel3.com.br\/site\/","logo":{"@type":"ImageObject","inLanguage":"pt-BR","@id":"https:\/\/www.travel3.com.br\/site\/#\/schema\/logo\/image\/","url":"https:\/\/www.travel3.com.br\/site\/wp-content\/uploads\/2020\/01\/logo-travel3-2020.png","contentUrl":"https:\/\/www.travel3.com.br\/site\/wp-content\/uploads\/2020\/01\/logo-travel3-2020.png","width":232,"height":79,"caption":"Travel3"},"image":{"@id":"https:\/\/www.travel3.com.br\/site\/#\/schema\/logo\/image\/"},"sameAs":["https:\/\/www.facebook.com\/travel3media\/","https:\/\/www.instagram.com\/revistatravel3\/","https:\/\/www.youtube.com\/channel\/UCno7J4paGBR3VbZQzvoJ9Eg"]},{"@type":"Person","@id":"https:\/\/www.travel3.com.br\/site\/#\/schema\/person\/a69d71e41a024999b6ab82369ac0bd1e","name":"admin","image":{"@type":"ImageObject","inLanguage":"pt-BR","@id":"https:\/\/www.travel3.com.br\/site\/#\/schema\/person\/image\/","url":"https:\/\/secure.gravatar.com\/avatar\/732a67adfd764da2a47ba10ce731c4c0?s=96&d=mm&r=g","contentUrl":"https:\/\/secure.gravatar.com\/avatar\/732a67adfd764da2a47ba10ce731c4c0?s=96&d=mm&r=g","caption":"admin"},"url":"https:\/\/www.travel3.com.br\/site\/author\/admin\/"}]}},"_links":{"self":[{"href":"https:\/\/www.travel3.com.br\/site\/wp-json\/wp\/v2\/posts\/5482","targetHints":{"allow":["GET"]}}],"collection":[{"href":"https:\/\/www.travel3.com.br\/site\/wp-json\/wp\/v2\/posts"}],"about":[{"href":"https:\/\/www.travel3.com.br\/site\/wp-json\/wp\/v2\/types\/post"}],"author":[{"embeddable":true,"href":"https:\/\/www.travel3.com.br\/site\/wp-json\/wp\/v2\/users\/1"}],"replies":[{"embeddable":true,"href":"https:\/\/www.travel3.com.br\/site\/wp-json\/wp\/v2\/comments?post=5482"}],"version-history":[{"count":0,"href":"https:\/\/www.travel3.com.br\/site\/wp-json\/wp\/v2\/posts\/5482\/revisions"}],"wp:attachment":[{"href":"https:\/\/www.travel3.com.br\/site\/wp-json\/wp\/v2\/media?parent=5482"}],"wp:term":[{"taxonomy":"category","embeddable":true,"href":"https:\/\/www.travel3.com.br\/site\/wp-json\/wp\/v2\/categories?post=5482"},{"taxonomy":"post_tag","embeddable":true,"href":"https:\/\/www.travel3.com.br\/site\/wp-json\/wp\/v2\/tags?post=5482"}],"curies":[{"name":"wp","href":"https:\/\/api.w.org\/{rel}","templated":true}]}}