{"id":5481,"date":"2017-08-23T07:27:56","date_gmt":"2017-08-23T07:27:56","guid":{"rendered":"http:\/\/www.travel3.com.br\/site\/ir-e-vir\/ar\/governo-egipcio-confirma-localizacao-de-vitimas-entre-destrocos\/"},"modified":"2017-08-23T07:27:56","modified_gmt":"2017-08-23T07:27:56","slug":"governo-egipcio-confirma-localizacao-de-vitimas-entre-destrocos","status":"publish","type":"post","link":"https:\/\/www.travel3.com.br\/site\/sem-categoria\/governo-egipcio-confirma-localizacao-de-vitimas-entre-destrocos\/","title":{"rendered":"GOVERNO EGIPCIO CONFIRMA LOCALIZA\u00c7\u00c3O DE VITIMAS ENTRE DESTRO\u00c7OS"},"content":{"rendered":"<p><span style=\"color: #40acad; font-family: -apple-system, system-ui, 'Segoe UI', Roboto, Oxygen-Sans, Ubuntu, Cantarell, 'Helvetica Neue', sans-serif; font-size: 12px; font-weight: bold;\"><\/p>\n<p style=\"text-align:justify\">O Minist\u00e9rio de Avia\u00e7\u00e3o Civil do Egito confirmou a localiza\u00e7\u00e3o de v\u00edtimas supostamente relacionados com os destro\u00e7os do avi\u00e3o da Egyptair vitima do acidente que vitimou 66 pessoas no sinistro da queda no Mediterr\u00e2neo. Em comunicado, a Marinha eg\u00edpcia disse ter localizado mais partes da aeronave, pertences pessoais e assentos entre o que j\u00e1 foi encontrado, enquanto as buscas ainda prosseguem pelo terceiro dia ap\u00f3s a trag\u00e9dia.<\/p>\n<p style=\"text-align:justify\"><a class=\"fancybox-media\" href=\"..\/_uploads\/_noticia\/2016-05\/airegipta320.jpg\" rel=\"portfolio\"><img decoding=\"async\" alt=\"\" src=\"..\/_uploads\/_noticia\/2016-05\/airegipta320.jpg\" \/><\/a><\/p>\n<p style=\"text-align:justify\">O voo MS804 saiu de Paris rumo \u00e0 Cidade do Cairo e caiu no mar pouco ap\u00f3s entrar no espa\u00e7o a\u00e9reo eg\u00edpcio. Os radares na rota sobre a Gr\u00e9cia registraram v\u00e1rias viradas repentinas realizadas pouco antes da precipita\u00e7\u00e3o a 15 mil p\u00e9s, o que pode ter sido causado por alguma explos\u00e3o a bordo.<\/p>\n<p style=\"text-align:justify\">Nenhum grupo terrorista assumiu at\u00e9 agora uma poss\u00edvel \u00a0responsabilidade pelo acidente. O presidente eg\u00edpcio, Abdelfat\u00e1 al Sisi, manifestou suas condol\u00eancias aos familiares das pessoas que viajavam no A320, o que significa o reconhecimento oficial de suas mortes por parte do governo.\u00a0 O corpo de \u00a0uma das 66 vitimas foi localizado nas buscas.<\/p>\n<p>Desde os ataques terroristas do ano passado em Paris, as autoridades francesas implementaram uma vigil\u00e2ncia mais frequente, com mais policiais e equipamentos nos tr\u00eas aeroportos da cidade.<\/p>\n<p style=\"text-align:justify\">O aeroporto parisiense Charles de Gaulle, onde come\u00e7ou o voo da Egyptair\u00a0 e onde imediatamente tiveram inicio \u00a0 as investiga\u00e7\u00f5es sobre seguran\u00e7a, teve sua ultima inspe\u00e7\u00e3o em abril deste ano, com normas aprovadas pela Comiss\u00e3o Europ\u00e9ia.<\/p>\n<p style=\"text-align:justify\">A legisla\u00e7\u00e3o existente e aplicada ainda com maior rigor desde os acontecimentos terroristas na capital francesa determina que, na seguran\u00e7a a\u00e9rea, \u00a0controles de seguran\u00e7a de passageiros e de cargas, \u00a0tripulantes e o pessoal de trabalho nos aeroportos, tenham normas fisalizadas constantemente.<\/p>\n<p style=\"text-align:justify\">\u00a0<\/p>\n<p>\u00a0<\/p>\n<p><\/span><\/p>\n","protected":false},"excerpt":{"rendered":"<p>Ainda persistem duvidas sobre possiveis causas do acidente que vitimou 66 pessoas do voo entre Paris e o Cairo<\/p>\n","protected":false},"author":1,"featured_media":0,"comment_status":"open","ping_status":"open","sticky":false,"template":"","format":"standard","meta":{"footnotes":""},"categories":[],"tags":[],"class_list":["post-5481","post","type-post","status-publish","format-standard","hentry"],"yoast_head":"<!-- This site is optimized with the Yoast SEO plugin v26.2 - https:\/\/yoast.com\/wordpress\/plugins\/seo\/ -->\n<title>GOVERNO EGIPCIO CONFIRMA LOCALIZA\u00c7\u00c3O DE VITIMAS ENTRE DESTRO\u00c7OS - Travel3<\/title>\n<meta name=\"description\" content=\"A TRAVEL3 \u00e9 um portal de conte\u00fado voltado para o turismo, encontre destinos, viagens, hospedagem, passagens, guias, not\u00edcias sobre o mercado do turismo, dicas de viagem, v\u00eddeos e podcast.\" \/>\n<meta name=\"robots\" content=\"index, follow, max-snippet:-1, max-image-preview:large, max-video-preview:-1\" \/>\n<link rel=\"canonical\" href=\"https:\/\/www.travel3.com.br\/site\/sem-categoria\/governo-egipcio-confirma-localizacao-de-vitimas-entre-destrocos\/\" \/>\n<meta property=\"og:locale\" content=\"pt_BR\" \/>\n<meta property=\"og:type\" content=\"article\" \/>\n<meta property=\"og:title\" content=\"GOVERNO EGIPCIO CONFIRMA LOCALIZA\u00c7\u00c3O DE VITIMAS ENTRE DESTRO\u00c7OS - Travel3\" \/>\n<meta property=\"og:description\" content=\"A TRAVEL3 \u00e9 um portal de conte\u00fado voltado para o turismo, encontre destinos, viagens, hospedagem, passagens, guias, not\u00edcias sobre o mercado do turismo, dicas de viagem, v\u00eddeos e podcast.\" \/>\n<meta property=\"og:url\" content=\"https:\/\/www.travel3.com.br\/site\/sem-categoria\/governo-egipcio-confirma-localizacao-de-vitimas-entre-destrocos\/\" \/>\n<meta property=\"og:site_name\" content=\"Travel3\" \/>\n<meta property=\"article:publisher\" content=\"https:\/\/www.facebook.com\/travel3media\/\" \/>\n<meta property=\"article:published_time\" content=\"2017-08-23T07:27:56+00:00\" \/>\n<meta name=\"author\" content=\"admin\" \/>\n<meta name=\"twitter:card\" content=\"summary_large_image\" \/>\n<meta name=\"twitter:label1\" content=\"Escrito por\" \/>\n\t<meta name=\"twitter:data1\" content=\"admin\" \/>\n\t<meta name=\"twitter:label2\" content=\"Est. tempo de leitura\" \/>\n\t<meta name=\"twitter:data2\" content=\"2 minutos\" \/>\n<script type=\"application\/ld+json\" class=\"yoast-schema-graph\">{\"@context\":\"https:\/\/schema.org\",\"@graph\":[{\"@type\":\"Article\",\"@id\":\"https:\/\/www.travel3.com.br\/site\/sem-categoria\/governo-egipcio-confirma-localizacao-de-vitimas-entre-destrocos\/#article\",\"isPartOf\":{\"@id\":\"https:\/\/www.travel3.com.br\/site\/sem-categoria\/governo-egipcio-confirma-localizacao-de-vitimas-entre-destrocos\/\"},\"author\":{\"name\":\"admin\",\"@id\":\"https:\/\/www.travel3.com.br\/site\/#\/schema\/person\/a69d71e41a024999b6ab82369ac0bd1e\"},\"headline\":\"GOVERNO EGIPCIO CONFIRMA LOCALIZA\u00c7\u00c3O DE VITIMAS ENTRE DESTRO\u00c7OS\",\"datePublished\":\"2017-08-23T07:27:56+00:00\",\"mainEntityOfPage\":{\"@id\":\"https:\/\/www.travel3.com.br\/site\/sem-categoria\/governo-egipcio-confirma-localizacao-de-vitimas-entre-destrocos\/\"},\"wordCount\":315,\"commentCount\":0,\"publisher\":{\"@id\":\"https:\/\/www.travel3.com.br\/site\/#organization\"},\"inLanguage\":\"pt-BR\",\"potentialAction\":[{\"@type\":\"CommentAction\",\"name\":\"Comment\",\"target\":[\"https:\/\/www.travel3.com.br\/site\/sem-categoria\/governo-egipcio-confirma-localizacao-de-vitimas-entre-destrocos\/#respond\"]}]},{\"@type\":\"WebPage\",\"@id\":\"https:\/\/www.travel3.com.br\/site\/sem-categoria\/governo-egipcio-confirma-localizacao-de-vitimas-entre-destrocos\/\",\"url\":\"https:\/\/www.travel3.com.br\/site\/sem-categoria\/governo-egipcio-confirma-localizacao-de-vitimas-entre-destrocos\/\",\"name\":\"GOVERNO EGIPCIO CONFIRMA LOCALIZA\u00c7\u00c3O DE VITIMAS ENTRE DESTRO\u00c7OS - Travel3\",\"isPartOf\":{\"@id\":\"https:\/\/www.travel3.com.br\/site\/#website\"},\"datePublished\":\"2017-08-23T07:27:56+00:00\",\"description\":\"A TRAVEL3 \u00e9 um portal de conte\u00fado voltado para o turismo, encontre destinos, viagens, hospedagem, passagens, guias, not\u00edcias sobre o mercado do turismo, dicas de viagem, v\u00eddeos e podcast.\",\"breadcrumb\":{\"@id\":\"https:\/\/www.travel3.com.br\/site\/sem-categoria\/governo-egipcio-confirma-localizacao-de-vitimas-entre-destrocos\/#breadcrumb\"},\"inLanguage\":\"pt-BR\",\"potentialAction\":[{\"@type\":\"ReadAction\",\"target\":[\"https:\/\/www.travel3.com.br\/site\/sem-categoria\/governo-egipcio-confirma-localizacao-de-vitimas-entre-destrocos\/\"]}]},{\"@type\":\"BreadcrumbList\",\"@id\":\"https:\/\/www.travel3.com.br\/site\/sem-categoria\/governo-egipcio-confirma-localizacao-de-vitimas-entre-destrocos\/#breadcrumb\",\"itemListElement\":[{\"@type\":\"ListItem\",\"position\":1,\"name\":\"In\u00edcio\",\"item\":\"https:\/\/www.travel3.com.br\/site\/\"},{\"@type\":\"ListItem\",\"position\":2,\"name\":\"GOVERNO EGIPCIO CONFIRMA LOCALIZA\u00c7\u00c3O DE VITIMAS ENTRE DESTRO\u00c7OS\"}]},{\"@type\":\"WebSite\",\"@id\":\"https:\/\/www.travel3.com.br\/site\/#website\",\"url\":\"https:\/\/www.travel3.com.br\/site\/\",\"name\":\"Travel3\",\"description\":\"Lazer + Neg&oacute;cios + Aventura\",\"publisher\":{\"@id\":\"https:\/\/www.travel3.com.br\/site\/#organization\"},\"potentialAction\":[{\"@type\":\"SearchAction\",\"target\":{\"@type\":\"EntryPoint\",\"urlTemplate\":\"https:\/\/www.travel3.com.br\/site\/?s={search_term_string}\"},\"query-input\":{\"@type\":\"PropertyValueSpecification\",\"valueRequired\":true,\"valueName\":\"search_term_string\"}}],\"inLanguage\":\"pt-BR\"},{\"@type\":\"Organization\",\"@id\":\"https:\/\/www.travel3.com.br\/site\/#organization\",\"name\":\"Travel3\",\"url\":\"https:\/\/www.travel3.com.br\/site\/\",\"logo\":{\"@type\":\"ImageObject\",\"inLanguage\":\"pt-BR\",\"@id\":\"https:\/\/www.travel3.com.br\/site\/#\/schema\/logo\/image\/\",\"url\":\"https:\/\/www.travel3.com.br\/site\/wp-content\/uploads\/2020\/01\/logo-travel3-2020.png\",\"contentUrl\":\"https:\/\/www.travel3.com.br\/site\/wp-content\/uploads\/2020\/01\/logo-travel3-2020.png\",\"width\":232,\"height\":79,\"caption\":\"Travel3\"},\"image\":{\"@id\":\"https:\/\/www.travel3.com.br\/site\/#\/schema\/logo\/image\/\"},\"sameAs\":[\"https:\/\/www.facebook.com\/travel3media\/\",\"https:\/\/www.instagram.com\/revistatravel3\/\",\"https:\/\/www.youtube.com\/channel\/UCno7J4paGBR3VbZQzvoJ9Eg\"]},{\"@type\":\"Person\",\"@id\":\"https:\/\/www.travel3.com.br\/site\/#\/schema\/person\/a69d71e41a024999b6ab82369ac0bd1e\",\"name\":\"admin\",\"image\":{\"@type\":\"ImageObject\",\"inLanguage\":\"pt-BR\",\"@id\":\"https:\/\/www.travel3.com.br\/site\/#\/schema\/person\/image\/\",\"url\":\"https:\/\/secure.gravatar.com\/avatar\/732a67adfd764da2a47ba10ce731c4c0?s=96&d=mm&r=g\",\"contentUrl\":\"https:\/\/secure.gravatar.com\/avatar\/732a67adfd764da2a47ba10ce731c4c0?s=96&d=mm&r=g\",\"caption\":\"admin\"},\"url\":\"https:\/\/www.travel3.com.br\/site\/author\/admin\/\"}]}<\/script>\n<!-- \/ Yoast SEO plugin. -->","yoast_head_json":{"title":"GOVERNO EGIPCIO CONFIRMA LOCALIZA\u00c7\u00c3O DE VITIMAS ENTRE DESTRO\u00c7OS - Travel3","description":"A TRAVEL3 \u00e9 um portal de conte\u00fado voltado para o turismo, encontre destinos, viagens, hospedagem, passagens, guias, not\u00edcias sobre o mercado do turismo, dicas de viagem, v\u00eddeos e podcast.","robots":{"index":"index","follow":"follow","max-snippet":"max-snippet:-1","max-image-preview":"max-image-preview:large","max-video-preview":"max-video-preview:-1"},"canonical":"https:\/\/www.travel3.com.br\/site\/sem-categoria\/governo-egipcio-confirma-localizacao-de-vitimas-entre-destrocos\/","og_locale":"pt_BR","og_type":"article","og_title":"GOVERNO EGIPCIO CONFIRMA LOCALIZA\u00c7\u00c3O DE VITIMAS ENTRE DESTRO\u00c7OS - Travel3","og_description":"A TRAVEL3 \u00e9 um portal de conte\u00fado voltado para o turismo, encontre destinos, viagens, hospedagem, passagens, guias, not\u00edcias sobre o mercado do turismo, dicas de viagem, v\u00eddeos e podcast.","og_url":"https:\/\/www.travel3.com.br\/site\/sem-categoria\/governo-egipcio-confirma-localizacao-de-vitimas-entre-destrocos\/","og_site_name":"Travel3","article_publisher":"https:\/\/www.facebook.com\/travel3media\/","article_published_time":"2017-08-23T07:27:56+00:00","author":"admin","twitter_card":"summary_large_image","twitter_misc":{"Escrito por":"admin","Est. tempo de leitura":"2 minutos"},"schema":{"@context":"https:\/\/schema.org","@graph":[{"@type":"Article","@id":"https:\/\/www.travel3.com.br\/site\/sem-categoria\/governo-egipcio-confirma-localizacao-de-vitimas-entre-destrocos\/#article","isPartOf":{"@id":"https:\/\/www.travel3.com.br\/site\/sem-categoria\/governo-egipcio-confirma-localizacao-de-vitimas-entre-destrocos\/"},"author":{"name":"admin","@id":"https:\/\/www.travel3.com.br\/site\/#\/schema\/person\/a69d71e41a024999b6ab82369ac0bd1e"},"headline":"GOVERNO EGIPCIO CONFIRMA LOCALIZA\u00c7\u00c3O DE VITIMAS ENTRE DESTRO\u00c7OS","datePublished":"2017-08-23T07:27:56+00:00","mainEntityOfPage":{"@id":"https:\/\/www.travel3.com.br\/site\/sem-categoria\/governo-egipcio-confirma-localizacao-de-vitimas-entre-destrocos\/"},"wordCount":315,"commentCount":0,"publisher":{"@id":"https:\/\/www.travel3.com.br\/site\/#organization"},"inLanguage":"pt-BR","potentialAction":[{"@type":"CommentAction","name":"Comment","target":["https:\/\/www.travel3.com.br\/site\/sem-categoria\/governo-egipcio-confirma-localizacao-de-vitimas-entre-destrocos\/#respond"]}]},{"@type":"WebPage","@id":"https:\/\/www.travel3.com.br\/site\/sem-categoria\/governo-egipcio-confirma-localizacao-de-vitimas-entre-destrocos\/","url":"https:\/\/www.travel3.com.br\/site\/sem-categoria\/governo-egipcio-confirma-localizacao-de-vitimas-entre-destrocos\/","name":"GOVERNO EGIPCIO CONFIRMA LOCALIZA\u00c7\u00c3O DE VITIMAS ENTRE DESTRO\u00c7OS - Travel3","isPartOf":{"@id":"https:\/\/www.travel3.com.br\/site\/#website"},"datePublished":"2017-08-23T07:27:56+00:00","description":"A TRAVEL3 \u00e9 um portal de conte\u00fado voltado para o turismo, encontre destinos, viagens, hospedagem, passagens, guias, not\u00edcias sobre o mercado do turismo, dicas de viagem, v\u00eddeos e podcast.","breadcrumb":{"@id":"https:\/\/www.travel3.com.br\/site\/sem-categoria\/governo-egipcio-confirma-localizacao-de-vitimas-entre-destrocos\/#breadcrumb"},"inLanguage":"pt-BR","potentialAction":[{"@type":"ReadAction","target":["https:\/\/www.travel3.com.br\/site\/sem-categoria\/governo-egipcio-confirma-localizacao-de-vitimas-entre-destrocos\/"]}]},{"@type":"BreadcrumbList","@id":"https:\/\/www.travel3.com.br\/site\/sem-categoria\/governo-egipcio-confirma-localizacao-de-vitimas-entre-destrocos\/#breadcrumb","itemListElement":[{"@type":"ListItem","position":1,"name":"In\u00edcio","item":"https:\/\/www.travel3.com.br\/site\/"},{"@type":"ListItem","position":2,"name":"GOVERNO EGIPCIO CONFIRMA LOCALIZA\u00c7\u00c3O DE VITIMAS ENTRE DESTRO\u00c7OS"}]},{"@type":"WebSite","@id":"https:\/\/www.travel3.com.br\/site\/#website","url":"https:\/\/www.travel3.com.br\/site\/","name":"Travel3","description":"Lazer + Neg&oacute;cios + Aventura","publisher":{"@id":"https:\/\/www.travel3.com.br\/site\/#organization"},"potentialAction":[{"@type":"SearchAction","target":{"@type":"EntryPoint","urlTemplate":"https:\/\/www.travel3.com.br\/site\/?s={search_term_string}"},"query-input":{"@type":"PropertyValueSpecification","valueRequired":true,"valueName":"search_term_string"}}],"inLanguage":"pt-BR"},{"@type":"Organization","@id":"https:\/\/www.travel3.com.br\/site\/#organization","name":"Travel3","url":"https:\/\/www.travel3.com.br\/site\/","logo":{"@type":"ImageObject","inLanguage":"pt-BR","@id":"https:\/\/www.travel3.com.br\/site\/#\/schema\/logo\/image\/","url":"https:\/\/www.travel3.com.br\/site\/wp-content\/uploads\/2020\/01\/logo-travel3-2020.png","contentUrl":"https:\/\/www.travel3.com.br\/site\/wp-content\/uploads\/2020\/01\/logo-travel3-2020.png","width":232,"height":79,"caption":"Travel3"},"image":{"@id":"https:\/\/www.travel3.com.br\/site\/#\/schema\/logo\/image\/"},"sameAs":["https:\/\/www.facebook.com\/travel3media\/","https:\/\/www.instagram.com\/revistatravel3\/","https:\/\/www.youtube.com\/channel\/UCno7J4paGBR3VbZQzvoJ9Eg"]},{"@type":"Person","@id":"https:\/\/www.travel3.com.br\/site\/#\/schema\/person\/a69d71e41a024999b6ab82369ac0bd1e","name":"admin","image":{"@type":"ImageObject","inLanguage":"pt-BR","@id":"https:\/\/www.travel3.com.br\/site\/#\/schema\/person\/image\/","url":"https:\/\/secure.gravatar.com\/avatar\/732a67adfd764da2a47ba10ce731c4c0?s=96&d=mm&r=g","contentUrl":"https:\/\/secure.gravatar.com\/avatar\/732a67adfd764da2a47ba10ce731c4c0?s=96&d=mm&r=g","caption":"admin"},"url":"https:\/\/www.travel3.com.br\/site\/author\/admin\/"}]}},"_links":{"self":[{"href":"https:\/\/www.travel3.com.br\/site\/wp-json\/wp\/v2\/posts\/5481","targetHints":{"allow":["GET"]}}],"collection":[{"href":"https:\/\/www.travel3.com.br\/site\/wp-json\/wp\/v2\/posts"}],"about":[{"href":"https:\/\/www.travel3.com.br\/site\/wp-json\/wp\/v2\/types\/post"}],"author":[{"embeddable":true,"href":"https:\/\/www.travel3.com.br\/site\/wp-json\/wp\/v2\/users\/1"}],"replies":[{"embeddable":true,"href":"https:\/\/www.travel3.com.br\/site\/wp-json\/wp\/v2\/comments?post=5481"}],"version-history":[{"count":0,"href":"https:\/\/www.travel3.com.br\/site\/wp-json\/wp\/v2\/posts\/5481\/revisions"}],"wp:attachment":[{"href":"https:\/\/www.travel3.com.br\/site\/wp-json\/wp\/v2\/media?parent=5481"}],"wp:term":[{"taxonomy":"category","embeddable":true,"href":"https:\/\/www.travel3.com.br\/site\/wp-json\/wp\/v2\/categories?post=5481"},{"taxonomy":"post_tag","embeddable":true,"href":"https:\/\/www.travel3.com.br\/site\/wp-json\/wp\/v2\/tags?post=5481"}],"curies":[{"name":"wp","href":"https:\/\/api.w.org\/{rel}","templated":true}]}}