{"id":5458,"date":"2017-05-24T05:35:53","date_gmt":"2017-05-24T05:35:53","guid":{"rendered":"http:\/\/www.travel3.com.br\/site\/ir-e-vir\/ar\/os-numeros-da-bnt-mercosul-que-ja-tem-calendario-fixado-ate-2025\/"},"modified":"2017-05-24T05:35:53","modified_gmt":"2017-05-24T05:35:53","slug":"os-numeros-da-bnt-mercosul-que-ja-tem-calendario-fixado-ate-2025","status":"publish","type":"post","link":"https:\/\/www.travel3.com.br\/site\/sem-categoria\/os-numeros-da-bnt-mercosul-que-ja-tem-calendario-fixado-ate-2025\/","title":{"rendered":"OS NUMEROS DA BNT MERCOSUL QUE J\u00c1 TEM CALEND\u00c1RIO FIXADO AT\u00c9 2025"},"content":{"rendered":"<p><span style=\"color: #40acad; font-family: -apple-system, system-ui, 'Segoe UI', Roboto, Oxygen-Sans, Ubuntu, Cantarell, 'Helvetica Neue', sans-serif; font-size: 12px; font-weight: bold;\"><\/p>\n<p style=\"text-align:justify\">A programa\u00e7\u00e3o da 22\u00aa. edi\u00e7\u00e3o da BNT Mercosul refletiu um aprimoramento em quest\u00f5es como formato e local, enfoque em neg\u00f3cios e atividades sociais \u2013 como o Feij\u00e3o Amigo no resort Infinity Blue e a festa-homenagem do Beto Carrero World para os agentes de viagens no encerramento do evento.<\/p>\n<p style=\"text-align:justify\">Na divulga\u00e7\u00e3o dos n\u00fameros, exageros habituais \u00e0 parte, especialmente com rela\u00e7\u00e3o \u00e0 circula\u00e7\u00e3o dos participantes, foram anunciados 5.936 profissionais, 385 expositores, 105 estandes, 1.631 participa\u00e7\u00f5es, representantes de 300 cidades de todos os estados brasileiros e participa\u00e7\u00e3o de pa\u00edses sul-americanos.<\/p>\n<p style=\"text-align:justify\">Os organizadores da feira anunciaram os dias 26 e 27 para a edi\u00e7\u00e3o do ano que vem, com o modelo deste ano sendo repetido. Tamb\u00e9m as rodadas de neg\u00f3cios pela Am\u00e9rica do Sul foram confirmadas nos dias 25 e 30 de agosto, mais 1\u00ba. de setembro, em Buenos Aires, Santiago do Chile e Lima. A dupla Geninho G\u00f3es e Jair Pasqualini tamb\u00e9m garantiu que todas as datas da BNT Mercosul at\u00e9 o ano de 2025 j\u00e1 est\u00e3o programadas.<\/p>\n<p style=\"text-align:justify\">Para Valdir Walendowsky, presidente da Santur, a BNT Mercosul refletiu bem o otimismo que o turismo tem no impacto econ\u00f4mico de Santa Catarina, com 12% do seu PIB. \u2018Continuamos apostando forte no turismo, o Ver\u00e3o teve excelentes resultados e seguimos dentro da linha de recupera\u00e7\u00e3o econ\u00f4mica justamente com for\u00e7a total para este segmento catarinense\u2019.<\/p>\n<p>\u00a0<\/p>\n<p><\/span><\/p>\n","protected":false},"excerpt":{"rendered":"<p>Evento realizado em Itajai (SC) teve edi\u00e7\u00e3o com novo formato  e otimismo nos resultados<\/p>\n","protected":false},"author":1,"featured_media":0,"comment_status":"open","ping_status":"open","sticky":false,"template":"","format":"standard","meta":{"footnotes":""},"categories":[],"tags":[],"class_list":["post-5458","post","type-post","status-publish","format-standard","hentry"],"yoast_head":"<!-- This site is optimized with the Yoast SEO plugin v26.2 - https:\/\/yoast.com\/wordpress\/plugins\/seo\/ -->\n<title>OS NUMEROS DA BNT MERCOSUL QUE J\u00c1 TEM CALEND\u00c1RIO FIXADO AT\u00c9 2025 - Travel3<\/title>\n<meta name=\"description\" content=\"A TRAVEL3 \u00e9 um portal de conte\u00fado voltado para o turismo, encontre destinos, viagens, hospedagem, passagens, guias, not\u00edcias sobre o mercado do turismo, dicas de viagem, v\u00eddeos e podcast.\" \/>\n<meta name=\"robots\" content=\"index, follow, max-snippet:-1, max-image-preview:large, max-video-preview:-1\" \/>\n<link rel=\"canonical\" href=\"https:\/\/www.travel3.com.br\/site\/sem-categoria\/os-numeros-da-bnt-mercosul-que-ja-tem-calendario-fixado-ate-2025\/\" \/>\n<meta property=\"og:locale\" content=\"pt_BR\" \/>\n<meta property=\"og:type\" content=\"article\" \/>\n<meta property=\"og:title\" content=\"OS NUMEROS DA BNT MERCOSUL QUE J\u00c1 TEM CALEND\u00c1RIO FIXADO AT\u00c9 2025 - Travel3\" \/>\n<meta property=\"og:description\" content=\"A TRAVEL3 \u00e9 um portal de conte\u00fado voltado para o turismo, encontre destinos, viagens, hospedagem, passagens, guias, not\u00edcias sobre o mercado do turismo, dicas de viagem, v\u00eddeos e podcast.\" \/>\n<meta property=\"og:url\" content=\"https:\/\/www.travel3.com.br\/site\/sem-categoria\/os-numeros-da-bnt-mercosul-que-ja-tem-calendario-fixado-ate-2025\/\" \/>\n<meta property=\"og:site_name\" content=\"Travel3\" \/>\n<meta property=\"article:publisher\" content=\"https:\/\/www.facebook.com\/travel3media\/\" \/>\n<meta property=\"article:published_time\" content=\"2017-05-24T05:35:53+00:00\" \/>\n<meta name=\"author\" content=\"admin\" \/>\n<meta name=\"twitter:card\" content=\"summary_large_image\" \/>\n<meta name=\"twitter:label1\" content=\"Escrito por\" \/>\n\t<meta name=\"twitter:data1\" content=\"admin\" \/>\n\t<meta name=\"twitter:label2\" content=\"Est. tempo de leitura\" \/>\n\t<meta name=\"twitter:data2\" content=\"1 minuto\" \/>\n<script type=\"application\/ld+json\" class=\"yoast-schema-graph\">{\"@context\":\"https:\/\/schema.org\",\"@graph\":[{\"@type\":\"Article\",\"@id\":\"https:\/\/www.travel3.com.br\/site\/sem-categoria\/os-numeros-da-bnt-mercosul-que-ja-tem-calendario-fixado-ate-2025\/#article\",\"isPartOf\":{\"@id\":\"https:\/\/www.travel3.com.br\/site\/sem-categoria\/os-numeros-da-bnt-mercosul-que-ja-tem-calendario-fixado-ate-2025\/\"},\"author\":{\"name\":\"admin\",\"@id\":\"https:\/\/www.travel3.com.br\/site\/#\/schema\/person\/a69d71e41a024999b6ab82369ac0bd1e\"},\"headline\":\"OS NUMEROS DA BNT MERCOSUL QUE J\u00c1 TEM CALEND\u00c1RIO FIXADO AT\u00c9 2025\",\"datePublished\":\"2017-05-24T05:35:53+00:00\",\"mainEntityOfPage\":{\"@id\":\"https:\/\/www.travel3.com.br\/site\/sem-categoria\/os-numeros-da-bnt-mercosul-que-ja-tem-calendario-fixado-ate-2025\/\"},\"wordCount\":239,\"commentCount\":0,\"publisher\":{\"@id\":\"https:\/\/www.travel3.com.br\/site\/#organization\"},\"inLanguage\":\"pt-BR\",\"potentialAction\":[{\"@type\":\"CommentAction\",\"name\":\"Comment\",\"target\":[\"https:\/\/www.travel3.com.br\/site\/sem-categoria\/os-numeros-da-bnt-mercosul-que-ja-tem-calendario-fixado-ate-2025\/#respond\"]}]},{\"@type\":\"WebPage\",\"@id\":\"https:\/\/www.travel3.com.br\/site\/sem-categoria\/os-numeros-da-bnt-mercosul-que-ja-tem-calendario-fixado-ate-2025\/\",\"url\":\"https:\/\/www.travel3.com.br\/site\/sem-categoria\/os-numeros-da-bnt-mercosul-que-ja-tem-calendario-fixado-ate-2025\/\",\"name\":\"OS NUMEROS DA BNT MERCOSUL QUE J\u00c1 TEM CALEND\u00c1RIO FIXADO AT\u00c9 2025 - Travel3\",\"isPartOf\":{\"@id\":\"https:\/\/www.travel3.com.br\/site\/#website\"},\"datePublished\":\"2017-05-24T05:35:53+00:00\",\"description\":\"A TRAVEL3 \u00e9 um portal de conte\u00fado voltado para o turismo, encontre destinos, viagens, hospedagem, passagens, guias, not\u00edcias sobre o mercado do turismo, dicas de viagem, v\u00eddeos e podcast.\",\"breadcrumb\":{\"@id\":\"https:\/\/www.travel3.com.br\/site\/sem-categoria\/os-numeros-da-bnt-mercosul-que-ja-tem-calendario-fixado-ate-2025\/#breadcrumb\"},\"inLanguage\":\"pt-BR\",\"potentialAction\":[{\"@type\":\"ReadAction\",\"target\":[\"https:\/\/www.travel3.com.br\/site\/sem-categoria\/os-numeros-da-bnt-mercosul-que-ja-tem-calendario-fixado-ate-2025\/\"]}]},{\"@type\":\"BreadcrumbList\",\"@id\":\"https:\/\/www.travel3.com.br\/site\/sem-categoria\/os-numeros-da-bnt-mercosul-que-ja-tem-calendario-fixado-ate-2025\/#breadcrumb\",\"itemListElement\":[{\"@type\":\"ListItem\",\"position\":1,\"name\":\"In\u00edcio\",\"item\":\"https:\/\/www.travel3.com.br\/site\/\"},{\"@type\":\"ListItem\",\"position\":2,\"name\":\"OS NUMEROS DA BNT MERCOSUL QUE J\u00c1 TEM CALEND\u00c1RIO FIXADO AT\u00c9 2025\"}]},{\"@type\":\"WebSite\",\"@id\":\"https:\/\/www.travel3.com.br\/site\/#website\",\"url\":\"https:\/\/www.travel3.com.br\/site\/\",\"name\":\"Travel3\",\"description\":\"Lazer + Neg&oacute;cios + Aventura\",\"publisher\":{\"@id\":\"https:\/\/www.travel3.com.br\/site\/#organization\"},\"potentialAction\":[{\"@type\":\"SearchAction\",\"target\":{\"@type\":\"EntryPoint\",\"urlTemplate\":\"https:\/\/www.travel3.com.br\/site\/?s={search_term_string}\"},\"query-input\":{\"@type\":\"PropertyValueSpecification\",\"valueRequired\":true,\"valueName\":\"search_term_string\"}}],\"inLanguage\":\"pt-BR\"},{\"@type\":\"Organization\",\"@id\":\"https:\/\/www.travel3.com.br\/site\/#organization\",\"name\":\"Travel3\",\"url\":\"https:\/\/www.travel3.com.br\/site\/\",\"logo\":{\"@type\":\"ImageObject\",\"inLanguage\":\"pt-BR\",\"@id\":\"https:\/\/www.travel3.com.br\/site\/#\/schema\/logo\/image\/\",\"url\":\"https:\/\/www.travel3.com.br\/site\/wp-content\/uploads\/2020\/01\/logo-travel3-2020.png\",\"contentUrl\":\"https:\/\/www.travel3.com.br\/site\/wp-content\/uploads\/2020\/01\/logo-travel3-2020.png\",\"width\":232,\"height\":79,\"caption\":\"Travel3\"},\"image\":{\"@id\":\"https:\/\/www.travel3.com.br\/site\/#\/schema\/logo\/image\/\"},\"sameAs\":[\"https:\/\/www.facebook.com\/travel3media\/\",\"https:\/\/www.instagram.com\/revistatravel3\/\",\"https:\/\/www.youtube.com\/channel\/UCno7J4paGBR3VbZQzvoJ9Eg\"]},{\"@type\":\"Person\",\"@id\":\"https:\/\/www.travel3.com.br\/site\/#\/schema\/person\/a69d71e41a024999b6ab82369ac0bd1e\",\"name\":\"admin\",\"image\":{\"@type\":\"ImageObject\",\"inLanguage\":\"pt-BR\",\"@id\":\"https:\/\/www.travel3.com.br\/site\/#\/schema\/person\/image\/\",\"url\":\"https:\/\/secure.gravatar.com\/avatar\/732a67adfd764da2a47ba10ce731c4c0?s=96&d=mm&r=g\",\"contentUrl\":\"https:\/\/secure.gravatar.com\/avatar\/732a67adfd764da2a47ba10ce731c4c0?s=96&d=mm&r=g\",\"caption\":\"admin\"},\"url\":\"https:\/\/www.travel3.com.br\/site\/author\/admin\/\"}]}<\/script>\n<!-- \/ Yoast SEO plugin. -->","yoast_head_json":{"title":"OS NUMEROS DA BNT MERCOSUL QUE J\u00c1 TEM CALEND\u00c1RIO FIXADO AT\u00c9 2025 - Travel3","description":"A TRAVEL3 \u00e9 um portal de conte\u00fado voltado para o turismo, encontre destinos, viagens, hospedagem, passagens, guias, not\u00edcias sobre o mercado do turismo, dicas de viagem, v\u00eddeos e podcast.","robots":{"index":"index","follow":"follow","max-snippet":"max-snippet:-1","max-image-preview":"max-image-preview:large","max-video-preview":"max-video-preview:-1"},"canonical":"https:\/\/www.travel3.com.br\/site\/sem-categoria\/os-numeros-da-bnt-mercosul-que-ja-tem-calendario-fixado-ate-2025\/","og_locale":"pt_BR","og_type":"article","og_title":"OS NUMEROS DA BNT MERCOSUL QUE J\u00c1 TEM CALEND\u00c1RIO FIXADO AT\u00c9 2025 - Travel3","og_description":"A TRAVEL3 \u00e9 um portal de conte\u00fado voltado para o turismo, encontre destinos, viagens, hospedagem, passagens, guias, not\u00edcias sobre o mercado do turismo, dicas de viagem, v\u00eddeos e podcast.","og_url":"https:\/\/www.travel3.com.br\/site\/sem-categoria\/os-numeros-da-bnt-mercosul-que-ja-tem-calendario-fixado-ate-2025\/","og_site_name":"Travel3","article_publisher":"https:\/\/www.facebook.com\/travel3media\/","article_published_time":"2017-05-24T05:35:53+00:00","author":"admin","twitter_card":"summary_large_image","twitter_misc":{"Escrito por":"admin","Est. tempo de leitura":"1 minuto"},"schema":{"@context":"https:\/\/schema.org","@graph":[{"@type":"Article","@id":"https:\/\/www.travel3.com.br\/site\/sem-categoria\/os-numeros-da-bnt-mercosul-que-ja-tem-calendario-fixado-ate-2025\/#article","isPartOf":{"@id":"https:\/\/www.travel3.com.br\/site\/sem-categoria\/os-numeros-da-bnt-mercosul-que-ja-tem-calendario-fixado-ate-2025\/"},"author":{"name":"admin","@id":"https:\/\/www.travel3.com.br\/site\/#\/schema\/person\/a69d71e41a024999b6ab82369ac0bd1e"},"headline":"OS NUMEROS DA BNT MERCOSUL QUE J\u00c1 TEM CALEND\u00c1RIO FIXADO AT\u00c9 2025","datePublished":"2017-05-24T05:35:53+00:00","mainEntityOfPage":{"@id":"https:\/\/www.travel3.com.br\/site\/sem-categoria\/os-numeros-da-bnt-mercosul-que-ja-tem-calendario-fixado-ate-2025\/"},"wordCount":239,"commentCount":0,"publisher":{"@id":"https:\/\/www.travel3.com.br\/site\/#organization"},"inLanguage":"pt-BR","potentialAction":[{"@type":"CommentAction","name":"Comment","target":["https:\/\/www.travel3.com.br\/site\/sem-categoria\/os-numeros-da-bnt-mercosul-que-ja-tem-calendario-fixado-ate-2025\/#respond"]}]},{"@type":"WebPage","@id":"https:\/\/www.travel3.com.br\/site\/sem-categoria\/os-numeros-da-bnt-mercosul-que-ja-tem-calendario-fixado-ate-2025\/","url":"https:\/\/www.travel3.com.br\/site\/sem-categoria\/os-numeros-da-bnt-mercosul-que-ja-tem-calendario-fixado-ate-2025\/","name":"OS NUMEROS DA BNT MERCOSUL QUE J\u00c1 TEM CALEND\u00c1RIO FIXADO AT\u00c9 2025 - Travel3","isPartOf":{"@id":"https:\/\/www.travel3.com.br\/site\/#website"},"datePublished":"2017-05-24T05:35:53+00:00","description":"A TRAVEL3 \u00e9 um portal de conte\u00fado voltado para o turismo, encontre destinos, viagens, hospedagem, passagens, guias, not\u00edcias sobre o mercado do turismo, dicas de viagem, v\u00eddeos e podcast.","breadcrumb":{"@id":"https:\/\/www.travel3.com.br\/site\/sem-categoria\/os-numeros-da-bnt-mercosul-que-ja-tem-calendario-fixado-ate-2025\/#breadcrumb"},"inLanguage":"pt-BR","potentialAction":[{"@type":"ReadAction","target":["https:\/\/www.travel3.com.br\/site\/sem-categoria\/os-numeros-da-bnt-mercosul-que-ja-tem-calendario-fixado-ate-2025\/"]}]},{"@type":"BreadcrumbList","@id":"https:\/\/www.travel3.com.br\/site\/sem-categoria\/os-numeros-da-bnt-mercosul-que-ja-tem-calendario-fixado-ate-2025\/#breadcrumb","itemListElement":[{"@type":"ListItem","position":1,"name":"In\u00edcio","item":"https:\/\/www.travel3.com.br\/site\/"},{"@type":"ListItem","position":2,"name":"OS NUMEROS DA BNT MERCOSUL QUE J\u00c1 TEM CALEND\u00c1RIO FIXADO AT\u00c9 2025"}]},{"@type":"WebSite","@id":"https:\/\/www.travel3.com.br\/site\/#website","url":"https:\/\/www.travel3.com.br\/site\/","name":"Travel3","description":"Lazer + Neg&oacute;cios + Aventura","publisher":{"@id":"https:\/\/www.travel3.com.br\/site\/#organization"},"potentialAction":[{"@type":"SearchAction","target":{"@type":"EntryPoint","urlTemplate":"https:\/\/www.travel3.com.br\/site\/?s={search_term_string}"},"query-input":{"@type":"PropertyValueSpecification","valueRequired":true,"valueName":"search_term_string"}}],"inLanguage":"pt-BR"},{"@type":"Organization","@id":"https:\/\/www.travel3.com.br\/site\/#organization","name":"Travel3","url":"https:\/\/www.travel3.com.br\/site\/","logo":{"@type":"ImageObject","inLanguage":"pt-BR","@id":"https:\/\/www.travel3.com.br\/site\/#\/schema\/logo\/image\/","url":"https:\/\/www.travel3.com.br\/site\/wp-content\/uploads\/2020\/01\/logo-travel3-2020.png","contentUrl":"https:\/\/www.travel3.com.br\/site\/wp-content\/uploads\/2020\/01\/logo-travel3-2020.png","width":232,"height":79,"caption":"Travel3"},"image":{"@id":"https:\/\/www.travel3.com.br\/site\/#\/schema\/logo\/image\/"},"sameAs":["https:\/\/www.facebook.com\/travel3media\/","https:\/\/www.instagram.com\/revistatravel3\/","https:\/\/www.youtube.com\/channel\/UCno7J4paGBR3VbZQzvoJ9Eg"]},{"@type":"Person","@id":"https:\/\/www.travel3.com.br\/site\/#\/schema\/person\/a69d71e41a024999b6ab82369ac0bd1e","name":"admin","image":{"@type":"ImageObject","inLanguage":"pt-BR","@id":"https:\/\/www.travel3.com.br\/site\/#\/schema\/person\/image\/","url":"https:\/\/secure.gravatar.com\/avatar\/732a67adfd764da2a47ba10ce731c4c0?s=96&d=mm&r=g","contentUrl":"https:\/\/secure.gravatar.com\/avatar\/732a67adfd764da2a47ba10ce731c4c0?s=96&d=mm&r=g","caption":"admin"},"url":"https:\/\/www.travel3.com.br\/site\/author\/admin\/"}]}},"_links":{"self":[{"href":"https:\/\/www.travel3.com.br\/site\/wp-json\/wp\/v2\/posts\/5458","targetHints":{"allow":["GET"]}}],"collection":[{"href":"https:\/\/www.travel3.com.br\/site\/wp-json\/wp\/v2\/posts"}],"about":[{"href":"https:\/\/www.travel3.com.br\/site\/wp-json\/wp\/v2\/types\/post"}],"author":[{"embeddable":true,"href":"https:\/\/www.travel3.com.br\/site\/wp-json\/wp\/v2\/users\/1"}],"replies":[{"embeddable":true,"href":"https:\/\/www.travel3.com.br\/site\/wp-json\/wp\/v2\/comments?post=5458"}],"version-history":[{"count":0,"href":"https:\/\/www.travel3.com.br\/site\/wp-json\/wp\/v2\/posts\/5458\/revisions"}],"wp:attachment":[{"href":"https:\/\/www.travel3.com.br\/site\/wp-json\/wp\/v2\/media?parent=5458"}],"wp:term":[{"taxonomy":"category","embeddable":true,"href":"https:\/\/www.travel3.com.br\/site\/wp-json\/wp\/v2\/categories?post=5458"},{"taxonomy":"post_tag","embeddable":true,"href":"https:\/\/www.travel3.com.br\/site\/wp-json\/wp\/v2\/tags?post=5458"}],"curies":[{"name":"wp","href":"https:\/\/api.w.org\/{rel}","templated":true}]}}