{"id":5408,"date":"2017-08-19T13:44:17","date_gmt":"2017-08-19T13:44:17","guid":{"rendered":"http:\/\/www.travel3.com.br\/site\/ir-e-vir\/ar\/exposicao-de-picasso-no-instituto-tomie-ohtake-sp-ate-14-de-agosto\/"},"modified":"2017-08-19T13:44:17","modified_gmt":"2017-08-19T13:44:17","slug":"exposicao-de-picasso-no-instituto-tomie-ohtake-sp-ate-14-de-agosto","status":"publish","type":"post","link":"https:\/\/www.travel3.com.br\/site\/sem-categoria\/exposicao-de-picasso-no-instituto-tomie-ohtake-sp-ate-14-de-agosto\/","title":{"rendered":"EXPOSI\u00c7\u00c3O DE PICASSO NO INSTITUTO TOMIE OHTAKE (SP) AT\u00c9 14 DE AGOSTO"},"content":{"rendered":"<p><span style=\"color: #40acad; font-family: -apple-system, system-ui, 'Segoe UI', Roboto, Oxygen-Sans, Ubuntu, Cantarell, 'Helvetica Neue', sans-serif; font-size: 12px; font-weight: bold;\"><\/p>\n<p style=\"text-align: justify;\">A exposi\u00e7\u00e3o &#8220;Picasso: m\u00e3o erudita, olho selvagem&#8221; traz 116 pe\u00e7as do artista selecionadas, inicialmente, por ele mesmo. As obras s\u00e3o da cole\u00e7\u00e3o do Mus\u00e9e National Picasso-Paris e fazem parte de um conjunto que o espanhol manteve consigo ao longo da vida. Os trabalhos foram doados \u00e0 institui\u00e7\u00e3o pelos herdeiros. H\u00e1 fotos e v\u00eddeos que retratam os processos de produ\u00e7\u00e3o do pintor. A mostra pode ser vista at\u00e9 o dia 14 de agosto no Instituto Tomie Ohtake, em Pinheiros, zona oeste paulistana.<\/p>\n<p>Os primeiros trabalhos da exposi\u00e7\u00e3o remetem ao in\u00edcio da carreira do espanhol, quando Pablo Picasso, com 19 anos mudou-se para Paris. Segundo a pesquisadora do n\u00facleo de curadoria do Instituto Tomie Ohtake, Carolina de Angelisa, nessa fase inicial, as pinturas retratam o mundo art\u00edstico e a vida na capital francesa na transi\u00e7\u00e3o dos s\u00e9culos 19 e 20. \u201cEle pinta cenas do cotidiano, tipos urbanos, cenas da noite, dos cabar\u00e9s art\u00edsticos\u201d.<\/p>\n<p style=\"text-align: justify;\"><img decoding=\"async\" alt=\"Exposi\u00e7\u00e3o traz obras de Picasso colecionadas pelo pr\u00f3prio autor ao longo da vida\" src=\"http:\/\/agenciabrasil.ebc.com.br\/sites\/_agenciabrasil2013\/files\/styles\/interna_pequena\/public\/picasso_2.jpg?itok=4Z3g2XP4\" style=\"height:160px; width:277px\" title=\"\" \/><\/p>\n<p style=\"text-align: justify;\">A exposi\u00e7\u00e3o mostra trabalhos de Picasso no in\u00edcio da carreiraArquivo\/Mus\u00e9e National Picasso-Paris\/Oj\u00e9da Ren\u00e9-Gabriel<\/p>\n<p style=\"text-align: justify;\">O h\u00e1bito de colecionar parte dos pr\u00f3prios trabalhos desde essa \u00e9poca mostra, de acordo com Angelisa, uma aten\u00e7\u00e3o a trajet\u00f3ria que estava desenvolvendo como artista. \u201cO Picasso, al\u00e9m de ser muito bom na pr\u00f3pria autopromo\u00e7\u00e3o, porque ele foi um grande empreendedor do pr\u00f3prio trabalho. Isso tamb\u00e9m mostra a import\u00e2ncia que tinha para ele guardar, observar e olhar um certo tipo de evolu\u00e7\u00e3o\u201d, afirmou.<\/p>\n<p style=\"text-align: justify;\">Nesse percurso, alguns temas acabam sendo recorrentes, como a figura do arlequim, usada, segundo a pesquisadora, com inten\u00e7\u00f5es diversas ao longo do tempo. \u201cNo come\u00e7o, ele retrata isso logo que chega em Paris, para mostrar um tipo de figura mais marginalizada. Esse profissional do circo um pouco n\u00f4made, que n\u00e3o tem um lugar fixo para se estabelecer. Em outros momentos, ele se retrata como o pr\u00f3prio arlequim, porque todas essas figuras s\u00e3o do entretenimento, mas carregam uma certa tristeza, melancolia\u201d, afirma, sobre como o personagem, algo entre o palha\u00e7o e o bobo da corte, quer chega a ser usado por Picasso para representar at\u00e9 seu filho.<\/p>\n<p style=\"text-align: justify;\"><strong>M\u00faltiplos estilos e t\u00e9cnicas<\/strong><\/p>\n<p style=\"text-align: justify;\">Por outro lado, a exposi\u00e7\u00e3o busca mostrar, em ordem cronol\u00f3gica, a diversidade de t\u00e9cnicas e estilos desenvolvidos pelo artista ao longo do tempo. Escultura em cer\u00e2mica, gravuras, desenhos e pinturas com influ\u00eancias m\u00faltiplas, apresentam um artista que foi muito al\u00e9m do cubismo, movimento do qual \u00e9 um dos principais nomes. \u201c\u00c9 uma variedade, n\u00e3o s\u00f3 de t\u00e9cnicas, mas de modos de representa\u00e7\u00e3o. De como as figuras s\u00e3o representadas, o que poderia ser uma exposi\u00e7\u00e3o coletiva, de v\u00e1rios artistas\u201d, disse Angelisa.<\/p>\n<p style=\"text-align: justify;\">A decomposi\u00e7\u00e3o das formas da natureza em formas geom\u00e9tricas, que se consolidou na express\u00e3o cubista, pode ser acompanhada como processo na linha estabelecida pela curadoria. \u201cO que ele faz no per\u00edodo cubista, j\u00e1 estava sendo tra\u00e7ado anteriormente\u201d, ressaltou.<\/p>\n<p style=\"text-align: justify;\"><img decoding=\"async\" alt=\"Exposi\u00e7\u00e3o traz obras de Picasso colecionadas pelo pr\u00f3prio autor ao longo da vida\" src=\"http:\/\/agenciabrasil.ebc.com.br\/sites\/_agenciabrasil2013\/files\/styles\/interna_pequena\/public\/picasso_3.jpg?itok=0cTi9Utu\" style=\"height:160px; width:277px\" title=\"\" \/><\/p>\n<p style=\"text-align: justify;\">Trabalhos foram doados ao museu por herdeirosArquivo\/Mus\u00e9e National Picasso-Paris<\/p>\n<p style=\"text-align: justify;\">A influ\u00eancia do contexto hist\u00f3rico na produ\u00e7\u00e3o tamb\u00e9m pode ser sentida nas diversas fases que comp\u00f5e o conjunto da obra de Picasso. Nesse sentido, h\u00e1 uma parte dedicada ao processo de realiza\u00e7\u00e3o do quadro Guernica, uma das mais famosas obras de Picasso, inspirada no bombardeio que destruiu uma pequena vila espanhola durante a Segunda Guerra Mundial. \u201cE tamb\u00e9m das pinturas na \u00e9poca da ocupa\u00e7\u00e3o alem\u00e3 na Fran\u00e7a, que s\u00e3o pinturas mais densas, mais escurecidas, com tons de preto e cinza\u201d, acrescentou a pesquisadora.<\/p>\n<p><\/span><\/p>\n","protected":false},"excerpt":{"rendered":"<p>As obras s\u00e3o da cole\u00e7\u00e3o do Mus\u00e9e National Picasso-Paris e fazem parte de um conjunto que o espanhol manteve consigo ao longo da vida<\/p>\n","protected":false},"author":1,"featured_media":0,"comment_status":"open","ping_status":"open","sticky":false,"template":"","format":"standard","meta":{"footnotes":""},"categories":[],"tags":[],"class_list":["post-5408","post","type-post","status-publish","format-standard","hentry"],"yoast_head":"<!-- This site is optimized with the Yoast SEO plugin v26.2 - https:\/\/yoast.com\/wordpress\/plugins\/seo\/ -->\n<title>EXPOSI\u00c7\u00c3O DE PICASSO NO INSTITUTO TOMIE OHTAKE (SP) AT\u00c9 14 DE AGOSTO - Travel3<\/title>\n<meta name=\"description\" content=\"A TRAVEL3 \u00e9 um portal de conte\u00fado voltado para o turismo, encontre destinos, viagens, hospedagem, passagens, guias, not\u00edcias sobre o mercado do turismo, dicas de viagem, v\u00eddeos e podcast.\" \/>\n<meta name=\"robots\" content=\"index, follow, max-snippet:-1, max-image-preview:large, max-video-preview:-1\" \/>\n<link rel=\"canonical\" href=\"https:\/\/www.travel3.com.br\/site\/sem-categoria\/exposicao-de-picasso-no-instituto-tomie-ohtake-sp-ate-14-de-agosto\/\" \/>\n<meta property=\"og:locale\" content=\"pt_BR\" \/>\n<meta property=\"og:type\" content=\"article\" \/>\n<meta property=\"og:title\" content=\"EXPOSI\u00c7\u00c3O DE PICASSO NO INSTITUTO TOMIE OHTAKE (SP) AT\u00c9 14 DE AGOSTO - Travel3\" \/>\n<meta property=\"og:description\" content=\"A TRAVEL3 \u00e9 um portal de conte\u00fado voltado para o turismo, encontre destinos, viagens, hospedagem, passagens, guias, not\u00edcias sobre o mercado do turismo, dicas de viagem, v\u00eddeos e podcast.\" \/>\n<meta property=\"og:url\" content=\"https:\/\/www.travel3.com.br\/site\/sem-categoria\/exposicao-de-picasso-no-instituto-tomie-ohtake-sp-ate-14-de-agosto\/\" \/>\n<meta property=\"og:site_name\" content=\"Travel3\" \/>\n<meta property=\"article:publisher\" content=\"https:\/\/www.facebook.com\/travel3media\/\" \/>\n<meta property=\"article:published_time\" content=\"2017-08-19T13:44:17+00:00\" \/>\n<meta property=\"og:image\" content=\"http:\/\/agenciabrasil.ebc.com.br\/sites\/_agenciabrasil2013\/files\/styles\/interna_pequena\/public\/picasso_2.jpg?itok=4Z3g2XP4\" \/>\n<meta name=\"author\" content=\"admin\" \/>\n<meta name=\"twitter:card\" content=\"summary_large_image\" \/>\n<meta name=\"twitter:label1\" content=\"Escrito por\" \/>\n\t<meta name=\"twitter:data1\" content=\"admin\" \/>\n\t<meta name=\"twitter:label2\" content=\"Est. tempo de leitura\" \/>\n\t<meta name=\"twitter:data2\" content=\"3 minutos\" \/>\n<script type=\"application\/ld+json\" class=\"yoast-schema-graph\">{\"@context\":\"https:\/\/schema.org\",\"@graph\":[{\"@type\":\"Article\",\"@id\":\"https:\/\/www.travel3.com.br\/site\/sem-categoria\/exposicao-de-picasso-no-instituto-tomie-ohtake-sp-ate-14-de-agosto\/#article\",\"isPartOf\":{\"@id\":\"https:\/\/www.travel3.com.br\/site\/sem-categoria\/exposicao-de-picasso-no-instituto-tomie-ohtake-sp-ate-14-de-agosto\/\"},\"author\":{\"name\":\"admin\",\"@id\":\"https:\/\/www.travel3.com.br\/site\/#\/schema\/person\/a69d71e41a024999b6ab82369ac0bd1e\"},\"headline\":\"EXPOSI\u00c7\u00c3O DE PICASSO NO INSTITUTO TOMIE OHTAKE (SP) AT\u00c9 14 DE AGOSTO\",\"datePublished\":\"2017-08-19T13:44:17+00:00\",\"mainEntityOfPage\":{\"@id\":\"https:\/\/www.travel3.com.br\/site\/sem-categoria\/exposicao-de-picasso-no-instituto-tomie-ohtake-sp-ate-14-de-agosto\/\"},\"wordCount\":625,\"commentCount\":0,\"publisher\":{\"@id\":\"https:\/\/www.travel3.com.br\/site\/#organization\"},\"image\":{\"@id\":\"https:\/\/www.travel3.com.br\/site\/sem-categoria\/exposicao-de-picasso-no-instituto-tomie-ohtake-sp-ate-14-de-agosto\/#primaryimage\"},\"thumbnailUrl\":\"http:\/\/agenciabrasil.ebc.com.br\/sites\/_agenciabrasil2013\/files\/styles\/interna_pequena\/public\/picasso_2.jpg?itok=4Z3g2XP4\",\"inLanguage\":\"pt-BR\",\"potentialAction\":[{\"@type\":\"CommentAction\",\"name\":\"Comment\",\"target\":[\"https:\/\/www.travel3.com.br\/site\/sem-categoria\/exposicao-de-picasso-no-instituto-tomie-ohtake-sp-ate-14-de-agosto\/#respond\"]}]},{\"@type\":\"WebPage\",\"@id\":\"https:\/\/www.travel3.com.br\/site\/sem-categoria\/exposicao-de-picasso-no-instituto-tomie-ohtake-sp-ate-14-de-agosto\/\",\"url\":\"https:\/\/www.travel3.com.br\/site\/sem-categoria\/exposicao-de-picasso-no-instituto-tomie-ohtake-sp-ate-14-de-agosto\/\",\"name\":\"EXPOSI\u00c7\u00c3O DE PICASSO NO INSTITUTO TOMIE OHTAKE (SP) AT\u00c9 14 DE AGOSTO - Travel3\",\"isPartOf\":{\"@id\":\"https:\/\/www.travel3.com.br\/site\/#website\"},\"primaryImageOfPage\":{\"@id\":\"https:\/\/www.travel3.com.br\/site\/sem-categoria\/exposicao-de-picasso-no-instituto-tomie-ohtake-sp-ate-14-de-agosto\/#primaryimage\"},\"image\":{\"@id\":\"https:\/\/www.travel3.com.br\/site\/sem-categoria\/exposicao-de-picasso-no-instituto-tomie-ohtake-sp-ate-14-de-agosto\/#primaryimage\"},\"thumbnailUrl\":\"http:\/\/agenciabrasil.ebc.com.br\/sites\/_agenciabrasil2013\/files\/styles\/interna_pequena\/public\/picasso_2.jpg?itok=4Z3g2XP4\",\"datePublished\":\"2017-08-19T13:44:17+00:00\",\"description\":\"A TRAVEL3 \u00e9 um portal de conte\u00fado voltado para o turismo, encontre destinos, viagens, hospedagem, passagens, guias, not\u00edcias sobre o mercado do turismo, dicas de viagem, v\u00eddeos e podcast.\",\"breadcrumb\":{\"@id\":\"https:\/\/www.travel3.com.br\/site\/sem-categoria\/exposicao-de-picasso-no-instituto-tomie-ohtake-sp-ate-14-de-agosto\/#breadcrumb\"},\"inLanguage\":\"pt-BR\",\"potentialAction\":[{\"@type\":\"ReadAction\",\"target\":[\"https:\/\/www.travel3.com.br\/site\/sem-categoria\/exposicao-de-picasso-no-instituto-tomie-ohtake-sp-ate-14-de-agosto\/\"]}]},{\"@type\":\"ImageObject\",\"inLanguage\":\"pt-BR\",\"@id\":\"https:\/\/www.travel3.com.br\/site\/sem-categoria\/exposicao-de-picasso-no-instituto-tomie-ohtake-sp-ate-14-de-agosto\/#primaryimage\",\"url\":\"http:\/\/agenciabrasil.ebc.com.br\/sites\/_agenciabrasil2013\/files\/styles\/interna_pequena\/public\/picasso_2.jpg?itok=4Z3g2XP4\",\"contentUrl\":\"http:\/\/agenciabrasil.ebc.com.br\/sites\/_agenciabrasil2013\/files\/styles\/interna_pequena\/public\/picasso_2.jpg?itok=4Z3g2XP4\"},{\"@type\":\"BreadcrumbList\",\"@id\":\"https:\/\/www.travel3.com.br\/site\/sem-categoria\/exposicao-de-picasso-no-instituto-tomie-ohtake-sp-ate-14-de-agosto\/#breadcrumb\",\"itemListElement\":[{\"@type\":\"ListItem\",\"position\":1,\"name\":\"In\u00edcio\",\"item\":\"https:\/\/www.travel3.com.br\/site\/\"},{\"@type\":\"ListItem\",\"position\":2,\"name\":\"EXPOSI\u00c7\u00c3O DE PICASSO NO INSTITUTO TOMIE OHTAKE (SP) AT\u00c9 14 DE AGOSTO\"}]},{\"@type\":\"WebSite\",\"@id\":\"https:\/\/www.travel3.com.br\/site\/#website\",\"url\":\"https:\/\/www.travel3.com.br\/site\/\",\"name\":\"Travel3\",\"description\":\"Lazer + Neg&oacute;cios + Aventura\",\"publisher\":{\"@id\":\"https:\/\/www.travel3.com.br\/site\/#organization\"},\"potentialAction\":[{\"@type\":\"SearchAction\",\"target\":{\"@type\":\"EntryPoint\",\"urlTemplate\":\"https:\/\/www.travel3.com.br\/site\/?s={search_term_string}\"},\"query-input\":{\"@type\":\"PropertyValueSpecification\",\"valueRequired\":true,\"valueName\":\"search_term_string\"}}],\"inLanguage\":\"pt-BR\"},{\"@type\":\"Organization\",\"@id\":\"https:\/\/www.travel3.com.br\/site\/#organization\",\"name\":\"Travel3\",\"url\":\"https:\/\/www.travel3.com.br\/site\/\",\"logo\":{\"@type\":\"ImageObject\",\"inLanguage\":\"pt-BR\",\"@id\":\"https:\/\/www.travel3.com.br\/site\/#\/schema\/logo\/image\/\",\"url\":\"https:\/\/www.travel3.com.br\/site\/wp-content\/uploads\/2020\/01\/logo-travel3-2020.png\",\"contentUrl\":\"https:\/\/www.travel3.com.br\/site\/wp-content\/uploads\/2020\/01\/logo-travel3-2020.png\",\"width\":232,\"height\":79,\"caption\":\"Travel3\"},\"image\":{\"@id\":\"https:\/\/www.travel3.com.br\/site\/#\/schema\/logo\/image\/\"},\"sameAs\":[\"https:\/\/www.facebook.com\/travel3media\/\",\"https:\/\/www.instagram.com\/revistatravel3\/\",\"https:\/\/www.youtube.com\/channel\/UCno7J4paGBR3VbZQzvoJ9Eg\"]},{\"@type\":\"Person\",\"@id\":\"https:\/\/www.travel3.com.br\/site\/#\/schema\/person\/a69d71e41a024999b6ab82369ac0bd1e\",\"name\":\"admin\",\"image\":{\"@type\":\"ImageObject\",\"inLanguage\":\"pt-BR\",\"@id\":\"https:\/\/www.travel3.com.br\/site\/#\/schema\/person\/image\/\",\"url\":\"https:\/\/secure.gravatar.com\/avatar\/732a67adfd764da2a47ba10ce731c4c0?s=96&d=mm&r=g\",\"contentUrl\":\"https:\/\/secure.gravatar.com\/avatar\/732a67adfd764da2a47ba10ce731c4c0?s=96&d=mm&r=g\",\"caption\":\"admin\"},\"url\":\"https:\/\/www.travel3.com.br\/site\/author\/admin\/\"}]}<\/script>\n<!-- \/ Yoast SEO plugin. -->","yoast_head_json":{"title":"EXPOSI\u00c7\u00c3O DE PICASSO NO INSTITUTO TOMIE OHTAKE (SP) AT\u00c9 14 DE AGOSTO - Travel3","description":"A TRAVEL3 \u00e9 um portal de conte\u00fado voltado para o turismo, encontre destinos, viagens, hospedagem, passagens, guias, not\u00edcias sobre o mercado do turismo, dicas de viagem, v\u00eddeos e podcast.","robots":{"index":"index","follow":"follow","max-snippet":"max-snippet:-1","max-image-preview":"max-image-preview:large","max-video-preview":"max-video-preview:-1"},"canonical":"https:\/\/www.travel3.com.br\/site\/sem-categoria\/exposicao-de-picasso-no-instituto-tomie-ohtake-sp-ate-14-de-agosto\/","og_locale":"pt_BR","og_type":"article","og_title":"EXPOSI\u00c7\u00c3O DE PICASSO NO INSTITUTO TOMIE OHTAKE (SP) AT\u00c9 14 DE AGOSTO - Travel3","og_description":"A TRAVEL3 \u00e9 um portal de conte\u00fado voltado para o turismo, encontre destinos, viagens, hospedagem, passagens, guias, not\u00edcias sobre o mercado do turismo, dicas de viagem, v\u00eddeos e podcast.","og_url":"https:\/\/www.travel3.com.br\/site\/sem-categoria\/exposicao-de-picasso-no-instituto-tomie-ohtake-sp-ate-14-de-agosto\/","og_site_name":"Travel3","article_publisher":"https:\/\/www.facebook.com\/travel3media\/","article_published_time":"2017-08-19T13:44:17+00:00","og_image":[{"url":"http:\/\/agenciabrasil.ebc.com.br\/sites\/_agenciabrasil2013\/files\/styles\/interna_pequena\/public\/picasso_2.jpg?itok=4Z3g2XP4","type":"","width":"","height":""}],"author":"admin","twitter_card":"summary_large_image","twitter_misc":{"Escrito por":"admin","Est. tempo de leitura":"3 minutos"},"schema":{"@context":"https:\/\/schema.org","@graph":[{"@type":"Article","@id":"https:\/\/www.travel3.com.br\/site\/sem-categoria\/exposicao-de-picasso-no-instituto-tomie-ohtake-sp-ate-14-de-agosto\/#article","isPartOf":{"@id":"https:\/\/www.travel3.com.br\/site\/sem-categoria\/exposicao-de-picasso-no-instituto-tomie-ohtake-sp-ate-14-de-agosto\/"},"author":{"name":"admin","@id":"https:\/\/www.travel3.com.br\/site\/#\/schema\/person\/a69d71e41a024999b6ab82369ac0bd1e"},"headline":"EXPOSI\u00c7\u00c3O DE PICASSO NO INSTITUTO TOMIE OHTAKE (SP) AT\u00c9 14 DE AGOSTO","datePublished":"2017-08-19T13:44:17+00:00","mainEntityOfPage":{"@id":"https:\/\/www.travel3.com.br\/site\/sem-categoria\/exposicao-de-picasso-no-instituto-tomie-ohtake-sp-ate-14-de-agosto\/"},"wordCount":625,"commentCount":0,"publisher":{"@id":"https:\/\/www.travel3.com.br\/site\/#organization"},"image":{"@id":"https:\/\/www.travel3.com.br\/site\/sem-categoria\/exposicao-de-picasso-no-instituto-tomie-ohtake-sp-ate-14-de-agosto\/#primaryimage"},"thumbnailUrl":"http:\/\/agenciabrasil.ebc.com.br\/sites\/_agenciabrasil2013\/files\/styles\/interna_pequena\/public\/picasso_2.jpg?itok=4Z3g2XP4","inLanguage":"pt-BR","potentialAction":[{"@type":"CommentAction","name":"Comment","target":["https:\/\/www.travel3.com.br\/site\/sem-categoria\/exposicao-de-picasso-no-instituto-tomie-ohtake-sp-ate-14-de-agosto\/#respond"]}]},{"@type":"WebPage","@id":"https:\/\/www.travel3.com.br\/site\/sem-categoria\/exposicao-de-picasso-no-instituto-tomie-ohtake-sp-ate-14-de-agosto\/","url":"https:\/\/www.travel3.com.br\/site\/sem-categoria\/exposicao-de-picasso-no-instituto-tomie-ohtake-sp-ate-14-de-agosto\/","name":"EXPOSI\u00c7\u00c3O DE PICASSO NO INSTITUTO TOMIE OHTAKE (SP) AT\u00c9 14 DE AGOSTO - Travel3","isPartOf":{"@id":"https:\/\/www.travel3.com.br\/site\/#website"},"primaryImageOfPage":{"@id":"https:\/\/www.travel3.com.br\/site\/sem-categoria\/exposicao-de-picasso-no-instituto-tomie-ohtake-sp-ate-14-de-agosto\/#primaryimage"},"image":{"@id":"https:\/\/www.travel3.com.br\/site\/sem-categoria\/exposicao-de-picasso-no-instituto-tomie-ohtake-sp-ate-14-de-agosto\/#primaryimage"},"thumbnailUrl":"http:\/\/agenciabrasil.ebc.com.br\/sites\/_agenciabrasil2013\/files\/styles\/interna_pequena\/public\/picasso_2.jpg?itok=4Z3g2XP4","datePublished":"2017-08-19T13:44:17+00:00","description":"A TRAVEL3 \u00e9 um portal de conte\u00fado voltado para o turismo, encontre destinos, viagens, hospedagem, passagens, guias, not\u00edcias sobre o mercado do turismo, dicas de viagem, v\u00eddeos e podcast.","breadcrumb":{"@id":"https:\/\/www.travel3.com.br\/site\/sem-categoria\/exposicao-de-picasso-no-instituto-tomie-ohtake-sp-ate-14-de-agosto\/#breadcrumb"},"inLanguage":"pt-BR","potentialAction":[{"@type":"ReadAction","target":["https:\/\/www.travel3.com.br\/site\/sem-categoria\/exposicao-de-picasso-no-instituto-tomie-ohtake-sp-ate-14-de-agosto\/"]}]},{"@type":"ImageObject","inLanguage":"pt-BR","@id":"https:\/\/www.travel3.com.br\/site\/sem-categoria\/exposicao-de-picasso-no-instituto-tomie-ohtake-sp-ate-14-de-agosto\/#primaryimage","url":"http:\/\/agenciabrasil.ebc.com.br\/sites\/_agenciabrasil2013\/files\/styles\/interna_pequena\/public\/picasso_2.jpg?itok=4Z3g2XP4","contentUrl":"http:\/\/agenciabrasil.ebc.com.br\/sites\/_agenciabrasil2013\/files\/styles\/interna_pequena\/public\/picasso_2.jpg?itok=4Z3g2XP4"},{"@type":"BreadcrumbList","@id":"https:\/\/www.travel3.com.br\/site\/sem-categoria\/exposicao-de-picasso-no-instituto-tomie-ohtake-sp-ate-14-de-agosto\/#breadcrumb","itemListElement":[{"@type":"ListItem","position":1,"name":"In\u00edcio","item":"https:\/\/www.travel3.com.br\/site\/"},{"@type":"ListItem","position":2,"name":"EXPOSI\u00c7\u00c3O DE PICASSO NO INSTITUTO TOMIE OHTAKE (SP) AT\u00c9 14 DE AGOSTO"}]},{"@type":"WebSite","@id":"https:\/\/www.travel3.com.br\/site\/#website","url":"https:\/\/www.travel3.com.br\/site\/","name":"Travel3","description":"Lazer + Neg&oacute;cios + Aventura","publisher":{"@id":"https:\/\/www.travel3.com.br\/site\/#organization"},"potentialAction":[{"@type":"SearchAction","target":{"@type":"EntryPoint","urlTemplate":"https:\/\/www.travel3.com.br\/site\/?s={search_term_string}"},"query-input":{"@type":"PropertyValueSpecification","valueRequired":true,"valueName":"search_term_string"}}],"inLanguage":"pt-BR"},{"@type":"Organization","@id":"https:\/\/www.travel3.com.br\/site\/#organization","name":"Travel3","url":"https:\/\/www.travel3.com.br\/site\/","logo":{"@type":"ImageObject","inLanguage":"pt-BR","@id":"https:\/\/www.travel3.com.br\/site\/#\/schema\/logo\/image\/","url":"https:\/\/www.travel3.com.br\/site\/wp-content\/uploads\/2020\/01\/logo-travel3-2020.png","contentUrl":"https:\/\/www.travel3.com.br\/site\/wp-content\/uploads\/2020\/01\/logo-travel3-2020.png","width":232,"height":79,"caption":"Travel3"},"image":{"@id":"https:\/\/www.travel3.com.br\/site\/#\/schema\/logo\/image\/"},"sameAs":["https:\/\/www.facebook.com\/travel3media\/","https:\/\/www.instagram.com\/revistatravel3\/","https:\/\/www.youtube.com\/channel\/UCno7J4paGBR3VbZQzvoJ9Eg"]},{"@type":"Person","@id":"https:\/\/www.travel3.com.br\/site\/#\/schema\/person\/a69d71e41a024999b6ab82369ac0bd1e","name":"admin","image":{"@type":"ImageObject","inLanguage":"pt-BR","@id":"https:\/\/www.travel3.com.br\/site\/#\/schema\/person\/image\/","url":"https:\/\/secure.gravatar.com\/avatar\/732a67adfd764da2a47ba10ce731c4c0?s=96&d=mm&r=g","contentUrl":"https:\/\/secure.gravatar.com\/avatar\/732a67adfd764da2a47ba10ce731c4c0?s=96&d=mm&r=g","caption":"admin"},"url":"https:\/\/www.travel3.com.br\/site\/author\/admin\/"}]}},"_links":{"self":[{"href":"https:\/\/www.travel3.com.br\/site\/wp-json\/wp\/v2\/posts\/5408","targetHints":{"allow":["GET"]}}],"collection":[{"href":"https:\/\/www.travel3.com.br\/site\/wp-json\/wp\/v2\/posts"}],"about":[{"href":"https:\/\/www.travel3.com.br\/site\/wp-json\/wp\/v2\/types\/post"}],"author":[{"embeddable":true,"href":"https:\/\/www.travel3.com.br\/site\/wp-json\/wp\/v2\/users\/1"}],"replies":[{"embeddable":true,"href":"https:\/\/www.travel3.com.br\/site\/wp-json\/wp\/v2\/comments?post=5408"}],"version-history":[{"count":0,"href":"https:\/\/www.travel3.com.br\/site\/wp-json\/wp\/v2\/posts\/5408\/revisions"}],"wp:attachment":[{"href":"https:\/\/www.travel3.com.br\/site\/wp-json\/wp\/v2\/media?parent=5408"}],"wp:term":[{"taxonomy":"category","embeddable":true,"href":"https:\/\/www.travel3.com.br\/site\/wp-json\/wp\/v2\/categories?post=5408"},{"taxonomy":"post_tag","embeddable":true,"href":"https:\/\/www.travel3.com.br\/site\/wp-json\/wp\/v2\/tags?post=5408"}],"curies":[{"name":"wp","href":"https:\/\/api.w.org\/{rel}","templated":true}]}}