{"id":5407,"date":"2017-08-15T03:25:05","date_gmt":"2017-08-15T03:25:05","guid":{"rendered":"http:\/\/www.travel3.com.br\/site\/ir-e-vir\/ar\/prefeitura-do-rio-inaugura-novo-trecho-da-orla-conde\/"},"modified":"2017-08-15T03:25:05","modified_gmt":"2017-08-15T03:25:05","slug":"prefeitura-do-rio-inaugura-novo-trecho-da-orla-conde","status":"publish","type":"post","link":"https:\/\/www.travel3.com.br\/site\/sem-categoria\/prefeitura-do-rio-inaugura-novo-trecho-da-orla-conde\/","title":{"rendered":"PREFEITURA DO RIO INAUGURA NOVO TRECHO DA ORLA CONDE"},"content":{"rendered":"<p><span style=\"color: #40acad; font-family: -apple-system, system-ui, 'Segoe UI', Roboto, Oxygen-Sans, Ubuntu, Cantarell, 'Helvetica Neue', sans-serif; font-size: 12px; font-weight: bold;\"><\/p>\n<p style=\"text-align: justify;\">O prefeito do Rio, Eduardo Paes, entregou ontem\u00a0(29) \u00e0 popula\u00e7\u00e3o tr\u00eas espa\u00e7os revitalizados no centro do Rio: a Pra\u00e7a XV, a Pra\u00e7a Marechal \u00c2ncora e o Largo da Miseric\u00f3rdia. Os 77.978 metros quadrados que comp\u00f5em os espa\u00e7os \u2013 que v\u00e3o da Pra\u00e7a XV at\u00e9 o Largo da Miseric\u00f3rdia &#8211; fazem parte do terceiro trecho da Orla da Guanabara Prefeito Luiz Paulo Conde.<\/p>\n<p style=\"text-align: justify;\">As melhorias, proporcionadas por obras de revitaliza\u00e7\u00e3o do Porto Maravilha, s\u00e3o, na avalia\u00e7\u00e3o da prefeitura, uma conquista da cidade que vem resgatando \u201co rico conjunto arquitet\u00f4nico da paisagem hist\u00f3rica da cidade e procuram destinar mais espa\u00e7o ao tr\u00e1fego livre de pedestres e ciclistas\u201d.<\/p>\n<p style=\"text-align: center;\"><img decoding=\"async\" alt=\" a Pra\u00e7a XV, a Pra\u00e7a Marechal \u00c2ncora e o Largo da Miseric\u00f3rdia (T\u00e2nia R\u00eago\/Ag\u00eancia Brasil)\" src=\"http:\/\/agenciabrasil.ebc.com.br\/sites\/_agenciabrasil2013\/files\/styles\/interna_pequena\/public\/fotos\/1022467-29052016-_dsc1284.jpg?itok=7DzTbP1m\" style=\"height:160px; width:277px\" title=\"\" \/><\/p>\n<p style=\"text-align: center;\"><em>O prefeito Eduardo Paes entrega tr\u00eas espa\u00e7os revitalizados no centro do RioT\u00e2nia R\u00eago\/Ag\u00eancia Brasil<\/em><\/p>\n<p style=\"text-align: justify;\">Para marcar data, a Secretaria Municipal de Cultura elaborou uma programa\u00e7\u00e3o, com uma s\u00e9rie de atra\u00e7\u00f5es abertas ao p\u00fablico na Pra\u00e7a XV. A import\u00e2ncia hist\u00f3rica do Largo da Miseric\u00f3rdia, parte do n\u00facleo original da funda\u00e7\u00e3o da cidade, da Pra\u00e7a Marechal \u00c2ncora, do Museu Hist\u00f3rico Nacional e da Pra\u00e7a XV relembrada em uma performance das crian\u00e7as do grupo Arteiros da Cidade de Deus.<\/p>\n<p style=\"text-align: justify;\">O Grupo Cultural AfroReggae apresentou<em>\u00a0Afro Mix<\/em>, o espet\u00e1culo que misturar circo, percuss\u00e3o, dan\u00e7a, m\u00fasica cl\u00e1ssica e teatro. E, para encerrar, o grupo de chorinho do sambista Haroldo Costa recordou cl\u00e1ssicos do g\u00eanero como\u00a0<em>Carinhoso<\/em>, de Jo\u00e3o de Barro e Pixinguinha,\u00a0<em>Delicado<\/em>, de Waldir Azevedo, al\u00e9m de\u00a0<em>Noites Cariocas<\/em>\u00a0e Doce de Coco, de Jacob do Bandolim.<\/p>\n<p style=\"text-align: justify;\"><strong>Maratona<\/strong><\/p>\n<p style=\"text-align: justify;\">A cidade promoveu tamb\u00e9m neste domingo da Maratona e da Meia Maratona do Rio, que este ano recebeu 29 mil pessoas, sendo cerca de mil delas estrangeiros. Para o evento foi montado um esquema especial de seguran\u00e7a e de tr\u00e2nsito, com a altera\u00e7\u00e3o do sentido de algumas das principais ruas e avenidas da cidade.<\/p>\n<p style=\"text-align: justify;\">Dados divulgados pela assessoria de imprensa do evento indicam que no ano passado a Maratona do Rio movimentou cerca de R$ 200 milh\u00f5es na economia da cidade. Este ano, segundo a Associa\u00e7\u00e3o Brasileira da Ind\u00fastria de Hot\u00e9is, em decorr\u00eancia da Maratona do Rio 2016, aliado ao feriado de Corpus Christi, somente a cidade do Rio de Janeiro a m\u00e9dia de ocupa\u00e7\u00e3o da rede hoteleira ficou em 57,44%, um aumento de 11,95% em compara\u00e7\u00e3o ao ano passado.<\/p>\n<p><\/span><\/p>\n","protected":false},"excerpt":{"rendered":"<p>Para marcar data, a Secretaria Municipal de Cultura elaborou uma programa\u00e7\u00e3o, com uma s\u00e9rie de atra\u00e7\u00f5es abertas ao p\u00fablico na Pra\u00e7a XV.<\/p>\n","protected":false},"author":1,"featured_media":0,"comment_status":"open","ping_status":"open","sticky":false,"template":"","format":"standard","meta":{"footnotes":""},"categories":[],"tags":[],"class_list":["post-5407","post","type-post","status-publish","format-standard","hentry"],"yoast_head":"<!-- This site is optimized with the Yoast SEO plugin v26.2 - https:\/\/yoast.com\/wordpress\/plugins\/seo\/ -->\n<title>PREFEITURA DO RIO INAUGURA NOVO TRECHO DA ORLA CONDE - Travel3<\/title>\n<meta name=\"description\" content=\"A TRAVEL3 \u00e9 um portal de conte\u00fado voltado para o turismo, encontre destinos, viagens, hospedagem, passagens, guias, not\u00edcias sobre o mercado do turismo, dicas de viagem, v\u00eddeos e podcast.\" \/>\n<meta name=\"robots\" content=\"index, follow, max-snippet:-1, max-image-preview:large, max-video-preview:-1\" \/>\n<link rel=\"canonical\" href=\"https:\/\/www.travel3.com.br\/site\/sem-categoria\/prefeitura-do-rio-inaugura-novo-trecho-da-orla-conde\/\" \/>\n<meta property=\"og:locale\" content=\"pt_BR\" \/>\n<meta property=\"og:type\" content=\"article\" \/>\n<meta property=\"og:title\" content=\"PREFEITURA DO RIO INAUGURA NOVO TRECHO DA ORLA CONDE - Travel3\" \/>\n<meta property=\"og:description\" content=\"A TRAVEL3 \u00e9 um portal de conte\u00fado voltado para o turismo, encontre destinos, viagens, hospedagem, passagens, guias, not\u00edcias sobre o mercado do turismo, dicas de viagem, v\u00eddeos e podcast.\" \/>\n<meta property=\"og:url\" content=\"https:\/\/www.travel3.com.br\/site\/sem-categoria\/prefeitura-do-rio-inaugura-novo-trecho-da-orla-conde\/\" \/>\n<meta property=\"og:site_name\" content=\"Travel3\" \/>\n<meta property=\"article:publisher\" content=\"https:\/\/www.facebook.com\/travel3media\/\" \/>\n<meta property=\"article:published_time\" content=\"2017-08-15T03:25:05+00:00\" \/>\n<meta property=\"og:image\" content=\"http:\/\/agenciabrasil.ebc.com.br\/sites\/_agenciabrasil2013\/files\/styles\/interna_pequena\/public\/fotos\/1022467-29052016-_dsc1284.jpg?itok=7DzTbP1m\" \/>\n<meta name=\"author\" content=\"admin\" \/>\n<meta name=\"twitter:card\" content=\"summary_large_image\" \/>\n<meta name=\"twitter:label1\" content=\"Escrito por\" \/>\n\t<meta name=\"twitter:data1\" content=\"admin\" \/>\n\t<meta name=\"twitter:label2\" content=\"Est. tempo de leitura\" \/>\n\t<meta name=\"twitter:data2\" content=\"2 minutos\" \/>\n<script type=\"application\/ld+json\" class=\"yoast-schema-graph\">{\"@context\":\"https:\/\/schema.org\",\"@graph\":[{\"@type\":\"Article\",\"@id\":\"https:\/\/www.travel3.com.br\/site\/sem-categoria\/prefeitura-do-rio-inaugura-novo-trecho-da-orla-conde\/#article\",\"isPartOf\":{\"@id\":\"https:\/\/www.travel3.com.br\/site\/sem-categoria\/prefeitura-do-rio-inaugura-novo-trecho-da-orla-conde\/\"},\"author\":{\"name\":\"admin\",\"@id\":\"https:\/\/www.travel3.com.br\/site\/#\/schema\/person\/a69d71e41a024999b6ab82369ac0bd1e\"},\"headline\":\"PREFEITURA DO RIO INAUGURA NOVO TRECHO DA ORLA CONDE\",\"datePublished\":\"2017-08-15T03:25:05+00:00\",\"mainEntityOfPage\":{\"@id\":\"https:\/\/www.travel3.com.br\/site\/sem-categoria\/prefeitura-do-rio-inaugura-novo-trecho-da-orla-conde\/\"},\"wordCount\":429,\"commentCount\":0,\"publisher\":{\"@id\":\"https:\/\/www.travel3.com.br\/site\/#organization\"},\"image\":{\"@id\":\"https:\/\/www.travel3.com.br\/site\/sem-categoria\/prefeitura-do-rio-inaugura-novo-trecho-da-orla-conde\/#primaryimage\"},\"thumbnailUrl\":\"http:\/\/agenciabrasil.ebc.com.br\/sites\/_agenciabrasil2013\/files\/styles\/interna_pequena\/public\/fotos\/1022467-29052016-_dsc1284.jpg?itok=7DzTbP1m\",\"inLanguage\":\"pt-BR\",\"potentialAction\":[{\"@type\":\"CommentAction\",\"name\":\"Comment\",\"target\":[\"https:\/\/www.travel3.com.br\/site\/sem-categoria\/prefeitura-do-rio-inaugura-novo-trecho-da-orla-conde\/#respond\"]}]},{\"@type\":\"WebPage\",\"@id\":\"https:\/\/www.travel3.com.br\/site\/sem-categoria\/prefeitura-do-rio-inaugura-novo-trecho-da-orla-conde\/\",\"url\":\"https:\/\/www.travel3.com.br\/site\/sem-categoria\/prefeitura-do-rio-inaugura-novo-trecho-da-orla-conde\/\",\"name\":\"PREFEITURA DO RIO INAUGURA NOVO TRECHO DA ORLA CONDE - Travel3\",\"isPartOf\":{\"@id\":\"https:\/\/www.travel3.com.br\/site\/#website\"},\"primaryImageOfPage\":{\"@id\":\"https:\/\/www.travel3.com.br\/site\/sem-categoria\/prefeitura-do-rio-inaugura-novo-trecho-da-orla-conde\/#primaryimage\"},\"image\":{\"@id\":\"https:\/\/www.travel3.com.br\/site\/sem-categoria\/prefeitura-do-rio-inaugura-novo-trecho-da-orla-conde\/#primaryimage\"},\"thumbnailUrl\":\"http:\/\/agenciabrasil.ebc.com.br\/sites\/_agenciabrasil2013\/files\/styles\/interna_pequena\/public\/fotos\/1022467-29052016-_dsc1284.jpg?itok=7DzTbP1m\",\"datePublished\":\"2017-08-15T03:25:05+00:00\",\"description\":\"A TRAVEL3 \u00e9 um portal de conte\u00fado voltado para o turismo, encontre destinos, viagens, hospedagem, passagens, guias, not\u00edcias sobre o mercado do turismo, dicas de viagem, v\u00eddeos e podcast.\",\"breadcrumb\":{\"@id\":\"https:\/\/www.travel3.com.br\/site\/sem-categoria\/prefeitura-do-rio-inaugura-novo-trecho-da-orla-conde\/#breadcrumb\"},\"inLanguage\":\"pt-BR\",\"potentialAction\":[{\"@type\":\"ReadAction\",\"target\":[\"https:\/\/www.travel3.com.br\/site\/sem-categoria\/prefeitura-do-rio-inaugura-novo-trecho-da-orla-conde\/\"]}]},{\"@type\":\"ImageObject\",\"inLanguage\":\"pt-BR\",\"@id\":\"https:\/\/www.travel3.com.br\/site\/sem-categoria\/prefeitura-do-rio-inaugura-novo-trecho-da-orla-conde\/#primaryimage\",\"url\":\"http:\/\/agenciabrasil.ebc.com.br\/sites\/_agenciabrasil2013\/files\/styles\/interna_pequena\/public\/fotos\/1022467-29052016-_dsc1284.jpg?itok=7DzTbP1m\",\"contentUrl\":\"http:\/\/agenciabrasil.ebc.com.br\/sites\/_agenciabrasil2013\/files\/styles\/interna_pequena\/public\/fotos\/1022467-29052016-_dsc1284.jpg?itok=7DzTbP1m\"},{\"@type\":\"BreadcrumbList\",\"@id\":\"https:\/\/www.travel3.com.br\/site\/sem-categoria\/prefeitura-do-rio-inaugura-novo-trecho-da-orla-conde\/#breadcrumb\",\"itemListElement\":[{\"@type\":\"ListItem\",\"position\":1,\"name\":\"In\u00edcio\",\"item\":\"https:\/\/www.travel3.com.br\/site\/\"},{\"@type\":\"ListItem\",\"position\":2,\"name\":\"PREFEITURA DO RIO INAUGURA NOVO TRECHO DA ORLA CONDE\"}]},{\"@type\":\"WebSite\",\"@id\":\"https:\/\/www.travel3.com.br\/site\/#website\",\"url\":\"https:\/\/www.travel3.com.br\/site\/\",\"name\":\"Travel3\",\"description\":\"Lazer + Neg&oacute;cios + Aventura\",\"publisher\":{\"@id\":\"https:\/\/www.travel3.com.br\/site\/#organization\"},\"potentialAction\":[{\"@type\":\"SearchAction\",\"target\":{\"@type\":\"EntryPoint\",\"urlTemplate\":\"https:\/\/www.travel3.com.br\/site\/?s={search_term_string}\"},\"query-input\":{\"@type\":\"PropertyValueSpecification\",\"valueRequired\":true,\"valueName\":\"search_term_string\"}}],\"inLanguage\":\"pt-BR\"},{\"@type\":\"Organization\",\"@id\":\"https:\/\/www.travel3.com.br\/site\/#organization\",\"name\":\"Travel3\",\"url\":\"https:\/\/www.travel3.com.br\/site\/\",\"logo\":{\"@type\":\"ImageObject\",\"inLanguage\":\"pt-BR\",\"@id\":\"https:\/\/www.travel3.com.br\/site\/#\/schema\/logo\/image\/\",\"url\":\"https:\/\/www.travel3.com.br\/site\/wp-content\/uploads\/2020\/01\/logo-travel3-2020.png\",\"contentUrl\":\"https:\/\/www.travel3.com.br\/site\/wp-content\/uploads\/2020\/01\/logo-travel3-2020.png\",\"width\":232,\"height\":79,\"caption\":\"Travel3\"},\"image\":{\"@id\":\"https:\/\/www.travel3.com.br\/site\/#\/schema\/logo\/image\/\"},\"sameAs\":[\"https:\/\/www.facebook.com\/travel3media\/\",\"https:\/\/www.instagram.com\/revistatravel3\/\",\"https:\/\/www.youtube.com\/channel\/UCno7J4paGBR3VbZQzvoJ9Eg\"]},{\"@type\":\"Person\",\"@id\":\"https:\/\/www.travel3.com.br\/site\/#\/schema\/person\/a69d71e41a024999b6ab82369ac0bd1e\",\"name\":\"admin\",\"image\":{\"@type\":\"ImageObject\",\"inLanguage\":\"pt-BR\",\"@id\":\"https:\/\/www.travel3.com.br\/site\/#\/schema\/person\/image\/\",\"url\":\"https:\/\/secure.gravatar.com\/avatar\/732a67adfd764da2a47ba10ce731c4c0?s=96&d=mm&r=g\",\"contentUrl\":\"https:\/\/secure.gravatar.com\/avatar\/732a67adfd764da2a47ba10ce731c4c0?s=96&d=mm&r=g\",\"caption\":\"admin\"},\"url\":\"https:\/\/www.travel3.com.br\/site\/author\/admin\/\"}]}<\/script>\n<!-- \/ Yoast SEO plugin. -->","yoast_head_json":{"title":"PREFEITURA DO RIO INAUGURA NOVO TRECHO DA ORLA CONDE - Travel3","description":"A TRAVEL3 \u00e9 um portal de conte\u00fado voltado para o turismo, encontre destinos, viagens, hospedagem, passagens, guias, not\u00edcias sobre o mercado do turismo, dicas de viagem, v\u00eddeos e podcast.","robots":{"index":"index","follow":"follow","max-snippet":"max-snippet:-1","max-image-preview":"max-image-preview:large","max-video-preview":"max-video-preview:-1"},"canonical":"https:\/\/www.travel3.com.br\/site\/sem-categoria\/prefeitura-do-rio-inaugura-novo-trecho-da-orla-conde\/","og_locale":"pt_BR","og_type":"article","og_title":"PREFEITURA DO RIO INAUGURA NOVO TRECHO DA ORLA CONDE - Travel3","og_description":"A TRAVEL3 \u00e9 um portal de conte\u00fado voltado para o turismo, encontre destinos, viagens, hospedagem, passagens, guias, not\u00edcias sobre o mercado do turismo, dicas de viagem, v\u00eddeos e podcast.","og_url":"https:\/\/www.travel3.com.br\/site\/sem-categoria\/prefeitura-do-rio-inaugura-novo-trecho-da-orla-conde\/","og_site_name":"Travel3","article_publisher":"https:\/\/www.facebook.com\/travel3media\/","article_published_time":"2017-08-15T03:25:05+00:00","og_image":[{"url":"http:\/\/agenciabrasil.ebc.com.br\/sites\/_agenciabrasil2013\/files\/styles\/interna_pequena\/public\/fotos\/1022467-29052016-_dsc1284.jpg?itok=7DzTbP1m","type":"","width":"","height":""}],"author":"admin","twitter_card":"summary_large_image","twitter_misc":{"Escrito por":"admin","Est. tempo de leitura":"2 minutos"},"schema":{"@context":"https:\/\/schema.org","@graph":[{"@type":"Article","@id":"https:\/\/www.travel3.com.br\/site\/sem-categoria\/prefeitura-do-rio-inaugura-novo-trecho-da-orla-conde\/#article","isPartOf":{"@id":"https:\/\/www.travel3.com.br\/site\/sem-categoria\/prefeitura-do-rio-inaugura-novo-trecho-da-orla-conde\/"},"author":{"name":"admin","@id":"https:\/\/www.travel3.com.br\/site\/#\/schema\/person\/a69d71e41a024999b6ab82369ac0bd1e"},"headline":"PREFEITURA DO RIO INAUGURA NOVO TRECHO DA ORLA CONDE","datePublished":"2017-08-15T03:25:05+00:00","mainEntityOfPage":{"@id":"https:\/\/www.travel3.com.br\/site\/sem-categoria\/prefeitura-do-rio-inaugura-novo-trecho-da-orla-conde\/"},"wordCount":429,"commentCount":0,"publisher":{"@id":"https:\/\/www.travel3.com.br\/site\/#organization"},"image":{"@id":"https:\/\/www.travel3.com.br\/site\/sem-categoria\/prefeitura-do-rio-inaugura-novo-trecho-da-orla-conde\/#primaryimage"},"thumbnailUrl":"http:\/\/agenciabrasil.ebc.com.br\/sites\/_agenciabrasil2013\/files\/styles\/interna_pequena\/public\/fotos\/1022467-29052016-_dsc1284.jpg?itok=7DzTbP1m","inLanguage":"pt-BR","potentialAction":[{"@type":"CommentAction","name":"Comment","target":["https:\/\/www.travel3.com.br\/site\/sem-categoria\/prefeitura-do-rio-inaugura-novo-trecho-da-orla-conde\/#respond"]}]},{"@type":"WebPage","@id":"https:\/\/www.travel3.com.br\/site\/sem-categoria\/prefeitura-do-rio-inaugura-novo-trecho-da-orla-conde\/","url":"https:\/\/www.travel3.com.br\/site\/sem-categoria\/prefeitura-do-rio-inaugura-novo-trecho-da-orla-conde\/","name":"PREFEITURA DO RIO INAUGURA NOVO TRECHO DA ORLA CONDE - Travel3","isPartOf":{"@id":"https:\/\/www.travel3.com.br\/site\/#website"},"primaryImageOfPage":{"@id":"https:\/\/www.travel3.com.br\/site\/sem-categoria\/prefeitura-do-rio-inaugura-novo-trecho-da-orla-conde\/#primaryimage"},"image":{"@id":"https:\/\/www.travel3.com.br\/site\/sem-categoria\/prefeitura-do-rio-inaugura-novo-trecho-da-orla-conde\/#primaryimage"},"thumbnailUrl":"http:\/\/agenciabrasil.ebc.com.br\/sites\/_agenciabrasil2013\/files\/styles\/interna_pequena\/public\/fotos\/1022467-29052016-_dsc1284.jpg?itok=7DzTbP1m","datePublished":"2017-08-15T03:25:05+00:00","description":"A TRAVEL3 \u00e9 um portal de conte\u00fado voltado para o turismo, encontre destinos, viagens, hospedagem, passagens, guias, not\u00edcias sobre o mercado do turismo, dicas de viagem, v\u00eddeos e podcast.","breadcrumb":{"@id":"https:\/\/www.travel3.com.br\/site\/sem-categoria\/prefeitura-do-rio-inaugura-novo-trecho-da-orla-conde\/#breadcrumb"},"inLanguage":"pt-BR","potentialAction":[{"@type":"ReadAction","target":["https:\/\/www.travel3.com.br\/site\/sem-categoria\/prefeitura-do-rio-inaugura-novo-trecho-da-orla-conde\/"]}]},{"@type":"ImageObject","inLanguage":"pt-BR","@id":"https:\/\/www.travel3.com.br\/site\/sem-categoria\/prefeitura-do-rio-inaugura-novo-trecho-da-orla-conde\/#primaryimage","url":"http:\/\/agenciabrasil.ebc.com.br\/sites\/_agenciabrasil2013\/files\/styles\/interna_pequena\/public\/fotos\/1022467-29052016-_dsc1284.jpg?itok=7DzTbP1m","contentUrl":"http:\/\/agenciabrasil.ebc.com.br\/sites\/_agenciabrasil2013\/files\/styles\/interna_pequena\/public\/fotos\/1022467-29052016-_dsc1284.jpg?itok=7DzTbP1m"},{"@type":"BreadcrumbList","@id":"https:\/\/www.travel3.com.br\/site\/sem-categoria\/prefeitura-do-rio-inaugura-novo-trecho-da-orla-conde\/#breadcrumb","itemListElement":[{"@type":"ListItem","position":1,"name":"In\u00edcio","item":"https:\/\/www.travel3.com.br\/site\/"},{"@type":"ListItem","position":2,"name":"PREFEITURA DO RIO INAUGURA NOVO TRECHO DA ORLA CONDE"}]},{"@type":"WebSite","@id":"https:\/\/www.travel3.com.br\/site\/#website","url":"https:\/\/www.travel3.com.br\/site\/","name":"Travel3","description":"Lazer + Neg&oacute;cios + Aventura","publisher":{"@id":"https:\/\/www.travel3.com.br\/site\/#organization"},"potentialAction":[{"@type":"SearchAction","target":{"@type":"EntryPoint","urlTemplate":"https:\/\/www.travel3.com.br\/site\/?s={search_term_string}"},"query-input":{"@type":"PropertyValueSpecification","valueRequired":true,"valueName":"search_term_string"}}],"inLanguage":"pt-BR"},{"@type":"Organization","@id":"https:\/\/www.travel3.com.br\/site\/#organization","name":"Travel3","url":"https:\/\/www.travel3.com.br\/site\/","logo":{"@type":"ImageObject","inLanguage":"pt-BR","@id":"https:\/\/www.travel3.com.br\/site\/#\/schema\/logo\/image\/","url":"https:\/\/www.travel3.com.br\/site\/wp-content\/uploads\/2020\/01\/logo-travel3-2020.png","contentUrl":"https:\/\/www.travel3.com.br\/site\/wp-content\/uploads\/2020\/01\/logo-travel3-2020.png","width":232,"height":79,"caption":"Travel3"},"image":{"@id":"https:\/\/www.travel3.com.br\/site\/#\/schema\/logo\/image\/"},"sameAs":["https:\/\/www.facebook.com\/travel3media\/","https:\/\/www.instagram.com\/revistatravel3\/","https:\/\/www.youtube.com\/channel\/UCno7J4paGBR3VbZQzvoJ9Eg"]},{"@type":"Person","@id":"https:\/\/www.travel3.com.br\/site\/#\/schema\/person\/a69d71e41a024999b6ab82369ac0bd1e","name":"admin","image":{"@type":"ImageObject","inLanguage":"pt-BR","@id":"https:\/\/www.travel3.com.br\/site\/#\/schema\/person\/image\/","url":"https:\/\/secure.gravatar.com\/avatar\/732a67adfd764da2a47ba10ce731c4c0?s=96&d=mm&r=g","contentUrl":"https:\/\/secure.gravatar.com\/avatar\/732a67adfd764da2a47ba10ce731c4c0?s=96&d=mm&r=g","caption":"admin"},"url":"https:\/\/www.travel3.com.br\/site\/author\/admin\/"}]}},"_links":{"self":[{"href":"https:\/\/www.travel3.com.br\/site\/wp-json\/wp\/v2\/posts\/5407","targetHints":{"allow":["GET"]}}],"collection":[{"href":"https:\/\/www.travel3.com.br\/site\/wp-json\/wp\/v2\/posts"}],"about":[{"href":"https:\/\/www.travel3.com.br\/site\/wp-json\/wp\/v2\/types\/post"}],"author":[{"embeddable":true,"href":"https:\/\/www.travel3.com.br\/site\/wp-json\/wp\/v2\/users\/1"}],"replies":[{"embeddable":true,"href":"https:\/\/www.travel3.com.br\/site\/wp-json\/wp\/v2\/comments?post=5407"}],"version-history":[{"count":0,"href":"https:\/\/www.travel3.com.br\/site\/wp-json\/wp\/v2\/posts\/5407\/revisions"}],"wp:attachment":[{"href":"https:\/\/www.travel3.com.br\/site\/wp-json\/wp\/v2\/media?parent=5407"}],"wp:term":[{"taxonomy":"category","embeddable":true,"href":"https:\/\/www.travel3.com.br\/site\/wp-json\/wp\/v2\/categories?post=5407"},{"taxonomy":"post_tag","embeddable":true,"href":"https:\/\/www.travel3.com.br\/site\/wp-json\/wp\/v2\/tags?post=5407"}],"curies":[{"name":"wp","href":"https:\/\/api.w.org\/{rel}","templated":true}]}}