{"id":53925,"date":"2022-11-25T09:37:32","date_gmt":"2022-11-25T12:37:32","guid":{"rendered":"https:\/\/www.travel3.com.br\/?p=53925"},"modified":"2022-11-25T09:37:35","modified_gmt":"2022-11-25T12:37:35","slug":"em-st-barth-le-sereno-relanca-seu-beach-club-plage","status":"publish","type":"post","link":"https:\/\/www.travel3.com.br\/site\/hotel\/internacional\/em-st-barth-le-sereno-relanca-seu-beach-club-plage\/","title":{"rendered":"Em St Barth, Le Sereno relan\u00e7a seu beach club Plage"},"content":{"rendered":"\n<h2 class=\"wp-block-heading\">Lounge do luxuoso hotel caribenho inova com menu especial de negronis<\/h2>\n\n\n\n<p>Eleito neste 2022 entre os 5 melhores hot\u00e9is do Caribe, pela Cond\u00e9 Nast Traveler, o hotel <strong><a href=\"https:\/\/www.serenohotels.com\/property\/le-sereno\/\" target=\"_blank\" rel=\"noreferrer noopener\">Le Sereno St Barth<\/a><\/strong> tem como maior destaque nesta temporada seu sedutor \u201c<strong>Plage<\/strong>\u201d, espa\u00e7o p\u00e9 na areia desenhado pela designer <strong><a href=\"https:\/\/patriciaurquiola.com\/\" target=\"_blank\" rel=\"noreferrer noopener\">Patricia Urquiola<\/a><\/strong>, frente \u00e0 intimista ba\u00eda de <strong>Grand Cul-de-Sac <\/strong>com seus estonteantes tons azuis-turquesa.<\/p>\n\n\n\n<p>Uma reserva marinha habitada por tartarugas e protegida por uma barreira de corais, com as \u00e1guas calmas e a brisa constante tamb\u00e9m fazem da ba\u00eda um ponto perfeito para snorkelling, e pr\u00e1tica de esportes como o wind e o kitesurf, caiaques e stand up paddle.<\/p>\n\n\n\n<div class=\"wp-block-image\"><figure class=\"aligncenter size-large\"><img loading=\"lazy\" decoding=\"async\" width=\"1024\" height=\"682\" src=\"https:\/\/www.travel3.com.br\/site\/wp-content\/uploads\/2022\/11\/La-Sereno-Aereo_Easy-Resize.com_-1024x682.jpg\" alt=\"Hotel Le Sereno, em St Barth\" class=\"wp-image-53929\" srcset=\"https:\/\/www.travel3.com.br\/site\/wp-content\/uploads\/2022\/11\/La-Sereno-Aereo_Easy-Resize.com_-1024x682.jpg 1024w, https:\/\/www.travel3.com.br\/site\/wp-content\/uploads\/2022\/11\/La-Sereno-Aereo_Easy-Resize.com_-300x200.jpg 300w, https:\/\/www.travel3.com.br\/site\/wp-content\/uploads\/2022\/11\/La-Sereno-Aereo_Easy-Resize.com_-768x512.jpg 768w, https:\/\/www.travel3.com.br\/site\/wp-content\/uploads\/2022\/11\/La-Sereno-Aereo_Easy-Resize.com_-150x100.jpg 150w, https:\/\/www.travel3.com.br\/site\/wp-content\/uploads\/2022\/11\/La-Sereno-Aereo_Easy-Resize.com_-750x500.jpg 750w, https:\/\/www.travel3.com.br\/site\/wp-content\/uploads\/2022\/11\/La-Sereno-Aereo_Easy-Resize.com_-1140x760.jpg 1140w, https:\/\/www.travel3.com.br\/site\/wp-content\/uploads\/2022\/11\/La-Sereno-Aereo_Easy-Resize.com_.jpg 1280w\" sizes=\"auto, (max-width: 1024px) 100vw, 1024px\" \/><figcaption>Foto: Divulga\u00e7\u00e3o<\/figcaption><\/figure><\/div>\n\n\n\n<p>Nesta temporada que se aproxima, o restaurante Al Mare d\u00e1 uma turbinada em seu menu repleto de del\u00edcias italianas em vers\u00f5es modernas. Nele se destacam pratos autorais de pescados frescos da ilha, mariscos e crudos \u2013 quase todos partilh\u00e1veis \u2013 al\u00e9m das massas caseiras como o Linguine alle Vongole e o Zeste di Limone. Na carta de drinques, neste ver\u00e3o quem ganha protagonismo \u00e9 uma das mais queridas bebidas italianas: o atemporal Negroni. Em vers\u00f5es criativas como uma \u00e0 base de baunilha, o licor vem em um tom branco. J\u00e1 no chamado \u201cFermentato\u201d se adiciona framboesa.<\/p>\n\n\n\n<div class=\"wp-block-image\"><figure class=\"aligncenter size-large\"><img loading=\"lazy\" decoding=\"async\" width=\"683\" height=\"1024\" src=\"https:\/\/www.travel3.com.br\/site\/wp-content\/uploads\/2022\/11\/EmilyLab-La-Sereno-683x1024.jpeg\" alt=\"Hotel Le Sereno, em St Barth\" class=\"wp-image-53931\" srcset=\"https:\/\/www.travel3.com.br\/site\/wp-content\/uploads\/2022\/11\/EmilyLab-La-Sereno-683x1024.jpeg 683w, https:\/\/www.travel3.com.br\/site\/wp-content\/uploads\/2022\/11\/EmilyLab-La-Sereno-200x300.jpeg 200w, https:\/\/www.travel3.com.br\/site\/wp-content\/uploads\/2022\/11\/EmilyLab-La-Sereno-768x1152.jpeg 768w, https:\/\/www.travel3.com.br\/site\/wp-content\/uploads\/2022\/11\/EmilyLab-La-Sereno-1024x1536.jpeg 1024w, https:\/\/www.travel3.com.br\/site\/wp-content\/uploads\/2022\/11\/EmilyLab-La-Sereno-150x225.jpeg 150w, https:\/\/www.travel3.com.br\/site\/wp-content\/uploads\/2022\/11\/EmilyLab-La-Sereno-750x1125.jpeg 750w, https:\/\/www.travel3.com.br\/site\/wp-content\/uploads\/2022\/11\/EmilyLab-La-Sereno.jpeg 1067w\" sizes=\"auto, (max-width: 683px) 100vw, 683px\" \/><figcaption>Foto: \u00a9EmilyLab\/Divulga\u00e7\u00e3o<\/figcaption><\/figure><\/div>\n\n\n\n<p>Com um profundo respeito pela sazonalidade dos ingredientes, e tendo passado por cozinhas de outros not\u00f3rios hot\u00e9is litor\u00e2neos, entre eles o Capri Palace e o Il Pellicano, na costa da Toscana, o chef Davide Mosca s\u00f3 encabe\u00e7ou por completo o Al Mare ap\u00f3s passar por um est\u00e1gio junto ao chef Raffaele Lenzi no estrelado Ristorante Al Lago (1 Estrela Michelin), dentro do hotel irm\u00e3o, o <strong><a href=\"https:\/\/www.travel3.com.br\/comece-a-viajar\/il-sereno-lago-di-como-apresenta-seu-novo-modelo-inglesina\/\" target=\"_blank\" rel=\"noreferrer noopener\">Il Sereno Lago di Como<\/a><\/strong>. \u00c0 frente da gastronomia do Le Sereno Al Mare, ele mant\u00e9m o lugar como hotspot, dentre o pante\u00e3o culin\u00e1rio de rest\u00f4s e bistr\u00f4s da ilha mais gourmet de todo o Caribe.<\/p>\n\n\n\n<div class=\"wp-block-image\"><figure class=\"aligncenter size-large\"><img loading=\"lazy\" decoding=\"async\" width=\"819\" height=\"1024\" src=\"https:\/\/www.travel3.com.br\/site\/wp-content\/uploads\/2022\/11\/serenojoe1bc_Easy-Resize.com_-819x1024.jpg\" alt=\"Hotel Le Sereno, em St Barth\" class=\"wp-image-53930\" srcset=\"https:\/\/www.travel3.com.br\/site\/wp-content\/uploads\/2022\/11\/serenojoe1bc_Easy-Resize.com_-819x1024.jpg 819w, https:\/\/www.travel3.com.br\/site\/wp-content\/uploads\/2022\/11\/serenojoe1bc_Easy-Resize.com_-240x300.jpg 240w, https:\/\/www.travel3.com.br\/site\/wp-content\/uploads\/2022\/11\/serenojoe1bc_Easy-Resize.com_-768x960.jpg 768w, https:\/\/www.travel3.com.br\/site\/wp-content\/uploads\/2022\/11\/serenojoe1bc_Easy-Resize.com_-150x188.jpg 150w, https:\/\/www.travel3.com.br\/site\/wp-content\/uploads\/2022\/11\/serenojoe1bc_Easy-Resize.com_-750x938.jpg 750w, https:\/\/www.travel3.com.br\/site\/wp-content\/uploads\/2022\/11\/serenojoe1bc_Easy-Resize.com_.jpg 1024w\" sizes=\"auto, (max-width: 819px) 100vw, 819px\" \/><figcaption>Foto: Divulga\u00e7\u00e3o<\/figcaption><\/figure><\/div>\n\n\n\n<p>Cercado de Natureza, o Le Sereno tamb\u00e9m lan\u00e7a um programa de bem-estar com atividades outdoor, de mindfulness e alimenta\u00e7\u00e3o saud\u00e1vel. Com seu pavilh\u00e3o de spa \u00e0s margens da ba\u00eda de Gran Cul-de-sac, o relaxante som das \u00e1guas \u00e9 a trilha-sonora dos tratamentos assinados pela marca su\u00ed\u00e7a Valmont, criados exclusivamente para o hotel. Nesta temporada, qualquer tratamento do spa pode ser combinado a sucos naturais frescos ou a receitas balanceadas, mas que n\u00e3o sacrificam o sabor \u2013 servidos no restaurante Al Mare. <\/p>\n\n\n\n<p>Como exemplos, o Gazpacho de Pepino com legumes crocantes, cebola agridoce e melancia marinada como entrada; ou o Mahi Mahi com creme de abobrinha e arroz frito; e o Parfait de Pistache para a sobremesa. \u00c9 poss\u00edvel tamb\u00e9m complementar as terapias com treino de muscula\u00e7\u00e3o, aulas de yoga, e at\u00e9 escaladas guiadas pelas encostas rochosas, em meio as belas paisagens da ilha de <strong>St. Barth\u00e9lemy<\/strong>.<\/p>\n","protected":false},"excerpt":{"rendered":"<p>Lounge do luxuoso hotel caribenho inova com menu especial de negronis<\/p>\n","protected":false},"author":6,"featured_media":53928,"comment_status":"open","ping_status":"open","sticky":false,"template":"","format":"standard","meta":{"footnotes":""},"categories":[171,884,169],"tags":[300,2749,4366,755],"class_list":["post-53925","post","type-post","status-publish","format-standard","has-post-thumbnail","hentry","category-america-central-e-caribe","category-comece-a-viajar","category-internacional","tag-caribe","tag-hotel-le-sereno","tag-st-barth","tag-the-leading-hotels-of-the-world"],"yoast_head":"<!-- This site is optimized with the Yoast SEO plugin v26.2 - https:\/\/yoast.com\/wordpress\/plugins\/seo\/ -->\n<title>Em St Barth, Le Sereno relan\u00e7a seu beach club Plage - Travel3<\/title>\n<meta name=\"description\" content=\"Em St Barth, Le Sereno relan\u00e7a seu beach club Plage; Lounge do luxuoso hotel caribenho inova com menu especial de negronis\" \/>\n<meta name=\"robots\" content=\"index, follow, max-snippet:-1, max-image-preview:large, max-video-preview:-1\" \/>\n<link rel=\"canonical\" href=\"https:\/\/www.travel3.com.br\/site\/hotel\/internacional\/em-st-barth-le-sereno-relanca-seu-beach-club-plage\/\" \/>\n<meta property=\"og:locale\" content=\"pt_BR\" \/>\n<meta property=\"og:type\" content=\"article\" \/>\n<meta property=\"og:title\" content=\"Em St Barth, Le Sereno relan\u00e7a seu beach club Plage - Travel3\" \/>\n<meta property=\"og:description\" content=\"Em St Barth, Le Sereno relan\u00e7a seu beach club Plage; Lounge do luxuoso hotel caribenho inova com menu especial de negronis\" \/>\n<meta property=\"og:url\" content=\"https:\/\/www.travel3.com.br\/site\/hotel\/internacional\/em-st-barth-le-sereno-relanca-seu-beach-club-plage\/\" \/>\n<meta property=\"og:site_name\" content=\"Travel3\" \/>\n<meta property=\"article:publisher\" content=\"https:\/\/www.facebook.com\/travel3media\/\" \/>\n<meta property=\"article:published_time\" content=\"2022-11-25T12:37:32+00:00\" \/>\n<meta property=\"article:modified_time\" content=\"2022-11-25T12:37:35+00:00\" \/>\n<meta property=\"og:image\" content=\"https:\/\/www.travel3.com.br\/site\/wp-content\/uploads\/2022\/11\/Outside000_Easy-Resize.com_.jpg\" \/>\n\t<meta property=\"og:image:width\" content=\"1280\" \/>\n\t<meta property=\"og:image:height\" content=\"853\" \/>\n\t<meta property=\"og:image:type\" content=\"image\/jpeg\" \/>\n<meta name=\"author\" content=\"Reda\u00e7\u00e3o Travel3\" \/>\n<meta name=\"twitter:card\" content=\"summary_large_image\" \/>\n<meta name=\"twitter:label1\" content=\"Escrito por\" \/>\n\t<meta name=\"twitter:data1\" content=\"Reda\u00e7\u00e3o Travel3\" \/>\n\t<meta name=\"twitter:label2\" content=\"Est. tempo de leitura\" \/>\n\t<meta name=\"twitter:data2\" content=\"4 minutos\" \/>\n<script type=\"application\/ld+json\" class=\"yoast-schema-graph\">{\"@context\":\"https:\/\/schema.org\",\"@graph\":[{\"@type\":\"Article\",\"@id\":\"https:\/\/www.travel3.com.br\/site\/hotel\/internacional\/em-st-barth-le-sereno-relanca-seu-beach-club-plage\/#article\",\"isPartOf\":{\"@id\":\"https:\/\/www.travel3.com.br\/site\/hotel\/internacional\/em-st-barth-le-sereno-relanca-seu-beach-club-plage\/\"},\"author\":{\"name\":\"Reda\u00e7\u00e3o Travel3\",\"@id\":\"https:\/\/www.travel3.com.br\/site\/#\/schema\/person\/9cff8daac0a2f1aa0799f827b8aa8308\"},\"headline\":\"Em St Barth, Le Sereno relan\u00e7a seu beach club Plage\",\"datePublished\":\"2022-11-25T12:37:32+00:00\",\"dateModified\":\"2022-11-25T12:37:35+00:00\",\"mainEntityOfPage\":{\"@id\":\"https:\/\/www.travel3.com.br\/site\/hotel\/internacional\/em-st-barth-le-sereno-relanca-seu-beach-club-plage\/\"},\"wordCount\":494,\"commentCount\":0,\"publisher\":{\"@id\":\"https:\/\/www.travel3.com.br\/site\/#organization\"},\"image\":{\"@id\":\"https:\/\/www.travel3.com.br\/site\/hotel\/internacional\/em-st-barth-le-sereno-relanca-seu-beach-club-plage\/#primaryimage\"},\"thumbnailUrl\":\"https:\/\/www.travel3.com.br\/site\/wp-content\/uploads\/2022\/11\/Outside000_Easy-Resize.com_.jpg\",\"keywords\":[\"Caribe\",\"Hotel Le Sereno\",\"St. Barth\",\"The Leading Hotels of the World\"],\"articleSection\":[\"Am\u00e9rica Central e Caribe\",\"Comece a Viajar\",\"Hotel Internacional\"],\"inLanguage\":\"pt-BR\",\"potentialAction\":[{\"@type\":\"CommentAction\",\"name\":\"Comment\",\"target\":[\"https:\/\/www.travel3.com.br\/site\/hotel\/internacional\/em-st-barth-le-sereno-relanca-seu-beach-club-plage\/#respond\"]}]},{\"@type\":\"WebPage\",\"@id\":\"https:\/\/www.travel3.com.br\/site\/hotel\/internacional\/em-st-barth-le-sereno-relanca-seu-beach-club-plage\/\",\"url\":\"https:\/\/www.travel3.com.br\/site\/hotel\/internacional\/em-st-barth-le-sereno-relanca-seu-beach-club-plage\/\",\"name\":\"Em St Barth, Le Sereno relan\u00e7a seu beach club Plage - Travel3\",\"isPartOf\":{\"@id\":\"https:\/\/www.travel3.com.br\/site\/#website\"},\"primaryImageOfPage\":{\"@id\":\"https:\/\/www.travel3.com.br\/site\/hotel\/internacional\/em-st-barth-le-sereno-relanca-seu-beach-club-plage\/#primaryimage\"},\"image\":{\"@id\":\"https:\/\/www.travel3.com.br\/site\/hotel\/internacional\/em-st-barth-le-sereno-relanca-seu-beach-club-plage\/#primaryimage\"},\"thumbnailUrl\":\"https:\/\/www.travel3.com.br\/site\/wp-content\/uploads\/2022\/11\/Outside000_Easy-Resize.com_.jpg\",\"datePublished\":\"2022-11-25T12:37:32+00:00\",\"dateModified\":\"2022-11-25T12:37:35+00:00\",\"description\":\"Em St Barth, Le Sereno relan\u00e7a seu beach club Plage; Lounge do luxuoso hotel caribenho inova com menu especial de negronis\",\"breadcrumb\":{\"@id\":\"https:\/\/www.travel3.com.br\/site\/hotel\/internacional\/em-st-barth-le-sereno-relanca-seu-beach-club-plage\/#breadcrumb\"},\"inLanguage\":\"pt-BR\",\"potentialAction\":[{\"@type\":\"ReadAction\",\"target\":[\"https:\/\/www.travel3.com.br\/site\/hotel\/internacional\/em-st-barth-le-sereno-relanca-seu-beach-club-plage\/\"]}]},{\"@type\":\"ImageObject\",\"inLanguage\":\"pt-BR\",\"@id\":\"https:\/\/www.travel3.com.br\/site\/hotel\/internacional\/em-st-barth-le-sereno-relanca-seu-beach-club-plage\/#primaryimage\",\"url\":\"https:\/\/www.travel3.com.br\/site\/wp-content\/uploads\/2022\/11\/Outside000_Easy-Resize.com_.jpg\",\"contentUrl\":\"https:\/\/www.travel3.com.br\/site\/wp-content\/uploads\/2022\/11\/Outside000_Easy-Resize.com_.jpg\",\"width\":1280,\"height\":853,\"caption\":\"Hotel Le Sereno, em St Barth (Foto: Divulga\u00e7\u00e3o)\"},{\"@type\":\"BreadcrumbList\",\"@id\":\"https:\/\/www.travel3.com.br\/site\/hotel\/internacional\/em-st-barth-le-sereno-relanca-seu-beach-club-plage\/#breadcrumb\",\"itemListElement\":[{\"@type\":\"ListItem\",\"position\":1,\"name\":\"In\u00edcio\",\"item\":\"https:\/\/www.travel3.com.br\/site\/\"},{\"@type\":\"ListItem\",\"position\":2,\"name\":\"Em St Barth, Le Sereno relan\u00e7a seu beach club Plage\"}]},{\"@type\":\"WebSite\",\"@id\":\"https:\/\/www.travel3.com.br\/site\/#website\",\"url\":\"https:\/\/www.travel3.com.br\/site\/\",\"name\":\"Travel3\",\"description\":\"Lazer + Neg&oacute;cios + Aventura\",\"publisher\":{\"@id\":\"https:\/\/www.travel3.com.br\/site\/#organization\"},\"potentialAction\":[{\"@type\":\"SearchAction\",\"target\":{\"@type\":\"EntryPoint\",\"urlTemplate\":\"https:\/\/www.travel3.com.br\/site\/?s={search_term_string}\"},\"query-input\":{\"@type\":\"PropertyValueSpecification\",\"valueRequired\":true,\"valueName\":\"search_term_string\"}}],\"inLanguage\":\"pt-BR\"},{\"@type\":\"Organization\",\"@id\":\"https:\/\/www.travel3.com.br\/site\/#organization\",\"name\":\"Travel3\",\"url\":\"https:\/\/www.travel3.com.br\/site\/\",\"logo\":{\"@type\":\"ImageObject\",\"inLanguage\":\"pt-BR\",\"@id\":\"https:\/\/www.travel3.com.br\/site\/#\/schema\/logo\/image\/\",\"url\":\"https:\/\/www.travel3.com.br\/site\/wp-content\/uploads\/2020\/01\/logo-travel3-2020.png\",\"contentUrl\":\"https:\/\/www.travel3.com.br\/site\/wp-content\/uploads\/2020\/01\/logo-travel3-2020.png\",\"width\":232,\"height\":79,\"caption\":\"Travel3\"},\"image\":{\"@id\":\"https:\/\/www.travel3.com.br\/site\/#\/schema\/logo\/image\/\"},\"sameAs\":[\"https:\/\/www.facebook.com\/travel3media\/\",\"https:\/\/www.instagram.com\/revistatravel3\/\",\"https:\/\/www.youtube.com\/channel\/UCno7J4paGBR3VbZQzvoJ9Eg\"]},{\"@type\":\"Person\",\"@id\":\"https:\/\/www.travel3.com.br\/site\/#\/schema\/person\/9cff8daac0a2f1aa0799f827b8aa8308\",\"name\":\"Reda\u00e7\u00e3o Travel3\",\"image\":{\"@type\":\"ImageObject\",\"inLanguage\":\"pt-BR\",\"@id\":\"https:\/\/www.travel3.com.br\/site\/#\/schema\/person\/image\/\",\"url\":\"https:\/\/secure.gravatar.com\/avatar\/6e6125525e1f04b7b8c607d71556e490?s=96&d=mm&r=g\",\"contentUrl\":\"https:\/\/secure.gravatar.com\/avatar\/6e6125525e1f04b7b8c607d71556e490?s=96&d=mm&r=g\",\"caption\":\"Reda\u00e7\u00e3o Travel3\"},\"sameAs\":[\"http:\/\/www.travel3.com.br\"],\"url\":\"https:\/\/www.travel3.com.br\/site\/author\/redacao2\/\"}]}<\/script>\n<!-- \/ Yoast SEO plugin. -->","yoast_head_json":{"title":"Em St Barth, Le Sereno relan\u00e7a seu beach club Plage - Travel3","description":"Em St Barth, Le Sereno relan\u00e7a seu beach club Plage; Lounge do luxuoso hotel caribenho inova com menu especial de negronis","robots":{"index":"index","follow":"follow","max-snippet":"max-snippet:-1","max-image-preview":"max-image-preview:large","max-video-preview":"max-video-preview:-1"},"canonical":"https:\/\/www.travel3.com.br\/site\/hotel\/internacional\/em-st-barth-le-sereno-relanca-seu-beach-club-plage\/","og_locale":"pt_BR","og_type":"article","og_title":"Em St Barth, Le Sereno relan\u00e7a seu beach club Plage - Travel3","og_description":"Em St Barth, Le Sereno relan\u00e7a seu beach club Plage; Lounge do luxuoso hotel caribenho inova com menu especial de negronis","og_url":"https:\/\/www.travel3.com.br\/site\/hotel\/internacional\/em-st-barth-le-sereno-relanca-seu-beach-club-plage\/","og_site_name":"Travel3","article_publisher":"https:\/\/www.facebook.com\/travel3media\/","article_published_time":"2022-11-25T12:37:32+00:00","article_modified_time":"2022-11-25T12:37:35+00:00","og_image":[{"width":1280,"height":853,"url":"https:\/\/www.travel3.com.br\/site\/wp-content\/uploads\/2022\/11\/Outside000_Easy-Resize.com_.jpg","type":"image\/jpeg"}],"author":"Reda\u00e7\u00e3o Travel3","twitter_card":"summary_large_image","twitter_misc":{"Escrito por":"Reda\u00e7\u00e3o Travel3","Est. tempo de leitura":"4 minutos"},"schema":{"@context":"https:\/\/schema.org","@graph":[{"@type":"Article","@id":"https:\/\/www.travel3.com.br\/site\/hotel\/internacional\/em-st-barth-le-sereno-relanca-seu-beach-club-plage\/#article","isPartOf":{"@id":"https:\/\/www.travel3.com.br\/site\/hotel\/internacional\/em-st-barth-le-sereno-relanca-seu-beach-club-plage\/"},"author":{"name":"Reda\u00e7\u00e3o Travel3","@id":"https:\/\/www.travel3.com.br\/site\/#\/schema\/person\/9cff8daac0a2f1aa0799f827b8aa8308"},"headline":"Em St Barth, Le Sereno relan\u00e7a seu beach club Plage","datePublished":"2022-11-25T12:37:32+00:00","dateModified":"2022-11-25T12:37:35+00:00","mainEntityOfPage":{"@id":"https:\/\/www.travel3.com.br\/site\/hotel\/internacional\/em-st-barth-le-sereno-relanca-seu-beach-club-plage\/"},"wordCount":494,"commentCount":0,"publisher":{"@id":"https:\/\/www.travel3.com.br\/site\/#organization"},"image":{"@id":"https:\/\/www.travel3.com.br\/site\/hotel\/internacional\/em-st-barth-le-sereno-relanca-seu-beach-club-plage\/#primaryimage"},"thumbnailUrl":"https:\/\/www.travel3.com.br\/site\/wp-content\/uploads\/2022\/11\/Outside000_Easy-Resize.com_.jpg","keywords":["Caribe","Hotel Le Sereno","St. Barth","The Leading Hotels of the World"],"articleSection":["Am\u00e9rica Central e Caribe","Comece a Viajar","Hotel Internacional"],"inLanguage":"pt-BR","potentialAction":[{"@type":"CommentAction","name":"Comment","target":["https:\/\/www.travel3.com.br\/site\/hotel\/internacional\/em-st-barth-le-sereno-relanca-seu-beach-club-plage\/#respond"]}]},{"@type":"WebPage","@id":"https:\/\/www.travel3.com.br\/site\/hotel\/internacional\/em-st-barth-le-sereno-relanca-seu-beach-club-plage\/","url":"https:\/\/www.travel3.com.br\/site\/hotel\/internacional\/em-st-barth-le-sereno-relanca-seu-beach-club-plage\/","name":"Em St Barth, Le Sereno relan\u00e7a seu beach club Plage - Travel3","isPartOf":{"@id":"https:\/\/www.travel3.com.br\/site\/#website"},"primaryImageOfPage":{"@id":"https:\/\/www.travel3.com.br\/site\/hotel\/internacional\/em-st-barth-le-sereno-relanca-seu-beach-club-plage\/#primaryimage"},"image":{"@id":"https:\/\/www.travel3.com.br\/site\/hotel\/internacional\/em-st-barth-le-sereno-relanca-seu-beach-club-plage\/#primaryimage"},"thumbnailUrl":"https:\/\/www.travel3.com.br\/site\/wp-content\/uploads\/2022\/11\/Outside000_Easy-Resize.com_.jpg","datePublished":"2022-11-25T12:37:32+00:00","dateModified":"2022-11-25T12:37:35+00:00","description":"Em St Barth, Le Sereno relan\u00e7a seu beach club Plage; Lounge do luxuoso hotel caribenho inova com menu especial de negronis","breadcrumb":{"@id":"https:\/\/www.travel3.com.br\/site\/hotel\/internacional\/em-st-barth-le-sereno-relanca-seu-beach-club-plage\/#breadcrumb"},"inLanguage":"pt-BR","potentialAction":[{"@type":"ReadAction","target":["https:\/\/www.travel3.com.br\/site\/hotel\/internacional\/em-st-barth-le-sereno-relanca-seu-beach-club-plage\/"]}]},{"@type":"ImageObject","inLanguage":"pt-BR","@id":"https:\/\/www.travel3.com.br\/site\/hotel\/internacional\/em-st-barth-le-sereno-relanca-seu-beach-club-plage\/#primaryimage","url":"https:\/\/www.travel3.com.br\/site\/wp-content\/uploads\/2022\/11\/Outside000_Easy-Resize.com_.jpg","contentUrl":"https:\/\/www.travel3.com.br\/site\/wp-content\/uploads\/2022\/11\/Outside000_Easy-Resize.com_.jpg","width":1280,"height":853,"caption":"Hotel Le Sereno, em St Barth (Foto: Divulga\u00e7\u00e3o)"},{"@type":"BreadcrumbList","@id":"https:\/\/www.travel3.com.br\/site\/hotel\/internacional\/em-st-barth-le-sereno-relanca-seu-beach-club-plage\/#breadcrumb","itemListElement":[{"@type":"ListItem","position":1,"name":"In\u00edcio","item":"https:\/\/www.travel3.com.br\/site\/"},{"@type":"ListItem","position":2,"name":"Em St Barth, Le Sereno relan\u00e7a seu beach club Plage"}]},{"@type":"WebSite","@id":"https:\/\/www.travel3.com.br\/site\/#website","url":"https:\/\/www.travel3.com.br\/site\/","name":"Travel3","description":"Lazer + Neg&oacute;cios + Aventura","publisher":{"@id":"https:\/\/www.travel3.com.br\/site\/#organization"},"potentialAction":[{"@type":"SearchAction","target":{"@type":"EntryPoint","urlTemplate":"https:\/\/www.travel3.com.br\/site\/?s={search_term_string}"},"query-input":{"@type":"PropertyValueSpecification","valueRequired":true,"valueName":"search_term_string"}}],"inLanguage":"pt-BR"},{"@type":"Organization","@id":"https:\/\/www.travel3.com.br\/site\/#organization","name":"Travel3","url":"https:\/\/www.travel3.com.br\/site\/","logo":{"@type":"ImageObject","inLanguage":"pt-BR","@id":"https:\/\/www.travel3.com.br\/site\/#\/schema\/logo\/image\/","url":"https:\/\/www.travel3.com.br\/site\/wp-content\/uploads\/2020\/01\/logo-travel3-2020.png","contentUrl":"https:\/\/www.travel3.com.br\/site\/wp-content\/uploads\/2020\/01\/logo-travel3-2020.png","width":232,"height":79,"caption":"Travel3"},"image":{"@id":"https:\/\/www.travel3.com.br\/site\/#\/schema\/logo\/image\/"},"sameAs":["https:\/\/www.facebook.com\/travel3media\/","https:\/\/www.instagram.com\/revistatravel3\/","https:\/\/www.youtube.com\/channel\/UCno7J4paGBR3VbZQzvoJ9Eg"]},{"@type":"Person","@id":"https:\/\/www.travel3.com.br\/site\/#\/schema\/person\/9cff8daac0a2f1aa0799f827b8aa8308","name":"Reda\u00e7\u00e3o Travel3","image":{"@type":"ImageObject","inLanguage":"pt-BR","@id":"https:\/\/www.travel3.com.br\/site\/#\/schema\/person\/image\/","url":"https:\/\/secure.gravatar.com\/avatar\/6e6125525e1f04b7b8c607d71556e490?s=96&d=mm&r=g","contentUrl":"https:\/\/secure.gravatar.com\/avatar\/6e6125525e1f04b7b8c607d71556e490?s=96&d=mm&r=g","caption":"Reda\u00e7\u00e3o Travel3"},"sameAs":["http:\/\/www.travel3.com.br"],"url":"https:\/\/www.travel3.com.br\/site\/author\/redacao2\/"}]}},"_links":{"self":[{"href":"https:\/\/www.travel3.com.br\/site\/wp-json\/wp\/v2\/posts\/53925","targetHints":{"allow":["GET"]}}],"collection":[{"href":"https:\/\/www.travel3.com.br\/site\/wp-json\/wp\/v2\/posts"}],"about":[{"href":"https:\/\/www.travel3.com.br\/site\/wp-json\/wp\/v2\/types\/post"}],"author":[{"embeddable":true,"href":"https:\/\/www.travel3.com.br\/site\/wp-json\/wp\/v2\/users\/6"}],"replies":[{"embeddable":true,"href":"https:\/\/www.travel3.com.br\/site\/wp-json\/wp\/v2\/comments?post=53925"}],"version-history":[{"count":6,"href":"https:\/\/www.travel3.com.br\/site\/wp-json\/wp\/v2\/posts\/53925\/revisions"}],"predecessor-version":[{"id":53947,"href":"https:\/\/www.travel3.com.br\/site\/wp-json\/wp\/v2\/posts\/53925\/revisions\/53947"}],"wp:featuredmedia":[{"embeddable":true,"href":"https:\/\/www.travel3.com.br\/site\/wp-json\/wp\/v2\/media\/53928"}],"wp:attachment":[{"href":"https:\/\/www.travel3.com.br\/site\/wp-json\/wp\/v2\/media?parent=53925"}],"wp:term":[{"taxonomy":"category","embeddable":true,"href":"https:\/\/www.travel3.com.br\/site\/wp-json\/wp\/v2\/categories?post=53925"},{"taxonomy":"post_tag","embeddable":true,"href":"https:\/\/www.travel3.com.br\/site\/wp-json\/wp\/v2\/tags?post=53925"}],"curies":[{"name":"wp","href":"https:\/\/api.w.org\/{rel}","templated":true}]}}