{"id":5345,"date":"2017-08-10T11:48:35","date_gmt":"2017-08-10T11:48:35","guid":{"rendered":"http:\/\/www.travel3.com.br\/site\/ir-e-vir\/ar\/franca-e-as-fortes-chuvas-sena-tem-maior-cheia-dos-ultimos-30-anos\/"},"modified":"2017-08-10T11:48:35","modified_gmt":"2017-08-10T11:48:35","slug":"franca-e-as-fortes-chuvas-sena-tem-maior-cheia-dos-ultimos-30-anos","status":"publish","type":"post","link":"https:\/\/www.travel3.com.br\/site\/sem-categoria\/franca-e-as-fortes-chuvas-sena-tem-maior-cheia-dos-ultimos-30-anos\/","title":{"rendered":"FRAN\u00c7A E AS FORTES CHUVAS: SENA TEM MAIOR CHEIA DOS \u00daLTIMOS 30 ANOS"},"content":{"rendered":"<p><span style=\"color: #40acad; font-family: -apple-system, system-ui, 'Segoe UI', Roboto, Oxygen-Sans, Ubuntu, Cantarell, 'Helvetica Neue', sans-serif; font-size: 12px; font-weight: bold;\"><\/p>\n<p style=\"text-align: justify;\">Ap\u00f3s dias de chuvas fortes em Paris, a previs\u00e3o \u00e9 de que a cheia do Rio Sena atinja, ainda hoje, pico de 6 metros acima do n\u00edvel normal. Segundo informa\u00e7\u00f5es do governo franc\u00eas, j\u00e1 s\u00e3o mais de 20 mil desabrigados e 25 mil casas sem eletricidade no pa\u00eds, sendo a maior parte na regi\u00e3o pr\u00f3xima \u00e0 capital francesa.<\/p>\n<p style=\"text-align: justify;\">Em Paris, foram colocadas barreiras de emerg\u00eancia \u00e0s margens do rio Sena e muitas pontes tiveram que ser interditadas, assim como as pistas que margeiam o rio. Algumas linhas de metr\u00f4 e de trens tamb\u00e9m est\u00e3o interditadas.<\/p>\n<p style=\"text-align: justify;\">De acordo com o Minist\u00e9rio do Meio Ambiente franc\u00eas, o rio n\u00e3o atingia n\u00edveis t\u00e3o altos desde 1982, quando subiu 6,18 metros. Em 1955, havia sido registrado um pico de 7,1 metros e, em 1910, um pico de 8,62 metros.<\/p>\n<p style=\"text-align: justify;\">Em comunicado aos jornalistas divulgado hoje (3), o Minist\u00e9rio do Meio Ambiente da Fran\u00e7a afirmou que v\u00e1rios afluentes do Sena sofreram inunda\u00e7\u00f5es graves, especialmente o rio Essonne.<\/p>\n<p style=\"text-align: justify;\">\u201cCom o dil\u00favio, foi decretado no Sena alerta laranja na quinta-feira (2) de manh\u00e3 e, em seguida, esse alerta laranja foi estendido para Paris. O pico de cheia \u00e9 esperado em Paris na noite de hoje (3), para 6,30 metros ou 6,50 metros, no pior dos cen\u00e1rios&#8221;, diz o alerta.<\/p>\n<p style=\"text-align: justify;\">De acordo com o comunicado, esse n\u00edvel deve &#8220;permanecer relativamente est\u00e1vel ao longo do fim de semana&#8221;, quando deve come\u00e7ar a baixar. A expectativa do governo, no entanto, \u00e9 de que o decl\u00ednio seja mais lento do que a eleva\u00e7\u00e3o do n\u00edvel das \u00e1guas.<\/p>\n<p style=\"text-align: justify;\">O presidente franc\u00eas, Fran\u00e7ois Hollande, anunciou ontem (2) que vai declarar estado de cat\u00e1strofe natural para as \u00e1reas mais afetadas pelo temporal.<\/p>\n<p style=\"text-align: justify;\">At\u00e9 o momento, a Fran\u00e7a registrou pelo menos duas mortes em decorr\u00eancia das inunda\u00e7\u00f5es, segundo a Agence France Presse (AFP).<\/p>\n<p style=\"text-align: justify;\">Os museus Louvre e d&#39;Orsay, ambos em Paris, tiveram que ser fechados para a retirada de obras que est\u00e3o em \u00e1reas inund\u00e1veis. O Louvre \u00e9 o museu mais visitado do mundo e recebe nove milh\u00f5es de visitantes por ano.<\/p>\n<p><\/span><\/p>\n","protected":false},"excerpt":{"rendered":"<p>Os museus Louvre e d&#8217;Orsay, ambos em Paris, tiveram que ser fechados para a retirada de obras que est\u00e3o em \u00e1reas inund\u00e1veis<\/p>\n","protected":false},"author":1,"featured_media":0,"comment_status":"open","ping_status":"open","sticky":false,"template":"","format":"standard","meta":{"footnotes":""},"categories":[],"tags":[],"class_list":["post-5345","post","type-post","status-publish","format-standard","hentry"],"yoast_head":"<!-- This site is optimized with the Yoast SEO plugin v26.2 - https:\/\/yoast.com\/wordpress\/plugins\/seo\/ -->\n<title>FRAN\u00c7A E AS FORTES CHUVAS: SENA TEM MAIOR CHEIA DOS \u00daLTIMOS 30 ANOS - Travel3<\/title>\n<meta name=\"description\" content=\"A TRAVEL3 \u00e9 um portal de conte\u00fado voltado para o turismo, encontre destinos, viagens, hospedagem, passagens, guias, not\u00edcias sobre o mercado do turismo, dicas de viagem, v\u00eddeos e podcast.\" \/>\n<meta name=\"robots\" content=\"index, follow, max-snippet:-1, max-image-preview:large, max-video-preview:-1\" \/>\n<link rel=\"canonical\" href=\"https:\/\/www.travel3.com.br\/site\/sem-categoria\/franca-e-as-fortes-chuvas-sena-tem-maior-cheia-dos-ultimos-30-anos\/\" \/>\n<meta property=\"og:locale\" content=\"pt_BR\" \/>\n<meta property=\"og:type\" content=\"article\" \/>\n<meta property=\"og:title\" content=\"FRAN\u00c7A E AS FORTES CHUVAS: SENA TEM MAIOR CHEIA DOS \u00daLTIMOS 30 ANOS - Travel3\" \/>\n<meta property=\"og:description\" content=\"A TRAVEL3 \u00e9 um portal de conte\u00fado voltado para o turismo, encontre destinos, viagens, hospedagem, passagens, guias, not\u00edcias sobre o mercado do turismo, dicas de viagem, v\u00eddeos e podcast.\" \/>\n<meta property=\"og:url\" content=\"https:\/\/www.travel3.com.br\/site\/sem-categoria\/franca-e-as-fortes-chuvas-sena-tem-maior-cheia-dos-ultimos-30-anos\/\" \/>\n<meta property=\"og:site_name\" content=\"Travel3\" \/>\n<meta property=\"article:publisher\" content=\"https:\/\/www.facebook.com\/travel3media\/\" \/>\n<meta property=\"article:published_time\" content=\"2017-08-10T11:48:35+00:00\" \/>\n<meta name=\"author\" content=\"admin\" \/>\n<meta name=\"twitter:card\" content=\"summary_large_image\" \/>\n<meta name=\"twitter:label1\" content=\"Escrito por\" \/>\n\t<meta name=\"twitter:data1\" content=\"admin\" \/>\n\t<meta name=\"twitter:label2\" content=\"Est. tempo de leitura\" \/>\n\t<meta name=\"twitter:data2\" content=\"2 minutos\" \/>\n<script type=\"application\/ld+json\" class=\"yoast-schema-graph\">{\"@context\":\"https:\/\/schema.org\",\"@graph\":[{\"@type\":\"Article\",\"@id\":\"https:\/\/www.travel3.com.br\/site\/sem-categoria\/franca-e-as-fortes-chuvas-sena-tem-maior-cheia-dos-ultimos-30-anos\/#article\",\"isPartOf\":{\"@id\":\"https:\/\/www.travel3.com.br\/site\/sem-categoria\/franca-e-as-fortes-chuvas-sena-tem-maior-cheia-dos-ultimos-30-anos\/\"},\"author\":{\"name\":\"admin\",\"@id\":\"https:\/\/www.travel3.com.br\/site\/#\/schema\/person\/a69d71e41a024999b6ab82369ac0bd1e\"},\"headline\":\"FRAN\u00c7A E AS FORTES CHUVAS: SENA TEM MAIOR CHEIA DOS \u00daLTIMOS 30 ANOS\",\"datePublished\":\"2017-08-10T11:48:35+00:00\",\"mainEntityOfPage\":{\"@id\":\"https:\/\/www.travel3.com.br\/site\/sem-categoria\/franca-e-as-fortes-chuvas-sena-tem-maior-cheia-dos-ultimos-30-anos\/\"},\"wordCount\":369,\"commentCount\":0,\"publisher\":{\"@id\":\"https:\/\/www.travel3.com.br\/site\/#organization\"},\"inLanguage\":\"pt-BR\",\"potentialAction\":[{\"@type\":\"CommentAction\",\"name\":\"Comment\",\"target\":[\"https:\/\/www.travel3.com.br\/site\/sem-categoria\/franca-e-as-fortes-chuvas-sena-tem-maior-cheia-dos-ultimos-30-anos\/#respond\"]}]},{\"@type\":\"WebPage\",\"@id\":\"https:\/\/www.travel3.com.br\/site\/sem-categoria\/franca-e-as-fortes-chuvas-sena-tem-maior-cheia-dos-ultimos-30-anos\/\",\"url\":\"https:\/\/www.travel3.com.br\/site\/sem-categoria\/franca-e-as-fortes-chuvas-sena-tem-maior-cheia-dos-ultimos-30-anos\/\",\"name\":\"FRAN\u00c7A E AS FORTES CHUVAS: SENA TEM MAIOR CHEIA DOS \u00daLTIMOS 30 ANOS - Travel3\",\"isPartOf\":{\"@id\":\"https:\/\/www.travel3.com.br\/site\/#website\"},\"datePublished\":\"2017-08-10T11:48:35+00:00\",\"description\":\"A TRAVEL3 \u00e9 um portal de conte\u00fado voltado para o turismo, encontre destinos, viagens, hospedagem, passagens, guias, not\u00edcias sobre o mercado do turismo, dicas de viagem, v\u00eddeos e podcast.\",\"breadcrumb\":{\"@id\":\"https:\/\/www.travel3.com.br\/site\/sem-categoria\/franca-e-as-fortes-chuvas-sena-tem-maior-cheia-dos-ultimos-30-anos\/#breadcrumb\"},\"inLanguage\":\"pt-BR\",\"potentialAction\":[{\"@type\":\"ReadAction\",\"target\":[\"https:\/\/www.travel3.com.br\/site\/sem-categoria\/franca-e-as-fortes-chuvas-sena-tem-maior-cheia-dos-ultimos-30-anos\/\"]}]},{\"@type\":\"BreadcrumbList\",\"@id\":\"https:\/\/www.travel3.com.br\/site\/sem-categoria\/franca-e-as-fortes-chuvas-sena-tem-maior-cheia-dos-ultimos-30-anos\/#breadcrumb\",\"itemListElement\":[{\"@type\":\"ListItem\",\"position\":1,\"name\":\"In\u00edcio\",\"item\":\"https:\/\/www.travel3.com.br\/site\/\"},{\"@type\":\"ListItem\",\"position\":2,\"name\":\"FRAN\u00c7A E AS FORTES CHUVAS: SENA TEM MAIOR CHEIA DOS \u00daLTIMOS 30 ANOS\"}]},{\"@type\":\"WebSite\",\"@id\":\"https:\/\/www.travel3.com.br\/site\/#website\",\"url\":\"https:\/\/www.travel3.com.br\/site\/\",\"name\":\"Travel3\",\"description\":\"Lazer + Neg&oacute;cios + Aventura\",\"publisher\":{\"@id\":\"https:\/\/www.travel3.com.br\/site\/#organization\"},\"potentialAction\":[{\"@type\":\"SearchAction\",\"target\":{\"@type\":\"EntryPoint\",\"urlTemplate\":\"https:\/\/www.travel3.com.br\/site\/?s={search_term_string}\"},\"query-input\":{\"@type\":\"PropertyValueSpecification\",\"valueRequired\":true,\"valueName\":\"search_term_string\"}}],\"inLanguage\":\"pt-BR\"},{\"@type\":\"Organization\",\"@id\":\"https:\/\/www.travel3.com.br\/site\/#organization\",\"name\":\"Travel3\",\"url\":\"https:\/\/www.travel3.com.br\/site\/\",\"logo\":{\"@type\":\"ImageObject\",\"inLanguage\":\"pt-BR\",\"@id\":\"https:\/\/www.travel3.com.br\/site\/#\/schema\/logo\/image\/\",\"url\":\"https:\/\/www.travel3.com.br\/site\/wp-content\/uploads\/2020\/01\/logo-travel3-2020.png\",\"contentUrl\":\"https:\/\/www.travel3.com.br\/site\/wp-content\/uploads\/2020\/01\/logo-travel3-2020.png\",\"width\":232,\"height\":79,\"caption\":\"Travel3\"},\"image\":{\"@id\":\"https:\/\/www.travel3.com.br\/site\/#\/schema\/logo\/image\/\"},\"sameAs\":[\"https:\/\/www.facebook.com\/travel3media\/\",\"https:\/\/www.instagram.com\/revistatravel3\/\",\"https:\/\/www.youtube.com\/channel\/UCno7J4paGBR3VbZQzvoJ9Eg\"]},{\"@type\":\"Person\",\"@id\":\"https:\/\/www.travel3.com.br\/site\/#\/schema\/person\/a69d71e41a024999b6ab82369ac0bd1e\",\"name\":\"admin\",\"image\":{\"@type\":\"ImageObject\",\"inLanguage\":\"pt-BR\",\"@id\":\"https:\/\/www.travel3.com.br\/site\/#\/schema\/person\/image\/\",\"url\":\"https:\/\/secure.gravatar.com\/avatar\/732a67adfd764da2a47ba10ce731c4c0?s=96&d=mm&r=g\",\"contentUrl\":\"https:\/\/secure.gravatar.com\/avatar\/732a67adfd764da2a47ba10ce731c4c0?s=96&d=mm&r=g\",\"caption\":\"admin\"},\"url\":\"https:\/\/www.travel3.com.br\/site\/author\/admin\/\"}]}<\/script>\n<!-- \/ Yoast SEO plugin. -->","yoast_head_json":{"title":"FRAN\u00c7A E AS FORTES CHUVAS: SENA TEM MAIOR CHEIA DOS \u00daLTIMOS 30 ANOS - Travel3","description":"A TRAVEL3 \u00e9 um portal de conte\u00fado voltado para o turismo, encontre destinos, viagens, hospedagem, passagens, guias, not\u00edcias sobre o mercado do turismo, dicas de viagem, v\u00eddeos e podcast.","robots":{"index":"index","follow":"follow","max-snippet":"max-snippet:-1","max-image-preview":"max-image-preview:large","max-video-preview":"max-video-preview:-1"},"canonical":"https:\/\/www.travel3.com.br\/site\/sem-categoria\/franca-e-as-fortes-chuvas-sena-tem-maior-cheia-dos-ultimos-30-anos\/","og_locale":"pt_BR","og_type":"article","og_title":"FRAN\u00c7A E AS FORTES CHUVAS: SENA TEM MAIOR CHEIA DOS \u00daLTIMOS 30 ANOS - Travel3","og_description":"A TRAVEL3 \u00e9 um portal de conte\u00fado voltado para o turismo, encontre destinos, viagens, hospedagem, passagens, guias, not\u00edcias sobre o mercado do turismo, dicas de viagem, v\u00eddeos e podcast.","og_url":"https:\/\/www.travel3.com.br\/site\/sem-categoria\/franca-e-as-fortes-chuvas-sena-tem-maior-cheia-dos-ultimos-30-anos\/","og_site_name":"Travel3","article_publisher":"https:\/\/www.facebook.com\/travel3media\/","article_published_time":"2017-08-10T11:48:35+00:00","author":"admin","twitter_card":"summary_large_image","twitter_misc":{"Escrito por":"admin","Est. tempo de leitura":"2 minutos"},"schema":{"@context":"https:\/\/schema.org","@graph":[{"@type":"Article","@id":"https:\/\/www.travel3.com.br\/site\/sem-categoria\/franca-e-as-fortes-chuvas-sena-tem-maior-cheia-dos-ultimos-30-anos\/#article","isPartOf":{"@id":"https:\/\/www.travel3.com.br\/site\/sem-categoria\/franca-e-as-fortes-chuvas-sena-tem-maior-cheia-dos-ultimos-30-anos\/"},"author":{"name":"admin","@id":"https:\/\/www.travel3.com.br\/site\/#\/schema\/person\/a69d71e41a024999b6ab82369ac0bd1e"},"headline":"FRAN\u00c7A E AS FORTES CHUVAS: SENA TEM MAIOR CHEIA DOS \u00daLTIMOS 30 ANOS","datePublished":"2017-08-10T11:48:35+00:00","mainEntityOfPage":{"@id":"https:\/\/www.travel3.com.br\/site\/sem-categoria\/franca-e-as-fortes-chuvas-sena-tem-maior-cheia-dos-ultimos-30-anos\/"},"wordCount":369,"commentCount":0,"publisher":{"@id":"https:\/\/www.travel3.com.br\/site\/#organization"},"inLanguage":"pt-BR","potentialAction":[{"@type":"CommentAction","name":"Comment","target":["https:\/\/www.travel3.com.br\/site\/sem-categoria\/franca-e-as-fortes-chuvas-sena-tem-maior-cheia-dos-ultimos-30-anos\/#respond"]}]},{"@type":"WebPage","@id":"https:\/\/www.travel3.com.br\/site\/sem-categoria\/franca-e-as-fortes-chuvas-sena-tem-maior-cheia-dos-ultimos-30-anos\/","url":"https:\/\/www.travel3.com.br\/site\/sem-categoria\/franca-e-as-fortes-chuvas-sena-tem-maior-cheia-dos-ultimos-30-anos\/","name":"FRAN\u00c7A E AS FORTES CHUVAS: SENA TEM MAIOR CHEIA DOS \u00daLTIMOS 30 ANOS - Travel3","isPartOf":{"@id":"https:\/\/www.travel3.com.br\/site\/#website"},"datePublished":"2017-08-10T11:48:35+00:00","description":"A TRAVEL3 \u00e9 um portal de conte\u00fado voltado para o turismo, encontre destinos, viagens, hospedagem, passagens, guias, not\u00edcias sobre o mercado do turismo, dicas de viagem, v\u00eddeos e podcast.","breadcrumb":{"@id":"https:\/\/www.travel3.com.br\/site\/sem-categoria\/franca-e-as-fortes-chuvas-sena-tem-maior-cheia-dos-ultimos-30-anos\/#breadcrumb"},"inLanguage":"pt-BR","potentialAction":[{"@type":"ReadAction","target":["https:\/\/www.travel3.com.br\/site\/sem-categoria\/franca-e-as-fortes-chuvas-sena-tem-maior-cheia-dos-ultimos-30-anos\/"]}]},{"@type":"BreadcrumbList","@id":"https:\/\/www.travel3.com.br\/site\/sem-categoria\/franca-e-as-fortes-chuvas-sena-tem-maior-cheia-dos-ultimos-30-anos\/#breadcrumb","itemListElement":[{"@type":"ListItem","position":1,"name":"In\u00edcio","item":"https:\/\/www.travel3.com.br\/site\/"},{"@type":"ListItem","position":2,"name":"FRAN\u00c7A E AS FORTES CHUVAS: SENA TEM MAIOR CHEIA DOS \u00daLTIMOS 30 ANOS"}]},{"@type":"WebSite","@id":"https:\/\/www.travel3.com.br\/site\/#website","url":"https:\/\/www.travel3.com.br\/site\/","name":"Travel3","description":"Lazer + Neg&oacute;cios + Aventura","publisher":{"@id":"https:\/\/www.travel3.com.br\/site\/#organization"},"potentialAction":[{"@type":"SearchAction","target":{"@type":"EntryPoint","urlTemplate":"https:\/\/www.travel3.com.br\/site\/?s={search_term_string}"},"query-input":{"@type":"PropertyValueSpecification","valueRequired":true,"valueName":"search_term_string"}}],"inLanguage":"pt-BR"},{"@type":"Organization","@id":"https:\/\/www.travel3.com.br\/site\/#organization","name":"Travel3","url":"https:\/\/www.travel3.com.br\/site\/","logo":{"@type":"ImageObject","inLanguage":"pt-BR","@id":"https:\/\/www.travel3.com.br\/site\/#\/schema\/logo\/image\/","url":"https:\/\/www.travel3.com.br\/site\/wp-content\/uploads\/2020\/01\/logo-travel3-2020.png","contentUrl":"https:\/\/www.travel3.com.br\/site\/wp-content\/uploads\/2020\/01\/logo-travel3-2020.png","width":232,"height":79,"caption":"Travel3"},"image":{"@id":"https:\/\/www.travel3.com.br\/site\/#\/schema\/logo\/image\/"},"sameAs":["https:\/\/www.facebook.com\/travel3media\/","https:\/\/www.instagram.com\/revistatravel3\/","https:\/\/www.youtube.com\/channel\/UCno7J4paGBR3VbZQzvoJ9Eg"]},{"@type":"Person","@id":"https:\/\/www.travel3.com.br\/site\/#\/schema\/person\/a69d71e41a024999b6ab82369ac0bd1e","name":"admin","image":{"@type":"ImageObject","inLanguage":"pt-BR","@id":"https:\/\/www.travel3.com.br\/site\/#\/schema\/person\/image\/","url":"https:\/\/secure.gravatar.com\/avatar\/732a67adfd764da2a47ba10ce731c4c0?s=96&d=mm&r=g","contentUrl":"https:\/\/secure.gravatar.com\/avatar\/732a67adfd764da2a47ba10ce731c4c0?s=96&d=mm&r=g","caption":"admin"},"url":"https:\/\/www.travel3.com.br\/site\/author\/admin\/"}]}},"_links":{"self":[{"href":"https:\/\/www.travel3.com.br\/site\/wp-json\/wp\/v2\/posts\/5345","targetHints":{"allow":["GET"]}}],"collection":[{"href":"https:\/\/www.travel3.com.br\/site\/wp-json\/wp\/v2\/posts"}],"about":[{"href":"https:\/\/www.travel3.com.br\/site\/wp-json\/wp\/v2\/types\/post"}],"author":[{"embeddable":true,"href":"https:\/\/www.travel3.com.br\/site\/wp-json\/wp\/v2\/users\/1"}],"replies":[{"embeddable":true,"href":"https:\/\/www.travel3.com.br\/site\/wp-json\/wp\/v2\/comments?post=5345"}],"version-history":[{"count":0,"href":"https:\/\/www.travel3.com.br\/site\/wp-json\/wp\/v2\/posts\/5345\/revisions"}],"wp:attachment":[{"href":"https:\/\/www.travel3.com.br\/site\/wp-json\/wp\/v2\/media?parent=5345"}],"wp:term":[{"taxonomy":"category","embeddable":true,"href":"https:\/\/www.travel3.com.br\/site\/wp-json\/wp\/v2\/categories?post=5345"},{"taxonomy":"post_tag","embeddable":true,"href":"https:\/\/www.travel3.com.br\/site\/wp-json\/wp\/v2\/tags?post=5345"}],"curies":[{"name":"wp","href":"https:\/\/api.w.org\/{rel}","templated":true}]}}