{"id":5337,"date":"2017-08-27T02:18:17","date_gmt":"2017-08-27T02:18:17","guid":{"rendered":"http:\/\/www.travel3.com.br\/site\/ir-e-vir\/ar\/brasil-protagonizou-a-7a-edicao-do-rock-in-rio-lisboa\/"},"modified":"2017-08-27T02:18:17","modified_gmt":"2017-08-27T02:18:17","slug":"brasil-protagonizou-a-7a-edicao-do-rock-in-rio-lisboa","status":"publish","type":"post","link":"https:\/\/www.travel3.com.br\/site\/sem-categoria\/brasil-protagonizou-a-7a-edicao-do-rock-in-rio-lisboa\/","title":{"rendered":"BRASIL PROTAGONIZOU A 7\u00aa EDI\u00c7\u00c3O DO ROCK IN RIO LISBOA"},"content":{"rendered":"<p><span style=\"color: #40acad; font-family: -apple-system, system-ui, 'Segoe UI', Roboto, Oxygen-Sans, Ubuntu, Cantarell, 'Helvetica Neue', sans-serif; font-size: 12px; font-weight: bold;\"><\/p>\n<p style=\"text-align:justify\">Os holofotes do maior evento de m\u00fasica e entretenimento do mundo, o Rock in Rio, estiveram voltados para os Jogos Ol\u00edmpicos e Paral\u00edmpicos do Rio\u00a0de Janeiro, durante a 7\u00aa edi\u00e7\u00e3o do evento em Lisboa, realizada em maio.\u00a0A participa\u00e7\u00e3o da Embratur (Instituto Brasileiro de Turismo) foi marcada pela aposta na plataforma digital, direcionada ao p\u00fablico-alvo do evento, formado por jovens, com ampla ades\u00e3o \u00e0s redes sociais. Em paralelo, o Instituto apoiou workshop e rodadas de neg\u00f3cios com operadores europeus, organizado pelo Rio CVB, TAP Portugal e Riotur.<\/p>\n<p style=\"text-align:justify\">Para o presidente substituto da Embratur, Jos\u00e9 Ant\u00f4nio Parente, que acompanhou as atividades, o sucesso da participa\u00e7\u00e3o do Instituto ocorreu devido \u00e0 segmenta\u00e7\u00e3o das a\u00e7\u00f5es. \u201cPor ser um perfil mais jovem e mais conectado, intensificamos os esfor\u00e7os nos canais digitais, como a promo\u00e7\u00e3o da hashtag #visitbrasil, para nos aproximarmos de maneira efetiva desses potenciais turistas. Tamb\u00e9m contribu\u00edmos com capacita\u00e7\u00f5es que fomentam a comercializa\u00e7\u00e3o dos destinos brasileiros. Estamos otimizando recursos para atrair cada vez mais visitantes ao nosso Pa\u00eds\u201d, finaliza.<\/p>\n<p style=\"text-align:justify\">A Marca Brasil ganhou destaque na identidade visual do estande da Embratur no Rock in Rio, que dispunha de 150m\u00b2 em localiza\u00e7\u00e3o estrat\u00e9gica, pr\u00f3ximo ao Palco Mundo, circulando v\u00eddeos do turismo brasileiro. Neste espa\u00e7o foi registrada a presen\u00e7a de 200 convidados por dia, incluindo atores, apresentadores e modelos do Brasil e de Portugal. Entre eles, est\u00e3o Thiago Lacerda, Tony Garrido, Luana Piovani e o goleiro J\u00falio C\u00e9sar.<\/p>\n<p style=\"text-align:justify\">O estande tamb\u00e9m promoveu encontros com operadores e agentes de viagem de Portugal, representantes de embaixadas e formadores de opini\u00e3o. Outro ponto alto foi a promo\u00e7\u00e3o do novo portal<em>Visit Brasil<\/em>, lan\u00e7ado para divulgar destinos e produtos brasileiros com foco nas cidades-sede da Rio 2016. No total, a Cidade do Rock recebeu 329 mil f\u00e3s de diversos pa\u00edses, entre os quais: Espanha, Reino Unido, Alemanha, Fran\u00e7a, It\u00e1lia, Holanda, Su\u00ed\u00e7a, Dinamarca, Estados Unidos, Emirados \u00c1rabes, Austr\u00e1lia e China.<\/p>\n<p style=\"text-align:justify\"><strong>Capacita\u00e7\u00e3o e rodada de neg\u00f3cios<\/strong><\/p>\n<p style=\"text-align:justify\">O Rio Convention &#038; Visitors Bureau e a TAP, em conjunto com a Embratur e Riotur, promoveram a\u00e7\u00e3o de capacita\u00e7\u00e3o com os principais buyers europeus entre 19 e\u00a021 de maio. O projeto in\u00e9dito consistiu em qualificar os profissionais com foco no per\u00edodo p\u00f3s-ol\u00edmpico. Al\u00e9m de assistir aos shows do Rock in Rio, os buyers participaram de rodada de neg\u00f3cios com as empresas mantenedoras do Rio CVB.<\/p>\n<p style=\"text-align:justify\">A viv\u00eancia proporcionada durante o Rock in Rio 2016 apresentou o destino Brasil, a malha a\u00e9rea dispon\u00edvel e o Rio\u00a0de Janeiro, com a presen\u00e7a dos representantes dos Escrit\u00f3rios Brasileiros de Turismo de Portugal, Fran\u00e7a, Espanha, It\u00e1lia, Reino Unido e Holanda. Segundo Parente, esta foi uma excelente oportunidade para mostrar a diversidade do turismo brasileiro, al\u00e9m das caracter\u00edsticas da sede dos Jogos: \u201cTamb\u00e9m foi importante apresentar outros destinos tur\u00edsticos para al\u00e9m do Brasil \u2018Sol e Praia\u2019, com cultura rica e aliada a tantas belezas naturais\u201d, afirmou.<\/p>\n<p style=\"text-align:justify\">\u201cDevemos investir, tamb\u00e9m, no Rio\u00a0<a href=\"callto:2017, 2018, 2019\" onclick=\"window.top.Com_Zimbra_Phone.unsetOnbeforeunload()\">2017, 2018, 2019<\/a>&#8230; Momento em que colheremos os verdadeiros frutos de um trabalho cont\u00ednuo de proje\u00e7\u00e3o da cidade como produto internacional, al\u00e9m da divulga\u00e7\u00e3o espont\u00e2nea que o Rio vem recebendo por conta dos eventos esportivos\u201d, explica o presidente-executivo do Rio CVB, Alfredo Lopes.<\/p>\n<p><\/span><\/p>\n","protected":false},"excerpt":{"rendered":"<p>Estande Brasil recebeu celebridades, operadores de viagem e formadores de opini\u00e3o de todo o mundo para divulgar os Jogos Rio 2016<\/p>\n","protected":false},"author":1,"featured_media":0,"comment_status":"open","ping_status":"open","sticky":false,"template":"","format":"standard","meta":{"footnotes":""},"categories":[],"tags":[],"class_list":["post-5337","post","type-post","status-publish","format-standard","hentry"],"yoast_head":"<!-- This site is optimized with the Yoast SEO plugin v26.2 - https:\/\/yoast.com\/wordpress\/plugins\/seo\/ -->\n<title>BRASIL PROTAGONIZOU A 7\u00aa EDI\u00c7\u00c3O DO ROCK IN RIO LISBOA - Travel3<\/title>\n<meta name=\"description\" content=\"A TRAVEL3 \u00e9 um portal de conte\u00fado voltado para o turismo, encontre destinos, viagens, hospedagem, passagens, guias, not\u00edcias sobre o mercado do turismo, dicas de viagem, v\u00eddeos e podcast.\" \/>\n<meta name=\"robots\" content=\"index, follow, max-snippet:-1, max-image-preview:large, max-video-preview:-1\" \/>\n<link rel=\"canonical\" href=\"https:\/\/www.travel3.com.br\/site\/sem-categoria\/brasil-protagonizou-a-7a-edicao-do-rock-in-rio-lisboa\/\" \/>\n<meta property=\"og:locale\" content=\"pt_BR\" \/>\n<meta property=\"og:type\" content=\"article\" \/>\n<meta property=\"og:title\" content=\"BRASIL PROTAGONIZOU A 7\u00aa EDI\u00c7\u00c3O DO ROCK IN RIO LISBOA - Travel3\" \/>\n<meta property=\"og:description\" content=\"A TRAVEL3 \u00e9 um portal de conte\u00fado voltado para o turismo, encontre destinos, viagens, hospedagem, passagens, guias, not\u00edcias sobre o mercado do turismo, dicas de viagem, v\u00eddeos e podcast.\" \/>\n<meta property=\"og:url\" content=\"https:\/\/www.travel3.com.br\/site\/sem-categoria\/brasil-protagonizou-a-7a-edicao-do-rock-in-rio-lisboa\/\" \/>\n<meta property=\"og:site_name\" content=\"Travel3\" \/>\n<meta property=\"article:publisher\" content=\"https:\/\/www.facebook.com\/travel3media\/\" \/>\n<meta property=\"article:published_time\" content=\"2017-08-27T02:18:17+00:00\" \/>\n<meta name=\"author\" content=\"admin\" \/>\n<meta name=\"twitter:card\" content=\"summary_large_image\" \/>\n<meta name=\"twitter:label1\" content=\"Escrito por\" \/>\n\t<meta name=\"twitter:data1\" content=\"admin\" \/>\n\t<meta name=\"twitter:label2\" content=\"Est. tempo de leitura\" \/>\n\t<meta name=\"twitter:data2\" content=\"3 minutos\" \/>\n<script type=\"application\/ld+json\" class=\"yoast-schema-graph\">{\"@context\":\"https:\/\/schema.org\",\"@graph\":[{\"@type\":\"Article\",\"@id\":\"https:\/\/www.travel3.com.br\/site\/sem-categoria\/brasil-protagonizou-a-7a-edicao-do-rock-in-rio-lisboa\/#article\",\"isPartOf\":{\"@id\":\"https:\/\/www.travel3.com.br\/site\/sem-categoria\/brasil-protagonizou-a-7a-edicao-do-rock-in-rio-lisboa\/\"},\"author\":{\"name\":\"admin\",\"@id\":\"https:\/\/www.travel3.com.br\/site\/#\/schema\/person\/a69d71e41a024999b6ab82369ac0bd1e\"},\"headline\":\"BRASIL PROTAGONIZOU A 7\u00aa EDI\u00c7\u00c3O DO ROCK IN RIO LISBOA\",\"datePublished\":\"2017-08-27T02:18:17+00:00\",\"mainEntityOfPage\":{\"@id\":\"https:\/\/www.travel3.com.br\/site\/sem-categoria\/brasil-protagonizou-a-7a-edicao-do-rock-in-rio-lisboa\/\"},\"wordCount\":580,\"commentCount\":0,\"publisher\":{\"@id\":\"https:\/\/www.travel3.com.br\/site\/#organization\"},\"inLanguage\":\"pt-BR\",\"potentialAction\":[{\"@type\":\"CommentAction\",\"name\":\"Comment\",\"target\":[\"https:\/\/www.travel3.com.br\/site\/sem-categoria\/brasil-protagonizou-a-7a-edicao-do-rock-in-rio-lisboa\/#respond\"]}]},{\"@type\":\"WebPage\",\"@id\":\"https:\/\/www.travel3.com.br\/site\/sem-categoria\/brasil-protagonizou-a-7a-edicao-do-rock-in-rio-lisboa\/\",\"url\":\"https:\/\/www.travel3.com.br\/site\/sem-categoria\/brasil-protagonizou-a-7a-edicao-do-rock-in-rio-lisboa\/\",\"name\":\"BRASIL PROTAGONIZOU A 7\u00aa EDI\u00c7\u00c3O DO ROCK IN RIO LISBOA - Travel3\",\"isPartOf\":{\"@id\":\"https:\/\/www.travel3.com.br\/site\/#website\"},\"datePublished\":\"2017-08-27T02:18:17+00:00\",\"description\":\"A TRAVEL3 \u00e9 um portal de conte\u00fado voltado para o turismo, encontre destinos, viagens, hospedagem, passagens, guias, not\u00edcias sobre o mercado do turismo, dicas de viagem, v\u00eddeos e podcast.\",\"breadcrumb\":{\"@id\":\"https:\/\/www.travel3.com.br\/site\/sem-categoria\/brasil-protagonizou-a-7a-edicao-do-rock-in-rio-lisboa\/#breadcrumb\"},\"inLanguage\":\"pt-BR\",\"potentialAction\":[{\"@type\":\"ReadAction\",\"target\":[\"https:\/\/www.travel3.com.br\/site\/sem-categoria\/brasil-protagonizou-a-7a-edicao-do-rock-in-rio-lisboa\/\"]}]},{\"@type\":\"BreadcrumbList\",\"@id\":\"https:\/\/www.travel3.com.br\/site\/sem-categoria\/brasil-protagonizou-a-7a-edicao-do-rock-in-rio-lisboa\/#breadcrumb\",\"itemListElement\":[{\"@type\":\"ListItem\",\"position\":1,\"name\":\"In\u00edcio\",\"item\":\"https:\/\/www.travel3.com.br\/site\/\"},{\"@type\":\"ListItem\",\"position\":2,\"name\":\"BRASIL PROTAGONIZOU A 7\u00aa EDI\u00c7\u00c3O DO ROCK IN RIO LISBOA\"}]},{\"@type\":\"WebSite\",\"@id\":\"https:\/\/www.travel3.com.br\/site\/#website\",\"url\":\"https:\/\/www.travel3.com.br\/site\/\",\"name\":\"Travel3\",\"description\":\"Lazer + Neg&oacute;cios + Aventura\",\"publisher\":{\"@id\":\"https:\/\/www.travel3.com.br\/site\/#organization\"},\"potentialAction\":[{\"@type\":\"SearchAction\",\"target\":{\"@type\":\"EntryPoint\",\"urlTemplate\":\"https:\/\/www.travel3.com.br\/site\/?s={search_term_string}\"},\"query-input\":{\"@type\":\"PropertyValueSpecification\",\"valueRequired\":true,\"valueName\":\"search_term_string\"}}],\"inLanguage\":\"pt-BR\"},{\"@type\":\"Organization\",\"@id\":\"https:\/\/www.travel3.com.br\/site\/#organization\",\"name\":\"Travel3\",\"url\":\"https:\/\/www.travel3.com.br\/site\/\",\"logo\":{\"@type\":\"ImageObject\",\"inLanguage\":\"pt-BR\",\"@id\":\"https:\/\/www.travel3.com.br\/site\/#\/schema\/logo\/image\/\",\"url\":\"https:\/\/www.travel3.com.br\/site\/wp-content\/uploads\/2020\/01\/logo-travel3-2020.png\",\"contentUrl\":\"https:\/\/www.travel3.com.br\/site\/wp-content\/uploads\/2020\/01\/logo-travel3-2020.png\",\"width\":232,\"height\":79,\"caption\":\"Travel3\"},\"image\":{\"@id\":\"https:\/\/www.travel3.com.br\/site\/#\/schema\/logo\/image\/\"},\"sameAs\":[\"https:\/\/www.facebook.com\/travel3media\/\",\"https:\/\/www.instagram.com\/revistatravel3\/\",\"https:\/\/www.youtube.com\/channel\/UCno7J4paGBR3VbZQzvoJ9Eg\"]},{\"@type\":\"Person\",\"@id\":\"https:\/\/www.travel3.com.br\/site\/#\/schema\/person\/a69d71e41a024999b6ab82369ac0bd1e\",\"name\":\"admin\",\"image\":{\"@type\":\"ImageObject\",\"inLanguage\":\"pt-BR\",\"@id\":\"https:\/\/www.travel3.com.br\/site\/#\/schema\/person\/image\/\",\"url\":\"https:\/\/secure.gravatar.com\/avatar\/732a67adfd764da2a47ba10ce731c4c0?s=96&d=mm&r=g\",\"contentUrl\":\"https:\/\/secure.gravatar.com\/avatar\/732a67adfd764da2a47ba10ce731c4c0?s=96&d=mm&r=g\",\"caption\":\"admin\"},\"url\":\"https:\/\/www.travel3.com.br\/site\/author\/admin\/\"}]}<\/script>\n<!-- \/ Yoast SEO plugin. -->","yoast_head_json":{"title":"BRASIL PROTAGONIZOU A 7\u00aa EDI\u00c7\u00c3O DO ROCK IN RIO LISBOA - Travel3","description":"A TRAVEL3 \u00e9 um portal de conte\u00fado voltado para o turismo, encontre destinos, viagens, hospedagem, passagens, guias, not\u00edcias sobre o mercado do turismo, dicas de viagem, v\u00eddeos e podcast.","robots":{"index":"index","follow":"follow","max-snippet":"max-snippet:-1","max-image-preview":"max-image-preview:large","max-video-preview":"max-video-preview:-1"},"canonical":"https:\/\/www.travel3.com.br\/site\/sem-categoria\/brasil-protagonizou-a-7a-edicao-do-rock-in-rio-lisboa\/","og_locale":"pt_BR","og_type":"article","og_title":"BRASIL PROTAGONIZOU A 7\u00aa EDI\u00c7\u00c3O DO ROCK IN RIO LISBOA - Travel3","og_description":"A TRAVEL3 \u00e9 um portal de conte\u00fado voltado para o turismo, encontre destinos, viagens, hospedagem, passagens, guias, not\u00edcias sobre o mercado do turismo, dicas de viagem, v\u00eddeos e podcast.","og_url":"https:\/\/www.travel3.com.br\/site\/sem-categoria\/brasil-protagonizou-a-7a-edicao-do-rock-in-rio-lisboa\/","og_site_name":"Travel3","article_publisher":"https:\/\/www.facebook.com\/travel3media\/","article_published_time":"2017-08-27T02:18:17+00:00","author":"admin","twitter_card":"summary_large_image","twitter_misc":{"Escrito por":"admin","Est. tempo de leitura":"3 minutos"},"schema":{"@context":"https:\/\/schema.org","@graph":[{"@type":"Article","@id":"https:\/\/www.travel3.com.br\/site\/sem-categoria\/brasil-protagonizou-a-7a-edicao-do-rock-in-rio-lisboa\/#article","isPartOf":{"@id":"https:\/\/www.travel3.com.br\/site\/sem-categoria\/brasil-protagonizou-a-7a-edicao-do-rock-in-rio-lisboa\/"},"author":{"name":"admin","@id":"https:\/\/www.travel3.com.br\/site\/#\/schema\/person\/a69d71e41a024999b6ab82369ac0bd1e"},"headline":"BRASIL PROTAGONIZOU A 7\u00aa EDI\u00c7\u00c3O DO ROCK IN RIO LISBOA","datePublished":"2017-08-27T02:18:17+00:00","mainEntityOfPage":{"@id":"https:\/\/www.travel3.com.br\/site\/sem-categoria\/brasil-protagonizou-a-7a-edicao-do-rock-in-rio-lisboa\/"},"wordCount":580,"commentCount":0,"publisher":{"@id":"https:\/\/www.travel3.com.br\/site\/#organization"},"inLanguage":"pt-BR","potentialAction":[{"@type":"CommentAction","name":"Comment","target":["https:\/\/www.travel3.com.br\/site\/sem-categoria\/brasil-protagonizou-a-7a-edicao-do-rock-in-rio-lisboa\/#respond"]}]},{"@type":"WebPage","@id":"https:\/\/www.travel3.com.br\/site\/sem-categoria\/brasil-protagonizou-a-7a-edicao-do-rock-in-rio-lisboa\/","url":"https:\/\/www.travel3.com.br\/site\/sem-categoria\/brasil-protagonizou-a-7a-edicao-do-rock-in-rio-lisboa\/","name":"BRASIL PROTAGONIZOU A 7\u00aa EDI\u00c7\u00c3O DO ROCK IN RIO LISBOA - Travel3","isPartOf":{"@id":"https:\/\/www.travel3.com.br\/site\/#website"},"datePublished":"2017-08-27T02:18:17+00:00","description":"A TRAVEL3 \u00e9 um portal de conte\u00fado voltado para o turismo, encontre destinos, viagens, hospedagem, passagens, guias, not\u00edcias sobre o mercado do turismo, dicas de viagem, v\u00eddeos e podcast.","breadcrumb":{"@id":"https:\/\/www.travel3.com.br\/site\/sem-categoria\/brasil-protagonizou-a-7a-edicao-do-rock-in-rio-lisboa\/#breadcrumb"},"inLanguage":"pt-BR","potentialAction":[{"@type":"ReadAction","target":["https:\/\/www.travel3.com.br\/site\/sem-categoria\/brasil-protagonizou-a-7a-edicao-do-rock-in-rio-lisboa\/"]}]},{"@type":"BreadcrumbList","@id":"https:\/\/www.travel3.com.br\/site\/sem-categoria\/brasil-protagonizou-a-7a-edicao-do-rock-in-rio-lisboa\/#breadcrumb","itemListElement":[{"@type":"ListItem","position":1,"name":"In\u00edcio","item":"https:\/\/www.travel3.com.br\/site\/"},{"@type":"ListItem","position":2,"name":"BRASIL PROTAGONIZOU A 7\u00aa EDI\u00c7\u00c3O DO ROCK IN RIO LISBOA"}]},{"@type":"WebSite","@id":"https:\/\/www.travel3.com.br\/site\/#website","url":"https:\/\/www.travel3.com.br\/site\/","name":"Travel3","description":"Lazer + Neg&oacute;cios + Aventura","publisher":{"@id":"https:\/\/www.travel3.com.br\/site\/#organization"},"potentialAction":[{"@type":"SearchAction","target":{"@type":"EntryPoint","urlTemplate":"https:\/\/www.travel3.com.br\/site\/?s={search_term_string}"},"query-input":{"@type":"PropertyValueSpecification","valueRequired":true,"valueName":"search_term_string"}}],"inLanguage":"pt-BR"},{"@type":"Organization","@id":"https:\/\/www.travel3.com.br\/site\/#organization","name":"Travel3","url":"https:\/\/www.travel3.com.br\/site\/","logo":{"@type":"ImageObject","inLanguage":"pt-BR","@id":"https:\/\/www.travel3.com.br\/site\/#\/schema\/logo\/image\/","url":"https:\/\/www.travel3.com.br\/site\/wp-content\/uploads\/2020\/01\/logo-travel3-2020.png","contentUrl":"https:\/\/www.travel3.com.br\/site\/wp-content\/uploads\/2020\/01\/logo-travel3-2020.png","width":232,"height":79,"caption":"Travel3"},"image":{"@id":"https:\/\/www.travel3.com.br\/site\/#\/schema\/logo\/image\/"},"sameAs":["https:\/\/www.facebook.com\/travel3media\/","https:\/\/www.instagram.com\/revistatravel3\/","https:\/\/www.youtube.com\/channel\/UCno7J4paGBR3VbZQzvoJ9Eg"]},{"@type":"Person","@id":"https:\/\/www.travel3.com.br\/site\/#\/schema\/person\/a69d71e41a024999b6ab82369ac0bd1e","name":"admin","image":{"@type":"ImageObject","inLanguage":"pt-BR","@id":"https:\/\/www.travel3.com.br\/site\/#\/schema\/person\/image\/","url":"https:\/\/secure.gravatar.com\/avatar\/732a67adfd764da2a47ba10ce731c4c0?s=96&d=mm&r=g","contentUrl":"https:\/\/secure.gravatar.com\/avatar\/732a67adfd764da2a47ba10ce731c4c0?s=96&d=mm&r=g","caption":"admin"},"url":"https:\/\/www.travel3.com.br\/site\/author\/admin\/"}]}},"_links":{"self":[{"href":"https:\/\/www.travel3.com.br\/site\/wp-json\/wp\/v2\/posts\/5337","targetHints":{"allow":["GET"]}}],"collection":[{"href":"https:\/\/www.travel3.com.br\/site\/wp-json\/wp\/v2\/posts"}],"about":[{"href":"https:\/\/www.travel3.com.br\/site\/wp-json\/wp\/v2\/types\/post"}],"author":[{"embeddable":true,"href":"https:\/\/www.travel3.com.br\/site\/wp-json\/wp\/v2\/users\/1"}],"replies":[{"embeddable":true,"href":"https:\/\/www.travel3.com.br\/site\/wp-json\/wp\/v2\/comments?post=5337"}],"version-history":[{"count":0,"href":"https:\/\/www.travel3.com.br\/site\/wp-json\/wp\/v2\/posts\/5337\/revisions"}],"wp:attachment":[{"href":"https:\/\/www.travel3.com.br\/site\/wp-json\/wp\/v2\/media?parent=5337"}],"wp:term":[{"taxonomy":"category","embeddable":true,"href":"https:\/\/www.travel3.com.br\/site\/wp-json\/wp\/v2\/categories?post=5337"},{"taxonomy":"post_tag","embeddable":true,"href":"https:\/\/www.travel3.com.br\/site\/wp-json\/wp\/v2\/tags?post=5337"}],"curies":[{"name":"wp","href":"https:\/\/api.w.org\/{rel}","templated":true}]}}