{"id":52865,"date":"2022-10-11T10:04:59","date_gmt":"2022-10-11T13:04:59","guid":{"rendered":"https:\/\/www.travel3.com.br\/?p=52865"},"modified":"2022-10-11T10:05:02","modified_gmt":"2022-10-11T13:05:02","slug":"experanto-oficializa-fernanda-maldonado-como-nova-socia","status":"publish","type":"post","link":"https:\/\/www.travel3.com.br\/site\/acontece-no-turismo\/experanto-oficializa-fernanda-maldonado-como-nova-socia\/","title":{"rendered":"Experanto oficializa Fernanda Maldonado como nova s\u00f3cia"},"content":{"rendered":"\n<h2 class=\"wp-block-heading\">Empresa apresenta novidades e anuncia 2 novas representa\u00e7\u00f5es<\/h2>\n\n\n\n<p>A <strong><a href=\"https:\/\/experanto.la\/\" target=\"_blank\" rel=\"noreferrer noopener\">Experanto Latin America<\/a><\/strong>, empresa de representa\u00e7\u00e3o fundada por Jean-Bruno Gillot em 2018, apresenta oficialmente sua nova s\u00f3cia: Fernanda Maldonado, executiva que <strong><a href=\"https:\/\/www.travel3.com.br\/acontece-no-turismo\/turismo-da-suica-promove-evento-em-belo-horizonte\/\" target=\"_blank\" rel=\"noreferrer noopener\">deixou o Turismo da Su\u00ed\u00e7a <\/a><\/strong>neste \u00faltimo dia 30 de Setembro.<\/p>\n\n\n\n<p>&#8220;<strong><em>\u00c9 uma honra minha, poder juntar for\u00e7as com uma das profissionais mais respeitadas do turismo de luxo no Brasil. Eu conhe\u00e7o a Fernanda h\u00e1 alguns anos j\u00e1 e sempre admirei sua forma de combinar profissionalismo e boa energia constante!<\/em><\/strong>&#8221; diz Jean-Bruno.<\/p>\n\n\n\n<div class=\"wp-block-image\"><figure class=\"aligncenter size-large\"><img loading=\"lazy\" decoding=\"async\" width=\"1024\" height=\"576\" src=\"https:\/\/www.travel3.com.br\/site\/wp-content\/uploads\/2022\/10\/Victoria-Jungfrau-Hotel-Spa-Interlaken_Easy-Resize.com_-1024x576.jpg\" alt=\"Victoria-Jungfrau Hotel &amp; Spa\" class=\"wp-image-52869\" srcset=\"https:\/\/www.travel3.com.br\/site\/wp-content\/uploads\/2022\/10\/Victoria-Jungfrau-Hotel-Spa-Interlaken_Easy-Resize.com_-1024x576.jpg 1024w, https:\/\/www.travel3.com.br\/site\/wp-content\/uploads\/2022\/10\/Victoria-Jungfrau-Hotel-Spa-Interlaken_Easy-Resize.com_-300x169.jpg 300w, https:\/\/www.travel3.com.br\/site\/wp-content\/uploads\/2022\/10\/Victoria-Jungfrau-Hotel-Spa-Interlaken_Easy-Resize.com_-768x432.jpg 768w, https:\/\/www.travel3.com.br\/site\/wp-content\/uploads\/2022\/10\/Victoria-Jungfrau-Hotel-Spa-Interlaken_Easy-Resize.com_-150x84.jpg 150w, https:\/\/www.travel3.com.br\/site\/wp-content\/uploads\/2022\/10\/Victoria-Jungfrau-Hotel-Spa-Interlaken_Easy-Resize.com_-750x422.jpg 750w, https:\/\/www.travel3.com.br\/site\/wp-content\/uploads\/2022\/10\/Victoria-Jungfrau-Hotel-Spa-Interlaken_Easy-Resize.com_-1140x641.jpg 1140w, https:\/\/www.travel3.com.br\/site\/wp-content\/uploads\/2022\/10\/Victoria-Jungfrau-Hotel-Spa-Interlaken_Easy-Resize.com_.jpg 1280w\" sizes=\"auto, (max-width: 1024px) 100vw, 1024px\" \/><figcaption>O Victoria-Jungfrau Hotel &amp; Spa &#8211; Interlaken, agora representado pela Experanto (Foto: Divulga\u00e7\u00e3o)<\/figcaption><\/figure><\/div>\n\n\n\n<p>Segundo o fundador e CEO da Experanto, a experi\u00eancia da Fernanda ser\u00e1 de um grande valor para atender cada vez melhor o portfolio da empresa que est\u00e1 crescendo, j\u00e1 apresentando 2 novos produtos na Su\u00ed\u00e7a.<\/p>\n\n\n\n<p>O <strong><a href=\"https:\/\/www.victoria-jungfrau.ch\/\" target=\"_blank\" rel=\"noreferrer noopener\">Victoria-Jungfrau Grand Hotel &amp; Spa<\/a><\/strong> (Interlaken) e o <strong><a href=\"https:\/\/www.stmoritz.com\/en\/\" target=\"_blank\" rel=\"noreferrer noopener\">Turismo de St. Moritz<\/a><\/strong> (\u00f3rg\u00e3o de turismo) ser\u00e3o agora representados pela Experanto e atendidos por Fernanda Maldonado.<\/p>\n\n\n\n<div class=\"wp-block-image\"><figure class=\"aligncenter size-large\"><img loading=\"lazy\" decoding=\"async\" width=\"1024\" height=\"495\" src=\"https:\/\/www.travel3.com.br\/site\/wp-content\/uploads\/2022\/10\/Turismo-de-St.-Moritz_Easy-Resize.com_-1024x495.jpg\" alt=\"Experanto passa a representar oTurismo de St. Moritz\" class=\"wp-image-52868\" srcset=\"https:\/\/www.travel3.com.br\/site\/wp-content\/uploads\/2022\/10\/Turismo-de-St.-Moritz_Easy-Resize.com_-1024x495.jpg 1024w, https:\/\/www.travel3.com.br\/site\/wp-content\/uploads\/2022\/10\/Turismo-de-St.-Moritz_Easy-Resize.com_-300x145.jpg 300w, https:\/\/www.travel3.com.br\/site\/wp-content\/uploads\/2022\/10\/Turismo-de-St.-Moritz_Easy-Resize.com_-768x371.jpg 768w, https:\/\/www.travel3.com.br\/site\/wp-content\/uploads\/2022\/10\/Turismo-de-St.-Moritz_Easy-Resize.com_-150x73.jpg 150w, https:\/\/www.travel3.com.br\/site\/wp-content\/uploads\/2022\/10\/Turismo-de-St.-Moritz_Easy-Resize.com_-750x363.jpg 750w, https:\/\/www.travel3.com.br\/site\/wp-content\/uploads\/2022\/10\/Turismo-de-St.-Moritz_Easy-Resize.com_-1140x551.jpg 1140w, https:\/\/www.travel3.com.br\/site\/wp-content\/uploads\/2022\/10\/Turismo-de-St.-Moritz_Easy-Resize.com_.jpg 1280w\" sizes=\"auto, (max-width: 1024px) 100vw, 1024px\" \/><figcaption>St. Moritz (Foto: Divulga\u00e7\u00e3o)<\/figcaption><\/figure><\/div>\n\n\n\n<p>Para Fernanda, que fechou um ciclo de 7 anos no Turismo da Su\u00ed\u00e7a, essa nova aventura mant\u00e9m uma conex\u00e3o com o trabalho efetuado nesses \u00faltimos anos:<\/p>\n\n\n\n<p>\u201c<em><strong>Fico extremamente feliz de poder seguir minha rela\u00e7\u00e3o com esse pa\u00eds que amo tanto. Minha integra\u00e7\u00e3o \u00e0 Experanto n\u00e3o poderia se iniciar de melhor maneira!<\/strong><\/em>\u201d, ela concluiu.<\/p>\n\n\n\n<p>A empresa deve anunciar mais novidades ainda at\u00e9 o final do ano.<\/p>\n\n\n\n<h3 class=\"wp-block-heading\">Contatos da Experanto:<\/h3>\n\n\n\n<p>Jean-Bruno Gillot \u2013 CEO<br><strong><a href=\"mailto:jb@experanto.la\" target=\"_blank\" rel=\"noreferrer noopener\">jb@experanto.la<\/a><\/strong><\/p>\n\n\n\n<p>Fernanda Maldonado \u2013 Managing Partner<br><strong><a href=\"mailto:fernanda@experanto.la\" target=\"_blank\" rel=\"noreferrer noopener\">fernanda@experanto.la<\/a><\/strong><\/p>\n","protected":false},"excerpt":{"rendered":"<p>Empresa apresenta novidades e anuncia 2 novas representa\u00e7\u00f5es<\/p>\n","protected":false},"author":6,"featured_media":52867,"comment_status":"open","ping_status":"open","sticky":false,"template":"","format":"standard","meta":{"footnotes":""},"categories":[969,3],"tags":[1279,5104,996,3856,3671,5091,5105],"class_list":["post-52865","post","type-post","status-publish","format-standard","has-post-thumbnail","hentry","category-acontece-no-turismo","category-negocios","tag-experanto-latin-america","tag-fernanda-maldonado","tag-jean-bruno-gillot","tag-st-moritz","tag-suica","tag-turismo-da-suica","tag-victoria-jungfrau-hotel-spa"],"yoast_head":"<!-- This site is optimized with the Yoast SEO plugin v26.2 - https:\/\/yoast.com\/wordpress\/plugins\/seo\/ -->\n<title>Experanto oficializa Fernanda Maldonado como nova s\u00f3cia - Travel3<\/title>\n<meta name=\"description\" content=\"Experanto oficializa Fernanda Maldonado como nova s\u00f3cia; Empresa apresenta novidades e anuncia 2 novas representa\u00e7\u00f5es\" \/>\n<meta name=\"robots\" content=\"index, follow, max-snippet:-1, max-image-preview:large, max-video-preview:-1\" \/>\n<link rel=\"canonical\" href=\"https:\/\/www.travel3.com.br\/site\/acontece-no-turismo\/experanto-oficializa-fernanda-maldonado-como-nova-socia\/\" \/>\n<meta property=\"og:locale\" content=\"pt_BR\" \/>\n<meta property=\"og:type\" content=\"article\" \/>\n<meta property=\"og:title\" content=\"Experanto oficializa Fernanda Maldonado como nova s\u00f3cia - Travel3\" \/>\n<meta property=\"og:description\" content=\"Experanto oficializa Fernanda Maldonado como nova s\u00f3cia; Empresa apresenta novidades e anuncia 2 novas representa\u00e7\u00f5es\" \/>\n<meta property=\"og:url\" content=\"https:\/\/www.travel3.com.br\/site\/acontece-no-turismo\/experanto-oficializa-fernanda-maldonado-como-nova-socia\/\" \/>\n<meta property=\"og:site_name\" content=\"Travel3\" \/>\n<meta property=\"article:publisher\" content=\"https:\/\/www.facebook.com\/travel3media\/\" \/>\n<meta property=\"article:published_time\" content=\"2022-10-11T13:04:59+00:00\" \/>\n<meta property=\"article:modified_time\" content=\"2022-10-11T13:05:02+00:00\" \/>\n<meta property=\"og:image\" content=\"https:\/\/www.travel3.com.br\/site\/wp-content\/uploads\/2022\/10\/Jean-Bruno-Gillot-Fernanda-Maldonado_Easy-Resize.com_-e1665492432110.jpg\" \/>\n\t<meta property=\"og:image:width\" content=\"1024\" \/>\n\t<meta property=\"og:image:height\" content=\"796\" \/>\n\t<meta property=\"og:image:type\" content=\"image\/jpeg\" \/>\n<meta name=\"author\" content=\"Reda\u00e7\u00e3o Travel3\" \/>\n<meta name=\"twitter:card\" content=\"summary_large_image\" \/>\n<meta name=\"twitter:label1\" content=\"Escrito por\" \/>\n\t<meta name=\"twitter:data1\" content=\"Reda\u00e7\u00e3o Travel3\" \/>\n\t<meta name=\"twitter:label2\" content=\"Est. tempo de leitura\" \/>\n\t<meta name=\"twitter:data2\" content=\"2 minutos\" \/>\n<script type=\"application\/ld+json\" class=\"yoast-schema-graph\">{\"@context\":\"https:\/\/schema.org\",\"@graph\":[{\"@type\":\"Article\",\"@id\":\"https:\/\/www.travel3.com.br\/site\/acontece-no-turismo\/experanto-oficializa-fernanda-maldonado-como-nova-socia\/#article\",\"isPartOf\":{\"@id\":\"https:\/\/www.travel3.com.br\/site\/acontece-no-turismo\/experanto-oficializa-fernanda-maldonado-como-nova-socia\/\"},\"author\":{\"name\":\"Reda\u00e7\u00e3o Travel3\",\"@id\":\"https:\/\/www.travel3.com.br\/site\/#\/schema\/person\/9cff8daac0a2f1aa0799f827b8aa8308\"},\"headline\":\"Experanto oficializa Fernanda Maldonado como nova s\u00f3cia\",\"datePublished\":\"2022-10-11T13:04:59+00:00\",\"dateModified\":\"2022-10-11T13:05:02+00:00\",\"mainEntityOfPage\":{\"@id\":\"https:\/\/www.travel3.com.br\/site\/acontece-no-turismo\/experanto-oficializa-fernanda-maldonado-como-nova-socia\/\"},\"wordCount\":261,\"commentCount\":0,\"publisher\":{\"@id\":\"https:\/\/www.travel3.com.br\/site\/#organization\"},\"image\":{\"@id\":\"https:\/\/www.travel3.com.br\/site\/acontece-no-turismo\/experanto-oficializa-fernanda-maldonado-como-nova-socia\/#primaryimage\"},\"thumbnailUrl\":\"https:\/\/www.travel3.com.br\/site\/wp-content\/uploads\/2022\/10\/Jean-Bruno-Gillot-Fernanda-Maldonado_Easy-Resize.com_-e1665492432110.jpg\",\"keywords\":[\"Experanto Latin America\",\"Fernanda Maldonado\",\"Jean-Bruno Gillot\",\"St. Moritz\",\"Su\u00ed\u00e7a\",\"Turismo da Su\u00ed\u00e7a\",\"Victoria-Jungfrau Hotel &amp; Spa\"],\"articleSection\":[\"Acontece no Turismo\",\"Neg\u00f3cios\"],\"inLanguage\":\"pt-BR\",\"potentialAction\":[{\"@type\":\"CommentAction\",\"name\":\"Comment\",\"target\":[\"https:\/\/www.travel3.com.br\/site\/acontece-no-turismo\/experanto-oficializa-fernanda-maldonado-como-nova-socia\/#respond\"]}]},{\"@type\":\"WebPage\",\"@id\":\"https:\/\/www.travel3.com.br\/site\/acontece-no-turismo\/experanto-oficializa-fernanda-maldonado-como-nova-socia\/\",\"url\":\"https:\/\/www.travel3.com.br\/site\/acontece-no-turismo\/experanto-oficializa-fernanda-maldonado-como-nova-socia\/\",\"name\":\"Experanto oficializa Fernanda Maldonado como nova s\u00f3cia - Travel3\",\"isPartOf\":{\"@id\":\"https:\/\/www.travel3.com.br\/site\/#website\"},\"primaryImageOfPage\":{\"@id\":\"https:\/\/www.travel3.com.br\/site\/acontece-no-turismo\/experanto-oficializa-fernanda-maldonado-como-nova-socia\/#primaryimage\"},\"image\":{\"@id\":\"https:\/\/www.travel3.com.br\/site\/acontece-no-turismo\/experanto-oficializa-fernanda-maldonado-como-nova-socia\/#primaryimage\"},\"thumbnailUrl\":\"https:\/\/www.travel3.com.br\/site\/wp-content\/uploads\/2022\/10\/Jean-Bruno-Gillot-Fernanda-Maldonado_Easy-Resize.com_-e1665492432110.jpg\",\"datePublished\":\"2022-10-11T13:04:59+00:00\",\"dateModified\":\"2022-10-11T13:05:02+00:00\",\"description\":\"Experanto oficializa Fernanda Maldonado como nova s\u00f3cia; Empresa apresenta novidades e anuncia 2 novas representa\u00e7\u00f5es\",\"breadcrumb\":{\"@id\":\"https:\/\/www.travel3.com.br\/site\/acontece-no-turismo\/experanto-oficializa-fernanda-maldonado-como-nova-socia\/#breadcrumb\"},\"inLanguage\":\"pt-BR\",\"potentialAction\":[{\"@type\":\"ReadAction\",\"target\":[\"https:\/\/www.travel3.com.br\/site\/acontece-no-turismo\/experanto-oficializa-fernanda-maldonado-como-nova-socia\/\"]}]},{\"@type\":\"ImageObject\",\"inLanguage\":\"pt-BR\",\"@id\":\"https:\/\/www.travel3.com.br\/site\/acontece-no-turismo\/experanto-oficializa-fernanda-maldonado-como-nova-socia\/#primaryimage\",\"url\":\"https:\/\/www.travel3.com.br\/site\/wp-content\/uploads\/2022\/10\/Jean-Bruno-Gillot-Fernanda-Maldonado_Easy-Resize.com_-e1665492432110.jpg\",\"contentUrl\":\"https:\/\/www.travel3.com.br\/site\/wp-content\/uploads\/2022\/10\/Jean-Bruno-Gillot-Fernanda-Maldonado_Easy-Resize.com_-e1665492432110.jpg\",\"width\":1024,\"height\":796,\"caption\":\"Jean-Bruno Gillot & Fernanda Maldonado. CEO da Experanto apresenta oficialmente a nova s\u00f3cia da empresa (Foto: Divulga\u00e7\u00e3o)\"},{\"@type\":\"BreadcrumbList\",\"@id\":\"https:\/\/www.travel3.com.br\/site\/acontece-no-turismo\/experanto-oficializa-fernanda-maldonado-como-nova-socia\/#breadcrumb\",\"itemListElement\":[{\"@type\":\"ListItem\",\"position\":1,\"name\":\"In\u00edcio\",\"item\":\"https:\/\/www.travel3.com.br\/site\/\"},{\"@type\":\"ListItem\",\"position\":2,\"name\":\"Experanto oficializa Fernanda Maldonado como nova s\u00f3cia\"}]},{\"@type\":\"WebSite\",\"@id\":\"https:\/\/www.travel3.com.br\/site\/#website\",\"url\":\"https:\/\/www.travel3.com.br\/site\/\",\"name\":\"Travel3\",\"description\":\"Lazer + Neg&oacute;cios + Aventura\",\"publisher\":{\"@id\":\"https:\/\/www.travel3.com.br\/site\/#organization\"},\"potentialAction\":[{\"@type\":\"SearchAction\",\"target\":{\"@type\":\"EntryPoint\",\"urlTemplate\":\"https:\/\/www.travel3.com.br\/site\/?s={search_term_string}\"},\"query-input\":{\"@type\":\"PropertyValueSpecification\",\"valueRequired\":true,\"valueName\":\"search_term_string\"}}],\"inLanguage\":\"pt-BR\"},{\"@type\":\"Organization\",\"@id\":\"https:\/\/www.travel3.com.br\/site\/#organization\",\"name\":\"Travel3\",\"url\":\"https:\/\/www.travel3.com.br\/site\/\",\"logo\":{\"@type\":\"ImageObject\",\"inLanguage\":\"pt-BR\",\"@id\":\"https:\/\/www.travel3.com.br\/site\/#\/schema\/logo\/image\/\",\"url\":\"https:\/\/www.travel3.com.br\/site\/wp-content\/uploads\/2020\/01\/logo-travel3-2020.png\",\"contentUrl\":\"https:\/\/www.travel3.com.br\/site\/wp-content\/uploads\/2020\/01\/logo-travel3-2020.png\",\"width\":232,\"height\":79,\"caption\":\"Travel3\"},\"image\":{\"@id\":\"https:\/\/www.travel3.com.br\/site\/#\/schema\/logo\/image\/\"},\"sameAs\":[\"https:\/\/www.facebook.com\/travel3media\/\",\"https:\/\/www.instagram.com\/revistatravel3\/\",\"https:\/\/www.youtube.com\/channel\/UCno7J4paGBR3VbZQzvoJ9Eg\"]},{\"@type\":\"Person\",\"@id\":\"https:\/\/www.travel3.com.br\/site\/#\/schema\/person\/9cff8daac0a2f1aa0799f827b8aa8308\",\"name\":\"Reda\u00e7\u00e3o Travel3\",\"image\":{\"@type\":\"ImageObject\",\"inLanguage\":\"pt-BR\",\"@id\":\"https:\/\/www.travel3.com.br\/site\/#\/schema\/person\/image\/\",\"url\":\"https:\/\/secure.gravatar.com\/avatar\/6e6125525e1f04b7b8c607d71556e490?s=96&d=mm&r=g\",\"contentUrl\":\"https:\/\/secure.gravatar.com\/avatar\/6e6125525e1f04b7b8c607d71556e490?s=96&d=mm&r=g\",\"caption\":\"Reda\u00e7\u00e3o Travel3\"},\"sameAs\":[\"http:\/\/www.travel3.com.br\"],\"url\":\"https:\/\/www.travel3.com.br\/site\/author\/redacao2\/\"}]}<\/script>\n<!-- \/ Yoast SEO plugin. -->","yoast_head_json":{"title":"Experanto oficializa Fernanda Maldonado como nova s\u00f3cia - Travel3","description":"Experanto oficializa Fernanda Maldonado como nova s\u00f3cia; Empresa apresenta novidades e anuncia 2 novas representa\u00e7\u00f5es","robots":{"index":"index","follow":"follow","max-snippet":"max-snippet:-1","max-image-preview":"max-image-preview:large","max-video-preview":"max-video-preview:-1"},"canonical":"https:\/\/www.travel3.com.br\/site\/acontece-no-turismo\/experanto-oficializa-fernanda-maldonado-como-nova-socia\/","og_locale":"pt_BR","og_type":"article","og_title":"Experanto oficializa Fernanda Maldonado como nova s\u00f3cia - Travel3","og_description":"Experanto oficializa Fernanda Maldonado como nova s\u00f3cia; Empresa apresenta novidades e anuncia 2 novas representa\u00e7\u00f5es","og_url":"https:\/\/www.travel3.com.br\/site\/acontece-no-turismo\/experanto-oficializa-fernanda-maldonado-como-nova-socia\/","og_site_name":"Travel3","article_publisher":"https:\/\/www.facebook.com\/travel3media\/","article_published_time":"2022-10-11T13:04:59+00:00","article_modified_time":"2022-10-11T13:05:02+00:00","og_image":[{"width":1024,"height":796,"url":"https:\/\/www.travel3.com.br\/site\/wp-content\/uploads\/2022\/10\/Jean-Bruno-Gillot-Fernanda-Maldonado_Easy-Resize.com_-e1665492432110.jpg","type":"image\/jpeg"}],"author":"Reda\u00e7\u00e3o Travel3","twitter_card":"summary_large_image","twitter_misc":{"Escrito por":"Reda\u00e7\u00e3o Travel3","Est. tempo de leitura":"2 minutos"},"schema":{"@context":"https:\/\/schema.org","@graph":[{"@type":"Article","@id":"https:\/\/www.travel3.com.br\/site\/acontece-no-turismo\/experanto-oficializa-fernanda-maldonado-como-nova-socia\/#article","isPartOf":{"@id":"https:\/\/www.travel3.com.br\/site\/acontece-no-turismo\/experanto-oficializa-fernanda-maldonado-como-nova-socia\/"},"author":{"name":"Reda\u00e7\u00e3o Travel3","@id":"https:\/\/www.travel3.com.br\/site\/#\/schema\/person\/9cff8daac0a2f1aa0799f827b8aa8308"},"headline":"Experanto oficializa Fernanda Maldonado como nova s\u00f3cia","datePublished":"2022-10-11T13:04:59+00:00","dateModified":"2022-10-11T13:05:02+00:00","mainEntityOfPage":{"@id":"https:\/\/www.travel3.com.br\/site\/acontece-no-turismo\/experanto-oficializa-fernanda-maldonado-como-nova-socia\/"},"wordCount":261,"commentCount":0,"publisher":{"@id":"https:\/\/www.travel3.com.br\/site\/#organization"},"image":{"@id":"https:\/\/www.travel3.com.br\/site\/acontece-no-turismo\/experanto-oficializa-fernanda-maldonado-como-nova-socia\/#primaryimage"},"thumbnailUrl":"https:\/\/www.travel3.com.br\/site\/wp-content\/uploads\/2022\/10\/Jean-Bruno-Gillot-Fernanda-Maldonado_Easy-Resize.com_-e1665492432110.jpg","keywords":["Experanto Latin America","Fernanda Maldonado","Jean-Bruno Gillot","St. Moritz","Su\u00ed\u00e7a","Turismo da Su\u00ed\u00e7a","Victoria-Jungfrau Hotel &amp; Spa"],"articleSection":["Acontece no Turismo","Neg\u00f3cios"],"inLanguage":"pt-BR","potentialAction":[{"@type":"CommentAction","name":"Comment","target":["https:\/\/www.travel3.com.br\/site\/acontece-no-turismo\/experanto-oficializa-fernanda-maldonado-como-nova-socia\/#respond"]}]},{"@type":"WebPage","@id":"https:\/\/www.travel3.com.br\/site\/acontece-no-turismo\/experanto-oficializa-fernanda-maldonado-como-nova-socia\/","url":"https:\/\/www.travel3.com.br\/site\/acontece-no-turismo\/experanto-oficializa-fernanda-maldonado-como-nova-socia\/","name":"Experanto oficializa Fernanda Maldonado como nova s\u00f3cia - Travel3","isPartOf":{"@id":"https:\/\/www.travel3.com.br\/site\/#website"},"primaryImageOfPage":{"@id":"https:\/\/www.travel3.com.br\/site\/acontece-no-turismo\/experanto-oficializa-fernanda-maldonado-como-nova-socia\/#primaryimage"},"image":{"@id":"https:\/\/www.travel3.com.br\/site\/acontece-no-turismo\/experanto-oficializa-fernanda-maldonado-como-nova-socia\/#primaryimage"},"thumbnailUrl":"https:\/\/www.travel3.com.br\/site\/wp-content\/uploads\/2022\/10\/Jean-Bruno-Gillot-Fernanda-Maldonado_Easy-Resize.com_-e1665492432110.jpg","datePublished":"2022-10-11T13:04:59+00:00","dateModified":"2022-10-11T13:05:02+00:00","description":"Experanto oficializa Fernanda Maldonado como nova s\u00f3cia; Empresa apresenta novidades e anuncia 2 novas representa\u00e7\u00f5es","breadcrumb":{"@id":"https:\/\/www.travel3.com.br\/site\/acontece-no-turismo\/experanto-oficializa-fernanda-maldonado-como-nova-socia\/#breadcrumb"},"inLanguage":"pt-BR","potentialAction":[{"@type":"ReadAction","target":["https:\/\/www.travel3.com.br\/site\/acontece-no-turismo\/experanto-oficializa-fernanda-maldonado-como-nova-socia\/"]}]},{"@type":"ImageObject","inLanguage":"pt-BR","@id":"https:\/\/www.travel3.com.br\/site\/acontece-no-turismo\/experanto-oficializa-fernanda-maldonado-como-nova-socia\/#primaryimage","url":"https:\/\/www.travel3.com.br\/site\/wp-content\/uploads\/2022\/10\/Jean-Bruno-Gillot-Fernanda-Maldonado_Easy-Resize.com_-e1665492432110.jpg","contentUrl":"https:\/\/www.travel3.com.br\/site\/wp-content\/uploads\/2022\/10\/Jean-Bruno-Gillot-Fernanda-Maldonado_Easy-Resize.com_-e1665492432110.jpg","width":1024,"height":796,"caption":"Jean-Bruno Gillot & Fernanda Maldonado. CEO da Experanto apresenta oficialmente a nova s\u00f3cia da empresa (Foto: Divulga\u00e7\u00e3o)"},{"@type":"BreadcrumbList","@id":"https:\/\/www.travel3.com.br\/site\/acontece-no-turismo\/experanto-oficializa-fernanda-maldonado-como-nova-socia\/#breadcrumb","itemListElement":[{"@type":"ListItem","position":1,"name":"In\u00edcio","item":"https:\/\/www.travel3.com.br\/site\/"},{"@type":"ListItem","position":2,"name":"Experanto oficializa Fernanda Maldonado como nova s\u00f3cia"}]},{"@type":"WebSite","@id":"https:\/\/www.travel3.com.br\/site\/#website","url":"https:\/\/www.travel3.com.br\/site\/","name":"Travel3","description":"Lazer + Neg&oacute;cios + Aventura","publisher":{"@id":"https:\/\/www.travel3.com.br\/site\/#organization"},"potentialAction":[{"@type":"SearchAction","target":{"@type":"EntryPoint","urlTemplate":"https:\/\/www.travel3.com.br\/site\/?s={search_term_string}"},"query-input":{"@type":"PropertyValueSpecification","valueRequired":true,"valueName":"search_term_string"}}],"inLanguage":"pt-BR"},{"@type":"Organization","@id":"https:\/\/www.travel3.com.br\/site\/#organization","name":"Travel3","url":"https:\/\/www.travel3.com.br\/site\/","logo":{"@type":"ImageObject","inLanguage":"pt-BR","@id":"https:\/\/www.travel3.com.br\/site\/#\/schema\/logo\/image\/","url":"https:\/\/www.travel3.com.br\/site\/wp-content\/uploads\/2020\/01\/logo-travel3-2020.png","contentUrl":"https:\/\/www.travel3.com.br\/site\/wp-content\/uploads\/2020\/01\/logo-travel3-2020.png","width":232,"height":79,"caption":"Travel3"},"image":{"@id":"https:\/\/www.travel3.com.br\/site\/#\/schema\/logo\/image\/"},"sameAs":["https:\/\/www.facebook.com\/travel3media\/","https:\/\/www.instagram.com\/revistatravel3\/","https:\/\/www.youtube.com\/channel\/UCno7J4paGBR3VbZQzvoJ9Eg"]},{"@type":"Person","@id":"https:\/\/www.travel3.com.br\/site\/#\/schema\/person\/9cff8daac0a2f1aa0799f827b8aa8308","name":"Reda\u00e7\u00e3o Travel3","image":{"@type":"ImageObject","inLanguage":"pt-BR","@id":"https:\/\/www.travel3.com.br\/site\/#\/schema\/person\/image\/","url":"https:\/\/secure.gravatar.com\/avatar\/6e6125525e1f04b7b8c607d71556e490?s=96&d=mm&r=g","contentUrl":"https:\/\/secure.gravatar.com\/avatar\/6e6125525e1f04b7b8c607d71556e490?s=96&d=mm&r=g","caption":"Reda\u00e7\u00e3o Travel3"},"sameAs":["http:\/\/www.travel3.com.br"],"url":"https:\/\/www.travel3.com.br\/site\/author\/redacao2\/"}]}},"_links":{"self":[{"href":"https:\/\/www.travel3.com.br\/site\/wp-json\/wp\/v2\/posts\/52865","targetHints":{"allow":["GET"]}}],"collection":[{"href":"https:\/\/www.travel3.com.br\/site\/wp-json\/wp\/v2\/posts"}],"about":[{"href":"https:\/\/www.travel3.com.br\/site\/wp-json\/wp\/v2\/types\/post"}],"author":[{"embeddable":true,"href":"https:\/\/www.travel3.com.br\/site\/wp-json\/wp\/v2\/users\/6"}],"replies":[{"embeddable":true,"href":"https:\/\/www.travel3.com.br\/site\/wp-json\/wp\/v2\/comments?post=52865"}],"version-history":[{"count":10,"href":"https:\/\/www.travel3.com.br\/site\/wp-json\/wp\/v2\/posts\/52865\/revisions"}],"predecessor-version":[{"id":52878,"href":"https:\/\/www.travel3.com.br\/site\/wp-json\/wp\/v2\/posts\/52865\/revisions\/52878"}],"wp:featuredmedia":[{"embeddable":true,"href":"https:\/\/www.travel3.com.br\/site\/wp-json\/wp\/v2\/media\/52867"}],"wp:attachment":[{"href":"https:\/\/www.travel3.com.br\/site\/wp-json\/wp\/v2\/media?parent=52865"}],"wp:term":[{"taxonomy":"category","embeddable":true,"href":"https:\/\/www.travel3.com.br\/site\/wp-json\/wp\/v2\/categories?post=52865"},{"taxonomy":"post_tag","embeddable":true,"href":"https:\/\/www.travel3.com.br\/site\/wp-json\/wp\/v2\/tags?post=52865"}],"curies":[{"name":"wp","href":"https:\/\/api.w.org\/{rel}","templated":true}]}}