{"id":5280,"date":"2017-08-29T16:08:13","date_gmt":"2017-08-29T16:08:13","guid":{"rendered":"http:\/\/www.travel3.com.br\/site\/ir-e-vir\/ar\/museu-do-samba-tem-programacao-especial-nas-olimpiadas\/"},"modified":"2017-08-29T16:08:13","modified_gmt":"2017-08-29T16:08:13","slug":"museu-do-samba-tem-programacao-especial-nas-olimpiadas","status":"publish","type":"post","link":"https:\/\/www.travel3.com.br\/site\/sem-categoria\/museu-do-samba-tem-programacao-especial-nas-olimpiadas\/","title":{"rendered":"MUSEU DO SAMBA TEM PROGRAMA\u00c7\u00c3O ESPECIAL NAS OLIMP\u00cdADAS"},"content":{"rendered":"<p><span style=\"color: #40acad; font-family: -apple-system, system-ui, 'Segoe UI', Roboto, Oxygen-Sans, Ubuntu, Cantarell, 'Helvetica Neue', sans-serif; font-size: 12px; font-weight: bold;\"><\/p>\n<p style=\"text-align:justify\"><a class=\"fancybox-media\" href=\"..\/_uploads\/_noticia\/2016-06\/visita-guiada-a-exposicao-sobre-centenario-do-samba-2-foto-oscar-cunha.jpg\" rel=\"portfolio\"><img decoding=\"async\" alt=\"\" src=\"..\/_uploads\/_noticia\/2016-06\/visita-guiada-a-exposicao-sobre-centenario-do-samba-2-foto-oscar-cunha.jpg\" \/><\/a><\/p>\n<p style=\"text-align:justify\">Cariocas e turistas poder\u00e3o contar com uma verdadeira maratona cultural, na modalidade samba, at\u00e9 os Jogos Ol\u00edmpicos e Paraol\u00edmpicos Rio 2016. Com apoio da Secretaria Municipal de Cultura do Rio, o Museu do Samba, localizado na Mangueira, criou uma agenda ol\u00edmpica com atividades at\u00e9 setembro. Entre as atra\u00e7\u00f5es est\u00e3o rodas de samba de raiz, conta\u00e7\u00e3o de hist\u00f3rias para crian\u00e7as, aulas de dan\u00e7a de sal\u00e3o, oficinas de arte carnavalesca para crian\u00e7as e para estrangeiros, nos idiomas espanhol e ingl\u00eas, al\u00e9m da estreia de uma exposi\u00e7\u00e3o sobre os cem anos do samba. Toda programa\u00e7\u00e3o ser\u00e1 gratuita para quem tiver o Passaporte Cultural Rio. Outras ter\u00e3o pre\u00e7os populares ou tamb\u00e9m ser\u00e3o gratuitas mediante inscri\u00e7\u00f5es pr\u00e9vias.<\/p>\n<p style=\"text-align:justify\">Na sexta-feira, dia 10 de junho, o Museu realiza o Sarau do Samba. Trata-se de roda de samba de raiz comandada pelo grupo Batuque na Cozinha, com repert\u00f3rio \u00e0 base de partido alto, samba de terreiro e samba-enredo. O ingresso custa R$ 10,00 (meia a R$ 5,00) e \u00e9 gratuito para portadores do Passaporte Cultural.\u00a0<br \/>\nNa semana seguinte, haver\u00e1 duas atividades. Dia 15 tem conta\u00e7\u00e3o de hist\u00f3rias e oficina de arte carnavalesca para crian\u00e7as, atividade gratuita dirigida a crian\u00e7as de 7 a 12 anos. A garotada \u00e9 guiada por uma exposi\u00e7\u00e3o sobre a hist\u00f3ria do samba, participa de roda de conversa e, por fim, de uma oficina em que fazem pequenos adere\u00e7os de fantasias com materiais normalmente usados pelas grandes escolas de samba. J\u00e1 no dia 16 tem aula de dan\u00e7a de sal\u00e3o para adultos. Ambas as programa\u00e7\u00f5es s\u00e3o gratuitas, mas, devido ao n\u00famero limitado de vagas, precisam ser reservadas previamente pelo e-mail contato@museudosamba.org.br<\/p>\n<p style=\"text-align:justify\"><a class=\"fancybox-media\" href=\"..\/_uploads\/_noticia\/2016-06\/turista-na-entrada-da-exposicao-sobre-historia-do-samba-museu-do-samba-foto-joao-laet.jpg\" rel=\"portfolio\"><img decoding=\"async\" alt=\"\" src=\"..\/_uploads\/_noticia\/2016-06\/turista-na-entrada-da-exposicao-sobre-historia-do-samba-museu-do-samba-foto-joao-laet.jpg\" \/><\/a><\/p>\n<p style=\"text-align:justify\">No m\u00eas de julho, o Museu do Samba inaugura uma nova exposi\u00e7\u00e3o, desta vez em homenagem ao centen\u00e1rio do samba no Brasil, com data ainda a ser anunciada. A entrada custar\u00e1 R$ 10,00 para estrangeiros e R$ 5,00 para brasileiros, com meia entrada a R$ 2,50 para estudantes e idosos. Apresentando o Passaporte Cultural Rio, a entrada ser\u00e1 gratuita. Para o dia 10 est\u00e1 programado o Batuque do Z\u00e9, roda de samba de raiz com ingresso a R$ 10,00. E, no dia 20 de julho, haver\u00e1 mais uma oficina de conta\u00e7\u00e3o de hist\u00f3rias e arte carnavalesca para crian\u00e7as, igualmente gratuita e com participa\u00e7\u00e3o mediante reserva.<\/p>\n<p style=\"text-align:justify\">Durante os Jogos Ol\u00edmpicos Rio 2016, em agosto, o Museu realiza sua edi\u00e7\u00e3o mensal do Sarau do Samba, no dia 12, e a primeira oficina de arte carnavalesca para estrangeiros. Ministrada em espanhol, a oficina vai ensinar os turistas a fazerem adere\u00e7os de fantasias e inclui tamb\u00e9m uma visita guiada pela exposi\u00e7\u00e3o dos cem anos do samba. O ingresso custar\u00e1 R$ 10,00 e ser\u00e1 gratuito com o Passaporte Cultural. M\u00eas dos Jogos Paral\u00edmpicos, setembro ter\u00e1 duas atra\u00e7\u00f5es: no dia 14, oficina de arte carnavalesca para estrangeiros que falam ingl\u00eas; e, no dia 17, Sarau do Samba e roda de samba Patota de Cosme. O custo para cada atividade \u00e9 R$ 10,00 e gratuito com o Passaporte Cultural Rio.<\/p>\n<p><\/span><\/p>\n","protected":false},"excerpt":{"rendered":"<p>Programa\u00e7\u00e3o faz parte do roteiro oficial apoiado pela Secretaria de Cultura at\u00e9 os Jogos Ol\u00edmpicos e Paraol\u00edmpicos Rio 2016<\/p>\n","protected":false},"author":1,"featured_media":0,"comment_status":"open","ping_status":"open","sticky":false,"template":"","format":"standard","meta":{"footnotes":""},"categories":[],"tags":[],"class_list":["post-5280","post","type-post","status-publish","format-standard","hentry"],"yoast_head":"<!-- This site is optimized with the Yoast SEO plugin v26.2 - https:\/\/yoast.com\/wordpress\/plugins\/seo\/ -->\n<title>MUSEU DO SAMBA TEM PROGRAMA\u00c7\u00c3O ESPECIAL NAS OLIMP\u00cdADAS - Travel3<\/title>\n<meta name=\"description\" content=\"A TRAVEL3 \u00e9 um portal de conte\u00fado voltado para o turismo, encontre destinos, viagens, hospedagem, passagens, guias, not\u00edcias sobre o mercado do turismo, dicas de viagem, v\u00eddeos e podcast.\" \/>\n<meta name=\"robots\" content=\"index, follow, max-snippet:-1, max-image-preview:large, max-video-preview:-1\" \/>\n<link rel=\"canonical\" href=\"https:\/\/www.travel3.com.br\/site\/sem-categoria\/museu-do-samba-tem-programacao-especial-nas-olimpiadas\/\" \/>\n<meta property=\"og:locale\" content=\"pt_BR\" \/>\n<meta property=\"og:type\" content=\"article\" \/>\n<meta property=\"og:title\" content=\"MUSEU DO SAMBA TEM PROGRAMA\u00c7\u00c3O ESPECIAL NAS OLIMP\u00cdADAS - Travel3\" \/>\n<meta property=\"og:description\" content=\"A TRAVEL3 \u00e9 um portal de conte\u00fado voltado para o turismo, encontre destinos, viagens, hospedagem, passagens, guias, not\u00edcias sobre o mercado do turismo, dicas de viagem, v\u00eddeos e podcast.\" \/>\n<meta property=\"og:url\" content=\"https:\/\/www.travel3.com.br\/site\/sem-categoria\/museu-do-samba-tem-programacao-especial-nas-olimpiadas\/\" \/>\n<meta property=\"og:site_name\" content=\"Travel3\" \/>\n<meta property=\"article:publisher\" content=\"https:\/\/www.facebook.com\/travel3media\/\" \/>\n<meta property=\"article:published_time\" content=\"2017-08-29T16:08:13+00:00\" \/>\n<meta name=\"author\" content=\"admin\" \/>\n<meta name=\"twitter:card\" content=\"summary_large_image\" \/>\n<meta name=\"twitter:label1\" content=\"Escrito por\" \/>\n\t<meta name=\"twitter:data1\" content=\"admin\" \/>\n\t<meta name=\"twitter:label2\" content=\"Est. tempo de leitura\" \/>\n\t<meta name=\"twitter:data2\" content=\"3 minutos\" \/>\n<script type=\"application\/ld+json\" class=\"yoast-schema-graph\">{\"@context\":\"https:\/\/schema.org\",\"@graph\":[{\"@type\":\"Article\",\"@id\":\"https:\/\/www.travel3.com.br\/site\/sem-categoria\/museu-do-samba-tem-programacao-especial-nas-olimpiadas\/#article\",\"isPartOf\":{\"@id\":\"https:\/\/www.travel3.com.br\/site\/sem-categoria\/museu-do-samba-tem-programacao-especial-nas-olimpiadas\/\"},\"author\":{\"name\":\"admin\",\"@id\":\"https:\/\/www.travel3.com.br\/site\/#\/schema\/person\/a69d71e41a024999b6ab82369ac0bd1e\"},\"headline\":\"MUSEU DO SAMBA TEM PROGRAMA\u00c7\u00c3O ESPECIAL NAS OLIMP\u00cdADAS\",\"datePublished\":\"2017-08-29T16:08:13+00:00\",\"mainEntityOfPage\":{\"@id\":\"https:\/\/www.travel3.com.br\/site\/sem-categoria\/museu-do-samba-tem-programacao-especial-nas-olimpiadas\/\"},\"wordCount\":529,\"commentCount\":0,\"publisher\":{\"@id\":\"https:\/\/www.travel3.com.br\/site\/#organization\"},\"inLanguage\":\"pt-BR\",\"potentialAction\":[{\"@type\":\"CommentAction\",\"name\":\"Comment\",\"target\":[\"https:\/\/www.travel3.com.br\/site\/sem-categoria\/museu-do-samba-tem-programacao-especial-nas-olimpiadas\/#respond\"]}]},{\"@type\":\"WebPage\",\"@id\":\"https:\/\/www.travel3.com.br\/site\/sem-categoria\/museu-do-samba-tem-programacao-especial-nas-olimpiadas\/\",\"url\":\"https:\/\/www.travel3.com.br\/site\/sem-categoria\/museu-do-samba-tem-programacao-especial-nas-olimpiadas\/\",\"name\":\"MUSEU DO SAMBA TEM PROGRAMA\u00c7\u00c3O ESPECIAL NAS OLIMP\u00cdADAS - Travel3\",\"isPartOf\":{\"@id\":\"https:\/\/www.travel3.com.br\/site\/#website\"},\"datePublished\":\"2017-08-29T16:08:13+00:00\",\"description\":\"A TRAVEL3 \u00e9 um portal de conte\u00fado voltado para o turismo, encontre destinos, viagens, hospedagem, passagens, guias, not\u00edcias sobre o mercado do turismo, dicas de viagem, v\u00eddeos e podcast.\",\"breadcrumb\":{\"@id\":\"https:\/\/www.travel3.com.br\/site\/sem-categoria\/museu-do-samba-tem-programacao-especial-nas-olimpiadas\/#breadcrumb\"},\"inLanguage\":\"pt-BR\",\"potentialAction\":[{\"@type\":\"ReadAction\",\"target\":[\"https:\/\/www.travel3.com.br\/site\/sem-categoria\/museu-do-samba-tem-programacao-especial-nas-olimpiadas\/\"]}]},{\"@type\":\"BreadcrumbList\",\"@id\":\"https:\/\/www.travel3.com.br\/site\/sem-categoria\/museu-do-samba-tem-programacao-especial-nas-olimpiadas\/#breadcrumb\",\"itemListElement\":[{\"@type\":\"ListItem\",\"position\":1,\"name\":\"In\u00edcio\",\"item\":\"https:\/\/www.travel3.com.br\/site\/\"},{\"@type\":\"ListItem\",\"position\":2,\"name\":\"MUSEU DO SAMBA TEM PROGRAMA\u00c7\u00c3O ESPECIAL NAS OLIMP\u00cdADAS\"}]},{\"@type\":\"WebSite\",\"@id\":\"https:\/\/www.travel3.com.br\/site\/#website\",\"url\":\"https:\/\/www.travel3.com.br\/site\/\",\"name\":\"Travel3\",\"description\":\"Lazer + Neg&oacute;cios + Aventura\",\"publisher\":{\"@id\":\"https:\/\/www.travel3.com.br\/site\/#organization\"},\"potentialAction\":[{\"@type\":\"SearchAction\",\"target\":{\"@type\":\"EntryPoint\",\"urlTemplate\":\"https:\/\/www.travel3.com.br\/site\/?s={search_term_string}\"},\"query-input\":{\"@type\":\"PropertyValueSpecification\",\"valueRequired\":true,\"valueName\":\"search_term_string\"}}],\"inLanguage\":\"pt-BR\"},{\"@type\":\"Organization\",\"@id\":\"https:\/\/www.travel3.com.br\/site\/#organization\",\"name\":\"Travel3\",\"url\":\"https:\/\/www.travel3.com.br\/site\/\",\"logo\":{\"@type\":\"ImageObject\",\"inLanguage\":\"pt-BR\",\"@id\":\"https:\/\/www.travel3.com.br\/site\/#\/schema\/logo\/image\/\",\"url\":\"https:\/\/www.travel3.com.br\/site\/wp-content\/uploads\/2020\/01\/logo-travel3-2020.png\",\"contentUrl\":\"https:\/\/www.travel3.com.br\/site\/wp-content\/uploads\/2020\/01\/logo-travel3-2020.png\",\"width\":232,\"height\":79,\"caption\":\"Travel3\"},\"image\":{\"@id\":\"https:\/\/www.travel3.com.br\/site\/#\/schema\/logo\/image\/\"},\"sameAs\":[\"https:\/\/www.facebook.com\/travel3media\/\",\"https:\/\/www.instagram.com\/revistatravel3\/\",\"https:\/\/www.youtube.com\/channel\/UCno7J4paGBR3VbZQzvoJ9Eg\"]},{\"@type\":\"Person\",\"@id\":\"https:\/\/www.travel3.com.br\/site\/#\/schema\/person\/a69d71e41a024999b6ab82369ac0bd1e\",\"name\":\"admin\",\"image\":{\"@type\":\"ImageObject\",\"inLanguage\":\"pt-BR\",\"@id\":\"https:\/\/www.travel3.com.br\/site\/#\/schema\/person\/image\/\",\"url\":\"https:\/\/secure.gravatar.com\/avatar\/732a67adfd764da2a47ba10ce731c4c0?s=96&d=mm&r=g\",\"contentUrl\":\"https:\/\/secure.gravatar.com\/avatar\/732a67adfd764da2a47ba10ce731c4c0?s=96&d=mm&r=g\",\"caption\":\"admin\"},\"url\":\"https:\/\/www.travel3.com.br\/site\/author\/admin\/\"}]}<\/script>\n<!-- \/ Yoast SEO plugin. -->","yoast_head_json":{"title":"MUSEU DO SAMBA TEM PROGRAMA\u00c7\u00c3O ESPECIAL NAS OLIMP\u00cdADAS - Travel3","description":"A TRAVEL3 \u00e9 um portal de conte\u00fado voltado para o turismo, encontre destinos, viagens, hospedagem, passagens, guias, not\u00edcias sobre o mercado do turismo, dicas de viagem, v\u00eddeos e podcast.","robots":{"index":"index","follow":"follow","max-snippet":"max-snippet:-1","max-image-preview":"max-image-preview:large","max-video-preview":"max-video-preview:-1"},"canonical":"https:\/\/www.travel3.com.br\/site\/sem-categoria\/museu-do-samba-tem-programacao-especial-nas-olimpiadas\/","og_locale":"pt_BR","og_type":"article","og_title":"MUSEU DO SAMBA TEM PROGRAMA\u00c7\u00c3O ESPECIAL NAS OLIMP\u00cdADAS - Travel3","og_description":"A TRAVEL3 \u00e9 um portal de conte\u00fado voltado para o turismo, encontre destinos, viagens, hospedagem, passagens, guias, not\u00edcias sobre o mercado do turismo, dicas de viagem, v\u00eddeos e podcast.","og_url":"https:\/\/www.travel3.com.br\/site\/sem-categoria\/museu-do-samba-tem-programacao-especial-nas-olimpiadas\/","og_site_name":"Travel3","article_publisher":"https:\/\/www.facebook.com\/travel3media\/","article_published_time":"2017-08-29T16:08:13+00:00","author":"admin","twitter_card":"summary_large_image","twitter_misc":{"Escrito por":"admin","Est. tempo de leitura":"3 minutos"},"schema":{"@context":"https:\/\/schema.org","@graph":[{"@type":"Article","@id":"https:\/\/www.travel3.com.br\/site\/sem-categoria\/museu-do-samba-tem-programacao-especial-nas-olimpiadas\/#article","isPartOf":{"@id":"https:\/\/www.travel3.com.br\/site\/sem-categoria\/museu-do-samba-tem-programacao-especial-nas-olimpiadas\/"},"author":{"name":"admin","@id":"https:\/\/www.travel3.com.br\/site\/#\/schema\/person\/a69d71e41a024999b6ab82369ac0bd1e"},"headline":"MUSEU DO SAMBA TEM PROGRAMA\u00c7\u00c3O ESPECIAL NAS OLIMP\u00cdADAS","datePublished":"2017-08-29T16:08:13+00:00","mainEntityOfPage":{"@id":"https:\/\/www.travel3.com.br\/site\/sem-categoria\/museu-do-samba-tem-programacao-especial-nas-olimpiadas\/"},"wordCount":529,"commentCount":0,"publisher":{"@id":"https:\/\/www.travel3.com.br\/site\/#organization"},"inLanguage":"pt-BR","potentialAction":[{"@type":"CommentAction","name":"Comment","target":["https:\/\/www.travel3.com.br\/site\/sem-categoria\/museu-do-samba-tem-programacao-especial-nas-olimpiadas\/#respond"]}]},{"@type":"WebPage","@id":"https:\/\/www.travel3.com.br\/site\/sem-categoria\/museu-do-samba-tem-programacao-especial-nas-olimpiadas\/","url":"https:\/\/www.travel3.com.br\/site\/sem-categoria\/museu-do-samba-tem-programacao-especial-nas-olimpiadas\/","name":"MUSEU DO SAMBA TEM PROGRAMA\u00c7\u00c3O ESPECIAL NAS OLIMP\u00cdADAS - Travel3","isPartOf":{"@id":"https:\/\/www.travel3.com.br\/site\/#website"},"datePublished":"2017-08-29T16:08:13+00:00","description":"A TRAVEL3 \u00e9 um portal de conte\u00fado voltado para o turismo, encontre destinos, viagens, hospedagem, passagens, guias, not\u00edcias sobre o mercado do turismo, dicas de viagem, v\u00eddeos e podcast.","breadcrumb":{"@id":"https:\/\/www.travel3.com.br\/site\/sem-categoria\/museu-do-samba-tem-programacao-especial-nas-olimpiadas\/#breadcrumb"},"inLanguage":"pt-BR","potentialAction":[{"@type":"ReadAction","target":["https:\/\/www.travel3.com.br\/site\/sem-categoria\/museu-do-samba-tem-programacao-especial-nas-olimpiadas\/"]}]},{"@type":"BreadcrumbList","@id":"https:\/\/www.travel3.com.br\/site\/sem-categoria\/museu-do-samba-tem-programacao-especial-nas-olimpiadas\/#breadcrumb","itemListElement":[{"@type":"ListItem","position":1,"name":"In\u00edcio","item":"https:\/\/www.travel3.com.br\/site\/"},{"@type":"ListItem","position":2,"name":"MUSEU DO SAMBA TEM PROGRAMA\u00c7\u00c3O ESPECIAL NAS OLIMP\u00cdADAS"}]},{"@type":"WebSite","@id":"https:\/\/www.travel3.com.br\/site\/#website","url":"https:\/\/www.travel3.com.br\/site\/","name":"Travel3","description":"Lazer + Neg&oacute;cios + Aventura","publisher":{"@id":"https:\/\/www.travel3.com.br\/site\/#organization"},"potentialAction":[{"@type":"SearchAction","target":{"@type":"EntryPoint","urlTemplate":"https:\/\/www.travel3.com.br\/site\/?s={search_term_string}"},"query-input":{"@type":"PropertyValueSpecification","valueRequired":true,"valueName":"search_term_string"}}],"inLanguage":"pt-BR"},{"@type":"Organization","@id":"https:\/\/www.travel3.com.br\/site\/#organization","name":"Travel3","url":"https:\/\/www.travel3.com.br\/site\/","logo":{"@type":"ImageObject","inLanguage":"pt-BR","@id":"https:\/\/www.travel3.com.br\/site\/#\/schema\/logo\/image\/","url":"https:\/\/www.travel3.com.br\/site\/wp-content\/uploads\/2020\/01\/logo-travel3-2020.png","contentUrl":"https:\/\/www.travel3.com.br\/site\/wp-content\/uploads\/2020\/01\/logo-travel3-2020.png","width":232,"height":79,"caption":"Travel3"},"image":{"@id":"https:\/\/www.travel3.com.br\/site\/#\/schema\/logo\/image\/"},"sameAs":["https:\/\/www.facebook.com\/travel3media\/","https:\/\/www.instagram.com\/revistatravel3\/","https:\/\/www.youtube.com\/channel\/UCno7J4paGBR3VbZQzvoJ9Eg"]},{"@type":"Person","@id":"https:\/\/www.travel3.com.br\/site\/#\/schema\/person\/a69d71e41a024999b6ab82369ac0bd1e","name":"admin","image":{"@type":"ImageObject","inLanguage":"pt-BR","@id":"https:\/\/www.travel3.com.br\/site\/#\/schema\/person\/image\/","url":"https:\/\/secure.gravatar.com\/avatar\/732a67adfd764da2a47ba10ce731c4c0?s=96&d=mm&r=g","contentUrl":"https:\/\/secure.gravatar.com\/avatar\/732a67adfd764da2a47ba10ce731c4c0?s=96&d=mm&r=g","caption":"admin"},"url":"https:\/\/www.travel3.com.br\/site\/author\/admin\/"}]}},"_links":{"self":[{"href":"https:\/\/www.travel3.com.br\/site\/wp-json\/wp\/v2\/posts\/5280","targetHints":{"allow":["GET"]}}],"collection":[{"href":"https:\/\/www.travel3.com.br\/site\/wp-json\/wp\/v2\/posts"}],"about":[{"href":"https:\/\/www.travel3.com.br\/site\/wp-json\/wp\/v2\/types\/post"}],"author":[{"embeddable":true,"href":"https:\/\/www.travel3.com.br\/site\/wp-json\/wp\/v2\/users\/1"}],"replies":[{"embeddable":true,"href":"https:\/\/www.travel3.com.br\/site\/wp-json\/wp\/v2\/comments?post=5280"}],"version-history":[{"count":0,"href":"https:\/\/www.travel3.com.br\/site\/wp-json\/wp\/v2\/posts\/5280\/revisions"}],"wp:attachment":[{"href":"https:\/\/www.travel3.com.br\/site\/wp-json\/wp\/v2\/media?parent=5280"}],"wp:term":[{"taxonomy":"category","embeddable":true,"href":"https:\/\/www.travel3.com.br\/site\/wp-json\/wp\/v2\/categories?post=5280"},{"taxonomy":"post_tag","embeddable":true,"href":"https:\/\/www.travel3.com.br\/site\/wp-json\/wp\/v2\/tags?post=5280"}],"curies":[{"name":"wp","href":"https:\/\/api.w.org\/{rel}","templated":true}]}}