{"id":5276,"date":"2017-06-07T01:53:09","date_gmt":"2017-06-07T04:53:09","guid":{"rendered":"http:\/\/www.travel3.com.br\/site\/ir-e-vir\/ar\/dia-dos-namorados-especial-na-vila-st-gallen\/"},"modified":"2019-06-13T13:29:44","modified_gmt":"2019-06-13T16:29:44","slug":"dia-dos-namorados-especial-na-vila-st-gallen","status":"publish","type":"post","link":"https:\/\/www.travel3.com.br\/site\/sem-categoria\/dia-dos-namorados-especial-na-vila-st-gallen\/","title":{"rendered":"DIA DOS NAMORADOS ESPECIAL NA VILA ST. GALLEN"},"content":{"rendered":"<p><span style=\"color: #40acad; font-family: -apple-system, system-ui, 'Segoe UI', Roboto, Oxygen-Sans, Ubuntu, Cantarell, 'Helvetica Neue', sans-serif; font-size: 12px; font-weight: bold;\"><\/span><\/p>\n<p style=\"text-align: justify;\"><a class=\"fancybox-media\" href=\"..\/_uploads\/_noticia\/2016-06\/284653-608339-vila-st-gallen-01---ceu.jpg\" rel=\"portfolio\"><img decoding=\"async\" alt=\"\" src=\"..\/_uploads\/_noticia\/2016-06\/284653-608339-vila-st-gallen-01---ceu.jpg\"><\/a><\/p>\n<p style=\"text-align: justify;\">Para os casais que v\u00e3o aproveitar o friozinho da serra fluminense no Dia dos Namorados, a Vila St. Gallen, casa da cerveja Therez\u00f3polis, tem hor\u00e1rio especial, com op\u00e7\u00f5es de almo\u00e7o harmonizado com cerveja e foundue \u00e0 luz de vela para o jantar.<\/p>\n<p style=\"text-align: justify;\">O Therez\u00f3polis Brew House, que re\u00fane gastronomia inspirada na Su\u00ed\u00e7a alem\u00e3, oferece op\u00e7\u00f5es de pratos e petiscos para o almo\u00e7o e o jantar, harmonizados com Therez\u00f3polis. O restaurante vai funcionar das 12h \u00e0s 00h. Os casais que preferem um ambiente ao ar livre, poder\u00e3o optar pelo Biergarten, que funciona no mesmo hor\u00e1rio.<\/p>\n<p style=\"text-align: justify;\"><a class=\"fancybox-media\" href=\"..\/_uploads\/_noticia\/2016-06\/284653-608338-2016-01-28-therezopolis---rafael-hansen--26-of-29-.jpg\" rel=\"portfolio\"><img decoding=\"async\" alt=\"\" src=\"..\/_uploads\/_noticia\/2016-06\/284653-608338-2016-01-28-therezopolis---rafael-hansen--26-of-29-.jpg\"><\/a><\/p>\n<p style=\"text-align: justify;\">No local, s\u00e3o produzidos chopes artesanais e exclusivos, criados pelos cervejeiros da casa, com edi\u00e7\u00f5es sazonais e limitadas. Ao todo, s\u00e3o consumidos cerca de dois mil litros de chope a cada esta\u00e7\u00e3o. Cervejas especiais de excelente paladar e aroma, al\u00e9m da tradicional linha Therez\u00f3polis, tamb\u00e9m fazem parte da experi\u00eancia de m\u00faltiplos sabores de quem visita o local.<\/p>\n<p style=\"text-align: justify;\">Para os mais rom\u00e2nticos, que n\u00e3o resistem a um fondue, a Abadia Anno 613 oferece um ambiente \u00e0 luz de velas acompanhado de uma arquitetura germ\u00e2nica. Ao entrar, o visitante encontra o s\u00f3t\u00e3o de uma antiga casa decorada com livros e rel\u00edquias, que remetem \u00e0 Abadia de St.Gallen, nos antigos alpes germ\u00e2nicos, na Su\u00ed\u00e7a. A reprodu\u00e7\u00e3o \u00e9 t\u00e3o fiel que at\u00e9 os gar\u00e7ons recebem o p\u00fablico vestidos de frades para servir fondues e raclettes, harmonizados com as cervejas da casa. O restaurante vai funcionar das 19h30 \u00e0s 22h30, mediante reserva.<\/p>\n<p style=\"text-align: justify;\"><a class=\"fancybox-media\" href=\"..\/_uploads\/_noticia\/2016-06\/284653-608337-2016-01-28-therezopolis---rafael-hansen--23-of-29-.jpg\" rel=\"portfolio\"><img decoding=\"async\" alt=\"\" src=\"..\/_uploads\/_noticia\/2016-06\/284653-608337-2016-01-28-therezopolis---rafael-hansen--23-of-29-.jpg\"><\/a><\/p>\n<p style=\"text-align: justify;\">R\u00e9plica de uma pequena cidade hom\u00f4nima localizada na Su\u00ed\u00e7a alem\u00e3, o espa\u00e7o \u00e9 composto por uma vila com capelinha, rua de com\u00e9rcio, agrad\u00e1veis restaurantes, e por uma bela cervejaria &#8211; cora\u00e7\u00e3o desta vila germ\u00e2nica &#8211; a Cervejaria Sankt Gallen. O centro de experi\u00eancia da cerveja Therez\u00f3polis, inspirado nas tradi\u00e7\u00f5es europeias, recebe mais de dez mil visitantes por m\u00eas.<\/p>\n<p style=\"text-align: justify;\">Reservas e mais informa\u00e7\u00f5es: www.vilastgallen.com.br\/interno\/contato.php&nbsp;<\/p>\n","protected":false},"excerpt":{"rendered":"<p>Villa St. Gallen oferece op\u00e7\u00f5es de almo\u00e7o harmonizado com cerveja e foundue \u00e0 luz de velas para os casais durante o jantar<\/p>\n","protected":false},"author":1,"featured_media":0,"comment_status":"open","ping_status":"open","sticky":false,"template":"","format":"standard","meta":{"footnotes":""},"categories":[1],"tags":[],"class_list":["post-5276","post","type-post","status-publish","format-standard","hentry","category-sem-categoria"],"yoast_head":"<!-- This site is optimized with the Yoast SEO plugin v26.2 - https:\/\/yoast.com\/wordpress\/plugins\/seo\/ -->\n<title>DIA DOS NAMORADOS ESPECIAL NA VILA ST. GALLEN - Travel3<\/title>\n<meta name=\"description\" content=\"A TRAVEL3 \u00e9 um portal de conte\u00fado voltado para o turismo, encontre destinos, viagens, hospedagem, passagens, guias, not\u00edcias sobre o mercado do turismo, dicas de viagem, v\u00eddeos e podcast.\" \/>\n<meta name=\"robots\" content=\"index, follow, max-snippet:-1, max-image-preview:large, max-video-preview:-1\" \/>\n<link rel=\"canonical\" href=\"https:\/\/www.travel3.com.br\/site\/sem-categoria\/dia-dos-namorados-especial-na-vila-st-gallen\/\" \/>\n<meta property=\"og:locale\" content=\"pt_BR\" \/>\n<meta property=\"og:type\" content=\"article\" \/>\n<meta property=\"og:title\" content=\"DIA DOS NAMORADOS ESPECIAL NA VILA ST. GALLEN - Travel3\" \/>\n<meta property=\"og:description\" content=\"A TRAVEL3 \u00e9 um portal de conte\u00fado voltado para o turismo, encontre destinos, viagens, hospedagem, passagens, guias, not\u00edcias sobre o mercado do turismo, dicas de viagem, v\u00eddeos e podcast.\" \/>\n<meta property=\"og:url\" content=\"https:\/\/www.travel3.com.br\/site\/sem-categoria\/dia-dos-namorados-especial-na-vila-st-gallen\/\" \/>\n<meta property=\"og:site_name\" content=\"Travel3\" \/>\n<meta property=\"article:publisher\" content=\"https:\/\/www.facebook.com\/travel3media\/\" \/>\n<meta property=\"article:published_time\" content=\"2017-06-07T04:53:09+00:00\" \/>\n<meta property=\"article:modified_time\" content=\"2019-06-13T16:29:44+00:00\" \/>\n<meta name=\"author\" content=\"admin\" \/>\n<meta name=\"twitter:card\" content=\"summary_large_image\" \/>\n<meta name=\"twitter:label1\" content=\"Escrito por\" \/>\n\t<meta name=\"twitter:data1\" content=\"admin\" \/>\n\t<meta name=\"twitter:label2\" content=\"Est. tempo de leitura\" \/>\n\t<meta name=\"twitter:data2\" content=\"2 minutos\" \/>\n<script type=\"application\/ld+json\" class=\"yoast-schema-graph\">{\"@context\":\"https:\/\/schema.org\",\"@graph\":[{\"@type\":\"Article\",\"@id\":\"https:\/\/www.travel3.com.br\/site\/sem-categoria\/dia-dos-namorados-especial-na-vila-st-gallen\/#article\",\"isPartOf\":{\"@id\":\"https:\/\/www.travel3.com.br\/site\/sem-categoria\/dia-dos-namorados-especial-na-vila-st-gallen\/\"},\"author\":{\"name\":\"admin\",\"@id\":\"https:\/\/www.travel3.com.br\/site\/#\/schema\/person\/a69d71e41a024999b6ab82369ac0bd1e\"},\"headline\":\"DIA DOS NAMORADOS ESPECIAL NA VILA ST. GALLEN\",\"datePublished\":\"2017-06-07T04:53:09+00:00\",\"dateModified\":\"2019-06-13T16:29:44+00:00\",\"mainEntityOfPage\":{\"@id\":\"https:\/\/www.travel3.com.br\/site\/sem-categoria\/dia-dos-namorados-especial-na-vila-st-gallen\/\"},\"wordCount\":361,\"commentCount\":2,\"publisher\":{\"@id\":\"https:\/\/www.travel3.com.br\/site\/#organization\"},\"articleSection\":[\"Sem Categoria\"],\"inLanguage\":\"pt-BR\",\"potentialAction\":[{\"@type\":\"CommentAction\",\"name\":\"Comment\",\"target\":[\"https:\/\/www.travel3.com.br\/site\/sem-categoria\/dia-dos-namorados-especial-na-vila-st-gallen\/#respond\"]}]},{\"@type\":\"WebPage\",\"@id\":\"https:\/\/www.travel3.com.br\/site\/sem-categoria\/dia-dos-namorados-especial-na-vila-st-gallen\/\",\"url\":\"https:\/\/www.travel3.com.br\/site\/sem-categoria\/dia-dos-namorados-especial-na-vila-st-gallen\/\",\"name\":\"DIA DOS NAMORADOS ESPECIAL NA VILA ST. GALLEN - Travel3\",\"isPartOf\":{\"@id\":\"https:\/\/www.travel3.com.br\/site\/#website\"},\"datePublished\":\"2017-06-07T04:53:09+00:00\",\"dateModified\":\"2019-06-13T16:29:44+00:00\",\"description\":\"A TRAVEL3 \u00e9 um portal de conte\u00fado voltado para o turismo, encontre destinos, viagens, hospedagem, passagens, guias, not\u00edcias sobre o mercado do turismo, dicas de viagem, v\u00eddeos e podcast.\",\"breadcrumb\":{\"@id\":\"https:\/\/www.travel3.com.br\/site\/sem-categoria\/dia-dos-namorados-especial-na-vila-st-gallen\/#breadcrumb\"},\"inLanguage\":\"pt-BR\",\"potentialAction\":[{\"@type\":\"ReadAction\",\"target\":[\"https:\/\/www.travel3.com.br\/site\/sem-categoria\/dia-dos-namorados-especial-na-vila-st-gallen\/\"]}]},{\"@type\":\"BreadcrumbList\",\"@id\":\"https:\/\/www.travel3.com.br\/site\/sem-categoria\/dia-dos-namorados-especial-na-vila-st-gallen\/#breadcrumb\",\"itemListElement\":[{\"@type\":\"ListItem\",\"position\":1,\"name\":\"In\u00edcio\",\"item\":\"https:\/\/www.travel3.com.br\/site\/\"},{\"@type\":\"ListItem\",\"position\":2,\"name\":\"DIA DOS NAMORADOS ESPECIAL NA VILA ST. GALLEN\"}]},{\"@type\":\"WebSite\",\"@id\":\"https:\/\/www.travel3.com.br\/site\/#website\",\"url\":\"https:\/\/www.travel3.com.br\/site\/\",\"name\":\"Travel3\",\"description\":\"Lazer + Neg&oacute;cios + Aventura\",\"publisher\":{\"@id\":\"https:\/\/www.travel3.com.br\/site\/#organization\"},\"potentialAction\":[{\"@type\":\"SearchAction\",\"target\":{\"@type\":\"EntryPoint\",\"urlTemplate\":\"https:\/\/www.travel3.com.br\/site\/?s={search_term_string}\"},\"query-input\":{\"@type\":\"PropertyValueSpecification\",\"valueRequired\":true,\"valueName\":\"search_term_string\"}}],\"inLanguage\":\"pt-BR\"},{\"@type\":\"Organization\",\"@id\":\"https:\/\/www.travel3.com.br\/site\/#organization\",\"name\":\"Travel3\",\"url\":\"https:\/\/www.travel3.com.br\/site\/\",\"logo\":{\"@type\":\"ImageObject\",\"inLanguage\":\"pt-BR\",\"@id\":\"https:\/\/www.travel3.com.br\/site\/#\/schema\/logo\/image\/\",\"url\":\"https:\/\/www.travel3.com.br\/site\/wp-content\/uploads\/2020\/01\/logo-travel3-2020.png\",\"contentUrl\":\"https:\/\/www.travel3.com.br\/site\/wp-content\/uploads\/2020\/01\/logo-travel3-2020.png\",\"width\":232,\"height\":79,\"caption\":\"Travel3\"},\"image\":{\"@id\":\"https:\/\/www.travel3.com.br\/site\/#\/schema\/logo\/image\/\"},\"sameAs\":[\"https:\/\/www.facebook.com\/travel3media\/\",\"https:\/\/www.instagram.com\/revistatravel3\/\",\"https:\/\/www.youtube.com\/channel\/UCno7J4paGBR3VbZQzvoJ9Eg\"]},{\"@type\":\"Person\",\"@id\":\"https:\/\/www.travel3.com.br\/site\/#\/schema\/person\/a69d71e41a024999b6ab82369ac0bd1e\",\"name\":\"admin\",\"image\":{\"@type\":\"ImageObject\",\"inLanguage\":\"pt-BR\",\"@id\":\"https:\/\/www.travel3.com.br\/site\/#\/schema\/person\/image\/\",\"url\":\"https:\/\/secure.gravatar.com\/avatar\/732a67adfd764da2a47ba10ce731c4c0?s=96&d=mm&r=g\",\"contentUrl\":\"https:\/\/secure.gravatar.com\/avatar\/732a67adfd764da2a47ba10ce731c4c0?s=96&d=mm&r=g\",\"caption\":\"admin\"},\"url\":\"https:\/\/www.travel3.com.br\/site\/author\/admin\/\"}]}<\/script>\n<!-- \/ Yoast SEO plugin. -->","yoast_head_json":{"title":"DIA DOS NAMORADOS ESPECIAL NA VILA ST. GALLEN - Travel3","description":"A TRAVEL3 \u00e9 um portal de conte\u00fado voltado para o turismo, encontre destinos, viagens, hospedagem, passagens, guias, not\u00edcias sobre o mercado do turismo, dicas de viagem, v\u00eddeos e podcast.","robots":{"index":"index","follow":"follow","max-snippet":"max-snippet:-1","max-image-preview":"max-image-preview:large","max-video-preview":"max-video-preview:-1"},"canonical":"https:\/\/www.travel3.com.br\/site\/sem-categoria\/dia-dos-namorados-especial-na-vila-st-gallen\/","og_locale":"pt_BR","og_type":"article","og_title":"DIA DOS NAMORADOS ESPECIAL NA VILA ST. GALLEN - Travel3","og_description":"A TRAVEL3 \u00e9 um portal de conte\u00fado voltado para o turismo, encontre destinos, viagens, hospedagem, passagens, guias, not\u00edcias sobre o mercado do turismo, dicas de viagem, v\u00eddeos e podcast.","og_url":"https:\/\/www.travel3.com.br\/site\/sem-categoria\/dia-dos-namorados-especial-na-vila-st-gallen\/","og_site_name":"Travel3","article_publisher":"https:\/\/www.facebook.com\/travel3media\/","article_published_time":"2017-06-07T04:53:09+00:00","article_modified_time":"2019-06-13T16:29:44+00:00","author":"admin","twitter_card":"summary_large_image","twitter_misc":{"Escrito por":"admin","Est. tempo de leitura":"2 minutos"},"schema":{"@context":"https:\/\/schema.org","@graph":[{"@type":"Article","@id":"https:\/\/www.travel3.com.br\/site\/sem-categoria\/dia-dos-namorados-especial-na-vila-st-gallen\/#article","isPartOf":{"@id":"https:\/\/www.travel3.com.br\/site\/sem-categoria\/dia-dos-namorados-especial-na-vila-st-gallen\/"},"author":{"name":"admin","@id":"https:\/\/www.travel3.com.br\/site\/#\/schema\/person\/a69d71e41a024999b6ab82369ac0bd1e"},"headline":"DIA DOS NAMORADOS ESPECIAL NA VILA ST. GALLEN","datePublished":"2017-06-07T04:53:09+00:00","dateModified":"2019-06-13T16:29:44+00:00","mainEntityOfPage":{"@id":"https:\/\/www.travel3.com.br\/site\/sem-categoria\/dia-dos-namorados-especial-na-vila-st-gallen\/"},"wordCount":361,"commentCount":2,"publisher":{"@id":"https:\/\/www.travel3.com.br\/site\/#organization"},"articleSection":["Sem Categoria"],"inLanguage":"pt-BR","potentialAction":[{"@type":"CommentAction","name":"Comment","target":["https:\/\/www.travel3.com.br\/site\/sem-categoria\/dia-dos-namorados-especial-na-vila-st-gallen\/#respond"]}]},{"@type":"WebPage","@id":"https:\/\/www.travel3.com.br\/site\/sem-categoria\/dia-dos-namorados-especial-na-vila-st-gallen\/","url":"https:\/\/www.travel3.com.br\/site\/sem-categoria\/dia-dos-namorados-especial-na-vila-st-gallen\/","name":"DIA DOS NAMORADOS ESPECIAL NA VILA ST. GALLEN - Travel3","isPartOf":{"@id":"https:\/\/www.travel3.com.br\/site\/#website"},"datePublished":"2017-06-07T04:53:09+00:00","dateModified":"2019-06-13T16:29:44+00:00","description":"A TRAVEL3 \u00e9 um portal de conte\u00fado voltado para o turismo, encontre destinos, viagens, hospedagem, passagens, guias, not\u00edcias sobre o mercado do turismo, dicas de viagem, v\u00eddeos e podcast.","breadcrumb":{"@id":"https:\/\/www.travel3.com.br\/site\/sem-categoria\/dia-dos-namorados-especial-na-vila-st-gallen\/#breadcrumb"},"inLanguage":"pt-BR","potentialAction":[{"@type":"ReadAction","target":["https:\/\/www.travel3.com.br\/site\/sem-categoria\/dia-dos-namorados-especial-na-vila-st-gallen\/"]}]},{"@type":"BreadcrumbList","@id":"https:\/\/www.travel3.com.br\/site\/sem-categoria\/dia-dos-namorados-especial-na-vila-st-gallen\/#breadcrumb","itemListElement":[{"@type":"ListItem","position":1,"name":"In\u00edcio","item":"https:\/\/www.travel3.com.br\/site\/"},{"@type":"ListItem","position":2,"name":"DIA DOS NAMORADOS ESPECIAL NA VILA ST. GALLEN"}]},{"@type":"WebSite","@id":"https:\/\/www.travel3.com.br\/site\/#website","url":"https:\/\/www.travel3.com.br\/site\/","name":"Travel3","description":"Lazer + Neg&oacute;cios + Aventura","publisher":{"@id":"https:\/\/www.travel3.com.br\/site\/#organization"},"potentialAction":[{"@type":"SearchAction","target":{"@type":"EntryPoint","urlTemplate":"https:\/\/www.travel3.com.br\/site\/?s={search_term_string}"},"query-input":{"@type":"PropertyValueSpecification","valueRequired":true,"valueName":"search_term_string"}}],"inLanguage":"pt-BR"},{"@type":"Organization","@id":"https:\/\/www.travel3.com.br\/site\/#organization","name":"Travel3","url":"https:\/\/www.travel3.com.br\/site\/","logo":{"@type":"ImageObject","inLanguage":"pt-BR","@id":"https:\/\/www.travel3.com.br\/site\/#\/schema\/logo\/image\/","url":"https:\/\/www.travel3.com.br\/site\/wp-content\/uploads\/2020\/01\/logo-travel3-2020.png","contentUrl":"https:\/\/www.travel3.com.br\/site\/wp-content\/uploads\/2020\/01\/logo-travel3-2020.png","width":232,"height":79,"caption":"Travel3"},"image":{"@id":"https:\/\/www.travel3.com.br\/site\/#\/schema\/logo\/image\/"},"sameAs":["https:\/\/www.facebook.com\/travel3media\/","https:\/\/www.instagram.com\/revistatravel3\/","https:\/\/www.youtube.com\/channel\/UCno7J4paGBR3VbZQzvoJ9Eg"]},{"@type":"Person","@id":"https:\/\/www.travel3.com.br\/site\/#\/schema\/person\/a69d71e41a024999b6ab82369ac0bd1e","name":"admin","image":{"@type":"ImageObject","inLanguage":"pt-BR","@id":"https:\/\/www.travel3.com.br\/site\/#\/schema\/person\/image\/","url":"https:\/\/secure.gravatar.com\/avatar\/732a67adfd764da2a47ba10ce731c4c0?s=96&d=mm&r=g","contentUrl":"https:\/\/secure.gravatar.com\/avatar\/732a67adfd764da2a47ba10ce731c4c0?s=96&d=mm&r=g","caption":"admin"},"url":"https:\/\/www.travel3.com.br\/site\/author\/admin\/"}]}},"_links":{"self":[{"href":"https:\/\/www.travel3.com.br\/site\/wp-json\/wp\/v2\/posts\/5276","targetHints":{"allow":["GET"]}}],"collection":[{"href":"https:\/\/www.travel3.com.br\/site\/wp-json\/wp\/v2\/posts"}],"about":[{"href":"https:\/\/www.travel3.com.br\/site\/wp-json\/wp\/v2\/types\/post"}],"author":[{"embeddable":true,"href":"https:\/\/www.travel3.com.br\/site\/wp-json\/wp\/v2\/users\/1"}],"replies":[{"embeddable":true,"href":"https:\/\/www.travel3.com.br\/site\/wp-json\/wp\/v2\/comments?post=5276"}],"version-history":[{"count":1,"href":"https:\/\/www.travel3.com.br\/site\/wp-json\/wp\/v2\/posts\/5276\/revisions"}],"predecessor-version":[{"id":23525,"href":"https:\/\/www.travel3.com.br\/site\/wp-json\/wp\/v2\/posts\/5276\/revisions\/23525"}],"wp:attachment":[{"href":"https:\/\/www.travel3.com.br\/site\/wp-json\/wp\/v2\/media?parent=5276"}],"wp:term":[{"taxonomy":"category","embeddable":true,"href":"https:\/\/www.travel3.com.br\/site\/wp-json\/wp\/v2\/categories?post=5276"},{"taxonomy":"post_tag","embeddable":true,"href":"https:\/\/www.travel3.com.br\/site\/wp-json\/wp\/v2\/tags?post=5276"}],"curies":[{"name":"wp","href":"https:\/\/api.w.org\/{rel}","templated":true}]}}