{"id":5267,"date":"2017-09-12T09:56:13","date_gmt":"2017-09-12T09:56:13","guid":{"rendered":"http:\/\/www.travel3.com.br\/site\/ir-e-vir\/ar\/semana-da-franca-e-contra-o-conceito-de-que-comida-francesa-e-cara\/"},"modified":"2017-09-12T09:56:13","modified_gmt":"2017-09-12T09:56:13","slug":"semana-da-franca-e-contra-o-conceito-de-que-comida-francesa-e-cara","status":"publish","type":"post","link":"https:\/\/www.travel3.com.br\/site\/sem-categoria\/semana-da-franca-e-contra-o-conceito-de-que-comida-francesa-e-cara\/","title":{"rendered":"SEMANA DA FRAN\u00c7A \u00c9 CONTRA O CONCEITO DE QUE COMIDA FRANCESA \u00c9 CARA"},"content":{"rendered":"<p><span style=\"color: #40acad; font-family: -apple-system, system-ui, 'Segoe UI', Roboto, Oxygen-Sans, Ubuntu, Cantarell, 'Helvetica Neue', sans-serif; font-size: 12px; font-weight: bold;\"><\/p>\n<p style=\"text-align:justify\">Chegou a hora de experimentar as del\u00edcias da gastronomia francesa. A Semana Francesa de arte, cultura e gastronomia declara guerra ao conceito de que comida francesa \u00e9 cara.<br \/>\n\u00a0<br \/>\nDe 10 a 20 de junho, mais de 20 restaurantes em S\u00e3o Paulo v\u00e3o oferecer menus especiais e com descontos com op\u00e7\u00f5es para o almo\u00e7o e o jantar. A iniciativa, idealizada pela C\u00e2mara de Com\u00e9rcio Fran\u00e7a-Brasil (CCFB), que est\u00e1 na quinta edi\u00e7\u00e3o, vai oferecer 70 atra\u00e7\u00f5es para o p\u00fablico.<\/p>\n<p style=\"text-align:justify\"><strong>Confira, abaixo, a lista completa dos restaurantes participantes:<\/strong><br \/>\n\u00a0<br \/>\nBASE Bistr\u00f4 e Bar \u2013 de 10 a 20 de junho \u2013 Menu Especial Semana Francesa.<br \/>\nEndere\u00e7o: Pullman S\u00e3o Paulo Guarulhos \u2013 Avenida H\u00e9lio Smidt, s\/n \u2013 Telefone: 2124-5800.<br \/>\nHor\u00e1rio de Funcionamento: todos os dias das 18h \u00e0s 23h.<br \/>\n\u00a0<br \/>\nChez France \u2013 de 10 a 20 de junho \u2013 15% de desconto em todo site com o c\u00f3digo PROMOSEMFRAN. www.chezfrance.com.br.<br \/>\n\u00a0<br \/>\nCanaille \u2013 de 10 a 20 de junho (exceto dia 11\/06) \u2013 Menu Especial Semana Francesa.<br \/>\nEndere\u00e7o: Rua Cristiano Viana, 390 \u2013 Telefone: 3898-3102.<br \/>\nHor\u00e1rio de Funcionamento: 2\u00aa das 12h \u00e0s 15h | 3\u00aa a 5\u00aa das 12h \u00e0s 15h e das 18h \u00e0 00h30 | 6\u00aa das 12h \u00e0s 15h e das 18h \u00e0 01h | s\u00e1bado das 12h \u00e0 01h.<br \/>\n\u00a0<br \/>\n\u00c9clair Moi Paris \u2013 de 10 a 20 de junho \u2013 Menu Especial Semana Francesa.<br \/>\nEndere\u00e7o: Alameda Lorena, 1204 \u2013 Telefone: 2985-2204. Hor\u00e1rio de Funcionamento: 2\u00aa a 6\u00aa das 10h \u00e0s 21h | s\u00e1bado das 10h \u00e0s 21h | domingo das 10h \u00e0s 19h.<br \/>\n\u00a0<br \/>\nFelix Bistrot \u2013 de 10 a 20 de junho (exceto dia 12\/06) \u2013 Menu Especial Semana Francesa.<br \/>\nEndere\u00e7o: Rua Jos\u00e9 Felix de Oliveira, 555 \u2013 Granja Vianna \u2013 Telefone: 4612-2339. Hor\u00e1rio de Funcionamento: 2\u00aa das 12h \u00e0s 15h | 3\u00aa a 5\u00aa das 12h \u00e0s 15h e das 19h \u00e0s 22h | 6\u00aa das 12h \u00e0s 15h e das 19h \u00e0s 23h | s\u00e1bado das 12h \u00e0s 16h e das 19h \u00e0s 23h | domingo das 12h \u00e0s 17h.<br \/>\n\u00a0<br \/>\n\u00a0<br \/>\nHUB Food Art Lounge \u2013 de 10 a 20 de junho \u2013 Menu Especial Semana Francesa.<br \/>\nEndere\u00e7o: Rua Olimp\u00edadas, 205 \u2013 Telefone: 3049-6689.<br \/>\nHor\u00e1rio de Funcionamento: todos os dias das 19h \u00e0s 23h30.<br \/>\n\u00a0<br \/>\nL\u2019Amiti\u00e9 \u2013 de 10 a 20 de junho \u2013 Menu Especial Semana Francesa.<br \/>\nEndere\u00e7o: Rua Manoel Guedes, 233 \u2013 Telefone: 3078-5919. Hor\u00e1rio de Funcionamento: 2\u00aa a 5\u00aa das 12h \u00e0s 15h e das 19h \u00e0s 23h | 6\u00aa das 12h \u00e0s 15h e das 19h \u00e0 00h | s\u00e1bado das 12h \u00e0 00H | domingo das 12h \u00e0s 17h.<br \/>\n\u00a0<br \/>\nL\u2019Aper\u00f4 \u2013 de 10 a 20 de junho \u2013 Menu Especial Semana Francesa.<br \/>\nEndere\u00e7o: Rua Mourato Coelho, 1343 \u2013 Telefone: 3814-2445.<br \/>\nHor\u00e1rio de Funcionamento: 3\u00aa a 6\u00aa das 12h \u00e0s 15h e das 19h \u00e0s 23h30 | s\u00e1bado das 13h \u00e0s 16h e das 19h \u00e0s 23h30 | domingo das 13h \u00e0s 16h.<br \/>\n\u00a0<br \/>\nL\u2019Entrec\u00f4te de Paris \u2013 de 10 a 20 de junho (exceto dias 11 e 12\/06) \u2013 Menu Especial Semana Francesa. Endere\u00e7o: Rua Pedroso Alvarenga, 1.135 \u2013 Telefone: 3078-6942. Hor\u00e1rio de Funcionamento: 2\u00aa \u00e0 5\u00aa das 12h \u00e0s 15h e das 19h30 \u00e0s 00h | sexta das 12h \u00e0s 15h e das 19h30 \u00e0s 01h | s\u00e1bado das 12h \u00e0 1h | domingo das 12h \u00e0s 18h.<br \/>\n\u00a0<br \/>\nLa Maison Cr\u00eaperie Fran\u00e7aise \u2013 de 10 a 20 de junho \u2013 Menu Especial Semana Francesa. Endere\u00e7o: Rua Coronel Melo de Oliveira, 608 \u2013 Telefone: 2935-7297. Hor\u00e1rio de Funcionamento: domingo \u00e0 5\u00aa das 12h \u00e0s 22h | 6\u00aa e s\u00e1bado das 12h \u00e0s 23h.<br \/>\n\u00a0<br \/>\nLapin Caf\u00e9 e Bistrot \u2013 de 10 a 20 de junho \u2013 Menu Especial Semana Francesa. Endere\u00e7o: Rua Jo\u00e3o Ramalho, 766 \u2013 Telefone: 2157-6541. Hor\u00e1rio de Funcionamento: 2\u00aa a s\u00e1bado das 9h \u00e0s 22h30.<br \/>\n\u00a0<br \/>\nLe Bl\u00e9 d\u2019Or Food Truck \u2013 de 14 a 19 de junho \u2013 Menu Especial Semana Francesa. Endere\u00e7o: Pocket Park Moema \u2013 Avenida Cotovia, 382. Hor\u00e1rio de Funcionamento: 3\u00aa a 6\u00aa das 17h \u00e0s 23h | s\u00e1bado das 13h \u00e0s 23h00 | domingo das 13h \u00e0s 19h.<br \/>\n\u00a0<br \/>\nLe Bou \u2013 de 10 a 20 de junho (exceto dias 11 e 12\/06) \u2013 Menu Especial Semana Francesa. Endere\u00e7o: Rua Doutor Renato Paes de Barros, 415 \u2013 Telefone: 3078-7619. Hor\u00e1rio de Funcionamento: 2\u00aa a 4\u00aa das 8h \u00e0s 16h e das 18h \u00e0s 23h | 5\u00aa e 6\u00aa das 8h \u00e0s 16h e das 18h \u00e0 00h | s\u00e1bado das 9h \u00e0 00h30 | domingo das 9h \u00e0s 22h.<br \/>\n\u00a0<br \/>\nLe Th\u00e9 \u2013 de 10 a 20 de junho \u2013 Menu Especial Semana Francesa. Endere\u00e7o: Shopping Cidade Jardim | Av. Magalh\u00e3es de Castro, 12.000 (4\u00ba andar) \u2013 Telefone: 3198-9468. Hor\u00e1rio de Funcionamento: todos os dias das 10h \u00e0s 22h (domingos e feriados das 18h \u00e0s 22h).<br \/>\n\u00a0<br \/>\nLe Vin Jardins \u2013 de 10 a 20 de junho \u2013 Menu Especial Semana Francesa. Endere\u00e7o: Alameda Tiet\u00ea, 184 \u2013 Jardins \u2013 Telefone: 3087-4888. Hor\u00e1rio de Funcionamento: 2\u00aa \u00e0 5\u00aa das 12h \u00e0 00h | 6\u00aa e s\u00e1bado das 12h \u00e0 1h | domingo das 12h \u00e0s 23h.<br \/>\n\u00a0<br \/>\nLe Vin Itaim \u2013 de 10 a 20 de junho \u2013 Menu Especial Semana Francesa. Endere\u00e7o: Rua Pais de Ara\u00fajo, 137 \u2013 Itaim \u2013 Telefone: 3168-3037. Hor\u00e1rio de Funcionamento: 2\u00aa \u00e0 5\u00aa das 12h \u00e0 00h | 6\u00aa e s\u00e1bado das 12h \u00e0 1h | domingo das 12h \u00e0s 23h.<br \/>\n\u00a0<br \/>\nLe Vin Morumbi \u2013 de 10 a 20 de junho \u2013 Menu Especial Semana Francesa. Endere\u00e7o: Av. Roque Petroni Jr., 1089 \u2013 loja 48 A\/L \u2013 Brooklin Novo \u2013 Telefone: 5183-2982. Hor\u00e1rio de Funcionamento: 2\u00aa \u00e0 s\u00e1bado das 12h \u00e0s 23h | domingo das 12h \u00e0s 22h<br \/>\n\u00a0<br \/>\nLe Vin Vilaboim \u2013 de 10 a 20 de junho \u2013 Menu Especial Semana Francesa. Endere\u00e7o: Rua Armando Penteado, 25, Higien\u00f3polis \u2013 Telefone: 3668-7400. Hor\u00e1rio de Funcionamento: 2\u00aa \u00e0 5\u00aa das 12h \u00e0 00h | 6\u00aa e s\u00e1bado das 12h \u00e0 1h | domingo das 12h \u00e0s 23h.<br \/>\n\u00a0<br \/>\nLes 3 Brasseurs \u2013 de 10 a 20 de junho \u2013 Menu Especial Semana Francesa. Endere\u00e7o: Rua Jesu\u00edno Arruda, 470 \u2013 Telefone: 3167-4145. Hor\u00e1rio de Funcionamento: 2\u00aa \u00e0 5\u00aa das 12h \u00e0 00h | 6\u00aa e s\u00e1bado das 12h \u00e0 01h.<br \/>\n\u00a0<br \/>\nOvo e Uva \u2013 de 10 a 20 de junho (exceto 11 e 12\/06) \u2013 Menu Especial Semana Francesa. Endere\u00e7o: Rua Mateus Grou, 286 \u2013 Telefone: 3085-3070. Hor\u00e1rio de Funcionamento: 3\u00aa \u00e0 s\u00e1bado das 12h \u00e0 00h | domingo das 12h \u00e0 17h.<br \/>\n\u00a0<br \/>\nTaste IT Food &#038; Lounge \u2013 de 10 a 20 de junho (exceto 11 e 12\/06) \u2013 Menu Especial Semana Francesa. Endere\u00e7o: Rua Joinville, 515 \u2013 Telefone: 5088-4000. Hor\u00e1rio de Funcionamento: todos os dias das 19h \u00e0s 23h30.<br \/>\n\u00a0<br \/>\nTONTON \u2013 de 10 a 20 de junho \u2013 Menu Especial Semana Francesa. Endere\u00e7o: Rua Caconde 132, Jardins \u2013 Telefone: 2597-6168. Hor\u00e1rio de Funcionamento: 3\u00aa \u00e0 6\u00aa das 12h00 \u00e0s 15h00 e das 19h30 \u00e0s 23h00 | s\u00e1bado das 13h00 \u00e0s 16h00 e das 20h00 \u00e0s 23h30 | domingos e feriados das 13h00 \u00e0s 16h30.<br \/>\n\u00a0<br \/>\n11 e 12\/06 \u00e0 partir das 12h00 \u2013 Barraca Francesa na Feira das Na\u00e7\u00f5es, por Orbiz.<br \/>\nEndere\u00e7o: Rua Antonieta Leit\u00e3o, 375 \u2013 Creche Menino Jesus.<br \/>\n\u00a0<br \/>\n14 e 15\/06 \u00e0s 20h30 \u2013 Jantar com chef Philippe Hardy \u2013 Chefe da Normandia (Fran\u00e7a), uma estrela no guia Michelin. Reservas: carole.hilton@thakay.com | (11) 97956-9777. Endere\u00e7o: Hotel Grand Hyatt S\u00e3o Paulo &#8211; Eau French Grill \u2013 Avenida das Na\u00e7\u00f5es Unidas, 13.301.<\/p>\n<p><\/span><\/p>\n","protected":false},"excerpt":{"rendered":"<p>De 10 a 20 de junho, mais de 20 restaurantes em S\u00e3o Paulo v\u00e3o oferecer menus especiais e com op\u00e7\u00f5es para almo\u00e7o e jantar<\/p>\n","protected":false},"author":1,"featured_media":0,"comment_status":"open","ping_status":"open","sticky":false,"template":"","format":"standard","meta":{"footnotes":""},"categories":[],"tags":[],"class_list":["post-5267","post","type-post","status-publish","format-standard","hentry"],"yoast_head":"<!-- This site is optimized with the Yoast SEO plugin v26.2 - https:\/\/yoast.com\/wordpress\/plugins\/seo\/ -->\n<title>SEMANA DA FRAN\u00c7A \u00c9 CONTRA O CONCEITO DE QUE COMIDA FRANCESA \u00c9 CARA - Travel3<\/title>\n<meta name=\"description\" content=\"A TRAVEL3 \u00e9 um portal de conte\u00fado voltado para o turismo, encontre destinos, viagens, hospedagem, passagens, guias, not\u00edcias sobre o mercado do turismo, dicas de viagem, v\u00eddeos e podcast.\" \/>\n<meta name=\"robots\" content=\"index, follow, max-snippet:-1, max-image-preview:large, max-video-preview:-1\" \/>\n<link rel=\"canonical\" href=\"https:\/\/www.travel3.com.br\/site\/sem-categoria\/semana-da-franca-e-contra-o-conceito-de-que-comida-francesa-e-cara\/\" \/>\n<meta property=\"og:locale\" content=\"pt_BR\" \/>\n<meta property=\"og:type\" content=\"article\" \/>\n<meta property=\"og:title\" content=\"SEMANA DA FRAN\u00c7A \u00c9 CONTRA O CONCEITO DE QUE COMIDA FRANCESA \u00c9 CARA - Travel3\" \/>\n<meta property=\"og:description\" content=\"A TRAVEL3 \u00e9 um portal de conte\u00fado voltado para o turismo, encontre destinos, viagens, hospedagem, passagens, guias, not\u00edcias sobre o mercado do turismo, dicas de viagem, v\u00eddeos e podcast.\" \/>\n<meta property=\"og:url\" content=\"https:\/\/www.travel3.com.br\/site\/sem-categoria\/semana-da-franca-e-contra-o-conceito-de-que-comida-francesa-e-cara\/\" \/>\n<meta property=\"og:site_name\" content=\"Travel3\" \/>\n<meta property=\"article:publisher\" content=\"https:\/\/www.facebook.com\/travel3media\/\" \/>\n<meta property=\"article:published_time\" content=\"2017-09-12T09:56:13+00:00\" \/>\n<meta name=\"author\" content=\"admin\" \/>\n<meta name=\"twitter:card\" content=\"summary_large_image\" \/>\n<meta name=\"twitter:label1\" content=\"Escrito por\" \/>\n\t<meta name=\"twitter:data1\" content=\"admin\" \/>\n\t<meta name=\"twitter:label2\" content=\"Est. tempo de leitura\" \/>\n\t<meta name=\"twitter:data2\" content=\"5 minutos\" \/>\n<script type=\"application\/ld+json\" class=\"yoast-schema-graph\">{\"@context\":\"https:\/\/schema.org\",\"@graph\":[{\"@type\":\"Article\",\"@id\":\"https:\/\/www.travel3.com.br\/site\/sem-categoria\/semana-da-franca-e-contra-o-conceito-de-que-comida-francesa-e-cara\/#article\",\"isPartOf\":{\"@id\":\"https:\/\/www.travel3.com.br\/site\/sem-categoria\/semana-da-franca-e-contra-o-conceito-de-que-comida-francesa-e-cara\/\"},\"author\":{\"name\":\"admin\",\"@id\":\"https:\/\/www.travel3.com.br\/site\/#\/schema\/person\/a69d71e41a024999b6ab82369ac0bd1e\"},\"headline\":\"SEMANA DA FRAN\u00c7A \u00c9 CONTRA O CONCEITO DE QUE COMIDA FRANCESA \u00c9 CARA\",\"datePublished\":\"2017-09-12T09:56:13+00:00\",\"mainEntityOfPage\":{\"@id\":\"https:\/\/www.travel3.com.br\/site\/sem-categoria\/semana-da-franca-e-contra-o-conceito-de-que-comida-francesa-e-cara\/\"},\"wordCount\":1059,\"commentCount\":0,\"publisher\":{\"@id\":\"https:\/\/www.travel3.com.br\/site\/#organization\"},\"inLanguage\":\"pt-BR\",\"potentialAction\":[{\"@type\":\"CommentAction\",\"name\":\"Comment\",\"target\":[\"https:\/\/www.travel3.com.br\/site\/sem-categoria\/semana-da-franca-e-contra-o-conceito-de-que-comida-francesa-e-cara\/#respond\"]}]},{\"@type\":\"WebPage\",\"@id\":\"https:\/\/www.travel3.com.br\/site\/sem-categoria\/semana-da-franca-e-contra-o-conceito-de-que-comida-francesa-e-cara\/\",\"url\":\"https:\/\/www.travel3.com.br\/site\/sem-categoria\/semana-da-franca-e-contra-o-conceito-de-que-comida-francesa-e-cara\/\",\"name\":\"SEMANA DA FRAN\u00c7A \u00c9 CONTRA O CONCEITO DE QUE COMIDA FRANCESA \u00c9 CARA - Travel3\",\"isPartOf\":{\"@id\":\"https:\/\/www.travel3.com.br\/site\/#website\"},\"datePublished\":\"2017-09-12T09:56:13+00:00\",\"description\":\"A TRAVEL3 \u00e9 um portal de conte\u00fado voltado para o turismo, encontre destinos, viagens, hospedagem, passagens, guias, not\u00edcias sobre o mercado do turismo, dicas de viagem, v\u00eddeos e podcast.\",\"breadcrumb\":{\"@id\":\"https:\/\/www.travel3.com.br\/site\/sem-categoria\/semana-da-franca-e-contra-o-conceito-de-que-comida-francesa-e-cara\/#breadcrumb\"},\"inLanguage\":\"pt-BR\",\"potentialAction\":[{\"@type\":\"ReadAction\",\"target\":[\"https:\/\/www.travel3.com.br\/site\/sem-categoria\/semana-da-franca-e-contra-o-conceito-de-que-comida-francesa-e-cara\/\"]}]},{\"@type\":\"BreadcrumbList\",\"@id\":\"https:\/\/www.travel3.com.br\/site\/sem-categoria\/semana-da-franca-e-contra-o-conceito-de-que-comida-francesa-e-cara\/#breadcrumb\",\"itemListElement\":[{\"@type\":\"ListItem\",\"position\":1,\"name\":\"In\u00edcio\",\"item\":\"https:\/\/www.travel3.com.br\/site\/\"},{\"@type\":\"ListItem\",\"position\":2,\"name\":\"SEMANA DA FRAN\u00c7A \u00c9 CONTRA O CONCEITO DE QUE COMIDA FRANCESA \u00c9 CARA\"}]},{\"@type\":\"WebSite\",\"@id\":\"https:\/\/www.travel3.com.br\/site\/#website\",\"url\":\"https:\/\/www.travel3.com.br\/site\/\",\"name\":\"Travel3\",\"description\":\"Lazer + Neg&oacute;cios + Aventura\",\"publisher\":{\"@id\":\"https:\/\/www.travel3.com.br\/site\/#organization\"},\"potentialAction\":[{\"@type\":\"SearchAction\",\"target\":{\"@type\":\"EntryPoint\",\"urlTemplate\":\"https:\/\/www.travel3.com.br\/site\/?s={search_term_string}\"},\"query-input\":{\"@type\":\"PropertyValueSpecification\",\"valueRequired\":true,\"valueName\":\"search_term_string\"}}],\"inLanguage\":\"pt-BR\"},{\"@type\":\"Organization\",\"@id\":\"https:\/\/www.travel3.com.br\/site\/#organization\",\"name\":\"Travel3\",\"url\":\"https:\/\/www.travel3.com.br\/site\/\",\"logo\":{\"@type\":\"ImageObject\",\"inLanguage\":\"pt-BR\",\"@id\":\"https:\/\/www.travel3.com.br\/site\/#\/schema\/logo\/image\/\",\"url\":\"https:\/\/www.travel3.com.br\/site\/wp-content\/uploads\/2020\/01\/logo-travel3-2020.png\",\"contentUrl\":\"https:\/\/www.travel3.com.br\/site\/wp-content\/uploads\/2020\/01\/logo-travel3-2020.png\",\"width\":232,\"height\":79,\"caption\":\"Travel3\"},\"image\":{\"@id\":\"https:\/\/www.travel3.com.br\/site\/#\/schema\/logo\/image\/\"},\"sameAs\":[\"https:\/\/www.facebook.com\/travel3media\/\",\"https:\/\/www.instagram.com\/revistatravel3\/\",\"https:\/\/www.youtube.com\/channel\/UCno7J4paGBR3VbZQzvoJ9Eg\"]},{\"@type\":\"Person\",\"@id\":\"https:\/\/www.travel3.com.br\/site\/#\/schema\/person\/a69d71e41a024999b6ab82369ac0bd1e\",\"name\":\"admin\",\"image\":{\"@type\":\"ImageObject\",\"inLanguage\":\"pt-BR\",\"@id\":\"https:\/\/www.travel3.com.br\/site\/#\/schema\/person\/image\/\",\"url\":\"https:\/\/secure.gravatar.com\/avatar\/732a67adfd764da2a47ba10ce731c4c0?s=96&d=mm&r=g\",\"contentUrl\":\"https:\/\/secure.gravatar.com\/avatar\/732a67adfd764da2a47ba10ce731c4c0?s=96&d=mm&r=g\",\"caption\":\"admin\"},\"url\":\"https:\/\/www.travel3.com.br\/site\/author\/admin\/\"}]}<\/script>\n<!-- \/ Yoast SEO plugin. -->","yoast_head_json":{"title":"SEMANA DA FRAN\u00c7A \u00c9 CONTRA O CONCEITO DE QUE COMIDA FRANCESA \u00c9 CARA - Travel3","description":"A TRAVEL3 \u00e9 um portal de conte\u00fado voltado para o turismo, encontre destinos, viagens, hospedagem, passagens, guias, not\u00edcias sobre o mercado do turismo, dicas de viagem, v\u00eddeos e podcast.","robots":{"index":"index","follow":"follow","max-snippet":"max-snippet:-1","max-image-preview":"max-image-preview:large","max-video-preview":"max-video-preview:-1"},"canonical":"https:\/\/www.travel3.com.br\/site\/sem-categoria\/semana-da-franca-e-contra-o-conceito-de-que-comida-francesa-e-cara\/","og_locale":"pt_BR","og_type":"article","og_title":"SEMANA DA FRAN\u00c7A \u00c9 CONTRA O CONCEITO DE QUE COMIDA FRANCESA \u00c9 CARA - Travel3","og_description":"A TRAVEL3 \u00e9 um portal de conte\u00fado voltado para o turismo, encontre destinos, viagens, hospedagem, passagens, guias, not\u00edcias sobre o mercado do turismo, dicas de viagem, v\u00eddeos e podcast.","og_url":"https:\/\/www.travel3.com.br\/site\/sem-categoria\/semana-da-franca-e-contra-o-conceito-de-que-comida-francesa-e-cara\/","og_site_name":"Travel3","article_publisher":"https:\/\/www.facebook.com\/travel3media\/","article_published_time":"2017-09-12T09:56:13+00:00","author":"admin","twitter_card":"summary_large_image","twitter_misc":{"Escrito por":"admin","Est. tempo de leitura":"5 minutos"},"schema":{"@context":"https:\/\/schema.org","@graph":[{"@type":"Article","@id":"https:\/\/www.travel3.com.br\/site\/sem-categoria\/semana-da-franca-e-contra-o-conceito-de-que-comida-francesa-e-cara\/#article","isPartOf":{"@id":"https:\/\/www.travel3.com.br\/site\/sem-categoria\/semana-da-franca-e-contra-o-conceito-de-que-comida-francesa-e-cara\/"},"author":{"name":"admin","@id":"https:\/\/www.travel3.com.br\/site\/#\/schema\/person\/a69d71e41a024999b6ab82369ac0bd1e"},"headline":"SEMANA DA FRAN\u00c7A \u00c9 CONTRA O CONCEITO DE QUE COMIDA FRANCESA \u00c9 CARA","datePublished":"2017-09-12T09:56:13+00:00","mainEntityOfPage":{"@id":"https:\/\/www.travel3.com.br\/site\/sem-categoria\/semana-da-franca-e-contra-o-conceito-de-que-comida-francesa-e-cara\/"},"wordCount":1059,"commentCount":0,"publisher":{"@id":"https:\/\/www.travel3.com.br\/site\/#organization"},"inLanguage":"pt-BR","potentialAction":[{"@type":"CommentAction","name":"Comment","target":["https:\/\/www.travel3.com.br\/site\/sem-categoria\/semana-da-franca-e-contra-o-conceito-de-que-comida-francesa-e-cara\/#respond"]}]},{"@type":"WebPage","@id":"https:\/\/www.travel3.com.br\/site\/sem-categoria\/semana-da-franca-e-contra-o-conceito-de-que-comida-francesa-e-cara\/","url":"https:\/\/www.travel3.com.br\/site\/sem-categoria\/semana-da-franca-e-contra-o-conceito-de-que-comida-francesa-e-cara\/","name":"SEMANA DA FRAN\u00c7A \u00c9 CONTRA O CONCEITO DE QUE COMIDA FRANCESA \u00c9 CARA - Travel3","isPartOf":{"@id":"https:\/\/www.travel3.com.br\/site\/#website"},"datePublished":"2017-09-12T09:56:13+00:00","description":"A TRAVEL3 \u00e9 um portal de conte\u00fado voltado para o turismo, encontre destinos, viagens, hospedagem, passagens, guias, not\u00edcias sobre o mercado do turismo, dicas de viagem, v\u00eddeos e podcast.","breadcrumb":{"@id":"https:\/\/www.travel3.com.br\/site\/sem-categoria\/semana-da-franca-e-contra-o-conceito-de-que-comida-francesa-e-cara\/#breadcrumb"},"inLanguage":"pt-BR","potentialAction":[{"@type":"ReadAction","target":["https:\/\/www.travel3.com.br\/site\/sem-categoria\/semana-da-franca-e-contra-o-conceito-de-que-comida-francesa-e-cara\/"]}]},{"@type":"BreadcrumbList","@id":"https:\/\/www.travel3.com.br\/site\/sem-categoria\/semana-da-franca-e-contra-o-conceito-de-que-comida-francesa-e-cara\/#breadcrumb","itemListElement":[{"@type":"ListItem","position":1,"name":"In\u00edcio","item":"https:\/\/www.travel3.com.br\/site\/"},{"@type":"ListItem","position":2,"name":"SEMANA DA FRAN\u00c7A \u00c9 CONTRA O CONCEITO DE QUE COMIDA FRANCESA \u00c9 CARA"}]},{"@type":"WebSite","@id":"https:\/\/www.travel3.com.br\/site\/#website","url":"https:\/\/www.travel3.com.br\/site\/","name":"Travel3","description":"Lazer + Neg&oacute;cios + Aventura","publisher":{"@id":"https:\/\/www.travel3.com.br\/site\/#organization"},"potentialAction":[{"@type":"SearchAction","target":{"@type":"EntryPoint","urlTemplate":"https:\/\/www.travel3.com.br\/site\/?s={search_term_string}"},"query-input":{"@type":"PropertyValueSpecification","valueRequired":true,"valueName":"search_term_string"}}],"inLanguage":"pt-BR"},{"@type":"Organization","@id":"https:\/\/www.travel3.com.br\/site\/#organization","name":"Travel3","url":"https:\/\/www.travel3.com.br\/site\/","logo":{"@type":"ImageObject","inLanguage":"pt-BR","@id":"https:\/\/www.travel3.com.br\/site\/#\/schema\/logo\/image\/","url":"https:\/\/www.travel3.com.br\/site\/wp-content\/uploads\/2020\/01\/logo-travel3-2020.png","contentUrl":"https:\/\/www.travel3.com.br\/site\/wp-content\/uploads\/2020\/01\/logo-travel3-2020.png","width":232,"height":79,"caption":"Travel3"},"image":{"@id":"https:\/\/www.travel3.com.br\/site\/#\/schema\/logo\/image\/"},"sameAs":["https:\/\/www.facebook.com\/travel3media\/","https:\/\/www.instagram.com\/revistatravel3\/","https:\/\/www.youtube.com\/channel\/UCno7J4paGBR3VbZQzvoJ9Eg"]},{"@type":"Person","@id":"https:\/\/www.travel3.com.br\/site\/#\/schema\/person\/a69d71e41a024999b6ab82369ac0bd1e","name":"admin","image":{"@type":"ImageObject","inLanguage":"pt-BR","@id":"https:\/\/www.travel3.com.br\/site\/#\/schema\/person\/image\/","url":"https:\/\/secure.gravatar.com\/avatar\/732a67adfd764da2a47ba10ce731c4c0?s=96&d=mm&r=g","contentUrl":"https:\/\/secure.gravatar.com\/avatar\/732a67adfd764da2a47ba10ce731c4c0?s=96&d=mm&r=g","caption":"admin"},"url":"https:\/\/www.travel3.com.br\/site\/author\/admin\/"}]}},"_links":{"self":[{"href":"https:\/\/www.travel3.com.br\/site\/wp-json\/wp\/v2\/posts\/5267","targetHints":{"allow":["GET"]}}],"collection":[{"href":"https:\/\/www.travel3.com.br\/site\/wp-json\/wp\/v2\/posts"}],"about":[{"href":"https:\/\/www.travel3.com.br\/site\/wp-json\/wp\/v2\/types\/post"}],"author":[{"embeddable":true,"href":"https:\/\/www.travel3.com.br\/site\/wp-json\/wp\/v2\/users\/1"}],"replies":[{"embeddable":true,"href":"https:\/\/www.travel3.com.br\/site\/wp-json\/wp\/v2\/comments?post=5267"}],"version-history":[{"count":0,"href":"https:\/\/www.travel3.com.br\/site\/wp-json\/wp\/v2\/posts\/5267\/revisions"}],"wp:attachment":[{"href":"https:\/\/www.travel3.com.br\/site\/wp-json\/wp\/v2\/media?parent=5267"}],"wp:term":[{"taxonomy":"category","embeddable":true,"href":"https:\/\/www.travel3.com.br\/site\/wp-json\/wp\/v2\/categories?post=5267"},{"taxonomy":"post_tag","embeddable":true,"href":"https:\/\/www.travel3.com.br\/site\/wp-json\/wp\/v2\/tags?post=5267"}],"curies":[{"name":"wp","href":"https:\/\/api.w.org\/{rel}","templated":true}]}}