{"id":5262,"date":"2017-09-12T09:21:48","date_gmt":"2017-09-12T09:21:48","guid":{"rendered":"http:\/\/www.travel3.com.br\/site\/ir-e-vir\/ar\/frio-chega-para-valer-em-urupema-72-graus-negativos\/"},"modified":"2017-09-12T09:21:48","modified_gmt":"2017-09-12T09:21:48","slug":"frio-chega-para-valer-em-urupema-72-graus-negativos","status":"publish","type":"post","link":"https:\/\/www.travel3.com.br\/site\/sem-categoria\/frio-chega-para-valer-em-urupema-72-graus-negativos\/","title":{"rendered":"FRIO CHEGA PARA VALER, EM URUPEMA -7,2 GRAUS NEGATIVOS"},"content":{"rendered":"<p><span style=\"color: #40acad; font-family: -apple-system, system-ui, 'Segoe UI', Roboto, Oxygen-Sans, Ubuntu, Cantarell, 'Helvetica Neue', sans-serif; font-size: 12px; font-weight: bold;\"><\/p>\n<p style=\"text-align:justify\">Antes mesmo do inverno come\u00e7ar oficialmente, o frio d\u00e1 mostras de que nesta temporada vai promover dias e noites de temperaturas baixas, como aconteceu na madrugada desta sexta (10), quando 43 municipios catarinenses estiveram abaixo de zero grau.\u00a0<\/p>\n<p style=\"text-align:justify\"><a class=\"fancybox-media\" href=\"..\/_uploads\/_noticia\/2016-06\/2serrariodorastrogeral.jpg\" rel=\"portfolio\"><img decoding=\"async\" alt=\"\" src=\"..\/_uploads\/_noticia\/2016-06\/2serrariodorastrogeral.jpg\" \/><\/a><\/p>\n<p style=\"text-align:justify\"><strong>Circuito da serra do Rio do Rastro, em Santa Catarina (<\/strong><em>foto\/Divulga\u00e7\u00e3o)<\/em><\/p>\n<p style=\"text-align:justify\">Existem possibilidades de geada e neve \u00a0a partir da noite\u00a0desta sexta-feira e na madrugada de s\u00e1bado nos pontos mais altos das regi\u00f5es serrana, ga\u00facha e \u00a0catarinense.\u00a0<\/p>\n<p style=\"text-align:justify\">Tanto o Rio Grande do Sul como Santa Catarina ter\u00e3o \u00a0um fim de semana ainda mais gelado e agitado em rela\u00e7\u00e3o ao clima. O frio tamb\u00e9m se estender\u00e1 para o Parana e S\u00e3o Paulo, estendendo-se para al\u00e9m da regi\u00e3o Sudeste.<\/p>\n<p style=\"text-align:justify\">Na catarinense Urupema, onde a menor temperatura do ano foi registrada no amanhecer de hoje, com menos -7,2 graus, no centro da cidade, um lago da pra\u00e7a central chegou a congelar. A sensa\u00e7\u00e3o t\u00e9rmica com o vento foi de menos -29\u00ba.C<\/p>\n<p style=\"text-align:justify\">Outros registros na Serra do Rio do Rastro foram 4,2\u00b0C em Bom Jardim da Serra, -3,7\u00b0C em S\u00e3o Joaquim e -3\u00b0C em Urubici. A chegada da \u00a0massa de ar polar entre s\u00e1bado e domingo poder\u00e1 derrubar as temperaturas at\u00e9 -8\u00b0C.<\/p>\n<p style=\"text-align:justify\">Nas cidades da Serra Gaucha o frio tamb\u00e9m promete, a possibilidade de neve est\u00e1 sendo bem considerada e o turismo j\u00e1 tem eleva\u00e7\u00e3o na ocupa\u00e7\u00e3o dos hot\u00e9is, especialmente em Bento Gon\u00e7alves e Gramado.<\/p>\n<p style=\"text-align:justify\">Mesmo com o frio, o ambiente festivo e de eventos j\u00e1 vai sendo aquecido neste inicio de junho. Um exemplo est\u00e1\u00a0\u00a0 em Florian\u00f3polis, com a segunda edi\u00e7\u00e3o do Gamercom vai reunir 10 mil participantes do torneio internacional de games<\/p>\n<p style=\"text-align:justify\">No skate, a capital catarinense recebe a inaugura\u00e7\u00e3o da nova pista gigante na Costeira do Pirajuba\u00e9\u00a0 com a etapa classificat\u00f3ria do Vans Park Series, evento que contar\u00e1 pontos para os skatistas que buscam uma vaga na final do Campeonato Mundial, que acontecer\u00e1 em agosto, na Su\u00e9cia.<\/p>\n<p style=\"text-align:justify\">A pista tem \u00a0\u00e1rea total 1,4 mil m2,e \u00a0a estrutura um formato bowl \u2013 recebendo a indica\u00e7\u00e3o de Maracan\u00e3 do skate.\u00a0<\/p>\n<p>\u00a0<\/p>\n<p>\u00a0<\/p>\n<p><\/span><\/p>\n","protected":false},"excerpt":{"rendered":"<p>Derrubada das temperaturas em cidades catarinenses e ga\u00fachas, com previs\u00e3o de geada e neve nas Serras durante este fim de semana<\/p>\n","protected":false},"author":1,"featured_media":0,"comment_status":"open","ping_status":"open","sticky":false,"template":"","format":"standard","meta":{"footnotes":""},"categories":[],"tags":[],"class_list":["post-5262","post","type-post","status-publish","format-standard","hentry"],"yoast_head":"<!-- This site is optimized with the Yoast SEO plugin v26.2 - https:\/\/yoast.com\/wordpress\/plugins\/seo\/ -->\n<title>FRIO CHEGA PARA VALER, EM URUPEMA -7,2 GRAUS NEGATIVOS - Travel3<\/title>\n<meta name=\"description\" content=\"A TRAVEL3 \u00e9 um portal de conte\u00fado voltado para o turismo, encontre destinos, viagens, hospedagem, passagens, guias, not\u00edcias sobre o mercado do turismo, dicas de viagem, v\u00eddeos e podcast.\" \/>\n<meta name=\"robots\" content=\"index, follow, max-snippet:-1, max-image-preview:large, max-video-preview:-1\" \/>\n<link rel=\"canonical\" href=\"https:\/\/www.travel3.com.br\/site\/sem-categoria\/frio-chega-para-valer-em-urupema-72-graus-negativos\/\" \/>\n<meta property=\"og:locale\" content=\"pt_BR\" \/>\n<meta property=\"og:type\" content=\"article\" \/>\n<meta property=\"og:title\" content=\"FRIO CHEGA PARA VALER, EM URUPEMA -7,2 GRAUS NEGATIVOS - Travel3\" \/>\n<meta property=\"og:description\" content=\"A TRAVEL3 \u00e9 um portal de conte\u00fado voltado para o turismo, encontre destinos, viagens, hospedagem, passagens, guias, not\u00edcias sobre o mercado do turismo, dicas de viagem, v\u00eddeos e podcast.\" \/>\n<meta property=\"og:url\" content=\"https:\/\/www.travel3.com.br\/site\/sem-categoria\/frio-chega-para-valer-em-urupema-72-graus-negativos\/\" \/>\n<meta property=\"og:site_name\" content=\"Travel3\" \/>\n<meta property=\"article:publisher\" content=\"https:\/\/www.facebook.com\/travel3media\/\" \/>\n<meta property=\"article:published_time\" content=\"2017-09-12T09:21:48+00:00\" \/>\n<meta name=\"author\" content=\"admin\" \/>\n<meta name=\"twitter:card\" content=\"summary_large_image\" \/>\n<meta name=\"twitter:label1\" content=\"Escrito por\" \/>\n\t<meta name=\"twitter:data1\" content=\"admin\" \/>\n\t<meta name=\"twitter:label2\" content=\"Est. tempo de leitura\" \/>\n\t<meta name=\"twitter:data2\" content=\"2 minutos\" \/>\n<script type=\"application\/ld+json\" class=\"yoast-schema-graph\">{\"@context\":\"https:\/\/schema.org\",\"@graph\":[{\"@type\":\"Article\",\"@id\":\"https:\/\/www.travel3.com.br\/site\/sem-categoria\/frio-chega-para-valer-em-urupema-72-graus-negativos\/#article\",\"isPartOf\":{\"@id\":\"https:\/\/www.travel3.com.br\/site\/sem-categoria\/frio-chega-para-valer-em-urupema-72-graus-negativos\/\"},\"author\":{\"name\":\"admin\",\"@id\":\"https:\/\/www.travel3.com.br\/site\/#\/schema\/person\/a69d71e41a024999b6ab82369ac0bd1e\"},\"headline\":\"FRIO CHEGA PARA VALER, EM URUPEMA -7,2 GRAUS NEGATIVOS\",\"datePublished\":\"2017-09-12T09:21:48+00:00\",\"mainEntityOfPage\":{\"@id\":\"https:\/\/www.travel3.com.br\/site\/sem-categoria\/frio-chega-para-valer-em-urupema-72-graus-negativos\/\"},\"wordCount\":373,\"commentCount\":0,\"publisher\":{\"@id\":\"https:\/\/www.travel3.com.br\/site\/#organization\"},\"inLanguage\":\"pt-BR\",\"potentialAction\":[{\"@type\":\"CommentAction\",\"name\":\"Comment\",\"target\":[\"https:\/\/www.travel3.com.br\/site\/sem-categoria\/frio-chega-para-valer-em-urupema-72-graus-negativos\/#respond\"]}]},{\"@type\":\"WebPage\",\"@id\":\"https:\/\/www.travel3.com.br\/site\/sem-categoria\/frio-chega-para-valer-em-urupema-72-graus-negativos\/\",\"url\":\"https:\/\/www.travel3.com.br\/site\/sem-categoria\/frio-chega-para-valer-em-urupema-72-graus-negativos\/\",\"name\":\"FRIO CHEGA PARA VALER, EM URUPEMA -7,2 GRAUS NEGATIVOS - Travel3\",\"isPartOf\":{\"@id\":\"https:\/\/www.travel3.com.br\/site\/#website\"},\"datePublished\":\"2017-09-12T09:21:48+00:00\",\"description\":\"A TRAVEL3 \u00e9 um portal de conte\u00fado voltado para o turismo, encontre destinos, viagens, hospedagem, passagens, guias, not\u00edcias sobre o mercado do turismo, dicas de viagem, v\u00eddeos e podcast.\",\"breadcrumb\":{\"@id\":\"https:\/\/www.travel3.com.br\/site\/sem-categoria\/frio-chega-para-valer-em-urupema-72-graus-negativos\/#breadcrumb\"},\"inLanguage\":\"pt-BR\",\"potentialAction\":[{\"@type\":\"ReadAction\",\"target\":[\"https:\/\/www.travel3.com.br\/site\/sem-categoria\/frio-chega-para-valer-em-urupema-72-graus-negativos\/\"]}]},{\"@type\":\"BreadcrumbList\",\"@id\":\"https:\/\/www.travel3.com.br\/site\/sem-categoria\/frio-chega-para-valer-em-urupema-72-graus-negativos\/#breadcrumb\",\"itemListElement\":[{\"@type\":\"ListItem\",\"position\":1,\"name\":\"In\u00edcio\",\"item\":\"https:\/\/www.travel3.com.br\/site\/\"},{\"@type\":\"ListItem\",\"position\":2,\"name\":\"FRIO CHEGA PARA VALER, EM URUPEMA -7,2 GRAUS NEGATIVOS\"}]},{\"@type\":\"WebSite\",\"@id\":\"https:\/\/www.travel3.com.br\/site\/#website\",\"url\":\"https:\/\/www.travel3.com.br\/site\/\",\"name\":\"Travel3\",\"description\":\"Lazer + Neg&oacute;cios + Aventura\",\"publisher\":{\"@id\":\"https:\/\/www.travel3.com.br\/site\/#organization\"},\"potentialAction\":[{\"@type\":\"SearchAction\",\"target\":{\"@type\":\"EntryPoint\",\"urlTemplate\":\"https:\/\/www.travel3.com.br\/site\/?s={search_term_string}\"},\"query-input\":{\"@type\":\"PropertyValueSpecification\",\"valueRequired\":true,\"valueName\":\"search_term_string\"}}],\"inLanguage\":\"pt-BR\"},{\"@type\":\"Organization\",\"@id\":\"https:\/\/www.travel3.com.br\/site\/#organization\",\"name\":\"Travel3\",\"url\":\"https:\/\/www.travel3.com.br\/site\/\",\"logo\":{\"@type\":\"ImageObject\",\"inLanguage\":\"pt-BR\",\"@id\":\"https:\/\/www.travel3.com.br\/site\/#\/schema\/logo\/image\/\",\"url\":\"https:\/\/www.travel3.com.br\/site\/wp-content\/uploads\/2020\/01\/logo-travel3-2020.png\",\"contentUrl\":\"https:\/\/www.travel3.com.br\/site\/wp-content\/uploads\/2020\/01\/logo-travel3-2020.png\",\"width\":232,\"height\":79,\"caption\":\"Travel3\"},\"image\":{\"@id\":\"https:\/\/www.travel3.com.br\/site\/#\/schema\/logo\/image\/\"},\"sameAs\":[\"https:\/\/www.facebook.com\/travel3media\/\",\"https:\/\/www.instagram.com\/revistatravel3\/\",\"https:\/\/www.youtube.com\/channel\/UCno7J4paGBR3VbZQzvoJ9Eg\"]},{\"@type\":\"Person\",\"@id\":\"https:\/\/www.travel3.com.br\/site\/#\/schema\/person\/a69d71e41a024999b6ab82369ac0bd1e\",\"name\":\"admin\",\"image\":{\"@type\":\"ImageObject\",\"inLanguage\":\"pt-BR\",\"@id\":\"https:\/\/www.travel3.com.br\/site\/#\/schema\/person\/image\/\",\"url\":\"https:\/\/secure.gravatar.com\/avatar\/732a67adfd764da2a47ba10ce731c4c0?s=96&d=mm&r=g\",\"contentUrl\":\"https:\/\/secure.gravatar.com\/avatar\/732a67adfd764da2a47ba10ce731c4c0?s=96&d=mm&r=g\",\"caption\":\"admin\"},\"url\":\"https:\/\/www.travel3.com.br\/site\/author\/admin\/\"}]}<\/script>\n<!-- \/ Yoast SEO plugin. -->","yoast_head_json":{"title":"FRIO CHEGA PARA VALER, EM URUPEMA -7,2 GRAUS NEGATIVOS - Travel3","description":"A TRAVEL3 \u00e9 um portal de conte\u00fado voltado para o turismo, encontre destinos, viagens, hospedagem, passagens, guias, not\u00edcias sobre o mercado do turismo, dicas de viagem, v\u00eddeos e podcast.","robots":{"index":"index","follow":"follow","max-snippet":"max-snippet:-1","max-image-preview":"max-image-preview:large","max-video-preview":"max-video-preview:-1"},"canonical":"https:\/\/www.travel3.com.br\/site\/sem-categoria\/frio-chega-para-valer-em-urupema-72-graus-negativos\/","og_locale":"pt_BR","og_type":"article","og_title":"FRIO CHEGA PARA VALER, EM URUPEMA -7,2 GRAUS NEGATIVOS - Travel3","og_description":"A TRAVEL3 \u00e9 um portal de conte\u00fado voltado para o turismo, encontre destinos, viagens, hospedagem, passagens, guias, not\u00edcias sobre o mercado do turismo, dicas de viagem, v\u00eddeos e podcast.","og_url":"https:\/\/www.travel3.com.br\/site\/sem-categoria\/frio-chega-para-valer-em-urupema-72-graus-negativos\/","og_site_name":"Travel3","article_publisher":"https:\/\/www.facebook.com\/travel3media\/","article_published_time":"2017-09-12T09:21:48+00:00","author":"admin","twitter_card":"summary_large_image","twitter_misc":{"Escrito por":"admin","Est. tempo de leitura":"2 minutos"},"schema":{"@context":"https:\/\/schema.org","@graph":[{"@type":"Article","@id":"https:\/\/www.travel3.com.br\/site\/sem-categoria\/frio-chega-para-valer-em-urupema-72-graus-negativos\/#article","isPartOf":{"@id":"https:\/\/www.travel3.com.br\/site\/sem-categoria\/frio-chega-para-valer-em-urupema-72-graus-negativos\/"},"author":{"name":"admin","@id":"https:\/\/www.travel3.com.br\/site\/#\/schema\/person\/a69d71e41a024999b6ab82369ac0bd1e"},"headline":"FRIO CHEGA PARA VALER, EM URUPEMA -7,2 GRAUS NEGATIVOS","datePublished":"2017-09-12T09:21:48+00:00","mainEntityOfPage":{"@id":"https:\/\/www.travel3.com.br\/site\/sem-categoria\/frio-chega-para-valer-em-urupema-72-graus-negativos\/"},"wordCount":373,"commentCount":0,"publisher":{"@id":"https:\/\/www.travel3.com.br\/site\/#organization"},"inLanguage":"pt-BR","potentialAction":[{"@type":"CommentAction","name":"Comment","target":["https:\/\/www.travel3.com.br\/site\/sem-categoria\/frio-chega-para-valer-em-urupema-72-graus-negativos\/#respond"]}]},{"@type":"WebPage","@id":"https:\/\/www.travel3.com.br\/site\/sem-categoria\/frio-chega-para-valer-em-urupema-72-graus-negativos\/","url":"https:\/\/www.travel3.com.br\/site\/sem-categoria\/frio-chega-para-valer-em-urupema-72-graus-negativos\/","name":"FRIO CHEGA PARA VALER, EM URUPEMA -7,2 GRAUS NEGATIVOS - Travel3","isPartOf":{"@id":"https:\/\/www.travel3.com.br\/site\/#website"},"datePublished":"2017-09-12T09:21:48+00:00","description":"A TRAVEL3 \u00e9 um portal de conte\u00fado voltado para o turismo, encontre destinos, viagens, hospedagem, passagens, guias, not\u00edcias sobre o mercado do turismo, dicas de viagem, v\u00eddeos e podcast.","breadcrumb":{"@id":"https:\/\/www.travel3.com.br\/site\/sem-categoria\/frio-chega-para-valer-em-urupema-72-graus-negativos\/#breadcrumb"},"inLanguage":"pt-BR","potentialAction":[{"@type":"ReadAction","target":["https:\/\/www.travel3.com.br\/site\/sem-categoria\/frio-chega-para-valer-em-urupema-72-graus-negativos\/"]}]},{"@type":"BreadcrumbList","@id":"https:\/\/www.travel3.com.br\/site\/sem-categoria\/frio-chega-para-valer-em-urupema-72-graus-negativos\/#breadcrumb","itemListElement":[{"@type":"ListItem","position":1,"name":"In\u00edcio","item":"https:\/\/www.travel3.com.br\/site\/"},{"@type":"ListItem","position":2,"name":"FRIO CHEGA PARA VALER, EM URUPEMA -7,2 GRAUS NEGATIVOS"}]},{"@type":"WebSite","@id":"https:\/\/www.travel3.com.br\/site\/#website","url":"https:\/\/www.travel3.com.br\/site\/","name":"Travel3","description":"Lazer + Neg&oacute;cios + Aventura","publisher":{"@id":"https:\/\/www.travel3.com.br\/site\/#organization"},"potentialAction":[{"@type":"SearchAction","target":{"@type":"EntryPoint","urlTemplate":"https:\/\/www.travel3.com.br\/site\/?s={search_term_string}"},"query-input":{"@type":"PropertyValueSpecification","valueRequired":true,"valueName":"search_term_string"}}],"inLanguage":"pt-BR"},{"@type":"Organization","@id":"https:\/\/www.travel3.com.br\/site\/#organization","name":"Travel3","url":"https:\/\/www.travel3.com.br\/site\/","logo":{"@type":"ImageObject","inLanguage":"pt-BR","@id":"https:\/\/www.travel3.com.br\/site\/#\/schema\/logo\/image\/","url":"https:\/\/www.travel3.com.br\/site\/wp-content\/uploads\/2020\/01\/logo-travel3-2020.png","contentUrl":"https:\/\/www.travel3.com.br\/site\/wp-content\/uploads\/2020\/01\/logo-travel3-2020.png","width":232,"height":79,"caption":"Travel3"},"image":{"@id":"https:\/\/www.travel3.com.br\/site\/#\/schema\/logo\/image\/"},"sameAs":["https:\/\/www.facebook.com\/travel3media\/","https:\/\/www.instagram.com\/revistatravel3\/","https:\/\/www.youtube.com\/channel\/UCno7J4paGBR3VbZQzvoJ9Eg"]},{"@type":"Person","@id":"https:\/\/www.travel3.com.br\/site\/#\/schema\/person\/a69d71e41a024999b6ab82369ac0bd1e","name":"admin","image":{"@type":"ImageObject","inLanguage":"pt-BR","@id":"https:\/\/www.travel3.com.br\/site\/#\/schema\/person\/image\/","url":"https:\/\/secure.gravatar.com\/avatar\/732a67adfd764da2a47ba10ce731c4c0?s=96&d=mm&r=g","contentUrl":"https:\/\/secure.gravatar.com\/avatar\/732a67adfd764da2a47ba10ce731c4c0?s=96&d=mm&r=g","caption":"admin"},"url":"https:\/\/www.travel3.com.br\/site\/author\/admin\/"}]}},"_links":{"self":[{"href":"https:\/\/www.travel3.com.br\/site\/wp-json\/wp\/v2\/posts\/5262","targetHints":{"allow":["GET"]}}],"collection":[{"href":"https:\/\/www.travel3.com.br\/site\/wp-json\/wp\/v2\/posts"}],"about":[{"href":"https:\/\/www.travel3.com.br\/site\/wp-json\/wp\/v2\/types\/post"}],"author":[{"embeddable":true,"href":"https:\/\/www.travel3.com.br\/site\/wp-json\/wp\/v2\/users\/1"}],"replies":[{"embeddable":true,"href":"https:\/\/www.travel3.com.br\/site\/wp-json\/wp\/v2\/comments?post=5262"}],"version-history":[{"count":0,"href":"https:\/\/www.travel3.com.br\/site\/wp-json\/wp\/v2\/posts\/5262\/revisions"}],"wp:attachment":[{"href":"https:\/\/www.travel3.com.br\/site\/wp-json\/wp\/v2\/media?parent=5262"}],"wp:term":[{"taxonomy":"category","embeddable":true,"href":"https:\/\/www.travel3.com.br\/site\/wp-json\/wp\/v2\/categories?post=5262"},{"taxonomy":"post_tag","embeddable":true,"href":"https:\/\/www.travel3.com.br\/site\/wp-json\/wp\/v2\/tags?post=5262"}],"curies":[{"name":"wp","href":"https:\/\/api.w.org\/{rel}","templated":true}]}}