{"id":5250,"date":"2017-08-11T07:39:03","date_gmt":"2017-08-11T07:39:03","guid":{"rendered":"http:\/\/www.travel3.com.br\/site\/ir-e-vir\/ar\/festival-bravo-delle-botti-e-atracao-de-toscana\/"},"modified":"2017-08-11T07:39:03","modified_gmt":"2017-08-11T07:39:03","slug":"festival-bravo-delle-botti-e-atracao-de-toscana","status":"publish","type":"post","link":"https:\/\/www.travel3.com.br\/site\/sem-categoria\/festival-bravo-delle-botti-e-atracao-de-toscana\/","title":{"rendered":"FESTIVAL BRAVO DELLE BOTTI \u00c9 ATRA\u00c7\u00c3O DE TOSCANA"},"content":{"rendered":"<p><span style=\"color: #40acad; font-family: -apple-system, system-ui, 'Segoe UI', Roboto, Oxygen-Sans, Ubuntu, Cantarell, 'Helvetica Neue', sans-serif; font-size: 12px; font-weight: bold;\"><\/p>\n<p style=\"text-align:justify\">Durante os meses do ver\u00e3o europeu, diversos festivais medievais animam a regi\u00e3o da Toscana. Na prov\u00edncia de Siena, um dos destaques \u00e9 o \u201cBravio delle Botti\u201d (<a href=\"http:\/\/www.braviodellebotti.com\/\" target=\"_blank\">http:\/\/www.braviodellebotti.com\/<\/a>), em Montepulciano,\u00a0que acontece\u00a0no \u00faltimo fim de semana de agosto, entre os dias 25 e 28.<\/p>\n<p style=\"text-align:justify\">O ponto alto \u00e9\u00a0uma corrida\u00a0com os barris do renomado vinho local, o\u00a0Nobile di Montepulciano, que foi inspirada nas tradicionais corridas medievais de cavalos.\u00a0Nela,\u00a0duplas de corredores representam os oito distritos da cidade, ou<em>contrade<\/em>, rolando o barril de 80 kg por mais de um quil\u00f4metro nas ruas estreitas do centro hist\u00f3rico. A geografia da cidade faz do trajeto morro acima at\u00e9 a pra\u00e7a da catedral, a Piazza Grande, o que torna tudo mais dif\u00edcil \u2013 e divertido.<\/p>\n<p style=\"text-align:justify\">Toda a cidade, de origem etrusca e que floresceu do fim do s\u00e9culo XIV ao XVII, se organiza ao redor do festival com cortejos, missas e festas. O centro \u00e9 decorado com bandeiras e adornos com as cores dos distritos, e os desfiles com roupas t\u00edpicas transportam os turistas \u00e0 Idade M\u00e9dia. As celebra\u00e7\u00f5es come\u00e7am na noite da quinta-feira, 25 de agosto, quando toda a cidade apaga as luzes para destacar a beleza da prociss\u00e3o de velas, com tambores e bandeiras. Ao fim da cerim\u00f4nia, as velas s\u00e3o oferecidas ao padroeiro S\u00e3o Jo\u00e3o Batista e o p\u00fablico aproveita apresenta\u00e7\u00f5es de artes, como dan\u00e7a e teatro. J\u00e1 no domingo da corrida, a dica \u00e9 chegar bem cedo para curtir todas as atividades.<\/p>\n<p style=\"text-align:justify\">Para aproveitar este e outros eventos, a dica \u00e9 hospedar-se no Laticastelli Country Relais, que foi um castelo fortificado no come\u00e7o do s\u00e9culo XIII\u00a0totalmente reformado e com localiza\u00e7\u00e3o estrat\u00e9gica, a apenas 40 minutos de Montepulciano, 30 minutos de Siena e 2 horas de Roma. O hotel conta com 33 confort\u00e1veis su\u00edtes equipadas com ar condicionado, frigobar, aparelho de DVD, internet, telefone e Wi-Fi\u00a0gratuito, sendo algumas delas com\u00a0sala e cozinha.\u00a0Al\u00e9m disso, h\u00e1 uma\u00a0piscina, bicicletas para passeio e o\u00a0restaurante La Taverna, onde s\u00e3o oferecidasdegusta\u00e7\u00f5es de vinhos locais na adega e\u00a0onde \u00e0s noites \u00e9 poss\u00edvel jantar desfrutando os diferentes sabores toscanos.\u00a0Mais informa\u00e7\u00f5es podem ser obtidas em\u00a0<a href=\"http:\/\/www.laticastelli.com\/\" target=\"_blank\">http:\/\/www.laticastelli.com<\/a>\u00a0ou com os principais operadores e ag\u00eancias de turismo.<\/p>\n<p><\/span><\/p>\n","protected":false},"excerpt":{"rendered":"<p>Uma dica de hospedagem para acompanh\u00e1-lo \u00e9 o belo hotel Laticastelli Country Relais, que tem posi\u00e7\u00e3o estrat\u00e9gica na regi\u00e3o<\/p>\n","protected":false},"author":1,"featured_media":0,"comment_status":"open","ping_status":"open","sticky":false,"template":"","format":"standard","meta":{"footnotes":""},"categories":[],"tags":[],"class_list":["post-5250","post","type-post","status-publish","format-standard","hentry"],"yoast_head":"<!-- This site is optimized with the Yoast SEO plugin v26.2 - https:\/\/yoast.com\/wordpress\/plugins\/seo\/ -->\n<title>FESTIVAL BRAVO DELLE BOTTI \u00c9 ATRA\u00c7\u00c3O DE TOSCANA - Travel3<\/title>\n<meta name=\"description\" content=\"A TRAVEL3 \u00e9 um portal de conte\u00fado voltado para o turismo, encontre destinos, viagens, hospedagem, passagens, guias, not\u00edcias sobre o mercado do turismo, dicas de viagem, v\u00eddeos e podcast.\" \/>\n<meta name=\"robots\" content=\"index, follow, max-snippet:-1, max-image-preview:large, max-video-preview:-1\" \/>\n<link rel=\"canonical\" href=\"https:\/\/www.travel3.com.br\/site\/sem-categoria\/festival-bravo-delle-botti-e-atracao-de-toscana\/\" \/>\n<meta property=\"og:locale\" content=\"pt_BR\" \/>\n<meta property=\"og:type\" content=\"article\" \/>\n<meta property=\"og:title\" content=\"FESTIVAL BRAVO DELLE BOTTI \u00c9 ATRA\u00c7\u00c3O DE TOSCANA - Travel3\" \/>\n<meta property=\"og:description\" content=\"A TRAVEL3 \u00e9 um portal de conte\u00fado voltado para o turismo, encontre destinos, viagens, hospedagem, passagens, guias, not\u00edcias sobre o mercado do turismo, dicas de viagem, v\u00eddeos e podcast.\" \/>\n<meta property=\"og:url\" content=\"https:\/\/www.travel3.com.br\/site\/sem-categoria\/festival-bravo-delle-botti-e-atracao-de-toscana\/\" \/>\n<meta property=\"og:site_name\" content=\"Travel3\" \/>\n<meta property=\"article:publisher\" content=\"https:\/\/www.facebook.com\/travel3media\/\" \/>\n<meta property=\"article:published_time\" content=\"2017-08-11T07:39:03+00:00\" \/>\n<meta name=\"author\" content=\"admin\" \/>\n<meta name=\"twitter:card\" content=\"summary_large_image\" \/>\n<meta name=\"twitter:label1\" content=\"Escrito por\" \/>\n\t<meta name=\"twitter:data1\" content=\"admin\" \/>\n\t<meta name=\"twitter:label2\" content=\"Est. tempo de leitura\" \/>\n\t<meta name=\"twitter:data2\" content=\"2 minutos\" \/>\n<script type=\"application\/ld+json\" class=\"yoast-schema-graph\">{\"@context\":\"https:\/\/schema.org\",\"@graph\":[{\"@type\":\"Article\",\"@id\":\"https:\/\/www.travel3.com.br\/site\/sem-categoria\/festival-bravo-delle-botti-e-atracao-de-toscana\/#article\",\"isPartOf\":{\"@id\":\"https:\/\/www.travel3.com.br\/site\/sem-categoria\/festival-bravo-delle-botti-e-atracao-de-toscana\/\"},\"author\":{\"name\":\"admin\",\"@id\":\"https:\/\/www.travel3.com.br\/site\/#\/schema\/person\/a69d71e41a024999b6ab82369ac0bd1e\"},\"headline\":\"FESTIVAL BRAVO DELLE BOTTI \u00c9 ATRA\u00c7\u00c3O DE TOSCANA\",\"datePublished\":\"2017-08-11T07:39:03+00:00\",\"mainEntityOfPage\":{\"@id\":\"https:\/\/www.travel3.com.br\/site\/sem-categoria\/festival-bravo-delle-botti-e-atracao-de-toscana\/\"},\"wordCount\":396,\"commentCount\":0,\"publisher\":{\"@id\":\"https:\/\/www.travel3.com.br\/site\/#organization\"},\"inLanguage\":\"pt-BR\",\"potentialAction\":[{\"@type\":\"CommentAction\",\"name\":\"Comment\",\"target\":[\"https:\/\/www.travel3.com.br\/site\/sem-categoria\/festival-bravo-delle-botti-e-atracao-de-toscana\/#respond\"]}]},{\"@type\":\"WebPage\",\"@id\":\"https:\/\/www.travel3.com.br\/site\/sem-categoria\/festival-bravo-delle-botti-e-atracao-de-toscana\/\",\"url\":\"https:\/\/www.travel3.com.br\/site\/sem-categoria\/festival-bravo-delle-botti-e-atracao-de-toscana\/\",\"name\":\"FESTIVAL BRAVO DELLE BOTTI \u00c9 ATRA\u00c7\u00c3O DE TOSCANA - Travel3\",\"isPartOf\":{\"@id\":\"https:\/\/www.travel3.com.br\/site\/#website\"},\"datePublished\":\"2017-08-11T07:39:03+00:00\",\"description\":\"A TRAVEL3 \u00e9 um portal de conte\u00fado voltado para o turismo, encontre destinos, viagens, hospedagem, passagens, guias, not\u00edcias sobre o mercado do turismo, dicas de viagem, v\u00eddeos e podcast.\",\"breadcrumb\":{\"@id\":\"https:\/\/www.travel3.com.br\/site\/sem-categoria\/festival-bravo-delle-botti-e-atracao-de-toscana\/#breadcrumb\"},\"inLanguage\":\"pt-BR\",\"potentialAction\":[{\"@type\":\"ReadAction\",\"target\":[\"https:\/\/www.travel3.com.br\/site\/sem-categoria\/festival-bravo-delle-botti-e-atracao-de-toscana\/\"]}]},{\"@type\":\"BreadcrumbList\",\"@id\":\"https:\/\/www.travel3.com.br\/site\/sem-categoria\/festival-bravo-delle-botti-e-atracao-de-toscana\/#breadcrumb\",\"itemListElement\":[{\"@type\":\"ListItem\",\"position\":1,\"name\":\"In\u00edcio\",\"item\":\"https:\/\/www.travel3.com.br\/site\/\"},{\"@type\":\"ListItem\",\"position\":2,\"name\":\"FESTIVAL BRAVO DELLE BOTTI \u00c9 ATRA\u00c7\u00c3O DE TOSCANA\"}]},{\"@type\":\"WebSite\",\"@id\":\"https:\/\/www.travel3.com.br\/site\/#website\",\"url\":\"https:\/\/www.travel3.com.br\/site\/\",\"name\":\"Travel3\",\"description\":\"Lazer + Neg&oacute;cios + Aventura\",\"publisher\":{\"@id\":\"https:\/\/www.travel3.com.br\/site\/#organization\"},\"potentialAction\":[{\"@type\":\"SearchAction\",\"target\":{\"@type\":\"EntryPoint\",\"urlTemplate\":\"https:\/\/www.travel3.com.br\/site\/?s={search_term_string}\"},\"query-input\":{\"@type\":\"PropertyValueSpecification\",\"valueRequired\":true,\"valueName\":\"search_term_string\"}}],\"inLanguage\":\"pt-BR\"},{\"@type\":\"Organization\",\"@id\":\"https:\/\/www.travel3.com.br\/site\/#organization\",\"name\":\"Travel3\",\"url\":\"https:\/\/www.travel3.com.br\/site\/\",\"logo\":{\"@type\":\"ImageObject\",\"inLanguage\":\"pt-BR\",\"@id\":\"https:\/\/www.travel3.com.br\/site\/#\/schema\/logo\/image\/\",\"url\":\"https:\/\/www.travel3.com.br\/site\/wp-content\/uploads\/2020\/01\/logo-travel3-2020.png\",\"contentUrl\":\"https:\/\/www.travel3.com.br\/site\/wp-content\/uploads\/2020\/01\/logo-travel3-2020.png\",\"width\":232,\"height\":79,\"caption\":\"Travel3\"},\"image\":{\"@id\":\"https:\/\/www.travel3.com.br\/site\/#\/schema\/logo\/image\/\"},\"sameAs\":[\"https:\/\/www.facebook.com\/travel3media\/\",\"https:\/\/www.instagram.com\/revistatravel3\/\",\"https:\/\/www.youtube.com\/channel\/UCno7J4paGBR3VbZQzvoJ9Eg\"]},{\"@type\":\"Person\",\"@id\":\"https:\/\/www.travel3.com.br\/site\/#\/schema\/person\/a69d71e41a024999b6ab82369ac0bd1e\",\"name\":\"admin\",\"image\":{\"@type\":\"ImageObject\",\"inLanguage\":\"pt-BR\",\"@id\":\"https:\/\/www.travel3.com.br\/site\/#\/schema\/person\/image\/\",\"url\":\"https:\/\/secure.gravatar.com\/avatar\/732a67adfd764da2a47ba10ce731c4c0?s=96&d=mm&r=g\",\"contentUrl\":\"https:\/\/secure.gravatar.com\/avatar\/732a67adfd764da2a47ba10ce731c4c0?s=96&d=mm&r=g\",\"caption\":\"admin\"},\"url\":\"https:\/\/www.travel3.com.br\/site\/author\/admin\/\"}]}<\/script>\n<!-- \/ Yoast SEO plugin. -->","yoast_head_json":{"title":"FESTIVAL BRAVO DELLE BOTTI \u00c9 ATRA\u00c7\u00c3O DE TOSCANA - Travel3","description":"A TRAVEL3 \u00e9 um portal de conte\u00fado voltado para o turismo, encontre destinos, viagens, hospedagem, passagens, guias, not\u00edcias sobre o mercado do turismo, dicas de viagem, v\u00eddeos e podcast.","robots":{"index":"index","follow":"follow","max-snippet":"max-snippet:-1","max-image-preview":"max-image-preview:large","max-video-preview":"max-video-preview:-1"},"canonical":"https:\/\/www.travel3.com.br\/site\/sem-categoria\/festival-bravo-delle-botti-e-atracao-de-toscana\/","og_locale":"pt_BR","og_type":"article","og_title":"FESTIVAL BRAVO DELLE BOTTI \u00c9 ATRA\u00c7\u00c3O DE TOSCANA - Travel3","og_description":"A TRAVEL3 \u00e9 um portal de conte\u00fado voltado para o turismo, encontre destinos, viagens, hospedagem, passagens, guias, not\u00edcias sobre o mercado do turismo, dicas de viagem, v\u00eddeos e podcast.","og_url":"https:\/\/www.travel3.com.br\/site\/sem-categoria\/festival-bravo-delle-botti-e-atracao-de-toscana\/","og_site_name":"Travel3","article_publisher":"https:\/\/www.facebook.com\/travel3media\/","article_published_time":"2017-08-11T07:39:03+00:00","author":"admin","twitter_card":"summary_large_image","twitter_misc":{"Escrito por":"admin","Est. tempo de leitura":"2 minutos"},"schema":{"@context":"https:\/\/schema.org","@graph":[{"@type":"Article","@id":"https:\/\/www.travel3.com.br\/site\/sem-categoria\/festival-bravo-delle-botti-e-atracao-de-toscana\/#article","isPartOf":{"@id":"https:\/\/www.travel3.com.br\/site\/sem-categoria\/festival-bravo-delle-botti-e-atracao-de-toscana\/"},"author":{"name":"admin","@id":"https:\/\/www.travel3.com.br\/site\/#\/schema\/person\/a69d71e41a024999b6ab82369ac0bd1e"},"headline":"FESTIVAL BRAVO DELLE BOTTI \u00c9 ATRA\u00c7\u00c3O DE TOSCANA","datePublished":"2017-08-11T07:39:03+00:00","mainEntityOfPage":{"@id":"https:\/\/www.travel3.com.br\/site\/sem-categoria\/festival-bravo-delle-botti-e-atracao-de-toscana\/"},"wordCount":396,"commentCount":0,"publisher":{"@id":"https:\/\/www.travel3.com.br\/site\/#organization"},"inLanguage":"pt-BR","potentialAction":[{"@type":"CommentAction","name":"Comment","target":["https:\/\/www.travel3.com.br\/site\/sem-categoria\/festival-bravo-delle-botti-e-atracao-de-toscana\/#respond"]}]},{"@type":"WebPage","@id":"https:\/\/www.travel3.com.br\/site\/sem-categoria\/festival-bravo-delle-botti-e-atracao-de-toscana\/","url":"https:\/\/www.travel3.com.br\/site\/sem-categoria\/festival-bravo-delle-botti-e-atracao-de-toscana\/","name":"FESTIVAL BRAVO DELLE BOTTI \u00c9 ATRA\u00c7\u00c3O DE TOSCANA - Travel3","isPartOf":{"@id":"https:\/\/www.travel3.com.br\/site\/#website"},"datePublished":"2017-08-11T07:39:03+00:00","description":"A TRAVEL3 \u00e9 um portal de conte\u00fado voltado para o turismo, encontre destinos, viagens, hospedagem, passagens, guias, not\u00edcias sobre o mercado do turismo, dicas de viagem, v\u00eddeos e podcast.","breadcrumb":{"@id":"https:\/\/www.travel3.com.br\/site\/sem-categoria\/festival-bravo-delle-botti-e-atracao-de-toscana\/#breadcrumb"},"inLanguage":"pt-BR","potentialAction":[{"@type":"ReadAction","target":["https:\/\/www.travel3.com.br\/site\/sem-categoria\/festival-bravo-delle-botti-e-atracao-de-toscana\/"]}]},{"@type":"BreadcrumbList","@id":"https:\/\/www.travel3.com.br\/site\/sem-categoria\/festival-bravo-delle-botti-e-atracao-de-toscana\/#breadcrumb","itemListElement":[{"@type":"ListItem","position":1,"name":"In\u00edcio","item":"https:\/\/www.travel3.com.br\/site\/"},{"@type":"ListItem","position":2,"name":"FESTIVAL BRAVO DELLE BOTTI \u00c9 ATRA\u00c7\u00c3O DE TOSCANA"}]},{"@type":"WebSite","@id":"https:\/\/www.travel3.com.br\/site\/#website","url":"https:\/\/www.travel3.com.br\/site\/","name":"Travel3","description":"Lazer + Neg&oacute;cios + Aventura","publisher":{"@id":"https:\/\/www.travel3.com.br\/site\/#organization"},"potentialAction":[{"@type":"SearchAction","target":{"@type":"EntryPoint","urlTemplate":"https:\/\/www.travel3.com.br\/site\/?s={search_term_string}"},"query-input":{"@type":"PropertyValueSpecification","valueRequired":true,"valueName":"search_term_string"}}],"inLanguage":"pt-BR"},{"@type":"Organization","@id":"https:\/\/www.travel3.com.br\/site\/#organization","name":"Travel3","url":"https:\/\/www.travel3.com.br\/site\/","logo":{"@type":"ImageObject","inLanguage":"pt-BR","@id":"https:\/\/www.travel3.com.br\/site\/#\/schema\/logo\/image\/","url":"https:\/\/www.travel3.com.br\/site\/wp-content\/uploads\/2020\/01\/logo-travel3-2020.png","contentUrl":"https:\/\/www.travel3.com.br\/site\/wp-content\/uploads\/2020\/01\/logo-travel3-2020.png","width":232,"height":79,"caption":"Travel3"},"image":{"@id":"https:\/\/www.travel3.com.br\/site\/#\/schema\/logo\/image\/"},"sameAs":["https:\/\/www.facebook.com\/travel3media\/","https:\/\/www.instagram.com\/revistatravel3\/","https:\/\/www.youtube.com\/channel\/UCno7J4paGBR3VbZQzvoJ9Eg"]},{"@type":"Person","@id":"https:\/\/www.travel3.com.br\/site\/#\/schema\/person\/a69d71e41a024999b6ab82369ac0bd1e","name":"admin","image":{"@type":"ImageObject","inLanguage":"pt-BR","@id":"https:\/\/www.travel3.com.br\/site\/#\/schema\/person\/image\/","url":"https:\/\/secure.gravatar.com\/avatar\/732a67adfd764da2a47ba10ce731c4c0?s=96&d=mm&r=g","contentUrl":"https:\/\/secure.gravatar.com\/avatar\/732a67adfd764da2a47ba10ce731c4c0?s=96&d=mm&r=g","caption":"admin"},"url":"https:\/\/www.travel3.com.br\/site\/author\/admin\/"}]}},"_links":{"self":[{"href":"https:\/\/www.travel3.com.br\/site\/wp-json\/wp\/v2\/posts\/5250","targetHints":{"allow":["GET"]}}],"collection":[{"href":"https:\/\/www.travel3.com.br\/site\/wp-json\/wp\/v2\/posts"}],"about":[{"href":"https:\/\/www.travel3.com.br\/site\/wp-json\/wp\/v2\/types\/post"}],"author":[{"embeddable":true,"href":"https:\/\/www.travel3.com.br\/site\/wp-json\/wp\/v2\/users\/1"}],"replies":[{"embeddable":true,"href":"https:\/\/www.travel3.com.br\/site\/wp-json\/wp\/v2\/comments?post=5250"}],"version-history":[{"count":0,"href":"https:\/\/www.travel3.com.br\/site\/wp-json\/wp\/v2\/posts\/5250\/revisions"}],"wp:attachment":[{"href":"https:\/\/www.travel3.com.br\/site\/wp-json\/wp\/v2\/media?parent=5250"}],"wp:term":[{"taxonomy":"category","embeddable":true,"href":"https:\/\/www.travel3.com.br\/site\/wp-json\/wp\/v2\/categories?post=5250"},{"taxonomy":"post_tag","embeddable":true,"href":"https:\/\/www.travel3.com.br\/site\/wp-json\/wp\/v2\/tags?post=5250"}],"curies":[{"name":"wp","href":"https:\/\/api.w.org\/{rel}","templated":true}]}}