{"id":5239,"date":"2017-09-04T21:46:50","date_gmt":"2017-09-04T21:46:50","guid":{"rendered":"http:\/\/www.travel3.com.br\/site\/ir-e-vir\/ar\/rio-tera-mortadela-do-michelao-em-seu-estande\/"},"modified":"2017-09-04T21:46:50","modified_gmt":"2017-09-04T21:46:50","slug":"rio-tera-mortadela-do-michelao-em-seu-estande","status":"publish","type":"post","link":"https:\/\/www.travel3.com.br\/site\/sem-categoria\/rio-tera-mortadela-do-michelao-em-seu-estande\/","title":{"rendered":"RIO TER\u00c1 MORTADELA DO MICHEL\u00c3O EM SEU ESTANDE"},"content":{"rendered":"<p><span style=\"color: #40acad; font-family: -apple-system, system-ui, 'Segoe UI', Roboto, Oxygen-Sans, Ubuntu, Cantarell, 'Helvetica Neue', sans-serif; font-size: 12px; font-weight: bold;\"><\/p>\n<p style=\"text-align:justify\">Reconhecendo que o evento se destaca no calend\u00e1rio de feiras tur\u00edsticas com a oportunidade de promo\u00e7\u00e3o dos destinos, o Rio de Janeiro marca sua presen\u00e7a no FIT Cataratas trazendo a bordo \u00a0um produto que era paulista at\u00e9 o ano passado. A \u2018Mortadela do Michel\u00e3o\u2019 vai movimentar o estande da secretaria fluminense, como fez no ano passado quando estreou com esta chancela exatamente no FIT Cataratas.<\/p>\n<p style=\"text-align:justify\">Michel Tuma Ness e o filho Alexandre viajaram hoje pela GOL, no mesmo voo da equipe da <strong>TRAVEL3<\/strong> e confirmaram o acordo com a secretaria do Rio, repetindo o sucesso do ano passado. Ser\u00e3o 50 quilos do apetitoso sabor Ceratti que v\u00e3o atender aos participantes que passagem pelo estande fluminense.<\/p>\n<p style=\"text-align:justify\">Michelao resolveu uma vez mais n\u00e3o produzir o seu sempre aguardado &#39;Feij\u00e3o Amigo&#39;, com a reuni\u00e3o do clube que acontecia tradicionalmente no Mabu Hotel. E n\u00e3o \u00e9 s\u00f3 pelo custo do feij\u00e3o que vive uma alta daquelas. Outras quest\u00f5es operacionais foram alegadas pelo conhecido empres\u00e1rio que est\u00e1 com aten\u00e7\u00f5es voltadas atualmente para a pr\u00f3xima reuni\u00e3o, em Nova York, no m\u00eas de outubro,<\/p>\n<p style=\"text-align:justify\">Segundo \u00a0o secretario Nilo Sergio Felix, o Rio de Janeiro, em pleno ano ol\u00edmpico, quer dar uma configura\u00e7\u00e3o ainda mais caracter\u00edstica de presen\u00e7a brasileira ao recepcionar turistas de todos os lugares. Um destes pontos \u00e9 esta atra\u00e7\u00e3o que tem forte apelo junto ao p\u00fablico das feiras. \u2018O Festival de Turismo das Cataratas \u00e9 um evento consagrado no turismo nacional. Em 2015, por exemplo, foram 220 estandes e mais de 1.330 expositores. Al\u00e9m disso, profissionais de pa\u00edses da Am\u00e9rica Latina como Paraguai e Argentina, importantes mercadores emissores para n\u00f3s, participar\u00e3o do evento.<\/p>\n<p style=\"text-align:justify\"><a class=\"fancybox-media\" href=\"..\/_uploads\/_noticia\/2016-06\/riojestandeparafeira--2-.jpg\" rel=\"portfolio\"><img decoding=\"async\" alt=\"\" src=\"..\/_uploads\/_noticia\/2016-06\/riojestandeparafeira--2-.jpg\" \/><\/a><\/p>\n<p style=\"text-align:justify\">De outra parte, alguns munic\u00edpios do interior, sabendo da import\u00e2ncia do encontro para o desenvolvimento do turismo em suas cidades, tamb\u00e9m estar\u00e3o presentes no estande da Setur-RJ.<\/p>\n<p style=\"text-align:justify\">Reconhecendo este aspecto, os munic\u00edpios de Petr\u00f3polis, Nova Friburgo, Arraial do Cabo, Paraty, Niter\u00f3i e Angra dos Reis, levar\u00e3o uma equipe para promover seus destinos e distribuir amplo material promocional.<\/p>\n<p style=\"text-align:justify\">A Setur-RJ\/TurisRio tras folders e mapas de todas as regi\u00f5es tur\u00edsticas. O guia Rio+3, material que faz parte da campanha que est\u00e1 sendo trabalhada pela secretaria, tamb\u00e9m estar\u00e1 \u00e0 disposi\u00e7\u00e3o do p\u00fablico. Trata-se de uma publica\u00e7\u00e3o com 98 p\u00e1ginas que sugere programa\u00e7\u00f5es hist\u00f3ricas, gastron\u00f4micas, ecol\u00f3gicas e culturais, em cidades localizadas a at\u00e9 tr\u00eas horas de dist\u00e2ncia da capital.<\/p>\n<p style=\"text-align:justify\">Esta \u00e9 a ultima feira onde o Rio estar\u00e1 presente antes das Olimpiadas mas o material a ser distribuido ainda n\u00e3o ser\u00e1 o novo, que est\u00e1 sendo especialmente preparado para a atua\u00e7\u00e3o da secretaria durante o evento mundial em agosto. No FIT, com a &#39;Mortadela do Michel\u00e3o&#39; em cena, o atendimento ser\u00e1 nos estandes 24 e 25 dentro da feira.<\/p>\n<p style=\"text-align:justify\">Nossa <em>Cobertura Especial<\/em> para o FIT Cataratas tem o prestigio da <strong>FRT Operadora &#8211; 15 anos de sucesso.<\/strong><\/p>\n<p>A <strong>TRAVEL 3 <\/strong>viaja com assist\u00eancia de viagem <strong>APRIL Brasil<\/strong> \u2013 Mudando a Imagem do Seguro<\/p>\n<p style=\"text-align:justify\">\u00a0<\/p>\n<p>\u00a0<\/p>\n<p>\u00a0<\/p>\n<p>\u00a0<\/p>\n<p><\/span><\/p>\n","protected":false},"excerpt":{"rendered":"<p>Como no ano passado, atrativo gastronomico estar\u00e1 dispon\u00edvel para agentes e visitantes no estande fluminense durante os dois dias da feira<\/p>\n","protected":false},"author":1,"featured_media":0,"comment_status":"open","ping_status":"open","sticky":false,"template":"","format":"standard","meta":{"footnotes":""},"categories":[],"tags":[],"class_list":["post-5239","post","type-post","status-publish","format-standard","hentry"],"yoast_head":"<!-- This site is optimized with the Yoast SEO plugin v26.2 - https:\/\/yoast.com\/wordpress\/plugins\/seo\/ -->\n<title>RIO TER\u00c1 MORTADELA DO MICHEL\u00c3O EM SEU ESTANDE - Travel3<\/title>\n<meta name=\"description\" content=\"A TRAVEL3 \u00e9 um portal de conte\u00fado voltado para o turismo, encontre destinos, viagens, hospedagem, passagens, guias, not\u00edcias sobre o mercado do turismo, dicas de viagem, v\u00eddeos e podcast.\" \/>\n<meta name=\"robots\" content=\"index, follow, max-snippet:-1, max-image-preview:large, max-video-preview:-1\" \/>\n<link rel=\"canonical\" href=\"https:\/\/www.travel3.com.br\/site\/sem-categoria\/rio-tera-mortadela-do-michelao-em-seu-estande\/\" \/>\n<meta property=\"og:locale\" content=\"pt_BR\" \/>\n<meta property=\"og:type\" content=\"article\" \/>\n<meta property=\"og:title\" content=\"RIO TER\u00c1 MORTADELA DO MICHEL\u00c3O EM SEU ESTANDE - Travel3\" \/>\n<meta property=\"og:description\" content=\"A TRAVEL3 \u00e9 um portal de conte\u00fado voltado para o turismo, encontre destinos, viagens, hospedagem, passagens, guias, not\u00edcias sobre o mercado do turismo, dicas de viagem, v\u00eddeos e podcast.\" \/>\n<meta property=\"og:url\" content=\"https:\/\/www.travel3.com.br\/site\/sem-categoria\/rio-tera-mortadela-do-michelao-em-seu-estande\/\" \/>\n<meta property=\"og:site_name\" content=\"Travel3\" \/>\n<meta property=\"article:publisher\" content=\"https:\/\/www.facebook.com\/travel3media\/\" \/>\n<meta property=\"article:published_time\" content=\"2017-09-04T21:46:50+00:00\" \/>\n<meta name=\"author\" content=\"admin\" \/>\n<meta name=\"twitter:card\" content=\"summary_large_image\" \/>\n<meta name=\"twitter:label1\" content=\"Escrito por\" \/>\n\t<meta name=\"twitter:data1\" content=\"admin\" \/>\n\t<meta name=\"twitter:label2\" content=\"Est. tempo de leitura\" \/>\n\t<meta name=\"twitter:data2\" content=\"3 minutos\" \/>\n<script type=\"application\/ld+json\" class=\"yoast-schema-graph\">{\"@context\":\"https:\/\/schema.org\",\"@graph\":[{\"@type\":\"Article\",\"@id\":\"https:\/\/www.travel3.com.br\/site\/sem-categoria\/rio-tera-mortadela-do-michelao-em-seu-estande\/#article\",\"isPartOf\":{\"@id\":\"https:\/\/www.travel3.com.br\/site\/sem-categoria\/rio-tera-mortadela-do-michelao-em-seu-estande\/\"},\"author\":{\"name\":\"admin\",\"@id\":\"https:\/\/www.travel3.com.br\/site\/#\/schema\/person\/a69d71e41a024999b6ab82369ac0bd1e\"},\"headline\":\"RIO TER\u00c1 MORTADELA DO MICHEL\u00c3O EM SEU ESTANDE\",\"datePublished\":\"2017-09-04T21:46:50+00:00\",\"mainEntityOfPage\":{\"@id\":\"https:\/\/www.travel3.com.br\/site\/sem-categoria\/rio-tera-mortadela-do-michelao-em-seu-estande\/\"},\"wordCount\":526,\"commentCount\":0,\"publisher\":{\"@id\":\"https:\/\/www.travel3.com.br\/site\/#organization\"},\"inLanguage\":\"pt-BR\",\"potentialAction\":[{\"@type\":\"CommentAction\",\"name\":\"Comment\",\"target\":[\"https:\/\/www.travel3.com.br\/site\/sem-categoria\/rio-tera-mortadela-do-michelao-em-seu-estande\/#respond\"]}]},{\"@type\":\"WebPage\",\"@id\":\"https:\/\/www.travel3.com.br\/site\/sem-categoria\/rio-tera-mortadela-do-michelao-em-seu-estande\/\",\"url\":\"https:\/\/www.travel3.com.br\/site\/sem-categoria\/rio-tera-mortadela-do-michelao-em-seu-estande\/\",\"name\":\"RIO TER\u00c1 MORTADELA DO MICHEL\u00c3O EM SEU ESTANDE - Travel3\",\"isPartOf\":{\"@id\":\"https:\/\/www.travel3.com.br\/site\/#website\"},\"datePublished\":\"2017-09-04T21:46:50+00:00\",\"description\":\"A TRAVEL3 \u00e9 um portal de conte\u00fado voltado para o turismo, encontre destinos, viagens, hospedagem, passagens, guias, not\u00edcias sobre o mercado do turismo, dicas de viagem, v\u00eddeos e podcast.\",\"breadcrumb\":{\"@id\":\"https:\/\/www.travel3.com.br\/site\/sem-categoria\/rio-tera-mortadela-do-michelao-em-seu-estande\/#breadcrumb\"},\"inLanguage\":\"pt-BR\",\"potentialAction\":[{\"@type\":\"ReadAction\",\"target\":[\"https:\/\/www.travel3.com.br\/site\/sem-categoria\/rio-tera-mortadela-do-michelao-em-seu-estande\/\"]}]},{\"@type\":\"BreadcrumbList\",\"@id\":\"https:\/\/www.travel3.com.br\/site\/sem-categoria\/rio-tera-mortadela-do-michelao-em-seu-estande\/#breadcrumb\",\"itemListElement\":[{\"@type\":\"ListItem\",\"position\":1,\"name\":\"In\u00edcio\",\"item\":\"https:\/\/www.travel3.com.br\/site\/\"},{\"@type\":\"ListItem\",\"position\":2,\"name\":\"RIO TER\u00c1 MORTADELA DO MICHEL\u00c3O EM SEU ESTANDE\"}]},{\"@type\":\"WebSite\",\"@id\":\"https:\/\/www.travel3.com.br\/site\/#website\",\"url\":\"https:\/\/www.travel3.com.br\/site\/\",\"name\":\"Travel3\",\"description\":\"Lazer + Neg&oacute;cios + Aventura\",\"publisher\":{\"@id\":\"https:\/\/www.travel3.com.br\/site\/#organization\"},\"potentialAction\":[{\"@type\":\"SearchAction\",\"target\":{\"@type\":\"EntryPoint\",\"urlTemplate\":\"https:\/\/www.travel3.com.br\/site\/?s={search_term_string}\"},\"query-input\":{\"@type\":\"PropertyValueSpecification\",\"valueRequired\":true,\"valueName\":\"search_term_string\"}}],\"inLanguage\":\"pt-BR\"},{\"@type\":\"Organization\",\"@id\":\"https:\/\/www.travel3.com.br\/site\/#organization\",\"name\":\"Travel3\",\"url\":\"https:\/\/www.travel3.com.br\/site\/\",\"logo\":{\"@type\":\"ImageObject\",\"inLanguage\":\"pt-BR\",\"@id\":\"https:\/\/www.travel3.com.br\/site\/#\/schema\/logo\/image\/\",\"url\":\"https:\/\/www.travel3.com.br\/site\/wp-content\/uploads\/2020\/01\/logo-travel3-2020.png\",\"contentUrl\":\"https:\/\/www.travel3.com.br\/site\/wp-content\/uploads\/2020\/01\/logo-travel3-2020.png\",\"width\":232,\"height\":79,\"caption\":\"Travel3\"},\"image\":{\"@id\":\"https:\/\/www.travel3.com.br\/site\/#\/schema\/logo\/image\/\"},\"sameAs\":[\"https:\/\/www.facebook.com\/travel3media\/\",\"https:\/\/www.instagram.com\/revistatravel3\/\",\"https:\/\/www.youtube.com\/channel\/UCno7J4paGBR3VbZQzvoJ9Eg\"]},{\"@type\":\"Person\",\"@id\":\"https:\/\/www.travel3.com.br\/site\/#\/schema\/person\/a69d71e41a024999b6ab82369ac0bd1e\",\"name\":\"admin\",\"image\":{\"@type\":\"ImageObject\",\"inLanguage\":\"pt-BR\",\"@id\":\"https:\/\/www.travel3.com.br\/site\/#\/schema\/person\/image\/\",\"url\":\"https:\/\/secure.gravatar.com\/avatar\/732a67adfd764da2a47ba10ce731c4c0?s=96&d=mm&r=g\",\"contentUrl\":\"https:\/\/secure.gravatar.com\/avatar\/732a67adfd764da2a47ba10ce731c4c0?s=96&d=mm&r=g\",\"caption\":\"admin\"},\"url\":\"https:\/\/www.travel3.com.br\/site\/author\/admin\/\"}]}<\/script>\n<!-- \/ Yoast SEO plugin. -->","yoast_head_json":{"title":"RIO TER\u00c1 MORTADELA DO MICHEL\u00c3O EM SEU ESTANDE - Travel3","description":"A TRAVEL3 \u00e9 um portal de conte\u00fado voltado para o turismo, encontre destinos, viagens, hospedagem, passagens, guias, not\u00edcias sobre o mercado do turismo, dicas de viagem, v\u00eddeos e podcast.","robots":{"index":"index","follow":"follow","max-snippet":"max-snippet:-1","max-image-preview":"max-image-preview:large","max-video-preview":"max-video-preview:-1"},"canonical":"https:\/\/www.travel3.com.br\/site\/sem-categoria\/rio-tera-mortadela-do-michelao-em-seu-estande\/","og_locale":"pt_BR","og_type":"article","og_title":"RIO TER\u00c1 MORTADELA DO MICHEL\u00c3O EM SEU ESTANDE - Travel3","og_description":"A TRAVEL3 \u00e9 um portal de conte\u00fado voltado para o turismo, encontre destinos, viagens, hospedagem, passagens, guias, not\u00edcias sobre o mercado do turismo, dicas de viagem, v\u00eddeos e podcast.","og_url":"https:\/\/www.travel3.com.br\/site\/sem-categoria\/rio-tera-mortadela-do-michelao-em-seu-estande\/","og_site_name":"Travel3","article_publisher":"https:\/\/www.facebook.com\/travel3media\/","article_published_time":"2017-09-04T21:46:50+00:00","author":"admin","twitter_card":"summary_large_image","twitter_misc":{"Escrito por":"admin","Est. tempo de leitura":"3 minutos"},"schema":{"@context":"https:\/\/schema.org","@graph":[{"@type":"Article","@id":"https:\/\/www.travel3.com.br\/site\/sem-categoria\/rio-tera-mortadela-do-michelao-em-seu-estande\/#article","isPartOf":{"@id":"https:\/\/www.travel3.com.br\/site\/sem-categoria\/rio-tera-mortadela-do-michelao-em-seu-estande\/"},"author":{"name":"admin","@id":"https:\/\/www.travel3.com.br\/site\/#\/schema\/person\/a69d71e41a024999b6ab82369ac0bd1e"},"headline":"RIO TER\u00c1 MORTADELA DO MICHEL\u00c3O EM SEU ESTANDE","datePublished":"2017-09-04T21:46:50+00:00","mainEntityOfPage":{"@id":"https:\/\/www.travel3.com.br\/site\/sem-categoria\/rio-tera-mortadela-do-michelao-em-seu-estande\/"},"wordCount":526,"commentCount":0,"publisher":{"@id":"https:\/\/www.travel3.com.br\/site\/#organization"},"inLanguage":"pt-BR","potentialAction":[{"@type":"CommentAction","name":"Comment","target":["https:\/\/www.travel3.com.br\/site\/sem-categoria\/rio-tera-mortadela-do-michelao-em-seu-estande\/#respond"]}]},{"@type":"WebPage","@id":"https:\/\/www.travel3.com.br\/site\/sem-categoria\/rio-tera-mortadela-do-michelao-em-seu-estande\/","url":"https:\/\/www.travel3.com.br\/site\/sem-categoria\/rio-tera-mortadela-do-michelao-em-seu-estande\/","name":"RIO TER\u00c1 MORTADELA DO MICHEL\u00c3O EM SEU ESTANDE - Travel3","isPartOf":{"@id":"https:\/\/www.travel3.com.br\/site\/#website"},"datePublished":"2017-09-04T21:46:50+00:00","description":"A TRAVEL3 \u00e9 um portal de conte\u00fado voltado para o turismo, encontre destinos, viagens, hospedagem, passagens, guias, not\u00edcias sobre o mercado do turismo, dicas de viagem, v\u00eddeos e podcast.","breadcrumb":{"@id":"https:\/\/www.travel3.com.br\/site\/sem-categoria\/rio-tera-mortadela-do-michelao-em-seu-estande\/#breadcrumb"},"inLanguage":"pt-BR","potentialAction":[{"@type":"ReadAction","target":["https:\/\/www.travel3.com.br\/site\/sem-categoria\/rio-tera-mortadela-do-michelao-em-seu-estande\/"]}]},{"@type":"BreadcrumbList","@id":"https:\/\/www.travel3.com.br\/site\/sem-categoria\/rio-tera-mortadela-do-michelao-em-seu-estande\/#breadcrumb","itemListElement":[{"@type":"ListItem","position":1,"name":"In\u00edcio","item":"https:\/\/www.travel3.com.br\/site\/"},{"@type":"ListItem","position":2,"name":"RIO TER\u00c1 MORTADELA DO MICHEL\u00c3O EM SEU ESTANDE"}]},{"@type":"WebSite","@id":"https:\/\/www.travel3.com.br\/site\/#website","url":"https:\/\/www.travel3.com.br\/site\/","name":"Travel3","description":"Lazer + Neg&oacute;cios + Aventura","publisher":{"@id":"https:\/\/www.travel3.com.br\/site\/#organization"},"potentialAction":[{"@type":"SearchAction","target":{"@type":"EntryPoint","urlTemplate":"https:\/\/www.travel3.com.br\/site\/?s={search_term_string}"},"query-input":{"@type":"PropertyValueSpecification","valueRequired":true,"valueName":"search_term_string"}}],"inLanguage":"pt-BR"},{"@type":"Organization","@id":"https:\/\/www.travel3.com.br\/site\/#organization","name":"Travel3","url":"https:\/\/www.travel3.com.br\/site\/","logo":{"@type":"ImageObject","inLanguage":"pt-BR","@id":"https:\/\/www.travel3.com.br\/site\/#\/schema\/logo\/image\/","url":"https:\/\/www.travel3.com.br\/site\/wp-content\/uploads\/2020\/01\/logo-travel3-2020.png","contentUrl":"https:\/\/www.travel3.com.br\/site\/wp-content\/uploads\/2020\/01\/logo-travel3-2020.png","width":232,"height":79,"caption":"Travel3"},"image":{"@id":"https:\/\/www.travel3.com.br\/site\/#\/schema\/logo\/image\/"},"sameAs":["https:\/\/www.facebook.com\/travel3media\/","https:\/\/www.instagram.com\/revistatravel3\/","https:\/\/www.youtube.com\/channel\/UCno7J4paGBR3VbZQzvoJ9Eg"]},{"@type":"Person","@id":"https:\/\/www.travel3.com.br\/site\/#\/schema\/person\/a69d71e41a024999b6ab82369ac0bd1e","name":"admin","image":{"@type":"ImageObject","inLanguage":"pt-BR","@id":"https:\/\/www.travel3.com.br\/site\/#\/schema\/person\/image\/","url":"https:\/\/secure.gravatar.com\/avatar\/732a67adfd764da2a47ba10ce731c4c0?s=96&d=mm&r=g","contentUrl":"https:\/\/secure.gravatar.com\/avatar\/732a67adfd764da2a47ba10ce731c4c0?s=96&d=mm&r=g","caption":"admin"},"url":"https:\/\/www.travel3.com.br\/site\/author\/admin\/"}]}},"_links":{"self":[{"href":"https:\/\/www.travel3.com.br\/site\/wp-json\/wp\/v2\/posts\/5239","targetHints":{"allow":["GET"]}}],"collection":[{"href":"https:\/\/www.travel3.com.br\/site\/wp-json\/wp\/v2\/posts"}],"about":[{"href":"https:\/\/www.travel3.com.br\/site\/wp-json\/wp\/v2\/types\/post"}],"author":[{"embeddable":true,"href":"https:\/\/www.travel3.com.br\/site\/wp-json\/wp\/v2\/users\/1"}],"replies":[{"embeddable":true,"href":"https:\/\/www.travel3.com.br\/site\/wp-json\/wp\/v2\/comments?post=5239"}],"version-history":[{"count":0,"href":"https:\/\/www.travel3.com.br\/site\/wp-json\/wp\/v2\/posts\/5239\/revisions"}],"wp:attachment":[{"href":"https:\/\/www.travel3.com.br\/site\/wp-json\/wp\/v2\/media?parent=5239"}],"wp:term":[{"taxonomy":"category","embeddable":true,"href":"https:\/\/www.travel3.com.br\/site\/wp-json\/wp\/v2\/categories?post=5239"},{"taxonomy":"post_tag","embeddable":true,"href":"https:\/\/www.travel3.com.br\/site\/wp-json\/wp\/v2\/tags?post=5239"}],"curies":[{"name":"wp","href":"https:\/\/api.w.org\/{rel}","templated":true}]}}