{"id":5201,"date":"2017-09-11T06:15:09","date_gmt":"2017-09-11T06:15:09","guid":{"rendered":"http:\/\/www.travel3.com.br\/site\/ir-e-vir\/ar\/observatorio-de-turismo-amplia-potencial-para-foz-do-iguacu\/"},"modified":"2017-09-11T06:15:09","modified_gmt":"2017-09-11T06:15:09","slug":"observatorio-de-turismo-amplia-potencial-para-foz-do-iguacu","status":"publish","type":"post","link":"https:\/\/www.travel3.com.br\/site\/sem-categoria\/observatorio-de-turismo-amplia-potencial-para-foz-do-iguacu\/","title":{"rendered":"OBSERVAT\u00d3RIO DE TURISMO AMPLIA POTENCIAL PARA FOZ DO IGUA\u00c7U"},"content":{"rendered":"<p><span style=\"color: #40acad; font-family: -apple-system, system-ui, 'Segoe UI', Roboto, Oxygen-Sans, Ubuntu, Cantarell, 'Helvetica Neue', sans-serif; font-size: 12px; font-weight: bold;\"><\/p>\n<p><strong>FOZ DO IGUA\u00c7U <\/strong>=\u00a0 O Destino Foz procura se fortalecer ainda mais, utilizando conhecimentos t\u00e9cnicos e informa\u00e7\u00f5es para desenvolver o potencial tur\u00edstico da regi\u00e3o. Isto levou \u00e0 assinatura de um termo de ades\u00e3o para a instala\u00e7\u00e3o do Observat\u00f3rio Trinacional de Turismo Iguassu, regido pela Organiza\u00e7\u00e3o Mundial do Turismo (OMT), mais um dos acontecimentos importantes durante o 11\u00ba Festival Internacional do Turismo, o FIT Cataratas.<\/p>\n<p>O observat\u00f3rio servir\u00e1 como ferramenta do trade para avaliar a qualidade dos servi\u00e7os, contribuindo para a melhoria do turismo da regi\u00e3o. O termo vai estabelecer uma coopera\u00e7\u00e3o do observat\u00f3rio da regi\u00e3o com observat\u00f3rios do mundo todo para criar indicadores de monitoramento da qualidade dos atrativos, hot\u00e9is, restaurantes e servi\u00e7os de turismo.<\/p>\n<p><a class=\"fancybox-media\" href=\"..\/_uploads\/_noticia\/2016-06\/dscn5658.jpg\" rel=\"portfolio\"><img decoding=\"async\" alt=\"\" src=\"..\/_uploads\/_noticia\/2016-06\/dscn5658.jpg\" \/><\/a><\/p>\n<p><strong>Favilla entre o empres\u00e1rio Guilherme Paulus (que confirmou ter sido sondado por Temer para o MTur mas declinou de um possivel convite) e Gilmar Piolla que assegura de modo estatut\u00e1rio a continuidade de a\u00e7oes da Itaipu junto ao turismo da regi\u00e3o<\/strong><\/p>\n<p>\u201cHoje, o principal gargalo do destino Igua\u00e7u \u00e9 a falta de dados estat\u00edsticos\u201d, assinalou o superintendente de Comunica\u00e7\u00e3o Itaipu e vice-presidente do Fundo Iguassu, Gilmar Piolla. No \u00a0de assinatura tamb\u00e9m estavam o presidente do Instituto Polo e do Conselho Municipal de Turismo, Licerio Santos,\u00a0 o presidente da\u00a0Paran\u00e1 Turismo, Manoel\u00a0Jac\u00f3 Gimenes. e o presidente substituto da Embratur, Jos\u00e9 Antonio Parente.<\/p>\n<p>Para o diretor executivo da OMT, M\u00e1rcio Favilla, esta ser\u00e1 uma forma de acelerar o desenvolvimento da regi\u00e3o Trinacional \u201cAcreditamos no potencial da integra\u00e7\u00e3o \u00a0da regi\u00e3o, o turismo \u00e9 a chave para o crescimento econ\u00f4mico\u201d, destacou. Favilla informou ainda que, com a coleta de dados sobre as principais cidades da regi\u00e3o (Foz do Igua\u00e7u, Puerto Iguaz\u00fa e Ciudad del Este), ser\u00e1 poss\u00edvel estimular a atividade do setor tur\u00edstico e setores complementares.<\/p>\n<p><a class=\"fancybox-media\" href=\"..\/_uploads\/_noticia\/2016-06\/dscn5661.jpg\" rel=\"portfolio\"><img decoding=\"async\" alt=\"\" src=\"..\/_uploads\/_noticia\/2016-06\/dscn5661.jpg\" \/><\/a><\/p>\n<p><strong>O diretor da OMT com a equipe do Polo Iguassu, o casal Lic\u00e9rio e Sid e a diretora executiva Fernanda Fedrigo<\/strong><\/p>\n<p>Favilla completou uma intensa agenda na participa\u00e7\u00e3o do Festival das Cataratas onde a organiza\u00e7\u00e3o do turismo mundial teve destacada presen\u00e7a. O diretor de programas operacionais e rela\u00e7\u00f5es institucionais da OMT afirmou \u00e0 <strong>TRAVEL3<\/strong> que n\u00e3o \u00e9 declarado mas pode ser candidato ao cargo de secret\u00e1rio geral da OMT, com as elei\u00e7\u00f5es previstas para o ano que vem (mar\u00e7o), em Madrid.<\/p>\n<p>\u2018Caso isto possa acontecer, ser\u00e1 uma honra dar sequencia ao trabalho brilhante que \u00e9 executado por Taleb Rifai, que infelizmente n\u00e3o pode vir ao Brasil como estava programado entre 2015 e 2016, especialmente em raz\u00e3o dos problemas de governo em nosso pais.\u2019. Enfatizou tamb\u00e9m a import\u00e2ncia do pr\u00f3ximo ano para o turismo mundial dentro da agenda da OMT e de ag\u00eancias correlatas da ONU.<\/p>\n<p>Ainda em rela\u00e7\u00e3o ao Observat\u00f3rio de Turismo, adiantou que conversou com a dire\u00e7\u00e3o e t\u00e9cnicos da Embratur sobre o Observat\u00f3rio do Pantanal, outra regi\u00e3o importante do Brasil no turismo internacional. Com o de S\u00e3o Paulo, que j\u00e1 tem um programa consolidado e dever\u00e1 ter esta amplitude mundial, Favilla disse que os procedimentos j\u00e1 est\u00e3o bem adiantados para a integra\u00e7\u00e3o.<\/p>\n<p>O Festival de Turismo das Cataratas, que tem entre seus temas a busca do desenvolvimento sustent\u00e1vel foi bastante elogiado pelo executivo brasileiro. \u00a0O \u00eanfase dado \u00e0s inova\u00e7\u00f5es tecnol\u00f3gicas, estimulando a produ\u00e7\u00e3o e dissemina\u00e7\u00e3o da ci\u00eancia e capacita\u00e7\u00e3o profissionais, foram registrados em sua observa\u00e7\u00e3o geral. \u2018\u00c9 um dos melhores eventos do setor no Brasil\u2019<\/p>\n<p>A <strong>TRAVEL 3 <\/strong>viaja com assist\u00eancia <strong>APRIL Brasil &#8211; Mudando a imagem do Seguro<\/strong><\/p>\n<p>Esta <em>Cobertura Especial<\/em> tem o apoio da <strong>FRT Operadora &#8211; 15 anos de sucesso<\/strong><\/p>\n<p><a class=\"fancybox-media\" href=\"..\/_uploads\/_noticia\/2016-06\/dscn5701.jpg\" rel=\"portfolio\"><img decoding=\"async\" alt=\"\" src=\"..\/_uploads\/_noticia\/2016-06\/dscn5701.jpg\" \/><\/a><\/p>\n<p>\u00a0<\/p>\n<p>\u00a0<\/p>\n<p><\/span><\/p>\n","protected":false},"excerpt":{"rendered":"<p>Assinado ato de ades\u00e3o junto \u00e0 OMT que pretende ter mais duas a\u00e7\u00f5es neste sentido, com o Pantanal e S\u00e3o Paulo<\/p>\n","protected":false},"author":1,"featured_media":0,"comment_status":"open","ping_status":"open","sticky":false,"template":"","format":"standard","meta":{"footnotes":""},"categories":[],"tags":[],"class_list":["post-5201","post","type-post","status-publish","format-standard","hentry"],"yoast_head":"<!-- This site is optimized with the Yoast SEO plugin v26.2 - https:\/\/yoast.com\/wordpress\/plugins\/seo\/ -->\n<title>OBSERVAT\u00d3RIO DE TURISMO AMPLIA POTENCIAL PARA FOZ DO IGUA\u00c7U - Travel3<\/title>\n<meta name=\"description\" content=\"A TRAVEL3 \u00e9 um portal de conte\u00fado voltado para o turismo, encontre destinos, viagens, hospedagem, passagens, guias, not\u00edcias sobre o mercado do turismo, dicas de viagem, v\u00eddeos e podcast.\" \/>\n<meta name=\"robots\" content=\"index, follow, max-snippet:-1, max-image-preview:large, max-video-preview:-1\" \/>\n<link rel=\"canonical\" href=\"https:\/\/www.travel3.com.br\/site\/sem-categoria\/observatorio-de-turismo-amplia-potencial-para-foz-do-iguacu\/\" \/>\n<meta property=\"og:locale\" content=\"pt_BR\" \/>\n<meta property=\"og:type\" content=\"article\" \/>\n<meta property=\"og:title\" content=\"OBSERVAT\u00d3RIO DE TURISMO AMPLIA POTENCIAL PARA FOZ DO IGUA\u00c7U - Travel3\" \/>\n<meta property=\"og:description\" content=\"A TRAVEL3 \u00e9 um portal de conte\u00fado voltado para o turismo, encontre destinos, viagens, hospedagem, passagens, guias, not\u00edcias sobre o mercado do turismo, dicas de viagem, v\u00eddeos e podcast.\" \/>\n<meta property=\"og:url\" content=\"https:\/\/www.travel3.com.br\/site\/sem-categoria\/observatorio-de-turismo-amplia-potencial-para-foz-do-iguacu\/\" \/>\n<meta property=\"og:site_name\" content=\"Travel3\" \/>\n<meta property=\"article:publisher\" content=\"https:\/\/www.facebook.com\/travel3media\/\" \/>\n<meta property=\"article:published_time\" content=\"2017-09-11T06:15:09+00:00\" \/>\n<meta name=\"author\" content=\"admin\" \/>\n<meta name=\"twitter:card\" content=\"summary_large_image\" \/>\n<meta name=\"twitter:label1\" content=\"Escrito por\" \/>\n\t<meta name=\"twitter:data1\" content=\"admin\" \/>\n\t<meta name=\"twitter:label2\" content=\"Est. tempo de leitura\" \/>\n\t<meta name=\"twitter:data2\" content=\"3 minutos\" \/>\n<script type=\"application\/ld+json\" class=\"yoast-schema-graph\">{\"@context\":\"https:\/\/schema.org\",\"@graph\":[{\"@type\":\"Article\",\"@id\":\"https:\/\/www.travel3.com.br\/site\/sem-categoria\/observatorio-de-turismo-amplia-potencial-para-foz-do-iguacu\/#article\",\"isPartOf\":{\"@id\":\"https:\/\/www.travel3.com.br\/site\/sem-categoria\/observatorio-de-turismo-amplia-potencial-para-foz-do-iguacu\/\"},\"author\":{\"name\":\"admin\",\"@id\":\"https:\/\/www.travel3.com.br\/site\/#\/schema\/person\/a69d71e41a024999b6ab82369ac0bd1e\"},\"headline\":\"OBSERVAT\u00d3RIO DE TURISMO AMPLIA POTENCIAL PARA FOZ DO IGUA\u00c7U\",\"datePublished\":\"2017-09-11T06:15:09+00:00\",\"mainEntityOfPage\":{\"@id\":\"https:\/\/www.travel3.com.br\/site\/sem-categoria\/observatorio-de-turismo-amplia-potencial-para-foz-do-iguacu\/\"},\"wordCount\":639,\"commentCount\":0,\"publisher\":{\"@id\":\"https:\/\/www.travel3.com.br\/site\/#organization\"},\"inLanguage\":\"pt-BR\",\"potentialAction\":[{\"@type\":\"CommentAction\",\"name\":\"Comment\",\"target\":[\"https:\/\/www.travel3.com.br\/site\/sem-categoria\/observatorio-de-turismo-amplia-potencial-para-foz-do-iguacu\/#respond\"]}]},{\"@type\":\"WebPage\",\"@id\":\"https:\/\/www.travel3.com.br\/site\/sem-categoria\/observatorio-de-turismo-amplia-potencial-para-foz-do-iguacu\/\",\"url\":\"https:\/\/www.travel3.com.br\/site\/sem-categoria\/observatorio-de-turismo-amplia-potencial-para-foz-do-iguacu\/\",\"name\":\"OBSERVAT\u00d3RIO DE TURISMO AMPLIA POTENCIAL PARA FOZ DO IGUA\u00c7U - Travel3\",\"isPartOf\":{\"@id\":\"https:\/\/www.travel3.com.br\/site\/#website\"},\"datePublished\":\"2017-09-11T06:15:09+00:00\",\"description\":\"A TRAVEL3 \u00e9 um portal de conte\u00fado voltado para o turismo, encontre destinos, viagens, hospedagem, passagens, guias, not\u00edcias sobre o mercado do turismo, dicas de viagem, v\u00eddeos e podcast.\",\"breadcrumb\":{\"@id\":\"https:\/\/www.travel3.com.br\/site\/sem-categoria\/observatorio-de-turismo-amplia-potencial-para-foz-do-iguacu\/#breadcrumb\"},\"inLanguage\":\"pt-BR\",\"potentialAction\":[{\"@type\":\"ReadAction\",\"target\":[\"https:\/\/www.travel3.com.br\/site\/sem-categoria\/observatorio-de-turismo-amplia-potencial-para-foz-do-iguacu\/\"]}]},{\"@type\":\"BreadcrumbList\",\"@id\":\"https:\/\/www.travel3.com.br\/site\/sem-categoria\/observatorio-de-turismo-amplia-potencial-para-foz-do-iguacu\/#breadcrumb\",\"itemListElement\":[{\"@type\":\"ListItem\",\"position\":1,\"name\":\"In\u00edcio\",\"item\":\"https:\/\/www.travel3.com.br\/site\/\"},{\"@type\":\"ListItem\",\"position\":2,\"name\":\"OBSERVAT\u00d3RIO DE TURISMO AMPLIA POTENCIAL PARA FOZ DO IGUA\u00c7U\"}]},{\"@type\":\"WebSite\",\"@id\":\"https:\/\/www.travel3.com.br\/site\/#website\",\"url\":\"https:\/\/www.travel3.com.br\/site\/\",\"name\":\"Travel3\",\"description\":\"Lazer + Neg&oacute;cios + Aventura\",\"publisher\":{\"@id\":\"https:\/\/www.travel3.com.br\/site\/#organization\"},\"potentialAction\":[{\"@type\":\"SearchAction\",\"target\":{\"@type\":\"EntryPoint\",\"urlTemplate\":\"https:\/\/www.travel3.com.br\/site\/?s={search_term_string}\"},\"query-input\":{\"@type\":\"PropertyValueSpecification\",\"valueRequired\":true,\"valueName\":\"search_term_string\"}}],\"inLanguage\":\"pt-BR\"},{\"@type\":\"Organization\",\"@id\":\"https:\/\/www.travel3.com.br\/site\/#organization\",\"name\":\"Travel3\",\"url\":\"https:\/\/www.travel3.com.br\/site\/\",\"logo\":{\"@type\":\"ImageObject\",\"inLanguage\":\"pt-BR\",\"@id\":\"https:\/\/www.travel3.com.br\/site\/#\/schema\/logo\/image\/\",\"url\":\"https:\/\/www.travel3.com.br\/site\/wp-content\/uploads\/2020\/01\/logo-travel3-2020.png\",\"contentUrl\":\"https:\/\/www.travel3.com.br\/site\/wp-content\/uploads\/2020\/01\/logo-travel3-2020.png\",\"width\":232,\"height\":79,\"caption\":\"Travel3\"},\"image\":{\"@id\":\"https:\/\/www.travel3.com.br\/site\/#\/schema\/logo\/image\/\"},\"sameAs\":[\"https:\/\/www.facebook.com\/travel3media\/\",\"https:\/\/www.instagram.com\/revistatravel3\/\",\"https:\/\/www.youtube.com\/channel\/UCno7J4paGBR3VbZQzvoJ9Eg\"]},{\"@type\":\"Person\",\"@id\":\"https:\/\/www.travel3.com.br\/site\/#\/schema\/person\/a69d71e41a024999b6ab82369ac0bd1e\",\"name\":\"admin\",\"image\":{\"@type\":\"ImageObject\",\"inLanguage\":\"pt-BR\",\"@id\":\"https:\/\/www.travel3.com.br\/site\/#\/schema\/person\/image\/\",\"url\":\"https:\/\/secure.gravatar.com\/avatar\/732a67adfd764da2a47ba10ce731c4c0?s=96&d=mm&r=g\",\"contentUrl\":\"https:\/\/secure.gravatar.com\/avatar\/732a67adfd764da2a47ba10ce731c4c0?s=96&d=mm&r=g\",\"caption\":\"admin\"},\"url\":\"https:\/\/www.travel3.com.br\/site\/author\/admin\/\"}]}<\/script>\n<!-- \/ Yoast SEO plugin. -->","yoast_head_json":{"title":"OBSERVAT\u00d3RIO DE TURISMO AMPLIA POTENCIAL PARA FOZ DO IGUA\u00c7U - Travel3","description":"A TRAVEL3 \u00e9 um portal de conte\u00fado voltado para o turismo, encontre destinos, viagens, hospedagem, passagens, guias, not\u00edcias sobre o mercado do turismo, dicas de viagem, v\u00eddeos e podcast.","robots":{"index":"index","follow":"follow","max-snippet":"max-snippet:-1","max-image-preview":"max-image-preview:large","max-video-preview":"max-video-preview:-1"},"canonical":"https:\/\/www.travel3.com.br\/site\/sem-categoria\/observatorio-de-turismo-amplia-potencial-para-foz-do-iguacu\/","og_locale":"pt_BR","og_type":"article","og_title":"OBSERVAT\u00d3RIO DE TURISMO AMPLIA POTENCIAL PARA FOZ DO IGUA\u00c7U - Travel3","og_description":"A TRAVEL3 \u00e9 um portal de conte\u00fado voltado para o turismo, encontre destinos, viagens, hospedagem, passagens, guias, not\u00edcias sobre o mercado do turismo, dicas de viagem, v\u00eddeos e podcast.","og_url":"https:\/\/www.travel3.com.br\/site\/sem-categoria\/observatorio-de-turismo-amplia-potencial-para-foz-do-iguacu\/","og_site_name":"Travel3","article_publisher":"https:\/\/www.facebook.com\/travel3media\/","article_published_time":"2017-09-11T06:15:09+00:00","author":"admin","twitter_card":"summary_large_image","twitter_misc":{"Escrito por":"admin","Est. tempo de leitura":"3 minutos"},"schema":{"@context":"https:\/\/schema.org","@graph":[{"@type":"Article","@id":"https:\/\/www.travel3.com.br\/site\/sem-categoria\/observatorio-de-turismo-amplia-potencial-para-foz-do-iguacu\/#article","isPartOf":{"@id":"https:\/\/www.travel3.com.br\/site\/sem-categoria\/observatorio-de-turismo-amplia-potencial-para-foz-do-iguacu\/"},"author":{"name":"admin","@id":"https:\/\/www.travel3.com.br\/site\/#\/schema\/person\/a69d71e41a024999b6ab82369ac0bd1e"},"headline":"OBSERVAT\u00d3RIO DE TURISMO AMPLIA POTENCIAL PARA FOZ DO IGUA\u00c7U","datePublished":"2017-09-11T06:15:09+00:00","mainEntityOfPage":{"@id":"https:\/\/www.travel3.com.br\/site\/sem-categoria\/observatorio-de-turismo-amplia-potencial-para-foz-do-iguacu\/"},"wordCount":639,"commentCount":0,"publisher":{"@id":"https:\/\/www.travel3.com.br\/site\/#organization"},"inLanguage":"pt-BR","potentialAction":[{"@type":"CommentAction","name":"Comment","target":["https:\/\/www.travel3.com.br\/site\/sem-categoria\/observatorio-de-turismo-amplia-potencial-para-foz-do-iguacu\/#respond"]}]},{"@type":"WebPage","@id":"https:\/\/www.travel3.com.br\/site\/sem-categoria\/observatorio-de-turismo-amplia-potencial-para-foz-do-iguacu\/","url":"https:\/\/www.travel3.com.br\/site\/sem-categoria\/observatorio-de-turismo-amplia-potencial-para-foz-do-iguacu\/","name":"OBSERVAT\u00d3RIO DE TURISMO AMPLIA POTENCIAL PARA FOZ DO IGUA\u00c7U - Travel3","isPartOf":{"@id":"https:\/\/www.travel3.com.br\/site\/#website"},"datePublished":"2017-09-11T06:15:09+00:00","description":"A TRAVEL3 \u00e9 um portal de conte\u00fado voltado para o turismo, encontre destinos, viagens, hospedagem, passagens, guias, not\u00edcias sobre o mercado do turismo, dicas de viagem, v\u00eddeos e podcast.","breadcrumb":{"@id":"https:\/\/www.travel3.com.br\/site\/sem-categoria\/observatorio-de-turismo-amplia-potencial-para-foz-do-iguacu\/#breadcrumb"},"inLanguage":"pt-BR","potentialAction":[{"@type":"ReadAction","target":["https:\/\/www.travel3.com.br\/site\/sem-categoria\/observatorio-de-turismo-amplia-potencial-para-foz-do-iguacu\/"]}]},{"@type":"BreadcrumbList","@id":"https:\/\/www.travel3.com.br\/site\/sem-categoria\/observatorio-de-turismo-amplia-potencial-para-foz-do-iguacu\/#breadcrumb","itemListElement":[{"@type":"ListItem","position":1,"name":"In\u00edcio","item":"https:\/\/www.travel3.com.br\/site\/"},{"@type":"ListItem","position":2,"name":"OBSERVAT\u00d3RIO DE TURISMO AMPLIA POTENCIAL PARA FOZ DO IGUA\u00c7U"}]},{"@type":"WebSite","@id":"https:\/\/www.travel3.com.br\/site\/#website","url":"https:\/\/www.travel3.com.br\/site\/","name":"Travel3","description":"Lazer + Neg&oacute;cios + Aventura","publisher":{"@id":"https:\/\/www.travel3.com.br\/site\/#organization"},"potentialAction":[{"@type":"SearchAction","target":{"@type":"EntryPoint","urlTemplate":"https:\/\/www.travel3.com.br\/site\/?s={search_term_string}"},"query-input":{"@type":"PropertyValueSpecification","valueRequired":true,"valueName":"search_term_string"}}],"inLanguage":"pt-BR"},{"@type":"Organization","@id":"https:\/\/www.travel3.com.br\/site\/#organization","name":"Travel3","url":"https:\/\/www.travel3.com.br\/site\/","logo":{"@type":"ImageObject","inLanguage":"pt-BR","@id":"https:\/\/www.travel3.com.br\/site\/#\/schema\/logo\/image\/","url":"https:\/\/www.travel3.com.br\/site\/wp-content\/uploads\/2020\/01\/logo-travel3-2020.png","contentUrl":"https:\/\/www.travel3.com.br\/site\/wp-content\/uploads\/2020\/01\/logo-travel3-2020.png","width":232,"height":79,"caption":"Travel3"},"image":{"@id":"https:\/\/www.travel3.com.br\/site\/#\/schema\/logo\/image\/"},"sameAs":["https:\/\/www.facebook.com\/travel3media\/","https:\/\/www.instagram.com\/revistatravel3\/","https:\/\/www.youtube.com\/channel\/UCno7J4paGBR3VbZQzvoJ9Eg"]},{"@type":"Person","@id":"https:\/\/www.travel3.com.br\/site\/#\/schema\/person\/a69d71e41a024999b6ab82369ac0bd1e","name":"admin","image":{"@type":"ImageObject","inLanguage":"pt-BR","@id":"https:\/\/www.travel3.com.br\/site\/#\/schema\/person\/image\/","url":"https:\/\/secure.gravatar.com\/avatar\/732a67adfd764da2a47ba10ce731c4c0?s=96&d=mm&r=g","contentUrl":"https:\/\/secure.gravatar.com\/avatar\/732a67adfd764da2a47ba10ce731c4c0?s=96&d=mm&r=g","caption":"admin"},"url":"https:\/\/www.travel3.com.br\/site\/author\/admin\/"}]}},"_links":{"self":[{"href":"https:\/\/www.travel3.com.br\/site\/wp-json\/wp\/v2\/posts\/5201","targetHints":{"allow":["GET"]}}],"collection":[{"href":"https:\/\/www.travel3.com.br\/site\/wp-json\/wp\/v2\/posts"}],"about":[{"href":"https:\/\/www.travel3.com.br\/site\/wp-json\/wp\/v2\/types\/post"}],"author":[{"embeddable":true,"href":"https:\/\/www.travel3.com.br\/site\/wp-json\/wp\/v2\/users\/1"}],"replies":[{"embeddable":true,"href":"https:\/\/www.travel3.com.br\/site\/wp-json\/wp\/v2\/comments?post=5201"}],"version-history":[{"count":0,"href":"https:\/\/www.travel3.com.br\/site\/wp-json\/wp\/v2\/posts\/5201\/revisions"}],"wp:attachment":[{"href":"https:\/\/www.travel3.com.br\/site\/wp-json\/wp\/v2\/media?parent=5201"}],"wp:term":[{"taxonomy":"category","embeddable":true,"href":"https:\/\/www.travel3.com.br\/site\/wp-json\/wp\/v2\/categories?post=5201"},{"taxonomy":"post_tag","embeddable":true,"href":"https:\/\/www.travel3.com.br\/site\/wp-json\/wp\/v2\/tags?post=5201"}],"curies":[{"name":"wp","href":"https:\/\/api.w.org\/{rel}","templated":true}]}}