{"id":5193,"date":"2017-08-01T19:30:50","date_gmt":"2017-08-01T19:30:50","guid":{"rendered":"http:\/\/www.travel3.com.br\/site\/ir-e-vir\/ar\/a-saida-de-henrique-alves-projeta-uma-indicacao-tecnica\/"},"modified":"2017-08-01T19:30:50","modified_gmt":"2017-08-01T19:30:50","slug":"a-saida-de-henrique-alves-projeta-uma-indicacao-tecnica","status":"publish","type":"post","link":"https:\/\/www.travel3.com.br\/site\/sem-categoria\/a-saida-de-henrique-alves-projeta-uma-indicacao-tecnica\/","title":{"rendered":"A SAIDA DE HENRIQUE ALVES PROJETA UMA INDICA\u00c7\u00c3O T\u00c9CNICA?"},"content":{"rendered":"<p><span style=\"color: #40acad; font-family: -apple-system, system-ui, 'Segoe UI', Roboto, Oxygen-Sans, Ubuntu, Cantarell, 'Helvetica Neue', sans-serif; font-size: 12px; font-weight: bold;\"><\/p>\n<p style=\"text-align:justify\">H\u00e1 uma preocupa\u00e7\u00e3o evidente nos c\u00edrculos governamentais de Brasilia. Hoje foi publicada no Di\u00e1rio Oficial da Uni\u00e3o a demiss\u00e3o de Henrique Alves que alegou para sua sa\u00edda \u2018n\u00e3o criar constrangimento\u2019, mas o fato \u00e9 que a amea\u00e7a de novas denuncias contra sua atua\u00e7\u00e3o pol\u00edtica determinaram a posi\u00e7\u00e3o pressionada inclusive pelo circulo direto ligado a Temer..<\/p>\n<p style=\"text-align:justify\">O agora ex-ministro tem dois pedidos de abertura de inqu\u00e9rito contra ele feitos pelo procurador-geral da Uni\u00e3o, Rodrigo Janot em raz\u00e3o do envolvimento na Lava Jato. O Supremo Tribunal Federal ainda n\u00e3o analisou os pedidos, mas com a sa\u00edda do minist\u00e9rio e perda do foro privilegiado, Alves deve ser mais um pol\u00edtico nas m\u00e3os do juiz federal S\u00e9rgio Moro.<\/p>\n<p style=\"text-align:justify\"><a class=\"fancybox-media\" href=\"..\/_uploads\/_noticia\/2016-06\/henriquealvesjaerafotoebc.jpg\" rel=\"portfolio\"><img decoding=\"async\" alt=\"\" src=\"..\/_uploads\/_noticia\/2016-06\/henriquealvesjaerafotoebc.jpg\" \/><\/a><\/p>\n<p style=\"text-align:justify\">Assunto obrigat\u00f3rio em todos os circuitos do trade \u2013 pol\u00edticos ou n\u00e3o \u2013 o pedido de demiss\u00e3o de Henrique Alves volta a abrir mais uma discuss\u00e3o relevante. O hist\u00f3rico de pol\u00edticos que n\u00e3o se tem dado bem no cargo \u00e9 mostrado mais uma vez como fundamental para uma nova postura. Seria o caso de um t\u00e9cnico, algu\u00e9m especifico do setor tur\u00edstico e n\u00e3o pol\u00edtico de carteirinha ? \u00c9 muito dificil acreditar nisso..<\/p>\n<p style=\"text-align:justify\">No MTur, reina o sil\u00eancio. O site oficial do minist\u00e9rio hoje n\u00e3o tem nenhuma informa\u00e7\u00e3o a respeito, destacando como material principal da p\u00e1gina o cen\u00e1rio amaz\u00f4nico por onde anda circulando a Tocha Olimpica. A mat\u00e9ria \u00e9 sobre Alter do Ch\u00e3o, considerado o Caribe Amaz\u00f4nico.<\/p>\n<p style=\"text-align:justify\">Sobre um poss\u00edvel nome para o comando do minist\u00e9rio, as informa\u00e7\u00f5es indicam que o presidente interino Michel Temer deixaria o processo para a reforma ministerial prevista para quando o assunto do impeachement estiver completado.<\/p>\n<p style=\"text-align:justify\">So que neste periodo existe uma configura\u00e7\u00e3o de extrema import\u00e2ncia para o minist\u00e9rio, A realiza\u00e7\u00e3o dos Jogos Olimpicos \u00e9 algo que entra em pauta. O governo n\u00e3o ter\u00e1 muito tempo para definir,<\/p>\n<p>\u00a0<\/p>\n<p><\/span><\/p>\n","protected":false},"excerpt":{"rendered":"<p>Turismo a Jato, a manchete marca a queda de mais um pol\u00edtico no MTur, mas n\u00e3o indica que um novo conteudo ser\u00e1 dado \u00e0 pasta<\/p>\n","protected":false},"author":1,"featured_media":0,"comment_status":"open","ping_status":"open","sticky":false,"template":"","format":"standard","meta":{"footnotes":""},"categories":[],"tags":[],"class_list":["post-5193","post","type-post","status-publish","format-standard","hentry"],"yoast_head":"<!-- This site is optimized with the Yoast SEO plugin v26.2 - https:\/\/yoast.com\/wordpress\/plugins\/seo\/ -->\n<title>A SAIDA DE HENRIQUE ALVES PROJETA UMA INDICA\u00c7\u00c3O T\u00c9CNICA? - Travel3<\/title>\n<meta name=\"description\" content=\"A TRAVEL3 \u00e9 um portal de conte\u00fado voltado para o turismo, encontre destinos, viagens, hospedagem, passagens, guias, not\u00edcias sobre o mercado do turismo, dicas de viagem, v\u00eddeos e podcast.\" \/>\n<meta name=\"robots\" content=\"index, follow, max-snippet:-1, max-image-preview:large, max-video-preview:-1\" \/>\n<link rel=\"canonical\" href=\"https:\/\/www.travel3.com.br\/site\/sem-categoria\/a-saida-de-henrique-alves-projeta-uma-indicacao-tecnica\/\" \/>\n<meta property=\"og:locale\" content=\"pt_BR\" \/>\n<meta property=\"og:type\" content=\"article\" \/>\n<meta property=\"og:title\" content=\"A SAIDA DE HENRIQUE ALVES PROJETA UMA INDICA\u00c7\u00c3O T\u00c9CNICA? - Travel3\" \/>\n<meta property=\"og:description\" content=\"A TRAVEL3 \u00e9 um portal de conte\u00fado voltado para o turismo, encontre destinos, viagens, hospedagem, passagens, guias, not\u00edcias sobre o mercado do turismo, dicas de viagem, v\u00eddeos e podcast.\" \/>\n<meta property=\"og:url\" content=\"https:\/\/www.travel3.com.br\/site\/sem-categoria\/a-saida-de-henrique-alves-projeta-uma-indicacao-tecnica\/\" \/>\n<meta property=\"og:site_name\" content=\"Travel3\" \/>\n<meta property=\"article:publisher\" content=\"https:\/\/www.facebook.com\/travel3media\/\" \/>\n<meta property=\"article:published_time\" content=\"2017-08-01T19:30:50+00:00\" \/>\n<meta name=\"author\" content=\"admin\" \/>\n<meta name=\"twitter:card\" content=\"summary_large_image\" \/>\n<meta name=\"twitter:label1\" content=\"Escrito por\" \/>\n\t<meta name=\"twitter:data1\" content=\"admin\" \/>\n\t<meta name=\"twitter:label2\" content=\"Est. tempo de leitura\" \/>\n\t<meta name=\"twitter:data2\" content=\"2 minutos\" \/>\n<script type=\"application\/ld+json\" class=\"yoast-schema-graph\">{\"@context\":\"https:\/\/schema.org\",\"@graph\":[{\"@type\":\"Article\",\"@id\":\"https:\/\/www.travel3.com.br\/site\/sem-categoria\/a-saida-de-henrique-alves-projeta-uma-indicacao-tecnica\/#article\",\"isPartOf\":{\"@id\":\"https:\/\/www.travel3.com.br\/site\/sem-categoria\/a-saida-de-henrique-alves-projeta-uma-indicacao-tecnica\/\"},\"author\":{\"name\":\"admin\",\"@id\":\"https:\/\/www.travel3.com.br\/site\/#\/schema\/person\/a69d71e41a024999b6ab82369ac0bd1e\"},\"headline\":\"A SAIDA DE HENRIQUE ALVES PROJETA UMA INDICA\u00c7\u00c3O T\u00c9CNICA?\",\"datePublished\":\"2017-08-01T19:30:50+00:00\",\"mainEntityOfPage\":{\"@id\":\"https:\/\/www.travel3.com.br\/site\/sem-categoria\/a-saida-de-henrique-alves-projeta-uma-indicacao-tecnica\/\"},\"wordCount\":350,\"commentCount\":0,\"publisher\":{\"@id\":\"https:\/\/www.travel3.com.br\/site\/#organization\"},\"inLanguage\":\"pt-BR\",\"potentialAction\":[{\"@type\":\"CommentAction\",\"name\":\"Comment\",\"target\":[\"https:\/\/www.travel3.com.br\/site\/sem-categoria\/a-saida-de-henrique-alves-projeta-uma-indicacao-tecnica\/#respond\"]}]},{\"@type\":\"WebPage\",\"@id\":\"https:\/\/www.travel3.com.br\/site\/sem-categoria\/a-saida-de-henrique-alves-projeta-uma-indicacao-tecnica\/\",\"url\":\"https:\/\/www.travel3.com.br\/site\/sem-categoria\/a-saida-de-henrique-alves-projeta-uma-indicacao-tecnica\/\",\"name\":\"A SAIDA DE HENRIQUE ALVES PROJETA UMA INDICA\u00c7\u00c3O T\u00c9CNICA? - Travel3\",\"isPartOf\":{\"@id\":\"https:\/\/www.travel3.com.br\/site\/#website\"},\"datePublished\":\"2017-08-01T19:30:50+00:00\",\"description\":\"A TRAVEL3 \u00e9 um portal de conte\u00fado voltado para o turismo, encontre destinos, viagens, hospedagem, passagens, guias, not\u00edcias sobre o mercado do turismo, dicas de viagem, v\u00eddeos e podcast.\",\"breadcrumb\":{\"@id\":\"https:\/\/www.travel3.com.br\/site\/sem-categoria\/a-saida-de-henrique-alves-projeta-uma-indicacao-tecnica\/#breadcrumb\"},\"inLanguage\":\"pt-BR\",\"potentialAction\":[{\"@type\":\"ReadAction\",\"target\":[\"https:\/\/www.travel3.com.br\/site\/sem-categoria\/a-saida-de-henrique-alves-projeta-uma-indicacao-tecnica\/\"]}]},{\"@type\":\"BreadcrumbList\",\"@id\":\"https:\/\/www.travel3.com.br\/site\/sem-categoria\/a-saida-de-henrique-alves-projeta-uma-indicacao-tecnica\/#breadcrumb\",\"itemListElement\":[{\"@type\":\"ListItem\",\"position\":1,\"name\":\"In\u00edcio\",\"item\":\"https:\/\/www.travel3.com.br\/site\/\"},{\"@type\":\"ListItem\",\"position\":2,\"name\":\"A SAIDA DE HENRIQUE ALVES PROJETA UMA INDICA\u00c7\u00c3O T\u00c9CNICA?\"}]},{\"@type\":\"WebSite\",\"@id\":\"https:\/\/www.travel3.com.br\/site\/#website\",\"url\":\"https:\/\/www.travel3.com.br\/site\/\",\"name\":\"Travel3\",\"description\":\"Lazer + Neg&oacute;cios + Aventura\",\"publisher\":{\"@id\":\"https:\/\/www.travel3.com.br\/site\/#organization\"},\"potentialAction\":[{\"@type\":\"SearchAction\",\"target\":{\"@type\":\"EntryPoint\",\"urlTemplate\":\"https:\/\/www.travel3.com.br\/site\/?s={search_term_string}\"},\"query-input\":{\"@type\":\"PropertyValueSpecification\",\"valueRequired\":true,\"valueName\":\"search_term_string\"}}],\"inLanguage\":\"pt-BR\"},{\"@type\":\"Organization\",\"@id\":\"https:\/\/www.travel3.com.br\/site\/#organization\",\"name\":\"Travel3\",\"url\":\"https:\/\/www.travel3.com.br\/site\/\",\"logo\":{\"@type\":\"ImageObject\",\"inLanguage\":\"pt-BR\",\"@id\":\"https:\/\/www.travel3.com.br\/site\/#\/schema\/logo\/image\/\",\"url\":\"https:\/\/www.travel3.com.br\/site\/wp-content\/uploads\/2020\/01\/logo-travel3-2020.png\",\"contentUrl\":\"https:\/\/www.travel3.com.br\/site\/wp-content\/uploads\/2020\/01\/logo-travel3-2020.png\",\"width\":232,\"height\":79,\"caption\":\"Travel3\"},\"image\":{\"@id\":\"https:\/\/www.travel3.com.br\/site\/#\/schema\/logo\/image\/\"},\"sameAs\":[\"https:\/\/www.facebook.com\/travel3media\/\",\"https:\/\/www.instagram.com\/revistatravel3\/\",\"https:\/\/www.youtube.com\/channel\/UCno7J4paGBR3VbZQzvoJ9Eg\"]},{\"@type\":\"Person\",\"@id\":\"https:\/\/www.travel3.com.br\/site\/#\/schema\/person\/a69d71e41a024999b6ab82369ac0bd1e\",\"name\":\"admin\",\"image\":{\"@type\":\"ImageObject\",\"inLanguage\":\"pt-BR\",\"@id\":\"https:\/\/www.travel3.com.br\/site\/#\/schema\/person\/image\/\",\"url\":\"https:\/\/secure.gravatar.com\/avatar\/732a67adfd764da2a47ba10ce731c4c0?s=96&d=mm&r=g\",\"contentUrl\":\"https:\/\/secure.gravatar.com\/avatar\/732a67adfd764da2a47ba10ce731c4c0?s=96&d=mm&r=g\",\"caption\":\"admin\"},\"url\":\"https:\/\/www.travel3.com.br\/site\/author\/admin\/\"}]}<\/script>\n<!-- \/ Yoast SEO plugin. -->","yoast_head_json":{"title":"A SAIDA DE HENRIQUE ALVES PROJETA UMA INDICA\u00c7\u00c3O T\u00c9CNICA? - Travel3","description":"A TRAVEL3 \u00e9 um portal de conte\u00fado voltado para o turismo, encontre destinos, viagens, hospedagem, passagens, guias, not\u00edcias sobre o mercado do turismo, dicas de viagem, v\u00eddeos e podcast.","robots":{"index":"index","follow":"follow","max-snippet":"max-snippet:-1","max-image-preview":"max-image-preview:large","max-video-preview":"max-video-preview:-1"},"canonical":"https:\/\/www.travel3.com.br\/site\/sem-categoria\/a-saida-de-henrique-alves-projeta-uma-indicacao-tecnica\/","og_locale":"pt_BR","og_type":"article","og_title":"A SAIDA DE HENRIQUE ALVES PROJETA UMA INDICA\u00c7\u00c3O T\u00c9CNICA? - Travel3","og_description":"A TRAVEL3 \u00e9 um portal de conte\u00fado voltado para o turismo, encontre destinos, viagens, hospedagem, passagens, guias, not\u00edcias sobre o mercado do turismo, dicas de viagem, v\u00eddeos e podcast.","og_url":"https:\/\/www.travel3.com.br\/site\/sem-categoria\/a-saida-de-henrique-alves-projeta-uma-indicacao-tecnica\/","og_site_name":"Travel3","article_publisher":"https:\/\/www.facebook.com\/travel3media\/","article_published_time":"2017-08-01T19:30:50+00:00","author":"admin","twitter_card":"summary_large_image","twitter_misc":{"Escrito por":"admin","Est. tempo de leitura":"2 minutos"},"schema":{"@context":"https:\/\/schema.org","@graph":[{"@type":"Article","@id":"https:\/\/www.travel3.com.br\/site\/sem-categoria\/a-saida-de-henrique-alves-projeta-uma-indicacao-tecnica\/#article","isPartOf":{"@id":"https:\/\/www.travel3.com.br\/site\/sem-categoria\/a-saida-de-henrique-alves-projeta-uma-indicacao-tecnica\/"},"author":{"name":"admin","@id":"https:\/\/www.travel3.com.br\/site\/#\/schema\/person\/a69d71e41a024999b6ab82369ac0bd1e"},"headline":"A SAIDA DE HENRIQUE ALVES PROJETA UMA INDICA\u00c7\u00c3O T\u00c9CNICA?","datePublished":"2017-08-01T19:30:50+00:00","mainEntityOfPage":{"@id":"https:\/\/www.travel3.com.br\/site\/sem-categoria\/a-saida-de-henrique-alves-projeta-uma-indicacao-tecnica\/"},"wordCount":350,"commentCount":0,"publisher":{"@id":"https:\/\/www.travel3.com.br\/site\/#organization"},"inLanguage":"pt-BR","potentialAction":[{"@type":"CommentAction","name":"Comment","target":["https:\/\/www.travel3.com.br\/site\/sem-categoria\/a-saida-de-henrique-alves-projeta-uma-indicacao-tecnica\/#respond"]}]},{"@type":"WebPage","@id":"https:\/\/www.travel3.com.br\/site\/sem-categoria\/a-saida-de-henrique-alves-projeta-uma-indicacao-tecnica\/","url":"https:\/\/www.travel3.com.br\/site\/sem-categoria\/a-saida-de-henrique-alves-projeta-uma-indicacao-tecnica\/","name":"A SAIDA DE HENRIQUE ALVES PROJETA UMA INDICA\u00c7\u00c3O T\u00c9CNICA? - Travel3","isPartOf":{"@id":"https:\/\/www.travel3.com.br\/site\/#website"},"datePublished":"2017-08-01T19:30:50+00:00","description":"A TRAVEL3 \u00e9 um portal de conte\u00fado voltado para o turismo, encontre destinos, viagens, hospedagem, passagens, guias, not\u00edcias sobre o mercado do turismo, dicas de viagem, v\u00eddeos e podcast.","breadcrumb":{"@id":"https:\/\/www.travel3.com.br\/site\/sem-categoria\/a-saida-de-henrique-alves-projeta-uma-indicacao-tecnica\/#breadcrumb"},"inLanguage":"pt-BR","potentialAction":[{"@type":"ReadAction","target":["https:\/\/www.travel3.com.br\/site\/sem-categoria\/a-saida-de-henrique-alves-projeta-uma-indicacao-tecnica\/"]}]},{"@type":"BreadcrumbList","@id":"https:\/\/www.travel3.com.br\/site\/sem-categoria\/a-saida-de-henrique-alves-projeta-uma-indicacao-tecnica\/#breadcrumb","itemListElement":[{"@type":"ListItem","position":1,"name":"In\u00edcio","item":"https:\/\/www.travel3.com.br\/site\/"},{"@type":"ListItem","position":2,"name":"A SAIDA DE HENRIQUE ALVES PROJETA UMA INDICA\u00c7\u00c3O T\u00c9CNICA?"}]},{"@type":"WebSite","@id":"https:\/\/www.travel3.com.br\/site\/#website","url":"https:\/\/www.travel3.com.br\/site\/","name":"Travel3","description":"Lazer + Neg&oacute;cios + Aventura","publisher":{"@id":"https:\/\/www.travel3.com.br\/site\/#organization"},"potentialAction":[{"@type":"SearchAction","target":{"@type":"EntryPoint","urlTemplate":"https:\/\/www.travel3.com.br\/site\/?s={search_term_string}"},"query-input":{"@type":"PropertyValueSpecification","valueRequired":true,"valueName":"search_term_string"}}],"inLanguage":"pt-BR"},{"@type":"Organization","@id":"https:\/\/www.travel3.com.br\/site\/#organization","name":"Travel3","url":"https:\/\/www.travel3.com.br\/site\/","logo":{"@type":"ImageObject","inLanguage":"pt-BR","@id":"https:\/\/www.travel3.com.br\/site\/#\/schema\/logo\/image\/","url":"https:\/\/www.travel3.com.br\/site\/wp-content\/uploads\/2020\/01\/logo-travel3-2020.png","contentUrl":"https:\/\/www.travel3.com.br\/site\/wp-content\/uploads\/2020\/01\/logo-travel3-2020.png","width":232,"height":79,"caption":"Travel3"},"image":{"@id":"https:\/\/www.travel3.com.br\/site\/#\/schema\/logo\/image\/"},"sameAs":["https:\/\/www.facebook.com\/travel3media\/","https:\/\/www.instagram.com\/revistatravel3\/","https:\/\/www.youtube.com\/channel\/UCno7J4paGBR3VbZQzvoJ9Eg"]},{"@type":"Person","@id":"https:\/\/www.travel3.com.br\/site\/#\/schema\/person\/a69d71e41a024999b6ab82369ac0bd1e","name":"admin","image":{"@type":"ImageObject","inLanguage":"pt-BR","@id":"https:\/\/www.travel3.com.br\/site\/#\/schema\/person\/image\/","url":"https:\/\/secure.gravatar.com\/avatar\/732a67adfd764da2a47ba10ce731c4c0?s=96&d=mm&r=g","contentUrl":"https:\/\/secure.gravatar.com\/avatar\/732a67adfd764da2a47ba10ce731c4c0?s=96&d=mm&r=g","caption":"admin"},"url":"https:\/\/www.travel3.com.br\/site\/author\/admin\/"}]}},"_links":{"self":[{"href":"https:\/\/www.travel3.com.br\/site\/wp-json\/wp\/v2\/posts\/5193","targetHints":{"allow":["GET"]}}],"collection":[{"href":"https:\/\/www.travel3.com.br\/site\/wp-json\/wp\/v2\/posts"}],"about":[{"href":"https:\/\/www.travel3.com.br\/site\/wp-json\/wp\/v2\/types\/post"}],"author":[{"embeddable":true,"href":"https:\/\/www.travel3.com.br\/site\/wp-json\/wp\/v2\/users\/1"}],"replies":[{"embeddable":true,"href":"https:\/\/www.travel3.com.br\/site\/wp-json\/wp\/v2\/comments?post=5193"}],"version-history":[{"count":0,"href":"https:\/\/www.travel3.com.br\/site\/wp-json\/wp\/v2\/posts\/5193\/revisions"}],"wp:attachment":[{"href":"https:\/\/www.travel3.com.br\/site\/wp-json\/wp\/v2\/media?parent=5193"}],"wp:term":[{"taxonomy":"category","embeddable":true,"href":"https:\/\/www.travel3.com.br\/site\/wp-json\/wp\/v2\/categories?post=5193"},{"taxonomy":"post_tag","embeddable":true,"href":"https:\/\/www.travel3.com.br\/site\/wp-json\/wp\/v2\/tags?post=5193"}],"curies":[{"name":"wp","href":"https:\/\/api.w.org\/{rel}","templated":true}]}}