{"id":51829,"date":"2022-09-12T16:37:56","date_gmt":"2022-09-12T19:37:56","guid":{"rendered":"https:\/\/www.travel3.com.br\/?p=51829"},"modified":"2022-09-12T16:43:32","modified_gmt":"2022-09-12T19:43:32","slug":"turismo-na-republica-dominicana-vive-seu-apogeu","status":"publish","type":"post","link":"https:\/\/www.travel3.com.br\/site\/acontece-no-turismo\/turismo-na-republica-dominicana-vive-seu-apogeu\/","title":{"rendered":"Turismo na Rep\u00fablica Dominicana vive seu apogeu"},"content":{"rendered":"\n<h2 class=\"wp-block-heading\">Em agosto, pa\u00eds atingiu seu melhor m\u00eas na hist\u00f3ria, recebendo 621.953 estrangeiros<\/h2>\n\n\n\n<p>O <strong><a href=\"https:\/\/www.godominicanrepublic.com\/pt-br\/\" target=\"_blank\" rel=\"noreferrer noopener\">turismo dominicano<\/a><\/strong> vive seu melhor momento. A afirma\u00e7\u00e3o partiu do Presidente da Rep\u00fablica Dominicana, Luis Abinader e do Ministro do Turismo do pa\u00eds, David Collado que concordaram hoje, 12\/9, em afirmar que esta ind\u00fastria est\u00e1 &#8220;<strong><em>melhor do que nunca<\/em><\/strong>&#8220;, atingindo o n\u00famero hist\u00f3rico de 621.953 chegadas em agosto, superando, assim, os n\u00fameros do mesmo m\u00eas de 2019, que teve 124.563 visitantes.<\/p>\n\n\n\n<p>O Ministro Collado, mostrando os n\u00fameros de crescimento do setor para o presidente Abinader e representantes do setor privado, informou que de janeiro a agosto o pa\u00eds recebeu 4.904.162 turistas e outros 755.818 caminhantes.<\/p>\n\n\n\n<p>Informou, ainda, que se somados aos n\u00fameros de agosto os 94.792 passageiros de cruzeiros que visitaram o pa\u00eds no m\u00eas passado, o total de visitantes chega a 716.745, segundo ele, \u201c<strong><em>algo nunca visto antes<\/em><\/strong>&#8221; no Turismo da Rep\u00fablica Dominicana.<\/p>\n\n\n\n<p>\u201c<strong><em>Isso significa, senhor presidente, que em oito meses os dominicanos receberam a visita de 5.655.980 pessoas. Se isso n\u00e3o \u00e9 um recorde na chegada de turistas, como se chama?<\/em><\/strong>\u201d, perguntou Collado.<\/p>\n\n\n\n<p>+ <strong><a href=\"https:\/\/www.travel3.com.br\/ferias-e-feriados\/hrhc-punta-cana-e-opcao-para-o-dia-das-criancas\/\" target=\"_blank\" rel=\"noreferrer noopener\">Hard Rock Hotel &amp; Casino Punta Cana \u00e9 op\u00e7\u00e3o para o Dia das Crian\u00e7as<\/a><\/strong><\/p>\n\n\n\n<div class=\"wp-block-image\"><figure class=\"aligncenter size-large\"><img loading=\"lazy\" decoding=\"async\" width=\"1024\" height=\"682\" src=\"https:\/\/www.travel3.com.br\/site\/wp-content\/uploads\/2022\/09\/JON01482-gigapixel-very_compressed-scale-2_00x_Easy-Resize.com_-1024x682.jpg\" alt=\"Turismo na Rep\u00fablica Dominicana vive seu apogeu\" class=\"wp-image-51833\" srcset=\"https:\/\/www.travel3.com.br\/site\/wp-content\/uploads\/2022\/09\/JON01482-gigapixel-very_compressed-scale-2_00x_Easy-Resize.com_-1024x682.jpg 1024w, https:\/\/www.travel3.com.br\/site\/wp-content\/uploads\/2022\/09\/JON01482-gigapixel-very_compressed-scale-2_00x_Easy-Resize.com_-300x200.jpg 300w, https:\/\/www.travel3.com.br\/site\/wp-content\/uploads\/2022\/09\/JON01482-gigapixel-very_compressed-scale-2_00x_Easy-Resize.com_-768x512.jpg 768w, https:\/\/www.travel3.com.br\/site\/wp-content\/uploads\/2022\/09\/JON01482-gigapixel-very_compressed-scale-2_00x_Easy-Resize.com_-150x100.jpg 150w, https:\/\/www.travel3.com.br\/site\/wp-content\/uploads\/2022\/09\/JON01482-gigapixel-very_compressed-scale-2_00x_Easy-Resize.com_-750x500.jpg 750w, https:\/\/www.travel3.com.br\/site\/wp-content\/uploads\/2022\/09\/JON01482-gigapixel-very_compressed-scale-2_00x_Easy-Resize.com_-1140x760.jpg 1140w, https:\/\/www.travel3.com.br\/site\/wp-content\/uploads\/2022\/09\/JON01482-gigapixel-very_compressed-scale-2_00x_Easy-Resize.com_.jpg 1280w\" sizes=\"auto, (max-width: 1024px) 100vw, 1024px\" \/><figcaption>Autoridades Dominicanas comemoram o n\u00famero recorde de visitantes ao pa\u00eds em agosto (Foto: Divulga\u00e7\u00e3o)<\/figcaption><\/figure><\/div>\n\n\n\n<p>Dos 621.953 visitantes em agosto, 502.289 eram estrangeiros e 119.674 \u00e9tnicos. A chegada de estrangeiros em agosto representa um crescimento de 27% em rela\u00e7\u00e3o a 2019 e de 11% em rela\u00e7\u00e3o a 2018.<\/p>\n\n\n\n<p>As visitas \u00e9tnicas no m\u00eas passado tamb\u00e9m registraram um aumento de 18% em rela\u00e7\u00e3o a agosto de 2019 e 39% em rela\u00e7\u00e3o ao mesmo m\u00eas de 2018. A chegada de turistas por via a\u00e9rea no m\u00eas passado \u00e9 recorde, pois supera o ano de 2018, quando chegaram 537.576, e o ano de 2019, quando chegaram 497.390.<\/p>\n","protected":false},"excerpt":{"rendered":"<p>Em agosto, pa\u00eds atingiu seu melhor m\u00eas na hist\u00f3ria, recebendo 621.953 estrangeiros<\/p>\n","protected":false},"author":5,"featured_media":51832,"comment_status":"open","ping_status":"open","sticky":false,"template":"","format":"standard","meta":{"footnotes":""},"categories":[969],"tags":[1050,5057],"class_list":["post-51829","post","type-post","status-publish","format-standard","has-post-thumbnail","hentry","category-acontece-no-turismo","tag-republica-dominicana","tag-turismo-na-republica-dominicana"],"yoast_head":"<!-- This site is optimized with the Yoast SEO plugin v26.2 - https:\/\/yoast.com\/wordpress\/plugins\/seo\/ -->\n<title>Turismo na Rep\u00fablica Dominicana vive seu apogeu - Travel3<\/title>\n<meta name=\"description\" content=\"Turismo na Rep\u00fablica Dominicana vive seu apogeu; Em agosto, pa\u00eds atingiu seu melhor m\u00eas na hist\u00f3ria, recebendo 621.953 estrangeiros\" \/>\n<meta name=\"robots\" content=\"index, follow, max-snippet:-1, max-image-preview:large, max-video-preview:-1\" \/>\n<link rel=\"canonical\" href=\"https:\/\/www.travel3.com.br\/site\/acontece-no-turismo\/turismo-na-republica-dominicana-vive-seu-apogeu\/\" \/>\n<meta property=\"og:locale\" content=\"pt_BR\" \/>\n<meta property=\"og:type\" content=\"article\" \/>\n<meta property=\"og:title\" content=\"Turismo na Rep\u00fablica Dominicana vive seu apogeu - Travel3\" \/>\n<meta property=\"og:description\" content=\"Turismo na Rep\u00fablica Dominicana vive seu apogeu; Em agosto, pa\u00eds atingiu seu melhor m\u00eas na hist\u00f3ria, recebendo 621.953 estrangeiros\" \/>\n<meta property=\"og:url\" content=\"https:\/\/www.travel3.com.br\/site\/acontece-no-turismo\/turismo-na-republica-dominicana-vive-seu-apogeu\/\" \/>\n<meta property=\"og:site_name\" content=\"Travel3\" \/>\n<meta property=\"article:publisher\" content=\"https:\/\/www.facebook.com\/travel3media\/\" \/>\n<meta property=\"article:published_time\" content=\"2022-09-12T19:37:56+00:00\" \/>\n<meta property=\"article:modified_time\" content=\"2022-09-12T19:43:32+00:00\" \/>\n<meta property=\"og:image\" content=\"https:\/\/www.travel3.com.br\/site\/wp-content\/uploads\/2022\/09\/Republica-Dominicana-Foto-CT-e1663010963324.jpeg\" \/>\n\t<meta property=\"og:image:width\" content=\"1024\" \/>\n\t<meta property=\"og:image:height\" content=\"565\" \/>\n\t<meta property=\"og:image:type\" content=\"image\/jpeg\" \/>\n<meta name=\"author\" content=\"Reda\u00e7\u00e3o Travel3\" \/>\n<meta name=\"twitter:card\" content=\"summary_large_image\" \/>\n<meta name=\"twitter:label1\" content=\"Escrito por\" \/>\n\t<meta name=\"twitter:data1\" content=\"Reda\u00e7\u00e3o Travel3\" \/>\n\t<meta name=\"twitter:label2\" content=\"Est. tempo de leitura\" \/>\n\t<meta name=\"twitter:data2\" content=\"2 minutos\" \/>\n<script type=\"application\/ld+json\" class=\"yoast-schema-graph\">{\"@context\":\"https:\/\/schema.org\",\"@graph\":[{\"@type\":\"Article\",\"@id\":\"https:\/\/www.travel3.com.br\/site\/acontece-no-turismo\/turismo-na-republica-dominicana-vive-seu-apogeu\/#article\",\"isPartOf\":{\"@id\":\"https:\/\/www.travel3.com.br\/site\/acontece-no-turismo\/turismo-na-republica-dominicana-vive-seu-apogeu\/\"},\"author\":{\"name\":\"Reda\u00e7\u00e3o Travel3\",\"@id\":\"https:\/\/www.travel3.com.br\/site\/#\/schema\/person\/89251b0320bc67697de92249f97f3fdb\"},\"headline\":\"Turismo na Rep\u00fablica Dominicana vive seu apogeu\",\"datePublished\":\"2022-09-12T19:37:56+00:00\",\"dateModified\":\"2022-09-12T19:43:32+00:00\",\"mainEntityOfPage\":{\"@id\":\"https:\/\/www.travel3.com.br\/site\/acontece-no-turismo\/turismo-na-republica-dominicana-vive-seu-apogeu\/\"},\"wordCount\":307,\"commentCount\":0,\"publisher\":{\"@id\":\"https:\/\/www.travel3.com.br\/site\/#organization\"},\"image\":{\"@id\":\"https:\/\/www.travel3.com.br\/site\/acontece-no-turismo\/turismo-na-republica-dominicana-vive-seu-apogeu\/#primaryimage\"},\"thumbnailUrl\":\"https:\/\/www.travel3.com.br\/site\/wp-content\/uploads\/2022\/09\/Republica-Dominicana-Foto-CT-e1663010963324.jpeg\",\"keywords\":[\"Rep\u00fablica Dominicana\",\"Turismo na Rep\u00fablica Dominicana\"],\"articleSection\":[\"Acontece no Turismo\"],\"inLanguage\":\"pt-BR\",\"potentialAction\":[{\"@type\":\"CommentAction\",\"name\":\"Comment\",\"target\":[\"https:\/\/www.travel3.com.br\/site\/acontece-no-turismo\/turismo-na-republica-dominicana-vive-seu-apogeu\/#respond\"]}]},{\"@type\":\"WebPage\",\"@id\":\"https:\/\/www.travel3.com.br\/site\/acontece-no-turismo\/turismo-na-republica-dominicana-vive-seu-apogeu\/\",\"url\":\"https:\/\/www.travel3.com.br\/site\/acontece-no-turismo\/turismo-na-republica-dominicana-vive-seu-apogeu\/\",\"name\":\"Turismo na Rep\u00fablica Dominicana vive seu apogeu - Travel3\",\"isPartOf\":{\"@id\":\"https:\/\/www.travel3.com.br\/site\/#website\"},\"primaryImageOfPage\":{\"@id\":\"https:\/\/www.travel3.com.br\/site\/acontece-no-turismo\/turismo-na-republica-dominicana-vive-seu-apogeu\/#primaryimage\"},\"image\":{\"@id\":\"https:\/\/www.travel3.com.br\/site\/acontece-no-turismo\/turismo-na-republica-dominicana-vive-seu-apogeu\/#primaryimage\"},\"thumbnailUrl\":\"https:\/\/www.travel3.com.br\/site\/wp-content\/uploads\/2022\/09\/Republica-Dominicana-Foto-CT-e1663010963324.jpeg\",\"datePublished\":\"2022-09-12T19:37:56+00:00\",\"dateModified\":\"2022-09-12T19:43:32+00:00\",\"description\":\"Turismo na Rep\u00fablica Dominicana vive seu apogeu; Em agosto, pa\u00eds atingiu seu melhor m\u00eas na hist\u00f3ria, recebendo 621.953 estrangeiros\",\"breadcrumb\":{\"@id\":\"https:\/\/www.travel3.com.br\/site\/acontece-no-turismo\/turismo-na-republica-dominicana-vive-seu-apogeu\/#breadcrumb\"},\"inLanguage\":\"pt-BR\",\"potentialAction\":[{\"@type\":\"ReadAction\",\"target\":[\"https:\/\/www.travel3.com.br\/site\/acontece-no-turismo\/turismo-na-republica-dominicana-vive-seu-apogeu\/\"]}]},{\"@type\":\"ImageObject\",\"inLanguage\":\"pt-BR\",\"@id\":\"https:\/\/www.travel3.com.br\/site\/acontece-no-turismo\/turismo-na-republica-dominicana-vive-seu-apogeu\/#primaryimage\",\"url\":\"https:\/\/www.travel3.com.br\/site\/wp-content\/uploads\/2022\/09\/Republica-Dominicana-Foto-CT-e1663010963324.jpeg\",\"contentUrl\":\"https:\/\/www.travel3.com.br\/site\/wp-content\/uploads\/2022\/09\/Republica-Dominicana-Foto-CT-e1663010963324.jpeg\",\"width\":1024,\"height\":565,\"caption\":\"Foto: Caroline Tonaco\"},{\"@type\":\"BreadcrumbList\",\"@id\":\"https:\/\/www.travel3.com.br\/site\/acontece-no-turismo\/turismo-na-republica-dominicana-vive-seu-apogeu\/#breadcrumb\",\"itemListElement\":[{\"@type\":\"ListItem\",\"position\":1,\"name\":\"In\u00edcio\",\"item\":\"https:\/\/www.travel3.com.br\/site\/\"},{\"@type\":\"ListItem\",\"position\":2,\"name\":\"Turismo na Rep\u00fablica Dominicana vive seu apogeu\"}]},{\"@type\":\"WebSite\",\"@id\":\"https:\/\/www.travel3.com.br\/site\/#website\",\"url\":\"https:\/\/www.travel3.com.br\/site\/\",\"name\":\"Travel3\",\"description\":\"Lazer + Neg&oacute;cios + Aventura\",\"publisher\":{\"@id\":\"https:\/\/www.travel3.com.br\/site\/#organization\"},\"potentialAction\":[{\"@type\":\"SearchAction\",\"target\":{\"@type\":\"EntryPoint\",\"urlTemplate\":\"https:\/\/www.travel3.com.br\/site\/?s={search_term_string}\"},\"query-input\":{\"@type\":\"PropertyValueSpecification\",\"valueRequired\":true,\"valueName\":\"search_term_string\"}}],\"inLanguage\":\"pt-BR\"},{\"@type\":\"Organization\",\"@id\":\"https:\/\/www.travel3.com.br\/site\/#organization\",\"name\":\"Travel3\",\"url\":\"https:\/\/www.travel3.com.br\/site\/\",\"logo\":{\"@type\":\"ImageObject\",\"inLanguage\":\"pt-BR\",\"@id\":\"https:\/\/www.travel3.com.br\/site\/#\/schema\/logo\/image\/\",\"url\":\"https:\/\/www.travel3.com.br\/site\/wp-content\/uploads\/2020\/01\/logo-travel3-2020.png\",\"contentUrl\":\"https:\/\/www.travel3.com.br\/site\/wp-content\/uploads\/2020\/01\/logo-travel3-2020.png\",\"width\":232,\"height\":79,\"caption\":\"Travel3\"},\"image\":{\"@id\":\"https:\/\/www.travel3.com.br\/site\/#\/schema\/logo\/image\/\"},\"sameAs\":[\"https:\/\/www.facebook.com\/travel3media\/\",\"https:\/\/www.instagram.com\/revistatravel3\/\",\"https:\/\/www.youtube.com\/channel\/UCno7J4paGBR3VbZQzvoJ9Eg\"]},{\"@type\":\"Person\",\"@id\":\"https:\/\/www.travel3.com.br\/site\/#\/schema\/person\/89251b0320bc67697de92249f97f3fdb\",\"name\":\"Reda\u00e7\u00e3o Travel3\",\"image\":{\"@type\":\"ImageObject\",\"inLanguage\":\"pt-BR\",\"@id\":\"https:\/\/www.travel3.com.br\/site\/#\/schema\/person\/image\/\",\"url\":\"https:\/\/secure.gravatar.com\/avatar\/85a5ec2ad99b1932f671ebf50c117db6?s=96&d=mm&r=g\",\"contentUrl\":\"https:\/\/secure.gravatar.com\/avatar\/85a5ec2ad99b1932f671ebf50c117db6?s=96&d=mm&r=g\",\"caption\":\"Reda\u00e7\u00e3o Travel3\"},\"sameAs\":[\"http:\/\/www.travel3.com.br\/\"],\"url\":\"https:\/\/www.travel3.com.br\/site\/author\/redacao\/\"}]}<\/script>\n<!-- \/ Yoast SEO plugin. -->","yoast_head_json":{"title":"Turismo na Rep\u00fablica Dominicana vive seu apogeu - Travel3","description":"Turismo na Rep\u00fablica Dominicana vive seu apogeu; Em agosto, pa\u00eds atingiu seu melhor m\u00eas na hist\u00f3ria, recebendo 621.953 estrangeiros","robots":{"index":"index","follow":"follow","max-snippet":"max-snippet:-1","max-image-preview":"max-image-preview:large","max-video-preview":"max-video-preview:-1"},"canonical":"https:\/\/www.travel3.com.br\/site\/acontece-no-turismo\/turismo-na-republica-dominicana-vive-seu-apogeu\/","og_locale":"pt_BR","og_type":"article","og_title":"Turismo na Rep\u00fablica Dominicana vive seu apogeu - Travel3","og_description":"Turismo na Rep\u00fablica Dominicana vive seu apogeu; Em agosto, pa\u00eds atingiu seu melhor m\u00eas na hist\u00f3ria, recebendo 621.953 estrangeiros","og_url":"https:\/\/www.travel3.com.br\/site\/acontece-no-turismo\/turismo-na-republica-dominicana-vive-seu-apogeu\/","og_site_name":"Travel3","article_publisher":"https:\/\/www.facebook.com\/travel3media\/","article_published_time":"2022-09-12T19:37:56+00:00","article_modified_time":"2022-09-12T19:43:32+00:00","og_image":[{"width":1024,"height":565,"url":"https:\/\/www.travel3.com.br\/site\/wp-content\/uploads\/2022\/09\/Republica-Dominicana-Foto-CT-e1663010963324.jpeg","type":"image\/jpeg"}],"author":"Reda\u00e7\u00e3o Travel3","twitter_card":"summary_large_image","twitter_misc":{"Escrito por":"Reda\u00e7\u00e3o Travel3","Est. tempo de leitura":"2 minutos"},"schema":{"@context":"https:\/\/schema.org","@graph":[{"@type":"Article","@id":"https:\/\/www.travel3.com.br\/site\/acontece-no-turismo\/turismo-na-republica-dominicana-vive-seu-apogeu\/#article","isPartOf":{"@id":"https:\/\/www.travel3.com.br\/site\/acontece-no-turismo\/turismo-na-republica-dominicana-vive-seu-apogeu\/"},"author":{"name":"Reda\u00e7\u00e3o Travel3","@id":"https:\/\/www.travel3.com.br\/site\/#\/schema\/person\/89251b0320bc67697de92249f97f3fdb"},"headline":"Turismo na Rep\u00fablica Dominicana vive seu apogeu","datePublished":"2022-09-12T19:37:56+00:00","dateModified":"2022-09-12T19:43:32+00:00","mainEntityOfPage":{"@id":"https:\/\/www.travel3.com.br\/site\/acontece-no-turismo\/turismo-na-republica-dominicana-vive-seu-apogeu\/"},"wordCount":307,"commentCount":0,"publisher":{"@id":"https:\/\/www.travel3.com.br\/site\/#organization"},"image":{"@id":"https:\/\/www.travel3.com.br\/site\/acontece-no-turismo\/turismo-na-republica-dominicana-vive-seu-apogeu\/#primaryimage"},"thumbnailUrl":"https:\/\/www.travel3.com.br\/site\/wp-content\/uploads\/2022\/09\/Republica-Dominicana-Foto-CT-e1663010963324.jpeg","keywords":["Rep\u00fablica Dominicana","Turismo na Rep\u00fablica Dominicana"],"articleSection":["Acontece no Turismo"],"inLanguage":"pt-BR","potentialAction":[{"@type":"CommentAction","name":"Comment","target":["https:\/\/www.travel3.com.br\/site\/acontece-no-turismo\/turismo-na-republica-dominicana-vive-seu-apogeu\/#respond"]}]},{"@type":"WebPage","@id":"https:\/\/www.travel3.com.br\/site\/acontece-no-turismo\/turismo-na-republica-dominicana-vive-seu-apogeu\/","url":"https:\/\/www.travel3.com.br\/site\/acontece-no-turismo\/turismo-na-republica-dominicana-vive-seu-apogeu\/","name":"Turismo na Rep\u00fablica Dominicana vive seu apogeu - Travel3","isPartOf":{"@id":"https:\/\/www.travel3.com.br\/site\/#website"},"primaryImageOfPage":{"@id":"https:\/\/www.travel3.com.br\/site\/acontece-no-turismo\/turismo-na-republica-dominicana-vive-seu-apogeu\/#primaryimage"},"image":{"@id":"https:\/\/www.travel3.com.br\/site\/acontece-no-turismo\/turismo-na-republica-dominicana-vive-seu-apogeu\/#primaryimage"},"thumbnailUrl":"https:\/\/www.travel3.com.br\/site\/wp-content\/uploads\/2022\/09\/Republica-Dominicana-Foto-CT-e1663010963324.jpeg","datePublished":"2022-09-12T19:37:56+00:00","dateModified":"2022-09-12T19:43:32+00:00","description":"Turismo na Rep\u00fablica Dominicana vive seu apogeu; Em agosto, pa\u00eds atingiu seu melhor m\u00eas na hist\u00f3ria, recebendo 621.953 estrangeiros","breadcrumb":{"@id":"https:\/\/www.travel3.com.br\/site\/acontece-no-turismo\/turismo-na-republica-dominicana-vive-seu-apogeu\/#breadcrumb"},"inLanguage":"pt-BR","potentialAction":[{"@type":"ReadAction","target":["https:\/\/www.travel3.com.br\/site\/acontece-no-turismo\/turismo-na-republica-dominicana-vive-seu-apogeu\/"]}]},{"@type":"ImageObject","inLanguage":"pt-BR","@id":"https:\/\/www.travel3.com.br\/site\/acontece-no-turismo\/turismo-na-republica-dominicana-vive-seu-apogeu\/#primaryimage","url":"https:\/\/www.travel3.com.br\/site\/wp-content\/uploads\/2022\/09\/Republica-Dominicana-Foto-CT-e1663010963324.jpeg","contentUrl":"https:\/\/www.travel3.com.br\/site\/wp-content\/uploads\/2022\/09\/Republica-Dominicana-Foto-CT-e1663010963324.jpeg","width":1024,"height":565,"caption":"Foto: Caroline Tonaco"},{"@type":"BreadcrumbList","@id":"https:\/\/www.travel3.com.br\/site\/acontece-no-turismo\/turismo-na-republica-dominicana-vive-seu-apogeu\/#breadcrumb","itemListElement":[{"@type":"ListItem","position":1,"name":"In\u00edcio","item":"https:\/\/www.travel3.com.br\/site\/"},{"@type":"ListItem","position":2,"name":"Turismo na Rep\u00fablica Dominicana vive seu apogeu"}]},{"@type":"WebSite","@id":"https:\/\/www.travel3.com.br\/site\/#website","url":"https:\/\/www.travel3.com.br\/site\/","name":"Travel3","description":"Lazer + Neg&oacute;cios + Aventura","publisher":{"@id":"https:\/\/www.travel3.com.br\/site\/#organization"},"potentialAction":[{"@type":"SearchAction","target":{"@type":"EntryPoint","urlTemplate":"https:\/\/www.travel3.com.br\/site\/?s={search_term_string}"},"query-input":{"@type":"PropertyValueSpecification","valueRequired":true,"valueName":"search_term_string"}}],"inLanguage":"pt-BR"},{"@type":"Organization","@id":"https:\/\/www.travel3.com.br\/site\/#organization","name":"Travel3","url":"https:\/\/www.travel3.com.br\/site\/","logo":{"@type":"ImageObject","inLanguage":"pt-BR","@id":"https:\/\/www.travel3.com.br\/site\/#\/schema\/logo\/image\/","url":"https:\/\/www.travel3.com.br\/site\/wp-content\/uploads\/2020\/01\/logo-travel3-2020.png","contentUrl":"https:\/\/www.travel3.com.br\/site\/wp-content\/uploads\/2020\/01\/logo-travel3-2020.png","width":232,"height":79,"caption":"Travel3"},"image":{"@id":"https:\/\/www.travel3.com.br\/site\/#\/schema\/logo\/image\/"},"sameAs":["https:\/\/www.facebook.com\/travel3media\/","https:\/\/www.instagram.com\/revistatravel3\/","https:\/\/www.youtube.com\/channel\/UCno7J4paGBR3VbZQzvoJ9Eg"]},{"@type":"Person","@id":"https:\/\/www.travel3.com.br\/site\/#\/schema\/person\/89251b0320bc67697de92249f97f3fdb","name":"Reda\u00e7\u00e3o Travel3","image":{"@type":"ImageObject","inLanguage":"pt-BR","@id":"https:\/\/www.travel3.com.br\/site\/#\/schema\/person\/image\/","url":"https:\/\/secure.gravatar.com\/avatar\/85a5ec2ad99b1932f671ebf50c117db6?s=96&d=mm&r=g","contentUrl":"https:\/\/secure.gravatar.com\/avatar\/85a5ec2ad99b1932f671ebf50c117db6?s=96&d=mm&r=g","caption":"Reda\u00e7\u00e3o Travel3"},"sameAs":["http:\/\/www.travel3.com.br\/"],"url":"https:\/\/www.travel3.com.br\/site\/author\/redacao\/"}]}},"_links":{"self":[{"href":"https:\/\/www.travel3.com.br\/site\/wp-json\/wp\/v2\/posts\/51829","targetHints":{"allow":["GET"]}}],"collection":[{"href":"https:\/\/www.travel3.com.br\/site\/wp-json\/wp\/v2\/posts"}],"about":[{"href":"https:\/\/www.travel3.com.br\/site\/wp-json\/wp\/v2\/types\/post"}],"author":[{"embeddable":true,"href":"https:\/\/www.travel3.com.br\/site\/wp-json\/wp\/v2\/users\/5"}],"replies":[{"embeddable":true,"href":"https:\/\/www.travel3.com.br\/site\/wp-json\/wp\/v2\/comments?post=51829"}],"version-history":[{"count":7,"href":"https:\/\/www.travel3.com.br\/site\/wp-json\/wp\/v2\/posts\/51829\/revisions"}],"predecessor-version":[{"id":51840,"href":"https:\/\/www.travel3.com.br\/site\/wp-json\/wp\/v2\/posts\/51829\/revisions\/51840"}],"wp:featuredmedia":[{"embeddable":true,"href":"https:\/\/www.travel3.com.br\/site\/wp-json\/wp\/v2\/media\/51832"}],"wp:attachment":[{"href":"https:\/\/www.travel3.com.br\/site\/wp-json\/wp\/v2\/media?parent=51829"}],"wp:term":[{"taxonomy":"category","embeddable":true,"href":"https:\/\/www.travel3.com.br\/site\/wp-json\/wp\/v2\/categories?post=51829"},{"taxonomy":"post_tag","embeddable":true,"href":"https:\/\/www.travel3.com.br\/site\/wp-json\/wp\/v2\/tags?post=51829"}],"curies":[{"name":"wp","href":"https:\/\/api.w.org\/{rel}","templated":true}]}}