{"id":5166,"date":"2017-09-05T18:51:03","date_gmt":"2017-09-05T18:51:03","guid":{"rendered":"http:\/\/www.travel3.com.br\/site\/ir-e-vir\/ar\/april-e-qbe-apresentam-a-viagem-protegida\/"},"modified":"2017-09-05T18:51:03","modified_gmt":"2017-09-05T18:51:03","slug":"april-e-qbe-apresentam-a-viagem-protegida","status":"publish","type":"post","link":"https:\/\/www.travel3.com.br\/site\/sem-categoria\/april-e-qbe-apresentam-a-viagem-protegida\/","title":{"rendered":"APRIL E QBE APRESENTAM A VIAGEM PROTEGIDA"},"content":{"rendered":"<p><span style=\"color: #40acad; font-family: -apple-system, system-ui, 'Segoe UI', Roboto, Oxygen-Sans, Ubuntu, Cantarell, 'Helvetica Neue', sans-serif; font-size: 12px; font-weight: bold;\"><\/p>\n<p style=\"text-align:justify\"><a class=\"fancybox-media\" href=\"..\/_uploads\/_noticia\/2016-06\/dscn5940--2-.jpg\" rel=\"portfolio\"><img decoding=\"async\" alt=\"\" src=\"..\/_uploads\/_noticia\/2016-06\/dscn5940--2-.jpg\" \/><\/a><\/p>\n<p style=\"text-align:justify\"><strong>No escrit\u00f3rio-sede da April, Luiz Azambuja, diretor financeiro: Neide Carvalho, gerente comercial Travel da QBE; Agnaldo Abrah\u00e3o, diretor comercial da April e Pedro Gutemberg, diretor comercial da QBE Brasil Seguros<\/strong><\/p>\n<p style=\"text-align:justify\">A proposta de atender uma demanda existente e crescente no mercado tur\u00edstico motivou\u00a0 mais uma a\u00e7\u00e3o de parceria entre a April, com sua unidade Brasil, e a QBE Seguros, e assim alinhassem mais um produto in\u00e9dito: a \u2018Viagem Protegida\u2019 garante o cumprimento da compra por parte do viajante.<\/p>\n<p style=\"text-align:justify\">A partir de agora, os agentes de viagens, operadoras do setor e corretores podem oferecer este produto aos seus clientes. Ser\u00e1 uma garantia total ou parcial de financiamento durante a vig\u00eancia do seguro. Vai atender, inclusive, os casos de demiss\u00e3o laboral.<\/p>\n<p style=\"text-align:justify\">\u2018Entendemos que o momento atual exige uma aten\u00e7\u00e3o espec\u00edfica como esta que apresentamos. Independente do tradicional seguro de assist\u00eancia para viagem, \u00e9 uma extens\u00e3o de seguran\u00e7a para quem viaja e quem vende o pacote ou servi\u00e7o\u2019, explicou o diretor comercial da April Brasil, Agnaldo Abrah\u00e3o.<\/p>\n<p style=\"text-align:justify\">O financiamento tem um valor limite de at\u00e9 R$ 20 mil. No caso de um pacote a partir de R$ 3 mil\u00a0 j\u00e1 entra em parcelamentos de at\u00e9 seis vezes. \u2018Isto possibilitara maior tranquilidade ao financiador. \u2018\u00c9 um produto pontual, e al\u00e9m de estimular a venda oferece esta garantia ao cliente\u2019, complementa o executivo, informando tamb\u00e9m que o produto j\u00e1 est\u00e1 dispon\u00edvel para os agentes de viagens, o grande canal de distribui\u00e7\u00e3o da April Brasil, e tamb\u00e9m ser\u00e1 oferecido aos operadores,<\/p>\n<p style=\"text-align:justify\"><a class=\"fancybox-media\" href=\"..\/_uploads\/_noticia\/2016-06\/dscn5937--2-.jpg\" rel=\"portfolio\"><img decoding=\"async\" alt=\"\" src=\"..\/_uploads\/_noticia\/2016-06\/dscn5937--2-.jpg\" \/><\/a><\/p>\n<p style=\"text-align:justify\"><strong>Coletiva realizada na sede da April<\/strong><\/p>\n<p style=\"text-align:justify\">\u2018Fazer a diferencia\u00e7\u00e3o para incrementar resultados\u2019, sintetiza Agnaldo, que tamb\u00e9m aproveitou a coletiva na sede da empresa, regi\u00e3o dos Jardins, em S\u00e3o Paulo, para mostrar a amplia\u00e7\u00e3o que a April vem alcan\u00e7ando no mercado nacional e na oferta de produtos.<\/p>\n<p style=\"text-align:justify\">S\u00e3o \u00a0solu\u00e7\u00f5es em seguros e assist\u00eancia, mobilizando o residencial, pet, odontol\u00f3gico, funeral, interc\u00e2mbio, prote\u00e7\u00e3o esportiva, assist\u00eancia jur\u00eddica e indeniza\u00e7\u00e3o, Agora, al\u00e9m de tudo que uma viagem pode ter de imprevistos, o momento atual, econ\u00f4mico, politico e social sugere um efeito de oferecer maior tranquilidade para quem n\u00e3o pretende abrir m\u00e3o do conte\u00fado de viagens e f\u00e9rias.<\/p>\n<p style=\"text-align:justify\">A \u2018Viagem Protegida\u2019, que surge como novo carro chefe no atendimento sob qualquer circunst\u00e2ncia, traz ainda a utiliza\u00e7\u00e3o do portal da April Digital, empresa que trabalha com solu\u00e7\u00f5es tecnol\u00f3gicas para atender o segmento com maior foco e facilidades. A emiss\u00e3o via portal \u00e9 t\u00e3o simples e r\u00e1pida que tudo se confirma em dois minutos.<\/p>\n<p style=\"text-align:justify\">O novo produto \u00e9 voltado ao profissional liberal, aquele que tem registro CLT, bem como ao aut\u00f4nomo. Em um primeiro momento n\u00e3o \u00e9 para o funcion\u00e1rio publico, mas&#8230;<\/p>\n<p style=\"text-align:justify\"><a class=\"fancybox-media\" href=\"..\/_uploads\/_noticia\/2016-06\/dscn5939--2-.jpg\" rel=\"portfolio\"><img decoding=\"async\" alt=\"\" src=\"..\/_uploads\/_noticia\/2016-06\/dscn5939--2-.jpg\" \/><\/a><\/p>\n<p style=\"text-align:justify\">A gerente comercial de turismo da QBE, Neide Carvalho, salientou que \u2018o produto chega com inova\u00e7\u00f5es em um esfor\u00e7o conjunto para atender ao cliente final\u2019.<\/p>\n<p style=\"text-align:justify\">\u2018Trazemos um novo conceito dentro da prote\u00e7\u00e3o no turismo. A id\u00e9ia \u00e9 a de dar maior tranquilidade para facilitar e garantir. Sera um produto que estar\u00e1 em constante aperfei\u00e7oamento\u2019, complementou Agnaldo.<\/p>\n<p style=\"text-align:justify\">Outra novidade ser\u00e1 que este seguro tamb\u00e9m tem premio. Mensalmente, agende de viagens ou corretor que emitir concorrer\u00e1 ao premio de R$ 5 mil. O mesmo valendo para o cliente comprador.<\/p>\n<p style=\"text-align:justify\"><a class=\"fancybox-media\" href=\"..\/_uploads\/_noticia\/2016-06\/dscn5938--2-.jpg\" rel=\"portfolio\"><img decoding=\"async\" alt=\"\" src=\"..\/_uploads\/_noticia\/2016-06\/dscn5938--2-.jpg\" \/><\/a><\/p>\n<p style=\"text-align:justify\">Todos os esclarecimentos est\u00e3o em www.aprilbrasil.com.br<\/p>\n<p>\u00a0<\/p>\n<p>\u00a0<\/p>\n<p>\u00a0<\/p>\n<p>\u00a0<\/p>\n<p>\u00a0<\/p>\n<p><\/span><\/p>\n","protected":false},"excerpt":{"rendered":"<p>Maior tranquilidade financeira para o viajante em um novo modelo de prote\u00e7\u00e3o<\/p>\n","protected":false},"author":1,"featured_media":0,"comment_status":"open","ping_status":"open","sticky":false,"template":"","format":"standard","meta":{"footnotes":""},"categories":[],"tags":[],"class_list":["post-5166","post","type-post","status-publish","format-standard","hentry"],"yoast_head":"<!-- This site is optimized with the Yoast SEO plugin v26.2 - https:\/\/yoast.com\/wordpress\/plugins\/seo\/ -->\n<title>APRIL E QBE APRESENTAM A VIAGEM PROTEGIDA - Travel3<\/title>\n<meta name=\"description\" content=\"A TRAVEL3 \u00e9 um portal de conte\u00fado voltado para o turismo, encontre destinos, viagens, hospedagem, passagens, guias, not\u00edcias sobre o mercado do turismo, dicas de viagem, v\u00eddeos e podcast.\" \/>\n<meta name=\"robots\" content=\"index, follow, max-snippet:-1, max-image-preview:large, max-video-preview:-1\" \/>\n<link rel=\"canonical\" href=\"https:\/\/www.travel3.com.br\/site\/sem-categoria\/april-e-qbe-apresentam-a-viagem-protegida\/\" \/>\n<meta property=\"og:locale\" content=\"pt_BR\" \/>\n<meta property=\"og:type\" content=\"article\" \/>\n<meta property=\"og:title\" content=\"APRIL E QBE APRESENTAM A VIAGEM PROTEGIDA - Travel3\" \/>\n<meta property=\"og:description\" content=\"A TRAVEL3 \u00e9 um portal de conte\u00fado voltado para o turismo, encontre destinos, viagens, hospedagem, passagens, guias, not\u00edcias sobre o mercado do turismo, dicas de viagem, v\u00eddeos e podcast.\" \/>\n<meta property=\"og:url\" content=\"https:\/\/www.travel3.com.br\/site\/sem-categoria\/april-e-qbe-apresentam-a-viagem-protegida\/\" \/>\n<meta property=\"og:site_name\" content=\"Travel3\" \/>\n<meta property=\"article:publisher\" content=\"https:\/\/www.facebook.com\/travel3media\/\" \/>\n<meta property=\"article:published_time\" content=\"2017-09-05T18:51:03+00:00\" \/>\n<meta name=\"author\" content=\"admin\" \/>\n<meta name=\"twitter:card\" content=\"summary_large_image\" \/>\n<meta name=\"twitter:label1\" content=\"Escrito por\" \/>\n\t<meta name=\"twitter:data1\" content=\"admin\" \/>\n\t<meta name=\"twitter:label2\" content=\"Est. tempo de leitura\" \/>\n\t<meta name=\"twitter:data2\" content=\"3 minutos\" \/>\n<script type=\"application\/ld+json\" class=\"yoast-schema-graph\">{\"@context\":\"https:\/\/schema.org\",\"@graph\":[{\"@type\":\"Article\",\"@id\":\"https:\/\/www.travel3.com.br\/site\/sem-categoria\/april-e-qbe-apresentam-a-viagem-protegida\/#article\",\"isPartOf\":{\"@id\":\"https:\/\/www.travel3.com.br\/site\/sem-categoria\/april-e-qbe-apresentam-a-viagem-protegida\/\"},\"author\":{\"name\":\"admin\",\"@id\":\"https:\/\/www.travel3.com.br\/site\/#\/schema\/person\/a69d71e41a024999b6ab82369ac0bd1e\"},\"headline\":\"APRIL E QBE APRESENTAM A VIAGEM PROTEGIDA\",\"datePublished\":\"2017-09-05T18:51:03+00:00\",\"mainEntityOfPage\":{\"@id\":\"https:\/\/www.travel3.com.br\/site\/sem-categoria\/april-e-qbe-apresentam-a-viagem-protegida\/\"},\"wordCount\":580,\"commentCount\":0,\"publisher\":{\"@id\":\"https:\/\/www.travel3.com.br\/site\/#organization\"},\"inLanguage\":\"pt-BR\",\"potentialAction\":[{\"@type\":\"CommentAction\",\"name\":\"Comment\",\"target\":[\"https:\/\/www.travel3.com.br\/site\/sem-categoria\/april-e-qbe-apresentam-a-viagem-protegida\/#respond\"]}]},{\"@type\":\"WebPage\",\"@id\":\"https:\/\/www.travel3.com.br\/site\/sem-categoria\/april-e-qbe-apresentam-a-viagem-protegida\/\",\"url\":\"https:\/\/www.travel3.com.br\/site\/sem-categoria\/april-e-qbe-apresentam-a-viagem-protegida\/\",\"name\":\"APRIL E QBE APRESENTAM A VIAGEM PROTEGIDA - Travel3\",\"isPartOf\":{\"@id\":\"https:\/\/www.travel3.com.br\/site\/#website\"},\"datePublished\":\"2017-09-05T18:51:03+00:00\",\"description\":\"A TRAVEL3 \u00e9 um portal de conte\u00fado voltado para o turismo, encontre destinos, viagens, hospedagem, passagens, guias, not\u00edcias sobre o mercado do turismo, dicas de viagem, v\u00eddeos e podcast.\",\"breadcrumb\":{\"@id\":\"https:\/\/www.travel3.com.br\/site\/sem-categoria\/april-e-qbe-apresentam-a-viagem-protegida\/#breadcrumb\"},\"inLanguage\":\"pt-BR\",\"potentialAction\":[{\"@type\":\"ReadAction\",\"target\":[\"https:\/\/www.travel3.com.br\/site\/sem-categoria\/april-e-qbe-apresentam-a-viagem-protegida\/\"]}]},{\"@type\":\"BreadcrumbList\",\"@id\":\"https:\/\/www.travel3.com.br\/site\/sem-categoria\/april-e-qbe-apresentam-a-viagem-protegida\/#breadcrumb\",\"itemListElement\":[{\"@type\":\"ListItem\",\"position\":1,\"name\":\"In\u00edcio\",\"item\":\"https:\/\/www.travel3.com.br\/site\/\"},{\"@type\":\"ListItem\",\"position\":2,\"name\":\"APRIL E QBE APRESENTAM A VIAGEM PROTEGIDA\"}]},{\"@type\":\"WebSite\",\"@id\":\"https:\/\/www.travel3.com.br\/site\/#website\",\"url\":\"https:\/\/www.travel3.com.br\/site\/\",\"name\":\"Travel3\",\"description\":\"Lazer + Neg&oacute;cios + Aventura\",\"publisher\":{\"@id\":\"https:\/\/www.travel3.com.br\/site\/#organization\"},\"potentialAction\":[{\"@type\":\"SearchAction\",\"target\":{\"@type\":\"EntryPoint\",\"urlTemplate\":\"https:\/\/www.travel3.com.br\/site\/?s={search_term_string}\"},\"query-input\":{\"@type\":\"PropertyValueSpecification\",\"valueRequired\":true,\"valueName\":\"search_term_string\"}}],\"inLanguage\":\"pt-BR\"},{\"@type\":\"Organization\",\"@id\":\"https:\/\/www.travel3.com.br\/site\/#organization\",\"name\":\"Travel3\",\"url\":\"https:\/\/www.travel3.com.br\/site\/\",\"logo\":{\"@type\":\"ImageObject\",\"inLanguage\":\"pt-BR\",\"@id\":\"https:\/\/www.travel3.com.br\/site\/#\/schema\/logo\/image\/\",\"url\":\"https:\/\/www.travel3.com.br\/site\/wp-content\/uploads\/2020\/01\/logo-travel3-2020.png\",\"contentUrl\":\"https:\/\/www.travel3.com.br\/site\/wp-content\/uploads\/2020\/01\/logo-travel3-2020.png\",\"width\":232,\"height\":79,\"caption\":\"Travel3\"},\"image\":{\"@id\":\"https:\/\/www.travel3.com.br\/site\/#\/schema\/logo\/image\/\"},\"sameAs\":[\"https:\/\/www.facebook.com\/travel3media\/\",\"https:\/\/www.instagram.com\/revistatravel3\/\",\"https:\/\/www.youtube.com\/channel\/UCno7J4paGBR3VbZQzvoJ9Eg\"]},{\"@type\":\"Person\",\"@id\":\"https:\/\/www.travel3.com.br\/site\/#\/schema\/person\/a69d71e41a024999b6ab82369ac0bd1e\",\"name\":\"admin\",\"image\":{\"@type\":\"ImageObject\",\"inLanguage\":\"pt-BR\",\"@id\":\"https:\/\/www.travel3.com.br\/site\/#\/schema\/person\/image\/\",\"url\":\"https:\/\/secure.gravatar.com\/avatar\/732a67adfd764da2a47ba10ce731c4c0?s=96&d=mm&r=g\",\"contentUrl\":\"https:\/\/secure.gravatar.com\/avatar\/732a67adfd764da2a47ba10ce731c4c0?s=96&d=mm&r=g\",\"caption\":\"admin\"},\"url\":\"https:\/\/www.travel3.com.br\/site\/author\/admin\/\"}]}<\/script>\n<!-- \/ Yoast SEO plugin. -->","yoast_head_json":{"title":"APRIL E QBE APRESENTAM A VIAGEM PROTEGIDA - Travel3","description":"A TRAVEL3 \u00e9 um portal de conte\u00fado voltado para o turismo, encontre destinos, viagens, hospedagem, passagens, guias, not\u00edcias sobre o mercado do turismo, dicas de viagem, v\u00eddeos e podcast.","robots":{"index":"index","follow":"follow","max-snippet":"max-snippet:-1","max-image-preview":"max-image-preview:large","max-video-preview":"max-video-preview:-1"},"canonical":"https:\/\/www.travel3.com.br\/site\/sem-categoria\/april-e-qbe-apresentam-a-viagem-protegida\/","og_locale":"pt_BR","og_type":"article","og_title":"APRIL E QBE APRESENTAM A VIAGEM PROTEGIDA - Travel3","og_description":"A TRAVEL3 \u00e9 um portal de conte\u00fado voltado para o turismo, encontre destinos, viagens, hospedagem, passagens, guias, not\u00edcias sobre o mercado do turismo, dicas de viagem, v\u00eddeos e podcast.","og_url":"https:\/\/www.travel3.com.br\/site\/sem-categoria\/april-e-qbe-apresentam-a-viagem-protegida\/","og_site_name":"Travel3","article_publisher":"https:\/\/www.facebook.com\/travel3media\/","article_published_time":"2017-09-05T18:51:03+00:00","author":"admin","twitter_card":"summary_large_image","twitter_misc":{"Escrito por":"admin","Est. tempo de leitura":"3 minutos"},"schema":{"@context":"https:\/\/schema.org","@graph":[{"@type":"Article","@id":"https:\/\/www.travel3.com.br\/site\/sem-categoria\/april-e-qbe-apresentam-a-viagem-protegida\/#article","isPartOf":{"@id":"https:\/\/www.travel3.com.br\/site\/sem-categoria\/april-e-qbe-apresentam-a-viagem-protegida\/"},"author":{"name":"admin","@id":"https:\/\/www.travel3.com.br\/site\/#\/schema\/person\/a69d71e41a024999b6ab82369ac0bd1e"},"headline":"APRIL E QBE APRESENTAM A VIAGEM PROTEGIDA","datePublished":"2017-09-05T18:51:03+00:00","mainEntityOfPage":{"@id":"https:\/\/www.travel3.com.br\/site\/sem-categoria\/april-e-qbe-apresentam-a-viagem-protegida\/"},"wordCount":580,"commentCount":0,"publisher":{"@id":"https:\/\/www.travel3.com.br\/site\/#organization"},"inLanguage":"pt-BR","potentialAction":[{"@type":"CommentAction","name":"Comment","target":["https:\/\/www.travel3.com.br\/site\/sem-categoria\/april-e-qbe-apresentam-a-viagem-protegida\/#respond"]}]},{"@type":"WebPage","@id":"https:\/\/www.travel3.com.br\/site\/sem-categoria\/april-e-qbe-apresentam-a-viagem-protegida\/","url":"https:\/\/www.travel3.com.br\/site\/sem-categoria\/april-e-qbe-apresentam-a-viagem-protegida\/","name":"APRIL E QBE APRESENTAM A VIAGEM PROTEGIDA - Travel3","isPartOf":{"@id":"https:\/\/www.travel3.com.br\/site\/#website"},"datePublished":"2017-09-05T18:51:03+00:00","description":"A TRAVEL3 \u00e9 um portal de conte\u00fado voltado para o turismo, encontre destinos, viagens, hospedagem, passagens, guias, not\u00edcias sobre o mercado do turismo, dicas de viagem, v\u00eddeos e podcast.","breadcrumb":{"@id":"https:\/\/www.travel3.com.br\/site\/sem-categoria\/april-e-qbe-apresentam-a-viagem-protegida\/#breadcrumb"},"inLanguage":"pt-BR","potentialAction":[{"@type":"ReadAction","target":["https:\/\/www.travel3.com.br\/site\/sem-categoria\/april-e-qbe-apresentam-a-viagem-protegida\/"]}]},{"@type":"BreadcrumbList","@id":"https:\/\/www.travel3.com.br\/site\/sem-categoria\/april-e-qbe-apresentam-a-viagem-protegida\/#breadcrumb","itemListElement":[{"@type":"ListItem","position":1,"name":"In\u00edcio","item":"https:\/\/www.travel3.com.br\/site\/"},{"@type":"ListItem","position":2,"name":"APRIL E QBE APRESENTAM A VIAGEM PROTEGIDA"}]},{"@type":"WebSite","@id":"https:\/\/www.travel3.com.br\/site\/#website","url":"https:\/\/www.travel3.com.br\/site\/","name":"Travel3","description":"Lazer + Neg&oacute;cios + Aventura","publisher":{"@id":"https:\/\/www.travel3.com.br\/site\/#organization"},"potentialAction":[{"@type":"SearchAction","target":{"@type":"EntryPoint","urlTemplate":"https:\/\/www.travel3.com.br\/site\/?s={search_term_string}"},"query-input":{"@type":"PropertyValueSpecification","valueRequired":true,"valueName":"search_term_string"}}],"inLanguage":"pt-BR"},{"@type":"Organization","@id":"https:\/\/www.travel3.com.br\/site\/#organization","name":"Travel3","url":"https:\/\/www.travel3.com.br\/site\/","logo":{"@type":"ImageObject","inLanguage":"pt-BR","@id":"https:\/\/www.travel3.com.br\/site\/#\/schema\/logo\/image\/","url":"https:\/\/www.travel3.com.br\/site\/wp-content\/uploads\/2020\/01\/logo-travel3-2020.png","contentUrl":"https:\/\/www.travel3.com.br\/site\/wp-content\/uploads\/2020\/01\/logo-travel3-2020.png","width":232,"height":79,"caption":"Travel3"},"image":{"@id":"https:\/\/www.travel3.com.br\/site\/#\/schema\/logo\/image\/"},"sameAs":["https:\/\/www.facebook.com\/travel3media\/","https:\/\/www.instagram.com\/revistatravel3\/","https:\/\/www.youtube.com\/channel\/UCno7J4paGBR3VbZQzvoJ9Eg"]},{"@type":"Person","@id":"https:\/\/www.travel3.com.br\/site\/#\/schema\/person\/a69d71e41a024999b6ab82369ac0bd1e","name":"admin","image":{"@type":"ImageObject","inLanguage":"pt-BR","@id":"https:\/\/www.travel3.com.br\/site\/#\/schema\/person\/image\/","url":"https:\/\/secure.gravatar.com\/avatar\/732a67adfd764da2a47ba10ce731c4c0?s=96&d=mm&r=g","contentUrl":"https:\/\/secure.gravatar.com\/avatar\/732a67adfd764da2a47ba10ce731c4c0?s=96&d=mm&r=g","caption":"admin"},"url":"https:\/\/www.travel3.com.br\/site\/author\/admin\/"}]}},"_links":{"self":[{"href":"https:\/\/www.travel3.com.br\/site\/wp-json\/wp\/v2\/posts\/5166","targetHints":{"allow":["GET"]}}],"collection":[{"href":"https:\/\/www.travel3.com.br\/site\/wp-json\/wp\/v2\/posts"}],"about":[{"href":"https:\/\/www.travel3.com.br\/site\/wp-json\/wp\/v2\/types\/post"}],"author":[{"embeddable":true,"href":"https:\/\/www.travel3.com.br\/site\/wp-json\/wp\/v2\/users\/1"}],"replies":[{"embeddable":true,"href":"https:\/\/www.travel3.com.br\/site\/wp-json\/wp\/v2\/comments?post=5166"}],"version-history":[{"count":0,"href":"https:\/\/www.travel3.com.br\/site\/wp-json\/wp\/v2\/posts\/5166\/revisions"}],"wp:attachment":[{"href":"https:\/\/www.travel3.com.br\/site\/wp-json\/wp\/v2\/media?parent=5166"}],"wp:term":[{"taxonomy":"category","embeddable":true,"href":"https:\/\/www.travel3.com.br\/site\/wp-json\/wp\/v2\/categories?post=5166"},{"taxonomy":"post_tag","embeddable":true,"href":"https:\/\/www.travel3.com.br\/site\/wp-json\/wp\/v2\/tags?post=5166"}],"curies":[{"name":"wp","href":"https:\/\/api.w.org\/{rel}","templated":true}]}}