{"id":51574,"date":"2022-09-02T09:47:53","date_gmt":"2022-09-02T12:47:53","guid":{"rendered":"https:\/\/www.travel3.com.br\/?p=51574"},"modified":"2022-09-02T09:47:54","modified_gmt":"2022-09-02T12:47:54","slug":"plaza-premium-group-traz-novidades-para-o-rock-in-rio","status":"publish","type":"post","link":"https:\/\/www.travel3.com.br\/site\/dicas\/plaza-premium-group-traz-novidades-para-o-rock-in-rio\/","title":{"rendered":"Plaza Premium Group traz novidades para o Rock in Rio"},"content":{"rendered":"\n<h2 class=\"wp-block-heading\">Ampliando a parceria com o RIOgale\u00e3o, lounge oferece servi\u00e7os exclusivos durante o festival<\/h2>\n\n\n\n<p>O aeroporto oficial de um dos maiores festivais de m\u00fasica do planeta e o <strong><a href=\"https:\/\/www.plazapremiumgroup.com\/\" target=\"_blank\" rel=\"noreferrer noopener\">Plaza Premium Group<\/a><\/strong> j\u00e1 est\u00e3o preparados para receber turistas do Brasil e do mundo.<\/p>\n\n\n\n<p>Com base nos voos previstos at\u00e9 o momento, o RIOgale\u00e3o espera um incremento de aproximadamente 22 mil passageiros entre 1 e 15 de setembro, um aumento de 11% em rela\u00e7\u00e3o \u00e0 primeira quinzena do m\u00eas anterior.<\/p>\n\n\n\n<p>Parte desta expectativa de incremento est\u00e1 diretamente ligada \u00e0 realiza\u00e7\u00e3o do <strong><a href=\"https:\/\/rockinrio.com\/rio\/pt-br\/home\/\" target=\"_blank\" rel=\"noreferrer noopener\">Rock in Rio Brasil 2022<\/a><\/strong>, que come\u00e7a hoje, dia 2, com expectativa de receber, no total, 700 mil pessoas vindas de diversos estados do Brasil e pa\u00edses do mundo.<\/p>\n\n\n\n<p>E foi pensando neste p\u00fablico que o RIOgale\u00e3o criou uma <strong><a href=\"https:\/\/rockinriobrasil2022.riogaleao.com\/\" target=\"_blank\" rel=\"noreferrer noopener\">p\u00e1gina exclusiva<\/a><\/strong> para o festival, com campanhas e promo\u00e7\u00f5es especiais no <strong><a href=\"https:\/\/shop.riogaleao.com\/\" target=\"_blank\" rel=\"noreferrer noopener\">Shop RIOgale\u00e3o <\/a><\/strong>durante os dias de show. Ao acessar o canal, o turista ter\u00e1 acesso a informa\u00e7\u00f5es e descontos em servi\u00e7os de alimenta\u00e7\u00e3o, estacionamento, guarda-volume e ao lounge do Plaza Premium Group.<\/p>\n\n\n\n<div class=\"wp-block-image\"><figure class=\"aligncenter size-full\"><img loading=\"lazy\" decoding=\"async\" width=\"800\" height=\"533\" src=\"https:\/\/www.travel3.com.br\/site\/wp-content\/uploads\/2022\/09\/Plaza-Premium-Group.jpg\" alt=\"Plaza Premium Group - RIOgale\u00e3o\" class=\"wp-image-51575\" srcset=\"https:\/\/www.travel3.com.br\/site\/wp-content\/uploads\/2022\/09\/Plaza-Premium-Group.jpg 800w, https:\/\/www.travel3.com.br\/site\/wp-content\/uploads\/2022\/09\/Plaza-Premium-Group-300x200.jpg 300w, https:\/\/www.travel3.com.br\/site\/wp-content\/uploads\/2022\/09\/Plaza-Premium-Group-768x512.jpg 768w, https:\/\/www.travel3.com.br\/site\/wp-content\/uploads\/2022\/09\/Plaza-Premium-Group-150x100.jpg 150w, https:\/\/www.travel3.com.br\/site\/wp-content\/uploads\/2022\/09\/Plaza-Premium-Group-750x500.jpg 750w\" sizes=\"auto, (max-width: 800px) 100vw, 800px\" \/><figcaption>Plaza Premium Group &#8211; RIOgale\u00e3o<\/figcaption><\/figure><\/div>\n\n\n\n<h2 class=\"wp-block-heading\">Parceria exclusiva RIOgale\u00e3o e Plaza Premium<\/h2>\n\n\n\n<p>A parceria exclusiva com o lounge do Plaza Premium Group \u00e9 integrada por um card\u00e1pio de cinco servi\u00e7os criados especialmente para os dias de Rock in Rio Brasil 2022, com descontos de 20% a 25% no Plaza Premium Lounge localizado na \u00e1rea p\u00fablica do piso 2, no Edif\u00edcio Garagem, em Frente ao Terminal 2.<\/p>\n\n\n\n<p>Para quem quer conforto e praticidade, o Acesso ao Lounge oferece, durante 24 horas dos dias 1, 2, 3, 4, 8, 9, 10, 11, servi\u00e7os de bar, totens de energia, comidas e bebidas, sala de reuni\u00e3o, chuveiros, wi-fi, canais de televis\u00e3o, lounge bay e informa\u00e7\u00f5es sobre voos pelo valor individual de R\uff04 132,00. Quem escolher o Combo Ida e Volta tem acesso aos mesmos servi\u00e7os e possibilidade de usar o voucher de volta em at\u00e9 um m\u00eas, caso opte por ampliar sua estada no Rio de Janeiro, pelo valor individual de R\uff04 262,00.<\/p>\n\n\n\n<p>Aqueles que v\u00e3o chegar ao aeroporto &#8212; ou sair dele &#8212; em cima da hora tamb\u00e9m encontram conforto no Get Ready, que oferece uma ducha para renova\u00e7\u00e3o, nos dias de festival, pelo pre\u00e7o individual de R\uff04 56,00.<\/p>\n\n\n\n<p>Quem quer ainda mais conforto pode contar com o Camarim Vip para o Rock in Rio Brasil 2022 (1h), criado especialmente para agradar aqueles que chegam de viagem mas n\u00e3o abrem m\u00e3o do make antes do evento. O uso \u00e9 de uma hora e o valor, por pessoa, \u00e9 de R\uff04 153,00. Quem escolher se arrumar em alto estilo e ainda aproveitar a comodidade do lounge vai encontrar na op\u00e7\u00e3o Camarim Vip (1h) + Acesso ao Lounge (2h) a escolha perfeita: no total, s\u00e3o tr\u00eas horas que incluem, al\u00e9m da \u00e1rea exclusiva do camarim, comodidas como chuveiro, cervejas e snacks. O valor individual \u00e9 de R\uff04 190,00.<\/p>\n\n\n\n<p>Mais informa\u00e7\u00f5es sobre o Plaza Premium Group est\u00e3o dispon\u00edveis no <strong><a href=\"https:\/\/www.plazapremiumgroup.com\/\" target=\"_blank\" rel=\"noreferrer noopener\">site<\/a><\/strong>. Mais informa\u00e7\u00f5es sobre as campanhas e servi\u00e7os promocionais oferecidos pelo RIOgale\u00e3o, aeroporto oficial do Rock in Rio Brasil 2022, est\u00e3o dispon\u00edveis em <strong><a href=\"https:\/\/shop.riogaleao.com\/\" target=\"_blank\" rel=\"noreferrer noopener\">Shop Rio Gale\u00e3o<\/a><\/strong>.<\/p>\n","protected":false},"excerpt":{"rendered":"<p>Ampliando a parceria com o RIOgale\u00e3o, lounge oferece servi\u00e7os exclusivos durante o festival<\/p>\n","protected":false},"author":6,"featured_media":51576,"comment_status":"open","ping_status":"open","sticky":false,"template":"","format":"standard","meta":{"footnotes":""},"categories":[226,7,5,4882],"tags":[4582,4583,663],"class_list":["post-51574","post","type-post","status-publish","format-standard","has-post-thumbnail","hentry","category-destaque","category-dicas","category-eventos-e-feiras","category-home","tag-plaza-premium-group","tag-plaza-premium-lounge","tag-riogaleao"],"yoast_head":"<!-- This site is optimized with the Yoast SEO plugin v26.2 - https:\/\/yoast.com\/wordpress\/plugins\/seo\/ -->\n<title>Plaza Premium Group traz novidades para o Rock in Rio - Travel3<\/title>\n<meta name=\"description\" content=\"Plaza Premium Group traz novidades para o Rock in Rio; Ampliando a parceria com o RIOgale\u00e3o, lounge oferece servi\u00e7os exclusivos durante o festival\" \/>\n<meta name=\"robots\" content=\"index, follow, max-snippet:-1, max-image-preview:large, max-video-preview:-1\" \/>\n<link rel=\"canonical\" href=\"https:\/\/www.travel3.com.br\/site\/dicas\/plaza-premium-group-traz-novidades-para-o-rock-in-rio\/\" \/>\n<meta property=\"og:locale\" content=\"pt_BR\" \/>\n<meta property=\"og:type\" content=\"article\" \/>\n<meta property=\"og:title\" content=\"Plaza Premium Group traz novidades para o Rock in Rio - Travel3\" \/>\n<meta property=\"og:description\" content=\"Plaza Premium Group traz novidades para o Rock in Rio; Ampliando a parceria com o RIOgale\u00e3o, lounge oferece servi\u00e7os exclusivos durante o festival\" \/>\n<meta property=\"og:url\" content=\"https:\/\/www.travel3.com.br\/site\/dicas\/plaza-premium-group-traz-novidades-para-o-rock-in-rio\/\" \/>\n<meta property=\"og:site_name\" content=\"Travel3\" \/>\n<meta property=\"article:publisher\" content=\"https:\/\/www.facebook.com\/travel3media\/\" \/>\n<meta property=\"article:published_time\" content=\"2022-09-02T12:47:53+00:00\" \/>\n<meta property=\"article:modified_time\" content=\"2022-09-02T12:47:54+00:00\" \/>\n<meta property=\"og:image\" content=\"https:\/\/www.travel3.com.br\/site\/wp-content\/uploads\/2022\/09\/Plaza-Premium-Group2.jpg\" \/>\n\t<meta property=\"og:image:width\" content=\"800\" \/>\n\t<meta property=\"og:image:height\" content=\"442\" \/>\n\t<meta property=\"og:image:type\" content=\"image\/jpeg\" \/>\n<meta name=\"author\" content=\"Reda\u00e7\u00e3o Travel3\" \/>\n<meta name=\"twitter:card\" content=\"summary_large_image\" \/>\n<meta name=\"twitter:label1\" content=\"Escrito por\" \/>\n\t<meta name=\"twitter:data1\" content=\"Reda\u00e7\u00e3o Travel3\" \/>\n\t<meta name=\"twitter:label2\" content=\"Est. tempo de leitura\" \/>\n\t<meta name=\"twitter:data2\" content=\"3 minutos\" \/>\n<script type=\"application\/ld+json\" class=\"yoast-schema-graph\">{\"@context\":\"https:\/\/schema.org\",\"@graph\":[{\"@type\":\"Article\",\"@id\":\"https:\/\/www.travel3.com.br\/site\/dicas\/plaza-premium-group-traz-novidades-para-o-rock-in-rio\/#article\",\"isPartOf\":{\"@id\":\"https:\/\/www.travel3.com.br\/site\/dicas\/plaza-premium-group-traz-novidades-para-o-rock-in-rio\/\"},\"author\":{\"name\":\"Reda\u00e7\u00e3o Travel3\",\"@id\":\"https:\/\/www.travel3.com.br\/site\/#\/schema\/person\/9cff8daac0a2f1aa0799f827b8aa8308\"},\"headline\":\"Plaza Premium Group traz novidades para o Rock in Rio\",\"datePublished\":\"2022-09-02T12:47:53+00:00\",\"dateModified\":\"2022-09-02T12:47:54+00:00\",\"mainEntityOfPage\":{\"@id\":\"https:\/\/www.travel3.com.br\/site\/dicas\/plaza-premium-group-traz-novidades-para-o-rock-in-rio\/\"},\"wordCount\":532,\"commentCount\":0,\"publisher\":{\"@id\":\"https:\/\/www.travel3.com.br\/site\/#organization\"},\"image\":{\"@id\":\"https:\/\/www.travel3.com.br\/site\/dicas\/plaza-premium-group-traz-novidades-para-o-rock-in-rio\/#primaryimage\"},\"thumbnailUrl\":\"https:\/\/www.travel3.com.br\/site\/wp-content\/uploads\/2022\/09\/Plaza-Premium-Group2.jpg\",\"keywords\":[\"Plaza Premium Group\",\"Plaza Premium Lounge\",\"riogaleao\"],\"articleSection\":[\"Destaque\",\"Dicas\",\"Eventos e Feiras\",\"Home\"],\"inLanguage\":\"pt-BR\",\"potentialAction\":[{\"@type\":\"CommentAction\",\"name\":\"Comment\",\"target\":[\"https:\/\/www.travel3.com.br\/site\/dicas\/plaza-premium-group-traz-novidades-para-o-rock-in-rio\/#respond\"]}]},{\"@type\":\"WebPage\",\"@id\":\"https:\/\/www.travel3.com.br\/site\/dicas\/plaza-premium-group-traz-novidades-para-o-rock-in-rio\/\",\"url\":\"https:\/\/www.travel3.com.br\/site\/dicas\/plaza-premium-group-traz-novidades-para-o-rock-in-rio\/\",\"name\":\"Plaza Premium Group traz novidades para o Rock in Rio - Travel3\",\"isPartOf\":{\"@id\":\"https:\/\/www.travel3.com.br\/site\/#website\"},\"primaryImageOfPage\":{\"@id\":\"https:\/\/www.travel3.com.br\/site\/dicas\/plaza-premium-group-traz-novidades-para-o-rock-in-rio\/#primaryimage\"},\"image\":{\"@id\":\"https:\/\/www.travel3.com.br\/site\/dicas\/plaza-premium-group-traz-novidades-para-o-rock-in-rio\/#primaryimage\"},\"thumbnailUrl\":\"https:\/\/www.travel3.com.br\/site\/wp-content\/uploads\/2022\/09\/Plaza-Premium-Group2.jpg\",\"datePublished\":\"2022-09-02T12:47:53+00:00\",\"dateModified\":\"2022-09-02T12:47:54+00:00\",\"description\":\"Plaza Premium Group traz novidades para o Rock in Rio; Ampliando a parceria com o RIOgale\u00e3o, lounge oferece servi\u00e7os exclusivos durante o festival\",\"breadcrumb\":{\"@id\":\"https:\/\/www.travel3.com.br\/site\/dicas\/plaza-premium-group-traz-novidades-para-o-rock-in-rio\/#breadcrumb\"},\"inLanguage\":\"pt-BR\",\"potentialAction\":[{\"@type\":\"ReadAction\",\"target\":[\"https:\/\/www.travel3.com.br\/site\/dicas\/plaza-premium-group-traz-novidades-para-o-rock-in-rio\/\"]}]},{\"@type\":\"ImageObject\",\"inLanguage\":\"pt-BR\",\"@id\":\"https:\/\/www.travel3.com.br\/site\/dicas\/plaza-premium-group-traz-novidades-para-o-rock-in-rio\/#primaryimage\",\"url\":\"https:\/\/www.travel3.com.br\/site\/wp-content\/uploads\/2022\/09\/Plaza-Premium-Group2.jpg\",\"contentUrl\":\"https:\/\/www.travel3.com.br\/site\/wp-content\/uploads\/2022\/09\/Plaza-Premium-Group2.jpg\",\"width\":800,\"height\":442,\"caption\":\"Ambiente do Lounge Plaza Premium Group no RIOgale\u00e3o (Foto: Divulga\u00e7\u00e3o)\"},{\"@type\":\"BreadcrumbList\",\"@id\":\"https:\/\/www.travel3.com.br\/site\/dicas\/plaza-premium-group-traz-novidades-para-o-rock-in-rio\/#breadcrumb\",\"itemListElement\":[{\"@type\":\"ListItem\",\"position\":1,\"name\":\"In\u00edcio\",\"item\":\"https:\/\/www.travel3.com.br\/site\/\"},{\"@type\":\"ListItem\",\"position\":2,\"name\":\"Plaza Premium Group traz novidades para o Rock in Rio\"}]},{\"@type\":\"WebSite\",\"@id\":\"https:\/\/www.travel3.com.br\/site\/#website\",\"url\":\"https:\/\/www.travel3.com.br\/site\/\",\"name\":\"Travel3\",\"description\":\"Lazer + Neg&oacute;cios + Aventura\",\"publisher\":{\"@id\":\"https:\/\/www.travel3.com.br\/site\/#organization\"},\"potentialAction\":[{\"@type\":\"SearchAction\",\"target\":{\"@type\":\"EntryPoint\",\"urlTemplate\":\"https:\/\/www.travel3.com.br\/site\/?s={search_term_string}\"},\"query-input\":{\"@type\":\"PropertyValueSpecification\",\"valueRequired\":true,\"valueName\":\"search_term_string\"}}],\"inLanguage\":\"pt-BR\"},{\"@type\":\"Organization\",\"@id\":\"https:\/\/www.travel3.com.br\/site\/#organization\",\"name\":\"Travel3\",\"url\":\"https:\/\/www.travel3.com.br\/site\/\",\"logo\":{\"@type\":\"ImageObject\",\"inLanguage\":\"pt-BR\",\"@id\":\"https:\/\/www.travel3.com.br\/site\/#\/schema\/logo\/image\/\",\"url\":\"https:\/\/www.travel3.com.br\/site\/wp-content\/uploads\/2020\/01\/logo-travel3-2020.png\",\"contentUrl\":\"https:\/\/www.travel3.com.br\/site\/wp-content\/uploads\/2020\/01\/logo-travel3-2020.png\",\"width\":232,\"height\":79,\"caption\":\"Travel3\"},\"image\":{\"@id\":\"https:\/\/www.travel3.com.br\/site\/#\/schema\/logo\/image\/\"},\"sameAs\":[\"https:\/\/www.facebook.com\/travel3media\/\",\"https:\/\/www.instagram.com\/revistatravel3\/\",\"https:\/\/www.youtube.com\/channel\/UCno7J4paGBR3VbZQzvoJ9Eg\"]},{\"@type\":\"Person\",\"@id\":\"https:\/\/www.travel3.com.br\/site\/#\/schema\/person\/9cff8daac0a2f1aa0799f827b8aa8308\",\"name\":\"Reda\u00e7\u00e3o Travel3\",\"image\":{\"@type\":\"ImageObject\",\"inLanguage\":\"pt-BR\",\"@id\":\"https:\/\/www.travel3.com.br\/site\/#\/schema\/person\/image\/\",\"url\":\"https:\/\/secure.gravatar.com\/avatar\/6e6125525e1f04b7b8c607d71556e490?s=96&d=mm&r=g\",\"contentUrl\":\"https:\/\/secure.gravatar.com\/avatar\/6e6125525e1f04b7b8c607d71556e490?s=96&d=mm&r=g\",\"caption\":\"Reda\u00e7\u00e3o Travel3\"},\"sameAs\":[\"http:\/\/www.travel3.com.br\"],\"url\":\"https:\/\/www.travel3.com.br\/site\/author\/redacao2\/\"}]}<\/script>\n<!-- \/ Yoast SEO plugin. -->","yoast_head_json":{"title":"Plaza Premium Group traz novidades para o Rock in Rio - Travel3","description":"Plaza Premium Group traz novidades para o Rock in Rio; Ampliando a parceria com o RIOgale\u00e3o, lounge oferece servi\u00e7os exclusivos durante o festival","robots":{"index":"index","follow":"follow","max-snippet":"max-snippet:-1","max-image-preview":"max-image-preview:large","max-video-preview":"max-video-preview:-1"},"canonical":"https:\/\/www.travel3.com.br\/site\/dicas\/plaza-premium-group-traz-novidades-para-o-rock-in-rio\/","og_locale":"pt_BR","og_type":"article","og_title":"Plaza Premium Group traz novidades para o Rock in Rio - Travel3","og_description":"Plaza Premium Group traz novidades para o Rock in Rio; Ampliando a parceria com o RIOgale\u00e3o, lounge oferece servi\u00e7os exclusivos durante o festival","og_url":"https:\/\/www.travel3.com.br\/site\/dicas\/plaza-premium-group-traz-novidades-para-o-rock-in-rio\/","og_site_name":"Travel3","article_publisher":"https:\/\/www.facebook.com\/travel3media\/","article_published_time":"2022-09-02T12:47:53+00:00","article_modified_time":"2022-09-02T12:47:54+00:00","og_image":[{"width":800,"height":442,"url":"https:\/\/www.travel3.com.br\/site\/wp-content\/uploads\/2022\/09\/Plaza-Premium-Group2.jpg","type":"image\/jpeg"}],"author":"Reda\u00e7\u00e3o Travel3","twitter_card":"summary_large_image","twitter_misc":{"Escrito por":"Reda\u00e7\u00e3o Travel3","Est. tempo de leitura":"3 minutos"},"schema":{"@context":"https:\/\/schema.org","@graph":[{"@type":"Article","@id":"https:\/\/www.travel3.com.br\/site\/dicas\/plaza-premium-group-traz-novidades-para-o-rock-in-rio\/#article","isPartOf":{"@id":"https:\/\/www.travel3.com.br\/site\/dicas\/plaza-premium-group-traz-novidades-para-o-rock-in-rio\/"},"author":{"name":"Reda\u00e7\u00e3o Travel3","@id":"https:\/\/www.travel3.com.br\/site\/#\/schema\/person\/9cff8daac0a2f1aa0799f827b8aa8308"},"headline":"Plaza Premium Group traz novidades para o Rock in Rio","datePublished":"2022-09-02T12:47:53+00:00","dateModified":"2022-09-02T12:47:54+00:00","mainEntityOfPage":{"@id":"https:\/\/www.travel3.com.br\/site\/dicas\/plaza-premium-group-traz-novidades-para-o-rock-in-rio\/"},"wordCount":532,"commentCount":0,"publisher":{"@id":"https:\/\/www.travel3.com.br\/site\/#organization"},"image":{"@id":"https:\/\/www.travel3.com.br\/site\/dicas\/plaza-premium-group-traz-novidades-para-o-rock-in-rio\/#primaryimage"},"thumbnailUrl":"https:\/\/www.travel3.com.br\/site\/wp-content\/uploads\/2022\/09\/Plaza-Premium-Group2.jpg","keywords":["Plaza Premium Group","Plaza Premium Lounge","riogaleao"],"articleSection":["Destaque","Dicas","Eventos e Feiras","Home"],"inLanguage":"pt-BR","potentialAction":[{"@type":"CommentAction","name":"Comment","target":["https:\/\/www.travel3.com.br\/site\/dicas\/plaza-premium-group-traz-novidades-para-o-rock-in-rio\/#respond"]}]},{"@type":"WebPage","@id":"https:\/\/www.travel3.com.br\/site\/dicas\/plaza-premium-group-traz-novidades-para-o-rock-in-rio\/","url":"https:\/\/www.travel3.com.br\/site\/dicas\/plaza-premium-group-traz-novidades-para-o-rock-in-rio\/","name":"Plaza Premium Group traz novidades para o Rock in Rio - Travel3","isPartOf":{"@id":"https:\/\/www.travel3.com.br\/site\/#website"},"primaryImageOfPage":{"@id":"https:\/\/www.travel3.com.br\/site\/dicas\/plaza-premium-group-traz-novidades-para-o-rock-in-rio\/#primaryimage"},"image":{"@id":"https:\/\/www.travel3.com.br\/site\/dicas\/plaza-premium-group-traz-novidades-para-o-rock-in-rio\/#primaryimage"},"thumbnailUrl":"https:\/\/www.travel3.com.br\/site\/wp-content\/uploads\/2022\/09\/Plaza-Premium-Group2.jpg","datePublished":"2022-09-02T12:47:53+00:00","dateModified":"2022-09-02T12:47:54+00:00","description":"Plaza Premium Group traz novidades para o Rock in Rio; Ampliando a parceria com o RIOgale\u00e3o, lounge oferece servi\u00e7os exclusivos durante o festival","breadcrumb":{"@id":"https:\/\/www.travel3.com.br\/site\/dicas\/plaza-premium-group-traz-novidades-para-o-rock-in-rio\/#breadcrumb"},"inLanguage":"pt-BR","potentialAction":[{"@type":"ReadAction","target":["https:\/\/www.travel3.com.br\/site\/dicas\/plaza-premium-group-traz-novidades-para-o-rock-in-rio\/"]}]},{"@type":"ImageObject","inLanguage":"pt-BR","@id":"https:\/\/www.travel3.com.br\/site\/dicas\/plaza-premium-group-traz-novidades-para-o-rock-in-rio\/#primaryimage","url":"https:\/\/www.travel3.com.br\/site\/wp-content\/uploads\/2022\/09\/Plaza-Premium-Group2.jpg","contentUrl":"https:\/\/www.travel3.com.br\/site\/wp-content\/uploads\/2022\/09\/Plaza-Premium-Group2.jpg","width":800,"height":442,"caption":"Ambiente do Lounge Plaza Premium Group no RIOgale\u00e3o (Foto: Divulga\u00e7\u00e3o)"},{"@type":"BreadcrumbList","@id":"https:\/\/www.travel3.com.br\/site\/dicas\/plaza-premium-group-traz-novidades-para-o-rock-in-rio\/#breadcrumb","itemListElement":[{"@type":"ListItem","position":1,"name":"In\u00edcio","item":"https:\/\/www.travel3.com.br\/site\/"},{"@type":"ListItem","position":2,"name":"Plaza Premium Group traz novidades para o Rock in Rio"}]},{"@type":"WebSite","@id":"https:\/\/www.travel3.com.br\/site\/#website","url":"https:\/\/www.travel3.com.br\/site\/","name":"Travel3","description":"Lazer + Neg&oacute;cios + Aventura","publisher":{"@id":"https:\/\/www.travel3.com.br\/site\/#organization"},"potentialAction":[{"@type":"SearchAction","target":{"@type":"EntryPoint","urlTemplate":"https:\/\/www.travel3.com.br\/site\/?s={search_term_string}"},"query-input":{"@type":"PropertyValueSpecification","valueRequired":true,"valueName":"search_term_string"}}],"inLanguage":"pt-BR"},{"@type":"Organization","@id":"https:\/\/www.travel3.com.br\/site\/#organization","name":"Travel3","url":"https:\/\/www.travel3.com.br\/site\/","logo":{"@type":"ImageObject","inLanguage":"pt-BR","@id":"https:\/\/www.travel3.com.br\/site\/#\/schema\/logo\/image\/","url":"https:\/\/www.travel3.com.br\/site\/wp-content\/uploads\/2020\/01\/logo-travel3-2020.png","contentUrl":"https:\/\/www.travel3.com.br\/site\/wp-content\/uploads\/2020\/01\/logo-travel3-2020.png","width":232,"height":79,"caption":"Travel3"},"image":{"@id":"https:\/\/www.travel3.com.br\/site\/#\/schema\/logo\/image\/"},"sameAs":["https:\/\/www.facebook.com\/travel3media\/","https:\/\/www.instagram.com\/revistatravel3\/","https:\/\/www.youtube.com\/channel\/UCno7J4paGBR3VbZQzvoJ9Eg"]},{"@type":"Person","@id":"https:\/\/www.travel3.com.br\/site\/#\/schema\/person\/9cff8daac0a2f1aa0799f827b8aa8308","name":"Reda\u00e7\u00e3o Travel3","image":{"@type":"ImageObject","inLanguage":"pt-BR","@id":"https:\/\/www.travel3.com.br\/site\/#\/schema\/person\/image\/","url":"https:\/\/secure.gravatar.com\/avatar\/6e6125525e1f04b7b8c607d71556e490?s=96&d=mm&r=g","contentUrl":"https:\/\/secure.gravatar.com\/avatar\/6e6125525e1f04b7b8c607d71556e490?s=96&d=mm&r=g","caption":"Reda\u00e7\u00e3o Travel3"},"sameAs":["http:\/\/www.travel3.com.br"],"url":"https:\/\/www.travel3.com.br\/site\/author\/redacao2\/"}]}},"_links":{"self":[{"href":"https:\/\/www.travel3.com.br\/site\/wp-json\/wp\/v2\/posts\/51574","targetHints":{"allow":["GET"]}}],"collection":[{"href":"https:\/\/www.travel3.com.br\/site\/wp-json\/wp\/v2\/posts"}],"about":[{"href":"https:\/\/www.travel3.com.br\/site\/wp-json\/wp\/v2\/types\/post"}],"author":[{"embeddable":true,"href":"https:\/\/www.travel3.com.br\/site\/wp-json\/wp\/v2\/users\/6"}],"replies":[{"embeddable":true,"href":"https:\/\/www.travel3.com.br\/site\/wp-json\/wp\/v2\/comments?post=51574"}],"version-history":[{"count":3,"href":"https:\/\/www.travel3.com.br\/site\/wp-json\/wp\/v2\/posts\/51574\/revisions"}],"predecessor-version":[{"id":51581,"href":"https:\/\/www.travel3.com.br\/site\/wp-json\/wp\/v2\/posts\/51574\/revisions\/51581"}],"wp:featuredmedia":[{"embeddable":true,"href":"https:\/\/www.travel3.com.br\/site\/wp-json\/wp\/v2\/media\/51576"}],"wp:attachment":[{"href":"https:\/\/www.travel3.com.br\/site\/wp-json\/wp\/v2\/media?parent=51574"}],"wp:term":[{"taxonomy":"category","embeddable":true,"href":"https:\/\/www.travel3.com.br\/site\/wp-json\/wp\/v2\/categories?post=51574"},{"taxonomy":"post_tag","embeddable":true,"href":"https:\/\/www.travel3.com.br\/site\/wp-json\/wp\/v2\/tags?post=51574"}],"curies":[{"name":"wp","href":"https:\/\/api.w.org\/{rel}","templated":true}]}}