{"id":5144,"date":"2017-09-09T17:17:31","date_gmt":"2017-09-09T17:17:31","guid":{"rendered":"http:\/\/www.travel3.com.br\/site\/ir-e-vir\/ar\/guilherme-paulus-considera-bobagem-a-ideia-de-repassar-o-mtur\/"},"modified":"2017-09-09T17:17:31","modified_gmt":"2017-09-09T17:17:31","slug":"guilherme-paulus-considera-bobagem-a-ideia-de-repassar-o-mtur","status":"publish","type":"post","link":"https:\/\/www.travel3.com.br\/site\/sem-categoria\/guilherme-paulus-considera-bobagem-a-ideia-de-repassar-o-mtur\/","title":{"rendered":"GUILHERME PAULUS CONSIDERA BOBAGEM A IDEIA DE REPASSAR O MTUR"},"content":{"rendered":"<p><span style=\"color: #40acad; font-family: -apple-system, system-ui, 'Segoe UI', Roboto, Oxygen-Sans, Ubuntu, Cantarell, 'Helvetica Neue', sans-serif; font-size: 12px; font-weight: bold;\"><\/p>\n<p style=\"text-align:justify\">Embora seja membro da associa\u00e7\u00e3o, Guilherme Paulus n\u00e3o concorda com a id\u00e9ia que a ABE encaminhou ao governo federal, indicando a transfer\u00eancia do Minist\u00e9rio do Turismo para a Industria e Com\u00e9rcio. \u2018Uma bobagem, tanto que outros acad\u00eamicos tamb\u00e9m n\u00e3o concordam com tal proposta, que consideramos retr\u00f3goda\u2019, afirmou.<\/p>\n<p style=\"text-align:justify\">Guilherme confirmou para a reportagem da TRAVEL3 no Festival das Cataratas, em Foz, na semana passada, que havia sido sondado para um convite por parte do governo interino de Michel Temer mas que n\u00e3o houve condi\u00e7\u00e3o para aceitar. &#39;Vou continuar colaborando como sempre para que o Minist\u00e9rio do Turismo cres\u00e7a em a\u00e7\u00e3o e import\u00e2ncia. Como empres\u00e1rio do turismo, com a tradi\u00e7\u00e3o da CVC e a amplia\u00e7\u00e3o da GJP Hot\u00e9is, sei que o turismo brasileiro ainda precisa de muito para ir \u00e0 frente, n\u00e3o podemos retroceder.&#39;<\/p>\n<p style=\"text-align:justify\"><a class=\"fancybox-media\" href=\"..\/_uploads\/_noticia\/2016-06\/dscn5969--2-.jpg\" rel=\"portfolio\"><img decoding=\"async\" alt=\"\" src=\"..\/_uploads\/_noticia\/2016-06\/dscn5969--2-.jpg\" \/><\/a><\/p>\n<p style=\"text-align:justify\">A declara\u00e7\u00e3o do empres\u00e1rio foi feita ontem \u00e0 noite, durante a apresenta\u00e7\u00e3o do Prodigy Grand Hotel &#038; Suites, na regi\u00e3o da Berrini, o hotel do grupo GJP em S\u00e3o Paulo. Este foi um dos assuntos nas conversas entre os players que estiveram participando do evento, como Luis Falco, presidente da CVC: Jos\u00e9 Eframovich, presidente do Conselho de Administra\u00e7\u00e3o da Avianca Brasil; Goiaci Alves Guimar\u00e3es<\/p>\n<p style=\"text-align:justify\"><a class=\"fancybox-media\" href=\"..\/_uploads\/_noticia\/2016-06\/dscn5954--2-.jpg\" rel=\"portfolio\"><img decoding=\"async\" alt=\"\" src=\"..\/_uploads\/_noticia\/2016-06\/dscn5954--2-.jpg\" \/><\/a><\/p>\n<p style=\"text-align:justify\"><a class=\"fancybox-media\" href=\"..\/_uploads\/_noticia\/2016-06\/dscn5967--2-.jpg\" rel=\"portfolio\"><img decoding=\"async\" alt=\"\" src=\"..\/_uploads\/_noticia\/2016-06\/dscn5967--2-.jpg\" \/><\/a><\/p>\n<p style=\"text-align:justify\"><strong>Na confraterniza\u00e7\u00e3o do coquetel de apresenta\u00e7\u00e3o do projeto completo do Prodigy, Guilherme com Milene Keiko, da Promo; Andr\u00e9 Lameiro, diretor de vendas e expans\u00e3o da GJP; Maria Pidner Boucinhos, Rela\u00e7\u00f5es Institucionais da GJP e Pedro Ribeiro, diretor da rede Dom Pedro, de Portugal, parceira da empresa brasileira<\/strong><\/p>\n<p style=\"text-align:justify\">A Academia Brasileira de Eventos e Turismo \u00a0protocolou junto \u00e0 Presid\u00eancia da Rep\u00fablica uma carta onde reivindica que a pasta do Turismo seja extinta e incorporada ao Minist\u00e9rio da Ind\u00fastria e Com\u00e9rcio. A alta rotatividade de nomes na pasta durante o governo Dilma e a recente sa\u00edda de Henrique Alves envolvido na Opera\u00e7\u00e3o Lava Jato motivaram a posi\u00e7\u00e3o.<\/p>\n<p style=\"text-align:justify\">O documento aponta a necessidade do enxugamento da m\u00e1quina p\u00fablica, os exemplos de pa\u00edses evolu\u00eddos que atrelaram estruturas oficiais de turismo a pastas econ\u00f4micas e prop\u00f5e, ainda, a Embratur subordinada a uma Secretaria Nacional em ambiente economico.<\/p>\n<p>\u00a0<\/p>\n<p>\u00a0<\/p>\n<p>\u00a0<\/p>\n<p>\u00a0<\/p>\n<p><\/span><\/p>\n","protected":false},"excerpt":{"rendered":"<p>Empres\u00e1rio e hoteleiro, nome cotado para o cargo, contesta encaminhamento de proposta da Academia Brasileira de Eventos<\/p>\n","protected":false},"author":1,"featured_media":0,"comment_status":"open","ping_status":"open","sticky":false,"template":"","format":"standard","meta":{"footnotes":""},"categories":[],"tags":[],"class_list":["post-5144","post","type-post","status-publish","format-standard","hentry"],"yoast_head":"<!-- This site is optimized with the Yoast SEO plugin v26.2 - https:\/\/yoast.com\/wordpress\/plugins\/seo\/ -->\n<title>GUILHERME PAULUS CONSIDERA BOBAGEM A IDEIA DE REPASSAR O MTUR - Travel3<\/title>\n<meta name=\"description\" content=\"A TRAVEL3 \u00e9 um portal de conte\u00fado voltado para o turismo, encontre destinos, viagens, hospedagem, passagens, guias, not\u00edcias sobre o mercado do turismo, dicas de viagem, v\u00eddeos e podcast.\" \/>\n<meta name=\"robots\" content=\"index, follow, max-snippet:-1, max-image-preview:large, max-video-preview:-1\" \/>\n<link rel=\"canonical\" href=\"https:\/\/www.travel3.com.br\/site\/sem-categoria\/guilherme-paulus-considera-bobagem-a-ideia-de-repassar-o-mtur\/\" \/>\n<meta property=\"og:locale\" content=\"pt_BR\" \/>\n<meta property=\"og:type\" content=\"article\" \/>\n<meta property=\"og:title\" content=\"GUILHERME PAULUS CONSIDERA BOBAGEM A IDEIA DE REPASSAR O MTUR - Travel3\" \/>\n<meta property=\"og:description\" content=\"A TRAVEL3 \u00e9 um portal de conte\u00fado voltado para o turismo, encontre destinos, viagens, hospedagem, passagens, guias, not\u00edcias sobre o mercado do turismo, dicas de viagem, v\u00eddeos e podcast.\" \/>\n<meta property=\"og:url\" content=\"https:\/\/www.travel3.com.br\/site\/sem-categoria\/guilherme-paulus-considera-bobagem-a-ideia-de-repassar-o-mtur\/\" \/>\n<meta property=\"og:site_name\" content=\"Travel3\" \/>\n<meta property=\"article:publisher\" content=\"https:\/\/www.facebook.com\/travel3media\/\" \/>\n<meta property=\"article:published_time\" content=\"2017-09-09T17:17:31+00:00\" \/>\n<meta name=\"author\" content=\"admin\" \/>\n<meta name=\"twitter:card\" content=\"summary_large_image\" \/>\n<meta name=\"twitter:label1\" content=\"Escrito por\" \/>\n\t<meta name=\"twitter:data1\" content=\"admin\" \/>\n\t<meta name=\"twitter:label2\" content=\"Est. tempo de leitura\" \/>\n\t<meta name=\"twitter:data2\" content=\"2 minutos\" \/>\n<script type=\"application\/ld+json\" class=\"yoast-schema-graph\">{\"@context\":\"https:\/\/schema.org\",\"@graph\":[{\"@type\":\"Article\",\"@id\":\"https:\/\/www.travel3.com.br\/site\/sem-categoria\/guilherme-paulus-considera-bobagem-a-ideia-de-repassar-o-mtur\/#article\",\"isPartOf\":{\"@id\":\"https:\/\/www.travel3.com.br\/site\/sem-categoria\/guilherme-paulus-considera-bobagem-a-ideia-de-repassar-o-mtur\/\"},\"author\":{\"name\":\"admin\",\"@id\":\"https:\/\/www.travel3.com.br\/site\/#\/schema\/person\/a69d71e41a024999b6ab82369ac0bd1e\"},\"headline\":\"GUILHERME PAULUS CONSIDERA BOBAGEM A IDEIA DE REPASSAR O MTUR\",\"datePublished\":\"2017-09-09T17:17:31+00:00\",\"mainEntityOfPage\":{\"@id\":\"https:\/\/www.travel3.com.br\/site\/sem-categoria\/guilherme-paulus-considera-bobagem-a-ideia-de-repassar-o-mtur\/\"},\"wordCount\":390,\"commentCount\":0,\"publisher\":{\"@id\":\"https:\/\/www.travel3.com.br\/site\/#organization\"},\"inLanguage\":\"pt-BR\",\"potentialAction\":[{\"@type\":\"CommentAction\",\"name\":\"Comment\",\"target\":[\"https:\/\/www.travel3.com.br\/site\/sem-categoria\/guilherme-paulus-considera-bobagem-a-ideia-de-repassar-o-mtur\/#respond\"]}]},{\"@type\":\"WebPage\",\"@id\":\"https:\/\/www.travel3.com.br\/site\/sem-categoria\/guilherme-paulus-considera-bobagem-a-ideia-de-repassar-o-mtur\/\",\"url\":\"https:\/\/www.travel3.com.br\/site\/sem-categoria\/guilherme-paulus-considera-bobagem-a-ideia-de-repassar-o-mtur\/\",\"name\":\"GUILHERME PAULUS CONSIDERA BOBAGEM A IDEIA DE REPASSAR O MTUR - Travel3\",\"isPartOf\":{\"@id\":\"https:\/\/www.travel3.com.br\/site\/#website\"},\"datePublished\":\"2017-09-09T17:17:31+00:00\",\"description\":\"A TRAVEL3 \u00e9 um portal de conte\u00fado voltado para o turismo, encontre destinos, viagens, hospedagem, passagens, guias, not\u00edcias sobre o mercado do turismo, dicas de viagem, v\u00eddeos e podcast.\",\"breadcrumb\":{\"@id\":\"https:\/\/www.travel3.com.br\/site\/sem-categoria\/guilherme-paulus-considera-bobagem-a-ideia-de-repassar-o-mtur\/#breadcrumb\"},\"inLanguage\":\"pt-BR\",\"potentialAction\":[{\"@type\":\"ReadAction\",\"target\":[\"https:\/\/www.travel3.com.br\/site\/sem-categoria\/guilherme-paulus-considera-bobagem-a-ideia-de-repassar-o-mtur\/\"]}]},{\"@type\":\"BreadcrumbList\",\"@id\":\"https:\/\/www.travel3.com.br\/site\/sem-categoria\/guilherme-paulus-considera-bobagem-a-ideia-de-repassar-o-mtur\/#breadcrumb\",\"itemListElement\":[{\"@type\":\"ListItem\",\"position\":1,\"name\":\"In\u00edcio\",\"item\":\"https:\/\/www.travel3.com.br\/site\/\"},{\"@type\":\"ListItem\",\"position\":2,\"name\":\"GUILHERME PAULUS CONSIDERA BOBAGEM A IDEIA DE REPASSAR O MTUR\"}]},{\"@type\":\"WebSite\",\"@id\":\"https:\/\/www.travel3.com.br\/site\/#website\",\"url\":\"https:\/\/www.travel3.com.br\/site\/\",\"name\":\"Travel3\",\"description\":\"Lazer + Neg&oacute;cios + Aventura\",\"publisher\":{\"@id\":\"https:\/\/www.travel3.com.br\/site\/#organization\"},\"potentialAction\":[{\"@type\":\"SearchAction\",\"target\":{\"@type\":\"EntryPoint\",\"urlTemplate\":\"https:\/\/www.travel3.com.br\/site\/?s={search_term_string}\"},\"query-input\":{\"@type\":\"PropertyValueSpecification\",\"valueRequired\":true,\"valueName\":\"search_term_string\"}}],\"inLanguage\":\"pt-BR\"},{\"@type\":\"Organization\",\"@id\":\"https:\/\/www.travel3.com.br\/site\/#organization\",\"name\":\"Travel3\",\"url\":\"https:\/\/www.travel3.com.br\/site\/\",\"logo\":{\"@type\":\"ImageObject\",\"inLanguage\":\"pt-BR\",\"@id\":\"https:\/\/www.travel3.com.br\/site\/#\/schema\/logo\/image\/\",\"url\":\"https:\/\/www.travel3.com.br\/site\/wp-content\/uploads\/2020\/01\/logo-travel3-2020.png\",\"contentUrl\":\"https:\/\/www.travel3.com.br\/site\/wp-content\/uploads\/2020\/01\/logo-travel3-2020.png\",\"width\":232,\"height\":79,\"caption\":\"Travel3\"},\"image\":{\"@id\":\"https:\/\/www.travel3.com.br\/site\/#\/schema\/logo\/image\/\"},\"sameAs\":[\"https:\/\/www.facebook.com\/travel3media\/\",\"https:\/\/www.instagram.com\/revistatravel3\/\",\"https:\/\/www.youtube.com\/channel\/UCno7J4paGBR3VbZQzvoJ9Eg\"]},{\"@type\":\"Person\",\"@id\":\"https:\/\/www.travel3.com.br\/site\/#\/schema\/person\/a69d71e41a024999b6ab82369ac0bd1e\",\"name\":\"admin\",\"image\":{\"@type\":\"ImageObject\",\"inLanguage\":\"pt-BR\",\"@id\":\"https:\/\/www.travel3.com.br\/site\/#\/schema\/person\/image\/\",\"url\":\"https:\/\/secure.gravatar.com\/avatar\/732a67adfd764da2a47ba10ce731c4c0?s=96&d=mm&r=g\",\"contentUrl\":\"https:\/\/secure.gravatar.com\/avatar\/732a67adfd764da2a47ba10ce731c4c0?s=96&d=mm&r=g\",\"caption\":\"admin\"},\"url\":\"https:\/\/www.travel3.com.br\/site\/author\/admin\/\"}]}<\/script>\n<!-- \/ Yoast SEO plugin. -->","yoast_head_json":{"title":"GUILHERME PAULUS CONSIDERA BOBAGEM A IDEIA DE REPASSAR O MTUR - Travel3","description":"A TRAVEL3 \u00e9 um portal de conte\u00fado voltado para o turismo, encontre destinos, viagens, hospedagem, passagens, guias, not\u00edcias sobre o mercado do turismo, dicas de viagem, v\u00eddeos e podcast.","robots":{"index":"index","follow":"follow","max-snippet":"max-snippet:-1","max-image-preview":"max-image-preview:large","max-video-preview":"max-video-preview:-1"},"canonical":"https:\/\/www.travel3.com.br\/site\/sem-categoria\/guilherme-paulus-considera-bobagem-a-ideia-de-repassar-o-mtur\/","og_locale":"pt_BR","og_type":"article","og_title":"GUILHERME PAULUS CONSIDERA BOBAGEM A IDEIA DE REPASSAR O MTUR - Travel3","og_description":"A TRAVEL3 \u00e9 um portal de conte\u00fado voltado para o turismo, encontre destinos, viagens, hospedagem, passagens, guias, not\u00edcias sobre o mercado do turismo, dicas de viagem, v\u00eddeos e podcast.","og_url":"https:\/\/www.travel3.com.br\/site\/sem-categoria\/guilherme-paulus-considera-bobagem-a-ideia-de-repassar-o-mtur\/","og_site_name":"Travel3","article_publisher":"https:\/\/www.facebook.com\/travel3media\/","article_published_time":"2017-09-09T17:17:31+00:00","author":"admin","twitter_card":"summary_large_image","twitter_misc":{"Escrito por":"admin","Est. tempo de leitura":"2 minutos"},"schema":{"@context":"https:\/\/schema.org","@graph":[{"@type":"Article","@id":"https:\/\/www.travel3.com.br\/site\/sem-categoria\/guilherme-paulus-considera-bobagem-a-ideia-de-repassar-o-mtur\/#article","isPartOf":{"@id":"https:\/\/www.travel3.com.br\/site\/sem-categoria\/guilherme-paulus-considera-bobagem-a-ideia-de-repassar-o-mtur\/"},"author":{"name":"admin","@id":"https:\/\/www.travel3.com.br\/site\/#\/schema\/person\/a69d71e41a024999b6ab82369ac0bd1e"},"headline":"GUILHERME PAULUS CONSIDERA BOBAGEM A IDEIA DE REPASSAR O MTUR","datePublished":"2017-09-09T17:17:31+00:00","mainEntityOfPage":{"@id":"https:\/\/www.travel3.com.br\/site\/sem-categoria\/guilherme-paulus-considera-bobagem-a-ideia-de-repassar-o-mtur\/"},"wordCount":390,"commentCount":0,"publisher":{"@id":"https:\/\/www.travel3.com.br\/site\/#organization"},"inLanguage":"pt-BR","potentialAction":[{"@type":"CommentAction","name":"Comment","target":["https:\/\/www.travel3.com.br\/site\/sem-categoria\/guilherme-paulus-considera-bobagem-a-ideia-de-repassar-o-mtur\/#respond"]}]},{"@type":"WebPage","@id":"https:\/\/www.travel3.com.br\/site\/sem-categoria\/guilherme-paulus-considera-bobagem-a-ideia-de-repassar-o-mtur\/","url":"https:\/\/www.travel3.com.br\/site\/sem-categoria\/guilherme-paulus-considera-bobagem-a-ideia-de-repassar-o-mtur\/","name":"GUILHERME PAULUS CONSIDERA BOBAGEM A IDEIA DE REPASSAR O MTUR - Travel3","isPartOf":{"@id":"https:\/\/www.travel3.com.br\/site\/#website"},"datePublished":"2017-09-09T17:17:31+00:00","description":"A TRAVEL3 \u00e9 um portal de conte\u00fado voltado para o turismo, encontre destinos, viagens, hospedagem, passagens, guias, not\u00edcias sobre o mercado do turismo, dicas de viagem, v\u00eddeos e podcast.","breadcrumb":{"@id":"https:\/\/www.travel3.com.br\/site\/sem-categoria\/guilherme-paulus-considera-bobagem-a-ideia-de-repassar-o-mtur\/#breadcrumb"},"inLanguage":"pt-BR","potentialAction":[{"@type":"ReadAction","target":["https:\/\/www.travel3.com.br\/site\/sem-categoria\/guilherme-paulus-considera-bobagem-a-ideia-de-repassar-o-mtur\/"]}]},{"@type":"BreadcrumbList","@id":"https:\/\/www.travel3.com.br\/site\/sem-categoria\/guilherme-paulus-considera-bobagem-a-ideia-de-repassar-o-mtur\/#breadcrumb","itemListElement":[{"@type":"ListItem","position":1,"name":"In\u00edcio","item":"https:\/\/www.travel3.com.br\/site\/"},{"@type":"ListItem","position":2,"name":"GUILHERME PAULUS CONSIDERA BOBAGEM A IDEIA DE REPASSAR O MTUR"}]},{"@type":"WebSite","@id":"https:\/\/www.travel3.com.br\/site\/#website","url":"https:\/\/www.travel3.com.br\/site\/","name":"Travel3","description":"Lazer + Neg&oacute;cios + Aventura","publisher":{"@id":"https:\/\/www.travel3.com.br\/site\/#organization"},"potentialAction":[{"@type":"SearchAction","target":{"@type":"EntryPoint","urlTemplate":"https:\/\/www.travel3.com.br\/site\/?s={search_term_string}"},"query-input":{"@type":"PropertyValueSpecification","valueRequired":true,"valueName":"search_term_string"}}],"inLanguage":"pt-BR"},{"@type":"Organization","@id":"https:\/\/www.travel3.com.br\/site\/#organization","name":"Travel3","url":"https:\/\/www.travel3.com.br\/site\/","logo":{"@type":"ImageObject","inLanguage":"pt-BR","@id":"https:\/\/www.travel3.com.br\/site\/#\/schema\/logo\/image\/","url":"https:\/\/www.travel3.com.br\/site\/wp-content\/uploads\/2020\/01\/logo-travel3-2020.png","contentUrl":"https:\/\/www.travel3.com.br\/site\/wp-content\/uploads\/2020\/01\/logo-travel3-2020.png","width":232,"height":79,"caption":"Travel3"},"image":{"@id":"https:\/\/www.travel3.com.br\/site\/#\/schema\/logo\/image\/"},"sameAs":["https:\/\/www.facebook.com\/travel3media\/","https:\/\/www.instagram.com\/revistatravel3\/","https:\/\/www.youtube.com\/channel\/UCno7J4paGBR3VbZQzvoJ9Eg"]},{"@type":"Person","@id":"https:\/\/www.travel3.com.br\/site\/#\/schema\/person\/a69d71e41a024999b6ab82369ac0bd1e","name":"admin","image":{"@type":"ImageObject","inLanguage":"pt-BR","@id":"https:\/\/www.travel3.com.br\/site\/#\/schema\/person\/image\/","url":"https:\/\/secure.gravatar.com\/avatar\/732a67adfd764da2a47ba10ce731c4c0?s=96&d=mm&r=g","contentUrl":"https:\/\/secure.gravatar.com\/avatar\/732a67adfd764da2a47ba10ce731c4c0?s=96&d=mm&r=g","caption":"admin"},"url":"https:\/\/www.travel3.com.br\/site\/author\/admin\/"}]}},"_links":{"self":[{"href":"https:\/\/www.travel3.com.br\/site\/wp-json\/wp\/v2\/posts\/5144","targetHints":{"allow":["GET"]}}],"collection":[{"href":"https:\/\/www.travel3.com.br\/site\/wp-json\/wp\/v2\/posts"}],"about":[{"href":"https:\/\/www.travel3.com.br\/site\/wp-json\/wp\/v2\/types\/post"}],"author":[{"embeddable":true,"href":"https:\/\/www.travel3.com.br\/site\/wp-json\/wp\/v2\/users\/1"}],"replies":[{"embeddable":true,"href":"https:\/\/www.travel3.com.br\/site\/wp-json\/wp\/v2\/comments?post=5144"}],"version-history":[{"count":0,"href":"https:\/\/www.travel3.com.br\/site\/wp-json\/wp\/v2\/posts\/5144\/revisions"}],"wp:attachment":[{"href":"https:\/\/www.travel3.com.br\/site\/wp-json\/wp\/v2\/media?parent=5144"}],"wp:term":[{"taxonomy":"category","embeddable":true,"href":"https:\/\/www.travel3.com.br\/site\/wp-json\/wp\/v2\/categories?post=5144"},{"taxonomy":"post_tag","embeddable":true,"href":"https:\/\/www.travel3.com.br\/site\/wp-json\/wp\/v2\/tags?post=5144"}],"curies":[{"name":"wp","href":"https:\/\/api.w.org\/{rel}","templated":true}]}}