{"id":5138,"date":"2017-08-25T13:29:52","date_gmt":"2017-08-25T13:29:52","guid":{"rendered":"http:\/\/www.travel3.com.br\/site\/ir-e-vir\/ar\/comite-rio-admite-que-errou-ao-exibir-onca\/"},"modified":"2017-08-25T13:29:52","modified_gmt":"2017-08-25T13:29:52","slug":"comite-rio-admite-que-errou-ao-exibir-onca","status":"publish","type":"post","link":"https:\/\/www.travel3.com.br\/site\/sem-categoria\/comite-rio-admite-que-errou-ao-exibir-onca\/","title":{"rendered":"COMIT\u00ca RIO ADMITE QUE ERROU AO EXIBIR ON\u00c7A"},"content":{"rendered":"<p><span style=\"color: #40acad; font-family: -apple-system, system-ui, 'Segoe UI', Roboto, Oxygen-Sans, Ubuntu, Cantarell, 'Helvetica Neue', sans-serif; font-size: 12px; font-weight: bold;\"><\/p>\n<p style=\"text-align: center;\"><strong><em><a class=\"fancybox-media\" href=\"..\/_uploads\/_noticia\/2016-06\/1026908-21-06-2016-27694012462-6d7d7f17b9-o.jpg\" rel=\"portfolio\"><img decoding=\"async\" alt=\"\" src=\"..\/_uploads\/_noticia\/2016-06\/1026908-21-06-2016-27694012462-6d7d7f17b9-o.jpg\" \/><\/a><br \/>\nA on\u00e7a-pintada Juma foi exibida ao lado da Tocha Ol\u00edmpica durante a passagem do s\u00edmbolo por Manaus. O animal foi abatido com um tiro de pistola no Centro de Instru\u00e7\u00e3o de Guerra na Selva ao tentar escapar do local\u00a0Ivo Lima\/Minist\u00e9rio do Esporte<\/em><\/strong><\/p>\n<p>O Comit\u00ea Organizador da Rio 2016 admitiu hoje (21) que errou ao permitir a exibi\u00e7\u00e3o da on\u00e7a Juma durante o evento da passagem da tocha ol\u00edmpica em Manaus, ontem (20). Em nota, o comit\u00ea disse que o epis\u00f3dio n\u00e3o se repetir\u00e1.<\/p>\n<p>\u201cErramos ao permitir que a Tocha Ol\u00edmpica, s\u00edmbolo da paz e da uni\u00e3o entre povos, fosse exibida ao lado de um animal selvagem acorrentado. Essa cena contraria nossas cren\u00e7as e valores. Estamos muito tristes com o desfecho que se deu ap\u00f3s a passagem da tocha. Garantimos que n\u00e3o veremos mais situa\u00e7\u00f5es assim nos Jogos Rio 2016\u201d, diz o texto da organiza\u00e7\u00e3o, publicado no Twitter.<\/p>\n<p>A on\u00e7a-pintada foi abatida com um tiro de pistola no Centro de Instru\u00e7\u00e3o de Guerra na Selva (Cigs), logo ap\u00f3s ser exibida no evento e tentar escapar do local. O Cigs \u00e9 administrado pelo Comando Militar da Amaz\u00f4nia. De acordo com coronel Lu\u00eds Gustavo Evelyn, chefe da Comunica\u00e7\u00e3o Social do CMA, o zool\u00f3gico da institui\u00e7\u00e3o \u00e9 um mantenedor de animais silvestres referenciado pelo Instituto Brasileiro do Meio Ambiente e dos Recursos Naturais Renov\u00e1veis (Ibama).<\/p>\n<p>Segundo o Minist\u00e9rio da Defesa, Juma chegou a receber tranquilizantes, mas, ainda assim, atacou um soldado. Segundo os militares, o disparo de pistola contra o animal foi um procedimento de seguran\u00e7a.<\/p>\n<p>\u201cComo procedimento de seguran\u00e7a, visando a proteger a integridade f\u00edsica do militar e da equipe de tratadores, foi realizado um tiro de pistola no animal, que veio a falecer\u201d, disse o CMA em nota. O Cigs abriu processo administrativo para apurar o caso.<\/p>\n<p>A morte de Juma tem causado como\u00e7\u00e3o nas redes sociais. Em peti\u00e7\u00e3o na internet, um grupo pede justi\u00e7a pela morte do animal. \u201cJuma foi retirada de seu habitat para servir de alegoria\u201d para evento da Olimp\u00edada, diz o abaixo-assinado. A mobiliza\u00e7\u00e3o viralizou nas redes sociais e j\u00e1 recolheu mais de 35 mil assinaturas at\u00e9 o fim da tarde de hoje. Com a hastag #Juma, milhares de brasileiros lamentam a morte da on\u00e7a-pintada, esp\u00e9cie amea\u00e7ada de extin\u00e7\u00e3o.<\/p>\n<p>O Instituto de Prote\u00e7\u00e3o Ambiental do Amazonas (Ipaam) notificou o Comando Militar da Amaz\u00f4nia (CMA) pela morte do felino. Segundo a organiza\u00e7\u00e3o, a on\u00e7a n\u00e3o poderia ser exibida em eventos sem autoriza\u00e7\u00e3o de \u00f3rg\u00e3os ambientais. Em nota, o Ipaam diz que aguarda explica\u00e7\u00f5es sobre as circunst\u00e2ncias do acidente. O CMA pode ser multado em R$ 5 mil.<\/p>\n<p>\u00a0<\/p>\n<p><\/span><\/p>\n","protected":false},"excerpt":{"rendered":"<p>\u201cErramos ao permitir que a Tocha Ol\u00edmpica, s\u00edmbolo da paz e da uni\u00e3o entre povos, fosse exibida ao lado de um animal selvagem acorrentado&#8221;<\/p>\n","protected":false},"author":1,"featured_media":0,"comment_status":"open","ping_status":"open","sticky":false,"template":"","format":"standard","meta":{"footnotes":""},"categories":[],"tags":[],"class_list":["post-5138","post","type-post","status-publish","format-standard","hentry"],"yoast_head":"<!-- This site is optimized with the Yoast SEO plugin v26.2 - https:\/\/yoast.com\/wordpress\/plugins\/seo\/ -->\n<title>COMIT\u00ca RIO ADMITE QUE ERROU AO EXIBIR ON\u00c7A - Travel3<\/title>\n<meta name=\"description\" content=\"A TRAVEL3 \u00e9 um portal de conte\u00fado voltado para o turismo, encontre destinos, viagens, hospedagem, passagens, guias, not\u00edcias sobre o mercado do turismo, dicas de viagem, v\u00eddeos e podcast.\" \/>\n<meta name=\"robots\" content=\"index, follow, max-snippet:-1, max-image-preview:large, max-video-preview:-1\" \/>\n<link rel=\"canonical\" href=\"https:\/\/www.travel3.com.br\/site\/sem-categoria\/comite-rio-admite-que-errou-ao-exibir-onca\/\" \/>\n<meta property=\"og:locale\" content=\"pt_BR\" \/>\n<meta property=\"og:type\" content=\"article\" \/>\n<meta property=\"og:title\" content=\"COMIT\u00ca RIO ADMITE QUE ERROU AO EXIBIR ON\u00c7A - Travel3\" \/>\n<meta property=\"og:description\" content=\"A TRAVEL3 \u00e9 um portal de conte\u00fado voltado para o turismo, encontre destinos, viagens, hospedagem, passagens, guias, not\u00edcias sobre o mercado do turismo, dicas de viagem, v\u00eddeos e podcast.\" \/>\n<meta property=\"og:url\" content=\"https:\/\/www.travel3.com.br\/site\/sem-categoria\/comite-rio-admite-que-errou-ao-exibir-onca\/\" \/>\n<meta property=\"og:site_name\" content=\"Travel3\" \/>\n<meta property=\"article:publisher\" content=\"https:\/\/www.facebook.com\/travel3media\/\" \/>\n<meta property=\"article:published_time\" content=\"2017-08-25T13:29:52+00:00\" \/>\n<meta name=\"author\" content=\"admin\" \/>\n<meta name=\"twitter:card\" content=\"summary_large_image\" \/>\n<meta name=\"twitter:label1\" content=\"Escrito por\" \/>\n\t<meta name=\"twitter:data1\" content=\"admin\" \/>\n\t<meta name=\"twitter:label2\" content=\"Est. tempo de leitura\" \/>\n\t<meta name=\"twitter:data2\" content=\"2 minutos\" \/>\n<script type=\"application\/ld+json\" class=\"yoast-schema-graph\">{\"@context\":\"https:\/\/schema.org\",\"@graph\":[{\"@type\":\"Article\",\"@id\":\"https:\/\/www.travel3.com.br\/site\/sem-categoria\/comite-rio-admite-que-errou-ao-exibir-onca\/#article\",\"isPartOf\":{\"@id\":\"https:\/\/www.travel3.com.br\/site\/sem-categoria\/comite-rio-admite-que-errou-ao-exibir-onca\/\"},\"author\":{\"name\":\"admin\",\"@id\":\"https:\/\/www.travel3.com.br\/site\/#\/schema\/person\/a69d71e41a024999b6ab82369ac0bd1e\"},\"headline\":\"COMIT\u00ca RIO ADMITE QUE ERROU AO EXIBIR ON\u00c7A\",\"datePublished\":\"2017-08-25T13:29:52+00:00\",\"mainEntityOfPage\":{\"@id\":\"https:\/\/www.travel3.com.br\/site\/sem-categoria\/comite-rio-admite-que-errou-ao-exibir-onca\/\"},\"wordCount\":480,\"commentCount\":0,\"publisher\":{\"@id\":\"https:\/\/www.travel3.com.br\/site\/#organization\"},\"inLanguage\":\"pt-BR\",\"potentialAction\":[{\"@type\":\"CommentAction\",\"name\":\"Comment\",\"target\":[\"https:\/\/www.travel3.com.br\/site\/sem-categoria\/comite-rio-admite-que-errou-ao-exibir-onca\/#respond\"]}]},{\"@type\":\"WebPage\",\"@id\":\"https:\/\/www.travel3.com.br\/site\/sem-categoria\/comite-rio-admite-que-errou-ao-exibir-onca\/\",\"url\":\"https:\/\/www.travel3.com.br\/site\/sem-categoria\/comite-rio-admite-que-errou-ao-exibir-onca\/\",\"name\":\"COMIT\u00ca RIO ADMITE QUE ERROU AO EXIBIR ON\u00c7A - Travel3\",\"isPartOf\":{\"@id\":\"https:\/\/www.travel3.com.br\/site\/#website\"},\"datePublished\":\"2017-08-25T13:29:52+00:00\",\"description\":\"A TRAVEL3 \u00e9 um portal de conte\u00fado voltado para o turismo, encontre destinos, viagens, hospedagem, passagens, guias, not\u00edcias sobre o mercado do turismo, dicas de viagem, v\u00eddeos e podcast.\",\"breadcrumb\":{\"@id\":\"https:\/\/www.travel3.com.br\/site\/sem-categoria\/comite-rio-admite-que-errou-ao-exibir-onca\/#breadcrumb\"},\"inLanguage\":\"pt-BR\",\"potentialAction\":[{\"@type\":\"ReadAction\",\"target\":[\"https:\/\/www.travel3.com.br\/site\/sem-categoria\/comite-rio-admite-que-errou-ao-exibir-onca\/\"]}]},{\"@type\":\"BreadcrumbList\",\"@id\":\"https:\/\/www.travel3.com.br\/site\/sem-categoria\/comite-rio-admite-que-errou-ao-exibir-onca\/#breadcrumb\",\"itemListElement\":[{\"@type\":\"ListItem\",\"position\":1,\"name\":\"In\u00edcio\",\"item\":\"https:\/\/www.travel3.com.br\/site\/\"},{\"@type\":\"ListItem\",\"position\":2,\"name\":\"COMIT\u00ca RIO ADMITE QUE ERROU AO EXIBIR ON\u00c7A\"}]},{\"@type\":\"WebSite\",\"@id\":\"https:\/\/www.travel3.com.br\/site\/#website\",\"url\":\"https:\/\/www.travel3.com.br\/site\/\",\"name\":\"Travel3\",\"description\":\"Lazer + Neg&oacute;cios + Aventura\",\"publisher\":{\"@id\":\"https:\/\/www.travel3.com.br\/site\/#organization\"},\"potentialAction\":[{\"@type\":\"SearchAction\",\"target\":{\"@type\":\"EntryPoint\",\"urlTemplate\":\"https:\/\/www.travel3.com.br\/site\/?s={search_term_string}\"},\"query-input\":{\"@type\":\"PropertyValueSpecification\",\"valueRequired\":true,\"valueName\":\"search_term_string\"}}],\"inLanguage\":\"pt-BR\"},{\"@type\":\"Organization\",\"@id\":\"https:\/\/www.travel3.com.br\/site\/#organization\",\"name\":\"Travel3\",\"url\":\"https:\/\/www.travel3.com.br\/site\/\",\"logo\":{\"@type\":\"ImageObject\",\"inLanguage\":\"pt-BR\",\"@id\":\"https:\/\/www.travel3.com.br\/site\/#\/schema\/logo\/image\/\",\"url\":\"https:\/\/www.travel3.com.br\/site\/wp-content\/uploads\/2020\/01\/logo-travel3-2020.png\",\"contentUrl\":\"https:\/\/www.travel3.com.br\/site\/wp-content\/uploads\/2020\/01\/logo-travel3-2020.png\",\"width\":232,\"height\":79,\"caption\":\"Travel3\"},\"image\":{\"@id\":\"https:\/\/www.travel3.com.br\/site\/#\/schema\/logo\/image\/\"},\"sameAs\":[\"https:\/\/www.facebook.com\/travel3media\/\",\"https:\/\/www.instagram.com\/revistatravel3\/\",\"https:\/\/www.youtube.com\/channel\/UCno7J4paGBR3VbZQzvoJ9Eg\"]},{\"@type\":\"Person\",\"@id\":\"https:\/\/www.travel3.com.br\/site\/#\/schema\/person\/a69d71e41a024999b6ab82369ac0bd1e\",\"name\":\"admin\",\"image\":{\"@type\":\"ImageObject\",\"inLanguage\":\"pt-BR\",\"@id\":\"https:\/\/www.travel3.com.br\/site\/#\/schema\/person\/image\/\",\"url\":\"https:\/\/secure.gravatar.com\/avatar\/732a67adfd764da2a47ba10ce731c4c0?s=96&d=mm&r=g\",\"contentUrl\":\"https:\/\/secure.gravatar.com\/avatar\/732a67adfd764da2a47ba10ce731c4c0?s=96&d=mm&r=g\",\"caption\":\"admin\"},\"url\":\"https:\/\/www.travel3.com.br\/site\/author\/admin\/\"}]}<\/script>\n<!-- \/ Yoast SEO plugin. -->","yoast_head_json":{"title":"COMIT\u00ca RIO ADMITE QUE ERROU AO EXIBIR ON\u00c7A - Travel3","description":"A TRAVEL3 \u00e9 um portal de conte\u00fado voltado para o turismo, encontre destinos, viagens, hospedagem, passagens, guias, not\u00edcias sobre o mercado do turismo, dicas de viagem, v\u00eddeos e podcast.","robots":{"index":"index","follow":"follow","max-snippet":"max-snippet:-1","max-image-preview":"max-image-preview:large","max-video-preview":"max-video-preview:-1"},"canonical":"https:\/\/www.travel3.com.br\/site\/sem-categoria\/comite-rio-admite-que-errou-ao-exibir-onca\/","og_locale":"pt_BR","og_type":"article","og_title":"COMIT\u00ca RIO ADMITE QUE ERROU AO EXIBIR ON\u00c7A - Travel3","og_description":"A TRAVEL3 \u00e9 um portal de conte\u00fado voltado para o turismo, encontre destinos, viagens, hospedagem, passagens, guias, not\u00edcias sobre o mercado do turismo, dicas de viagem, v\u00eddeos e podcast.","og_url":"https:\/\/www.travel3.com.br\/site\/sem-categoria\/comite-rio-admite-que-errou-ao-exibir-onca\/","og_site_name":"Travel3","article_publisher":"https:\/\/www.facebook.com\/travel3media\/","article_published_time":"2017-08-25T13:29:52+00:00","author":"admin","twitter_card":"summary_large_image","twitter_misc":{"Escrito por":"admin","Est. tempo de leitura":"2 minutos"},"schema":{"@context":"https:\/\/schema.org","@graph":[{"@type":"Article","@id":"https:\/\/www.travel3.com.br\/site\/sem-categoria\/comite-rio-admite-que-errou-ao-exibir-onca\/#article","isPartOf":{"@id":"https:\/\/www.travel3.com.br\/site\/sem-categoria\/comite-rio-admite-que-errou-ao-exibir-onca\/"},"author":{"name":"admin","@id":"https:\/\/www.travel3.com.br\/site\/#\/schema\/person\/a69d71e41a024999b6ab82369ac0bd1e"},"headline":"COMIT\u00ca RIO ADMITE QUE ERROU AO EXIBIR ON\u00c7A","datePublished":"2017-08-25T13:29:52+00:00","mainEntityOfPage":{"@id":"https:\/\/www.travel3.com.br\/site\/sem-categoria\/comite-rio-admite-que-errou-ao-exibir-onca\/"},"wordCount":480,"commentCount":0,"publisher":{"@id":"https:\/\/www.travel3.com.br\/site\/#organization"},"inLanguage":"pt-BR","potentialAction":[{"@type":"CommentAction","name":"Comment","target":["https:\/\/www.travel3.com.br\/site\/sem-categoria\/comite-rio-admite-que-errou-ao-exibir-onca\/#respond"]}]},{"@type":"WebPage","@id":"https:\/\/www.travel3.com.br\/site\/sem-categoria\/comite-rio-admite-que-errou-ao-exibir-onca\/","url":"https:\/\/www.travel3.com.br\/site\/sem-categoria\/comite-rio-admite-que-errou-ao-exibir-onca\/","name":"COMIT\u00ca RIO ADMITE QUE ERROU AO EXIBIR ON\u00c7A - Travel3","isPartOf":{"@id":"https:\/\/www.travel3.com.br\/site\/#website"},"datePublished":"2017-08-25T13:29:52+00:00","description":"A TRAVEL3 \u00e9 um portal de conte\u00fado voltado para o turismo, encontre destinos, viagens, hospedagem, passagens, guias, not\u00edcias sobre o mercado do turismo, dicas de viagem, v\u00eddeos e podcast.","breadcrumb":{"@id":"https:\/\/www.travel3.com.br\/site\/sem-categoria\/comite-rio-admite-que-errou-ao-exibir-onca\/#breadcrumb"},"inLanguage":"pt-BR","potentialAction":[{"@type":"ReadAction","target":["https:\/\/www.travel3.com.br\/site\/sem-categoria\/comite-rio-admite-que-errou-ao-exibir-onca\/"]}]},{"@type":"BreadcrumbList","@id":"https:\/\/www.travel3.com.br\/site\/sem-categoria\/comite-rio-admite-que-errou-ao-exibir-onca\/#breadcrumb","itemListElement":[{"@type":"ListItem","position":1,"name":"In\u00edcio","item":"https:\/\/www.travel3.com.br\/site\/"},{"@type":"ListItem","position":2,"name":"COMIT\u00ca RIO ADMITE QUE ERROU AO EXIBIR ON\u00c7A"}]},{"@type":"WebSite","@id":"https:\/\/www.travel3.com.br\/site\/#website","url":"https:\/\/www.travel3.com.br\/site\/","name":"Travel3","description":"Lazer + Neg&oacute;cios + Aventura","publisher":{"@id":"https:\/\/www.travel3.com.br\/site\/#organization"},"potentialAction":[{"@type":"SearchAction","target":{"@type":"EntryPoint","urlTemplate":"https:\/\/www.travel3.com.br\/site\/?s={search_term_string}"},"query-input":{"@type":"PropertyValueSpecification","valueRequired":true,"valueName":"search_term_string"}}],"inLanguage":"pt-BR"},{"@type":"Organization","@id":"https:\/\/www.travel3.com.br\/site\/#organization","name":"Travel3","url":"https:\/\/www.travel3.com.br\/site\/","logo":{"@type":"ImageObject","inLanguage":"pt-BR","@id":"https:\/\/www.travel3.com.br\/site\/#\/schema\/logo\/image\/","url":"https:\/\/www.travel3.com.br\/site\/wp-content\/uploads\/2020\/01\/logo-travel3-2020.png","contentUrl":"https:\/\/www.travel3.com.br\/site\/wp-content\/uploads\/2020\/01\/logo-travel3-2020.png","width":232,"height":79,"caption":"Travel3"},"image":{"@id":"https:\/\/www.travel3.com.br\/site\/#\/schema\/logo\/image\/"},"sameAs":["https:\/\/www.facebook.com\/travel3media\/","https:\/\/www.instagram.com\/revistatravel3\/","https:\/\/www.youtube.com\/channel\/UCno7J4paGBR3VbZQzvoJ9Eg"]},{"@type":"Person","@id":"https:\/\/www.travel3.com.br\/site\/#\/schema\/person\/a69d71e41a024999b6ab82369ac0bd1e","name":"admin","image":{"@type":"ImageObject","inLanguage":"pt-BR","@id":"https:\/\/www.travel3.com.br\/site\/#\/schema\/person\/image\/","url":"https:\/\/secure.gravatar.com\/avatar\/732a67adfd764da2a47ba10ce731c4c0?s=96&d=mm&r=g","contentUrl":"https:\/\/secure.gravatar.com\/avatar\/732a67adfd764da2a47ba10ce731c4c0?s=96&d=mm&r=g","caption":"admin"},"url":"https:\/\/www.travel3.com.br\/site\/author\/admin\/"}]}},"_links":{"self":[{"href":"https:\/\/www.travel3.com.br\/site\/wp-json\/wp\/v2\/posts\/5138","targetHints":{"allow":["GET"]}}],"collection":[{"href":"https:\/\/www.travel3.com.br\/site\/wp-json\/wp\/v2\/posts"}],"about":[{"href":"https:\/\/www.travel3.com.br\/site\/wp-json\/wp\/v2\/types\/post"}],"author":[{"embeddable":true,"href":"https:\/\/www.travel3.com.br\/site\/wp-json\/wp\/v2\/users\/1"}],"replies":[{"embeddable":true,"href":"https:\/\/www.travel3.com.br\/site\/wp-json\/wp\/v2\/comments?post=5138"}],"version-history":[{"count":0,"href":"https:\/\/www.travel3.com.br\/site\/wp-json\/wp\/v2\/posts\/5138\/revisions"}],"wp:attachment":[{"href":"https:\/\/www.travel3.com.br\/site\/wp-json\/wp\/v2\/media?parent=5138"}],"wp:term":[{"taxonomy":"category","embeddable":true,"href":"https:\/\/www.travel3.com.br\/site\/wp-json\/wp\/v2\/categories?post=5138"},{"taxonomy":"post_tag","embeddable":true,"href":"https:\/\/www.travel3.com.br\/site\/wp-json\/wp\/v2\/tags?post=5138"}],"curies":[{"name":"wp","href":"https:\/\/api.w.org\/{rel}","templated":true}]}}