{"id":5119,"date":"2017-08-27T17:55:12","date_gmt":"2017-08-27T17:55:12","guid":{"rendered":"http:\/\/www.travel3.com.br\/site\/ir-e-vir\/ar\/feira-da-avirrp-tem-reconhecimento-dos-expositores\/"},"modified":"2017-08-27T17:55:12","modified_gmt":"2017-08-27T17:55:12","slug":"feira-da-avirrp-tem-reconhecimento-dos-expositores","status":"publish","type":"post","link":"https:\/\/www.travel3.com.br\/site\/sem-categoria\/feira-da-avirrp-tem-reconhecimento-dos-expositores\/","title":{"rendered":"FEIRA DA AVIRRP TEM RECONHECIMENTO DOS EXPOSITORES"},"content":{"rendered":"<p><span style=\"color: #40acad; font-family: -apple-system, system-ui, 'Segoe UI', Roboto, Oxygen-Sans, Ubuntu, Cantarell, 'Helvetica Neue', sans-serif; font-size: 12px; font-weight: bold;\"><\/p>\n<p style=\"text-align:justify\">Preparando-se para comemorar sua 20\u00aa edi\u00e7\u00e3o, em agosto, \u00a0a feira realizada pela Associa\u00e7\u00e3o das Ag\u00eancias de Viagem de Ribeir\u00e3o Preto e Regi\u00e3o (AVIRRP), \u00a0tem reconhecimento empresarial entre os melhores eventos de turismo. Quem j\u00e1 esteve em eventos anteriores, reitera que a feira no interior paulista traz bons resultados.<\/p>\n<p style=\"text-align:justify\"><a class=\"fancybox-media\" href=\"..\/_uploads\/_noticia\/2016-06\/foto-depoimentos-avirrp--2-.jpg\" rel=\"portfolio\"><img decoding=\"async\" alt=\"\" src=\"..\/_uploads\/_noticia\/2016-06\/foto-depoimentos-avirrp--2-.jpg\" \/><\/a><\/p>\n<p style=\"text-align:justify\"><em>Foto Montagem \/ Divulga\u00e7\u00e3o Avirrp<\/em><\/p>\n<p style=\"text-align:justify\">Para o empres\u00e1rio Afonso Louro &#8211; presidente do grupo Visual Turismo e participante de todas as edi\u00e7\u00f5es da feira, \u00a0a Avirrp proporciona o contato com agentes de viagens de uma regi\u00e3o que corresponde comercialmente ao terceiro melhor mercado para sua operadora<\/p>\n<p style=\"text-align:justify\">Outra empresa que compartilha deste pensamento e tamb\u00e9m com participa\u00e7\u00e3o em todas as edi\u00e7\u00f5es \u00e9 a Rede Bourbon de Hot\u00e9is garante sua participa\u00e7\u00e3o que, para o diretor de vendas Jeferson Munhoz \u00e9 fundamental para a empresa e representa um momento de troca e relacionamento com os agentes do interior paulista.<\/p>\n<p style=\"text-align:justify\">Jo\u00e3o Bueno, diretor executivo da Associa\u00e7\u00e3o Brasileira de Resorts (ABR), considera que a participa\u00e7\u00e3o do quadro associativo proporciona a apresenta\u00e7\u00e3o das novidades \u00a0dos equipamentos e novidades dos empreendimentos em seu segmento espec\u00edfico, al\u00e9m do fomento de neg\u00f3cios e o contato com agentes de viagens de v\u00e1rios pontos. Mais de 30 resorts j\u00e1 est\u00e3o confirmados para o espa\u00e7o da associa\u00e7\u00e3o que \u00e9 de 100m2.<\/p>\n<p style=\"text-align:justify\">A feira da AVIRRP ser\u00e1 realizada nos dias 5 e 6 de agosto (quinta e sexta) e tem na rela\u00e7\u00e3o de expositores confirmados um grande numero de secretarias estaduais de turismo \u2013 quase todas as da regi\u00e3o Nordeste \u2013 e hoje foi confirmada a presen\u00e7a do Minist\u00e9rio, com estande logo no hall de entrada.<\/p>\n<p style=\"text-align:justify\">Air Europa, Associa\u00e7\u00e3o de Caldas Novas \u2013 com o Convention da regi\u00e3o -, Angra dos Reis, Estrada Real e Secretaria de Minas Gerais, Iguassu Convention e Destino Igua\u00e7u, Hotel Fazenda Po\u00e7os de Caldas, Vento Sul (Gramado e Serra Gaucha), Termas de Jurema,\u00a0 New Age, e a estreante Rota das Fal\u00e9sias do Cear\u00e1 formam na rela\u00e7\u00e3o, entre outros expositores. Dever\u00e3o ser mais de 70 nesta vig\u00e9sima edi\u00e7\u00e3o da AVIRRP.<\/p>\n<p style=\"text-align:justify\">\u00a0<\/p>\n<p>\u00a0<\/p>\n<p><\/span><\/p>\n","protected":false},"excerpt":{"rendered":"<p>Confira boa parte dos j\u00e1 confirmados para a edi\u00e7\u00e3o de numero 20 do evento<\/p>\n","protected":false},"author":1,"featured_media":0,"comment_status":"open","ping_status":"open","sticky":false,"template":"","format":"standard","meta":{"footnotes":""},"categories":[],"tags":[],"class_list":["post-5119","post","type-post","status-publish","format-standard","hentry"],"yoast_head":"<!-- This site is optimized with the Yoast SEO plugin v26.2 - https:\/\/yoast.com\/wordpress\/plugins\/seo\/ -->\n<title>FEIRA DA AVIRRP TEM RECONHECIMENTO DOS EXPOSITORES - Travel3<\/title>\n<meta name=\"description\" content=\"A TRAVEL3 \u00e9 um portal de conte\u00fado voltado para o turismo, encontre destinos, viagens, hospedagem, passagens, guias, not\u00edcias sobre o mercado do turismo, dicas de viagem, v\u00eddeos e podcast.\" \/>\n<meta name=\"robots\" content=\"index, follow, max-snippet:-1, max-image-preview:large, max-video-preview:-1\" \/>\n<link rel=\"canonical\" href=\"https:\/\/www.travel3.com.br\/site\/sem-categoria\/feira-da-avirrp-tem-reconhecimento-dos-expositores\/\" \/>\n<meta property=\"og:locale\" content=\"pt_BR\" \/>\n<meta property=\"og:type\" content=\"article\" \/>\n<meta property=\"og:title\" content=\"FEIRA DA AVIRRP TEM RECONHECIMENTO DOS EXPOSITORES - Travel3\" \/>\n<meta property=\"og:description\" content=\"A TRAVEL3 \u00e9 um portal de conte\u00fado voltado para o turismo, encontre destinos, viagens, hospedagem, passagens, guias, not\u00edcias sobre o mercado do turismo, dicas de viagem, v\u00eddeos e podcast.\" \/>\n<meta property=\"og:url\" content=\"https:\/\/www.travel3.com.br\/site\/sem-categoria\/feira-da-avirrp-tem-reconhecimento-dos-expositores\/\" \/>\n<meta property=\"og:site_name\" content=\"Travel3\" \/>\n<meta property=\"article:publisher\" content=\"https:\/\/www.facebook.com\/travel3media\/\" \/>\n<meta property=\"article:published_time\" content=\"2017-08-27T17:55:12+00:00\" \/>\n<meta name=\"author\" content=\"admin\" \/>\n<meta name=\"twitter:card\" content=\"summary_large_image\" \/>\n<meta name=\"twitter:label1\" content=\"Escrito por\" \/>\n\t<meta name=\"twitter:data1\" content=\"admin\" \/>\n\t<meta name=\"twitter:label2\" content=\"Est. tempo de leitura\" \/>\n\t<meta name=\"twitter:data2\" content=\"2 minutos\" \/>\n<script type=\"application\/ld+json\" class=\"yoast-schema-graph\">{\"@context\":\"https:\/\/schema.org\",\"@graph\":[{\"@type\":\"Article\",\"@id\":\"https:\/\/www.travel3.com.br\/site\/sem-categoria\/feira-da-avirrp-tem-reconhecimento-dos-expositores\/#article\",\"isPartOf\":{\"@id\":\"https:\/\/www.travel3.com.br\/site\/sem-categoria\/feira-da-avirrp-tem-reconhecimento-dos-expositores\/\"},\"author\":{\"name\":\"admin\",\"@id\":\"https:\/\/www.travel3.com.br\/site\/#\/schema\/person\/a69d71e41a024999b6ab82369ac0bd1e\"},\"headline\":\"FEIRA DA AVIRRP TEM RECONHECIMENTO DOS EXPOSITORES\",\"datePublished\":\"2017-08-27T17:55:12+00:00\",\"mainEntityOfPage\":{\"@id\":\"https:\/\/www.travel3.com.br\/site\/sem-categoria\/feira-da-avirrp-tem-reconhecimento-dos-expositores\/\"},\"wordCount\":362,\"commentCount\":0,\"publisher\":{\"@id\":\"https:\/\/www.travel3.com.br\/site\/#organization\"},\"inLanguage\":\"pt-BR\",\"potentialAction\":[{\"@type\":\"CommentAction\",\"name\":\"Comment\",\"target\":[\"https:\/\/www.travel3.com.br\/site\/sem-categoria\/feira-da-avirrp-tem-reconhecimento-dos-expositores\/#respond\"]}]},{\"@type\":\"WebPage\",\"@id\":\"https:\/\/www.travel3.com.br\/site\/sem-categoria\/feira-da-avirrp-tem-reconhecimento-dos-expositores\/\",\"url\":\"https:\/\/www.travel3.com.br\/site\/sem-categoria\/feira-da-avirrp-tem-reconhecimento-dos-expositores\/\",\"name\":\"FEIRA DA AVIRRP TEM RECONHECIMENTO DOS EXPOSITORES - Travel3\",\"isPartOf\":{\"@id\":\"https:\/\/www.travel3.com.br\/site\/#website\"},\"datePublished\":\"2017-08-27T17:55:12+00:00\",\"description\":\"A TRAVEL3 \u00e9 um portal de conte\u00fado voltado para o turismo, encontre destinos, viagens, hospedagem, passagens, guias, not\u00edcias sobre o mercado do turismo, dicas de viagem, v\u00eddeos e podcast.\",\"breadcrumb\":{\"@id\":\"https:\/\/www.travel3.com.br\/site\/sem-categoria\/feira-da-avirrp-tem-reconhecimento-dos-expositores\/#breadcrumb\"},\"inLanguage\":\"pt-BR\",\"potentialAction\":[{\"@type\":\"ReadAction\",\"target\":[\"https:\/\/www.travel3.com.br\/site\/sem-categoria\/feira-da-avirrp-tem-reconhecimento-dos-expositores\/\"]}]},{\"@type\":\"BreadcrumbList\",\"@id\":\"https:\/\/www.travel3.com.br\/site\/sem-categoria\/feira-da-avirrp-tem-reconhecimento-dos-expositores\/#breadcrumb\",\"itemListElement\":[{\"@type\":\"ListItem\",\"position\":1,\"name\":\"In\u00edcio\",\"item\":\"https:\/\/www.travel3.com.br\/site\/\"},{\"@type\":\"ListItem\",\"position\":2,\"name\":\"FEIRA DA AVIRRP TEM RECONHECIMENTO DOS EXPOSITORES\"}]},{\"@type\":\"WebSite\",\"@id\":\"https:\/\/www.travel3.com.br\/site\/#website\",\"url\":\"https:\/\/www.travel3.com.br\/site\/\",\"name\":\"Travel3\",\"description\":\"Lazer + Neg&oacute;cios + Aventura\",\"publisher\":{\"@id\":\"https:\/\/www.travel3.com.br\/site\/#organization\"},\"potentialAction\":[{\"@type\":\"SearchAction\",\"target\":{\"@type\":\"EntryPoint\",\"urlTemplate\":\"https:\/\/www.travel3.com.br\/site\/?s={search_term_string}\"},\"query-input\":{\"@type\":\"PropertyValueSpecification\",\"valueRequired\":true,\"valueName\":\"search_term_string\"}}],\"inLanguage\":\"pt-BR\"},{\"@type\":\"Organization\",\"@id\":\"https:\/\/www.travel3.com.br\/site\/#organization\",\"name\":\"Travel3\",\"url\":\"https:\/\/www.travel3.com.br\/site\/\",\"logo\":{\"@type\":\"ImageObject\",\"inLanguage\":\"pt-BR\",\"@id\":\"https:\/\/www.travel3.com.br\/site\/#\/schema\/logo\/image\/\",\"url\":\"https:\/\/www.travel3.com.br\/site\/wp-content\/uploads\/2020\/01\/logo-travel3-2020.png\",\"contentUrl\":\"https:\/\/www.travel3.com.br\/site\/wp-content\/uploads\/2020\/01\/logo-travel3-2020.png\",\"width\":232,\"height\":79,\"caption\":\"Travel3\"},\"image\":{\"@id\":\"https:\/\/www.travel3.com.br\/site\/#\/schema\/logo\/image\/\"},\"sameAs\":[\"https:\/\/www.facebook.com\/travel3media\/\",\"https:\/\/www.instagram.com\/revistatravel3\/\",\"https:\/\/www.youtube.com\/channel\/UCno7J4paGBR3VbZQzvoJ9Eg\"]},{\"@type\":\"Person\",\"@id\":\"https:\/\/www.travel3.com.br\/site\/#\/schema\/person\/a69d71e41a024999b6ab82369ac0bd1e\",\"name\":\"admin\",\"image\":{\"@type\":\"ImageObject\",\"inLanguage\":\"pt-BR\",\"@id\":\"https:\/\/www.travel3.com.br\/site\/#\/schema\/person\/image\/\",\"url\":\"https:\/\/secure.gravatar.com\/avatar\/732a67adfd764da2a47ba10ce731c4c0?s=96&d=mm&r=g\",\"contentUrl\":\"https:\/\/secure.gravatar.com\/avatar\/732a67adfd764da2a47ba10ce731c4c0?s=96&d=mm&r=g\",\"caption\":\"admin\"},\"url\":\"https:\/\/www.travel3.com.br\/site\/author\/admin\/\"}]}<\/script>\n<!-- \/ Yoast SEO plugin. -->","yoast_head_json":{"title":"FEIRA DA AVIRRP TEM RECONHECIMENTO DOS EXPOSITORES - Travel3","description":"A TRAVEL3 \u00e9 um portal de conte\u00fado voltado para o turismo, encontre destinos, viagens, hospedagem, passagens, guias, not\u00edcias sobre o mercado do turismo, dicas de viagem, v\u00eddeos e podcast.","robots":{"index":"index","follow":"follow","max-snippet":"max-snippet:-1","max-image-preview":"max-image-preview:large","max-video-preview":"max-video-preview:-1"},"canonical":"https:\/\/www.travel3.com.br\/site\/sem-categoria\/feira-da-avirrp-tem-reconhecimento-dos-expositores\/","og_locale":"pt_BR","og_type":"article","og_title":"FEIRA DA AVIRRP TEM RECONHECIMENTO DOS EXPOSITORES - Travel3","og_description":"A TRAVEL3 \u00e9 um portal de conte\u00fado voltado para o turismo, encontre destinos, viagens, hospedagem, passagens, guias, not\u00edcias sobre o mercado do turismo, dicas de viagem, v\u00eddeos e podcast.","og_url":"https:\/\/www.travel3.com.br\/site\/sem-categoria\/feira-da-avirrp-tem-reconhecimento-dos-expositores\/","og_site_name":"Travel3","article_publisher":"https:\/\/www.facebook.com\/travel3media\/","article_published_time":"2017-08-27T17:55:12+00:00","author":"admin","twitter_card":"summary_large_image","twitter_misc":{"Escrito por":"admin","Est. tempo de leitura":"2 minutos"},"schema":{"@context":"https:\/\/schema.org","@graph":[{"@type":"Article","@id":"https:\/\/www.travel3.com.br\/site\/sem-categoria\/feira-da-avirrp-tem-reconhecimento-dos-expositores\/#article","isPartOf":{"@id":"https:\/\/www.travel3.com.br\/site\/sem-categoria\/feira-da-avirrp-tem-reconhecimento-dos-expositores\/"},"author":{"name":"admin","@id":"https:\/\/www.travel3.com.br\/site\/#\/schema\/person\/a69d71e41a024999b6ab82369ac0bd1e"},"headline":"FEIRA DA AVIRRP TEM RECONHECIMENTO DOS EXPOSITORES","datePublished":"2017-08-27T17:55:12+00:00","mainEntityOfPage":{"@id":"https:\/\/www.travel3.com.br\/site\/sem-categoria\/feira-da-avirrp-tem-reconhecimento-dos-expositores\/"},"wordCount":362,"commentCount":0,"publisher":{"@id":"https:\/\/www.travel3.com.br\/site\/#organization"},"inLanguage":"pt-BR","potentialAction":[{"@type":"CommentAction","name":"Comment","target":["https:\/\/www.travel3.com.br\/site\/sem-categoria\/feira-da-avirrp-tem-reconhecimento-dos-expositores\/#respond"]}]},{"@type":"WebPage","@id":"https:\/\/www.travel3.com.br\/site\/sem-categoria\/feira-da-avirrp-tem-reconhecimento-dos-expositores\/","url":"https:\/\/www.travel3.com.br\/site\/sem-categoria\/feira-da-avirrp-tem-reconhecimento-dos-expositores\/","name":"FEIRA DA AVIRRP TEM RECONHECIMENTO DOS EXPOSITORES - Travel3","isPartOf":{"@id":"https:\/\/www.travel3.com.br\/site\/#website"},"datePublished":"2017-08-27T17:55:12+00:00","description":"A TRAVEL3 \u00e9 um portal de conte\u00fado voltado para o turismo, encontre destinos, viagens, hospedagem, passagens, guias, not\u00edcias sobre o mercado do turismo, dicas de viagem, v\u00eddeos e podcast.","breadcrumb":{"@id":"https:\/\/www.travel3.com.br\/site\/sem-categoria\/feira-da-avirrp-tem-reconhecimento-dos-expositores\/#breadcrumb"},"inLanguage":"pt-BR","potentialAction":[{"@type":"ReadAction","target":["https:\/\/www.travel3.com.br\/site\/sem-categoria\/feira-da-avirrp-tem-reconhecimento-dos-expositores\/"]}]},{"@type":"BreadcrumbList","@id":"https:\/\/www.travel3.com.br\/site\/sem-categoria\/feira-da-avirrp-tem-reconhecimento-dos-expositores\/#breadcrumb","itemListElement":[{"@type":"ListItem","position":1,"name":"In\u00edcio","item":"https:\/\/www.travel3.com.br\/site\/"},{"@type":"ListItem","position":2,"name":"FEIRA DA AVIRRP TEM RECONHECIMENTO DOS EXPOSITORES"}]},{"@type":"WebSite","@id":"https:\/\/www.travel3.com.br\/site\/#website","url":"https:\/\/www.travel3.com.br\/site\/","name":"Travel3","description":"Lazer + Neg&oacute;cios + Aventura","publisher":{"@id":"https:\/\/www.travel3.com.br\/site\/#organization"},"potentialAction":[{"@type":"SearchAction","target":{"@type":"EntryPoint","urlTemplate":"https:\/\/www.travel3.com.br\/site\/?s={search_term_string}"},"query-input":{"@type":"PropertyValueSpecification","valueRequired":true,"valueName":"search_term_string"}}],"inLanguage":"pt-BR"},{"@type":"Organization","@id":"https:\/\/www.travel3.com.br\/site\/#organization","name":"Travel3","url":"https:\/\/www.travel3.com.br\/site\/","logo":{"@type":"ImageObject","inLanguage":"pt-BR","@id":"https:\/\/www.travel3.com.br\/site\/#\/schema\/logo\/image\/","url":"https:\/\/www.travel3.com.br\/site\/wp-content\/uploads\/2020\/01\/logo-travel3-2020.png","contentUrl":"https:\/\/www.travel3.com.br\/site\/wp-content\/uploads\/2020\/01\/logo-travel3-2020.png","width":232,"height":79,"caption":"Travel3"},"image":{"@id":"https:\/\/www.travel3.com.br\/site\/#\/schema\/logo\/image\/"},"sameAs":["https:\/\/www.facebook.com\/travel3media\/","https:\/\/www.instagram.com\/revistatravel3\/","https:\/\/www.youtube.com\/channel\/UCno7J4paGBR3VbZQzvoJ9Eg"]},{"@type":"Person","@id":"https:\/\/www.travel3.com.br\/site\/#\/schema\/person\/a69d71e41a024999b6ab82369ac0bd1e","name":"admin","image":{"@type":"ImageObject","inLanguage":"pt-BR","@id":"https:\/\/www.travel3.com.br\/site\/#\/schema\/person\/image\/","url":"https:\/\/secure.gravatar.com\/avatar\/732a67adfd764da2a47ba10ce731c4c0?s=96&d=mm&r=g","contentUrl":"https:\/\/secure.gravatar.com\/avatar\/732a67adfd764da2a47ba10ce731c4c0?s=96&d=mm&r=g","caption":"admin"},"url":"https:\/\/www.travel3.com.br\/site\/author\/admin\/"}]}},"_links":{"self":[{"href":"https:\/\/www.travel3.com.br\/site\/wp-json\/wp\/v2\/posts\/5119","targetHints":{"allow":["GET"]}}],"collection":[{"href":"https:\/\/www.travel3.com.br\/site\/wp-json\/wp\/v2\/posts"}],"about":[{"href":"https:\/\/www.travel3.com.br\/site\/wp-json\/wp\/v2\/types\/post"}],"author":[{"embeddable":true,"href":"https:\/\/www.travel3.com.br\/site\/wp-json\/wp\/v2\/users\/1"}],"replies":[{"embeddable":true,"href":"https:\/\/www.travel3.com.br\/site\/wp-json\/wp\/v2\/comments?post=5119"}],"version-history":[{"count":0,"href":"https:\/\/www.travel3.com.br\/site\/wp-json\/wp\/v2\/posts\/5119\/revisions"}],"wp:attachment":[{"href":"https:\/\/www.travel3.com.br\/site\/wp-json\/wp\/v2\/media?parent=5119"}],"wp:term":[{"taxonomy":"category","embeddable":true,"href":"https:\/\/www.travel3.com.br\/site\/wp-json\/wp\/v2\/categories?post=5119"},{"taxonomy":"post_tag","embeddable":true,"href":"https:\/\/www.travel3.com.br\/site\/wp-json\/wp\/v2\/tags?post=5119"}],"curies":[{"name":"wp","href":"https:\/\/api.w.org\/{rel}","templated":true}]}}