{"id":5041,"date":"2017-08-25T13:28:52","date_gmt":"2017-08-25T13:28:52","guid":{"rendered":"http:\/\/www.travel3.com.br\/site\/ir-e-vir\/ar\/o-rio-estara-em-19-eventos-pelo-mundo-neste-segundo-semestre\/"},"modified":"2017-08-25T13:28:52","modified_gmt":"2017-08-25T13:28:52","slug":"o-rio-estara-em-19-eventos-pelo-mundo-neste-segundo-semestre","status":"publish","type":"post","link":"https:\/\/www.travel3.com.br\/site\/sem-categoria\/o-rio-estara-em-19-eventos-pelo-mundo-neste-segundo-semestre\/","title":{"rendered":"O RIO ESTAR\u00c1 EM 19 EVENTOS PELO MUNDO NESTE SEGUNDO SEMESTRE"},"content":{"rendered":"<p><span style=\"color: #40acad; font-family: -apple-system, system-ui, 'Segoe UI', Roboto, Oxygen-Sans, Ubuntu, Cantarell, 'Helvetica Neue', sans-serif; font-size: 12px; font-weight: bold;\"><\/p>\n<p style=\"text-align:justify\">Enquanto o mundo estiver com aten\u00e7\u00f5es voltadas para o Rio de Janeiro e os Jogos Ol\u00edmpicos, que tamb\u00e9m marcar\u00e1 o ingresso de novos empreendimentos na hotelaria da cidade e de seu entorno, a preocupa\u00e7\u00e3o do Rio Convention &#038; Visitors Bureau ser\u00e1 girar a busca por uma\u00a0presen\u00e7a maior de turistas e visitantes.<\/p>\n<p style=\"text-align:justify\">\u201cPrecisamos ajudar a viabilizar 20 mil novos pernoites di\u00e1rios, em fun\u00e7\u00e3o da amplia\u00e7\u00e3o do parque hoteleiro do Rio\u201d, explica Michael Nagy, diretor executivo do Rio CVB.<\/p>\n<p style=\"text-align:justify\">Com o objetivo de promover e representar o destino Rio no Brasil e no exterior, o Rio Convention &#038; Visitors Bureau estar\u00e1 em 19 eventos nacionais e internacionais no segundo semestre.<\/p>\n<p style=\"text-align:justify\">Agora em julho a agenda tem a 2\u00aa UNECONGRESSO, em S\u00e3o Paulo, e a Conven\u00e7\u00e3o Anual GBTA, em Denver, nos Estados Unidos.<\/p>\n<p style=\"text-align:justify\"><a class=\"fancybox-media\" href=\"..\/_uploads\/_noticia\/2016-07\/rioconventionalfredo-lopes2.jpg\" rel=\"portfolio\"><img decoding=\"async\" alt=\"\" src=\"..\/_uploads\/_noticia\/2016-07\/rioconventionalfredo-lopes2.jpg\" \/><\/a><\/p>\n<p style=\"text-align:justify\">Para o presidente-executivo do Rio CVB, Alfredo Lopes, as feiras contam com importantes parcerias, como a da Riotur. \u201cTodos com a miss\u00e3o de atrair mais turistas de lazer e neg\u00f3cios, e intensificar a rela\u00e7\u00e3o do empresariado tur\u00edstico da cidade com os principais players do mercado MICE\u201d, conta.<\/p>\n<p style=\"text-align:justify\">Pelo Brasil, o segundo semestre ter\u00e1 a participa\u00e7\u00e3o do \u00a0Rio CVB no Simp\u00f3sio de Viagens Corporativa (RJ), na ESFE (RJ), na Travel Mart Latin America, em Foz do Igua\u00e7u (PR), na ExpoABAV\/EncontroBraztoa (SP) e no Festival de Gramado (RS).<\/p>\n<p style=\"text-align:justify\">Entre as feiras e encontros internacionais, o roteiro ser\u00e1 a Conven\u00e7\u00e3o Anual da DMAI (EUA), o Encontro Latino Americano da ICCA (Rep\u00fablica Dominicana), TOP RESA (Fran\u00e7a), FIT (Argentina), IMEX Am\u00e9rica (EUA), ITB \u00c1sia (Singapura), Site Global Conference (Panam\u00e1), World Travel Mart (Inglaterra), 55\u00aa Congresso ICCA (Mal\u00e1sia), Host City (Esc\u00f3cia), IBTM World (Espanha) e USTOA Conference (EUA).<\/p>\n<p style=\"text-align:justify\"><a class=\"fancybox-media\" href=\"..\/_uploads\/_noticia\/2016-07\/credito-fernando-maia-riotur---2-.jpg\" rel=\"portfolio\"><img decoding=\"async\" alt=\"\" src=\"..\/_uploads\/_noticia\/2016-07\/credito-fernando-maia-riotur---2-.jpg\" \/><\/a><\/p>\n<p style=\"text-align:justify\"><strong>O Rio \u00e0 espera de um intenso segundo semestre <\/strong>(<em>Cr\u00e9dito: Fernando Maia\/Riotur<\/em>)<\/p>\n<p style=\"text-align:justify\">Com esta agenda o Rio Convention ser\u00e1 o maior participante brasileiro em a\u00e7\u00f5es gerais nas feiras e eventos.\u00a0<\/p>\n<p style=\"text-align:justify\">\u00a0<\/p>\n<p style=\"text-align:justify\">\u00a0<\/p>\n<p>\u00a0<\/p>\n<p>\u00a0<\/p>\n<p><\/span><\/p>\n","protected":false},"excerpt":{"rendered":"<p>Convention do Rio promove o destino como a\u00e7\u00e3o estrat\u00e9gica para a hotelaria carioca, que precisa viabilizar a amplia\u00e7\u00e3o do parque hoteleiro<\/p>\n","protected":false},"author":1,"featured_media":0,"comment_status":"open","ping_status":"open","sticky":false,"template":"","format":"standard","meta":{"footnotes":""},"categories":[],"tags":[],"class_list":["post-5041","post","type-post","status-publish","format-standard","hentry"],"yoast_head":"<!-- This site is optimized with the Yoast SEO plugin v26.2 - https:\/\/yoast.com\/wordpress\/plugins\/seo\/ -->\n<title>O RIO ESTAR\u00c1 EM 19 EVENTOS PELO MUNDO NESTE SEGUNDO SEMESTRE - Travel3<\/title>\n<meta name=\"description\" content=\"A TRAVEL3 \u00e9 um portal de conte\u00fado voltado para o turismo, encontre destinos, viagens, hospedagem, passagens, guias, not\u00edcias sobre o mercado do turismo, dicas de viagem, v\u00eddeos e podcast.\" \/>\n<meta name=\"robots\" content=\"index, follow, max-snippet:-1, max-image-preview:large, max-video-preview:-1\" \/>\n<link rel=\"canonical\" href=\"https:\/\/www.travel3.com.br\/site\/sem-categoria\/o-rio-estara-em-19-eventos-pelo-mundo-neste-segundo-semestre\/\" \/>\n<meta property=\"og:locale\" content=\"pt_BR\" \/>\n<meta property=\"og:type\" content=\"article\" \/>\n<meta property=\"og:title\" content=\"O RIO ESTAR\u00c1 EM 19 EVENTOS PELO MUNDO NESTE SEGUNDO SEMESTRE - Travel3\" \/>\n<meta property=\"og:description\" content=\"A TRAVEL3 \u00e9 um portal de conte\u00fado voltado para o turismo, encontre destinos, viagens, hospedagem, passagens, guias, not\u00edcias sobre o mercado do turismo, dicas de viagem, v\u00eddeos e podcast.\" \/>\n<meta property=\"og:url\" content=\"https:\/\/www.travel3.com.br\/site\/sem-categoria\/o-rio-estara-em-19-eventos-pelo-mundo-neste-segundo-semestre\/\" \/>\n<meta property=\"og:site_name\" content=\"Travel3\" \/>\n<meta property=\"article:publisher\" content=\"https:\/\/www.facebook.com\/travel3media\/\" \/>\n<meta property=\"article:published_time\" content=\"2017-08-25T13:28:52+00:00\" \/>\n<meta name=\"author\" content=\"admin\" \/>\n<meta name=\"twitter:card\" content=\"summary_large_image\" \/>\n<meta name=\"twitter:label1\" content=\"Escrito por\" \/>\n\t<meta name=\"twitter:data1\" content=\"admin\" \/>\n\t<meta name=\"twitter:label2\" content=\"Est. tempo de leitura\" \/>\n\t<meta name=\"twitter:data2\" content=\"2 minutos\" \/>\n<script type=\"application\/ld+json\" class=\"yoast-schema-graph\">{\"@context\":\"https:\/\/schema.org\",\"@graph\":[{\"@type\":\"Article\",\"@id\":\"https:\/\/www.travel3.com.br\/site\/sem-categoria\/o-rio-estara-em-19-eventos-pelo-mundo-neste-segundo-semestre\/#article\",\"isPartOf\":{\"@id\":\"https:\/\/www.travel3.com.br\/site\/sem-categoria\/o-rio-estara-em-19-eventos-pelo-mundo-neste-segundo-semestre\/\"},\"author\":{\"name\":\"admin\",\"@id\":\"https:\/\/www.travel3.com.br\/site\/#\/schema\/person\/a69d71e41a024999b6ab82369ac0bd1e\"},\"headline\":\"O RIO ESTAR\u00c1 EM 19 EVENTOS PELO MUNDO NESTE SEGUNDO SEMESTRE\",\"datePublished\":\"2017-08-25T13:28:52+00:00\",\"mainEntityOfPage\":{\"@id\":\"https:\/\/www.travel3.com.br\/site\/sem-categoria\/o-rio-estara-em-19-eventos-pelo-mundo-neste-segundo-semestre\/\"},\"wordCount\":333,\"commentCount\":0,\"publisher\":{\"@id\":\"https:\/\/www.travel3.com.br\/site\/#organization\"},\"inLanguage\":\"pt-BR\",\"potentialAction\":[{\"@type\":\"CommentAction\",\"name\":\"Comment\",\"target\":[\"https:\/\/www.travel3.com.br\/site\/sem-categoria\/o-rio-estara-em-19-eventos-pelo-mundo-neste-segundo-semestre\/#respond\"]}]},{\"@type\":\"WebPage\",\"@id\":\"https:\/\/www.travel3.com.br\/site\/sem-categoria\/o-rio-estara-em-19-eventos-pelo-mundo-neste-segundo-semestre\/\",\"url\":\"https:\/\/www.travel3.com.br\/site\/sem-categoria\/o-rio-estara-em-19-eventos-pelo-mundo-neste-segundo-semestre\/\",\"name\":\"O RIO ESTAR\u00c1 EM 19 EVENTOS PELO MUNDO NESTE SEGUNDO SEMESTRE - Travel3\",\"isPartOf\":{\"@id\":\"https:\/\/www.travel3.com.br\/site\/#website\"},\"datePublished\":\"2017-08-25T13:28:52+00:00\",\"description\":\"A TRAVEL3 \u00e9 um portal de conte\u00fado voltado para o turismo, encontre destinos, viagens, hospedagem, passagens, guias, not\u00edcias sobre o mercado do turismo, dicas de viagem, v\u00eddeos e podcast.\",\"breadcrumb\":{\"@id\":\"https:\/\/www.travel3.com.br\/site\/sem-categoria\/o-rio-estara-em-19-eventos-pelo-mundo-neste-segundo-semestre\/#breadcrumb\"},\"inLanguage\":\"pt-BR\",\"potentialAction\":[{\"@type\":\"ReadAction\",\"target\":[\"https:\/\/www.travel3.com.br\/site\/sem-categoria\/o-rio-estara-em-19-eventos-pelo-mundo-neste-segundo-semestre\/\"]}]},{\"@type\":\"BreadcrumbList\",\"@id\":\"https:\/\/www.travel3.com.br\/site\/sem-categoria\/o-rio-estara-em-19-eventos-pelo-mundo-neste-segundo-semestre\/#breadcrumb\",\"itemListElement\":[{\"@type\":\"ListItem\",\"position\":1,\"name\":\"In\u00edcio\",\"item\":\"https:\/\/www.travel3.com.br\/site\/\"},{\"@type\":\"ListItem\",\"position\":2,\"name\":\"O RIO ESTAR\u00c1 EM 19 EVENTOS PELO MUNDO NESTE SEGUNDO SEMESTRE\"}]},{\"@type\":\"WebSite\",\"@id\":\"https:\/\/www.travel3.com.br\/site\/#website\",\"url\":\"https:\/\/www.travel3.com.br\/site\/\",\"name\":\"Travel3\",\"description\":\"Lazer + Neg&oacute;cios + Aventura\",\"publisher\":{\"@id\":\"https:\/\/www.travel3.com.br\/site\/#organization\"},\"potentialAction\":[{\"@type\":\"SearchAction\",\"target\":{\"@type\":\"EntryPoint\",\"urlTemplate\":\"https:\/\/www.travel3.com.br\/site\/?s={search_term_string}\"},\"query-input\":{\"@type\":\"PropertyValueSpecification\",\"valueRequired\":true,\"valueName\":\"search_term_string\"}}],\"inLanguage\":\"pt-BR\"},{\"@type\":\"Organization\",\"@id\":\"https:\/\/www.travel3.com.br\/site\/#organization\",\"name\":\"Travel3\",\"url\":\"https:\/\/www.travel3.com.br\/site\/\",\"logo\":{\"@type\":\"ImageObject\",\"inLanguage\":\"pt-BR\",\"@id\":\"https:\/\/www.travel3.com.br\/site\/#\/schema\/logo\/image\/\",\"url\":\"https:\/\/www.travel3.com.br\/site\/wp-content\/uploads\/2020\/01\/logo-travel3-2020.png\",\"contentUrl\":\"https:\/\/www.travel3.com.br\/site\/wp-content\/uploads\/2020\/01\/logo-travel3-2020.png\",\"width\":232,\"height\":79,\"caption\":\"Travel3\"},\"image\":{\"@id\":\"https:\/\/www.travel3.com.br\/site\/#\/schema\/logo\/image\/\"},\"sameAs\":[\"https:\/\/www.facebook.com\/travel3media\/\",\"https:\/\/www.instagram.com\/revistatravel3\/\",\"https:\/\/www.youtube.com\/channel\/UCno7J4paGBR3VbZQzvoJ9Eg\"]},{\"@type\":\"Person\",\"@id\":\"https:\/\/www.travel3.com.br\/site\/#\/schema\/person\/a69d71e41a024999b6ab82369ac0bd1e\",\"name\":\"admin\",\"image\":{\"@type\":\"ImageObject\",\"inLanguage\":\"pt-BR\",\"@id\":\"https:\/\/www.travel3.com.br\/site\/#\/schema\/person\/image\/\",\"url\":\"https:\/\/secure.gravatar.com\/avatar\/732a67adfd764da2a47ba10ce731c4c0?s=96&d=mm&r=g\",\"contentUrl\":\"https:\/\/secure.gravatar.com\/avatar\/732a67adfd764da2a47ba10ce731c4c0?s=96&d=mm&r=g\",\"caption\":\"admin\"},\"url\":\"https:\/\/www.travel3.com.br\/site\/author\/admin\/\"}]}<\/script>\n<!-- \/ Yoast SEO plugin. -->","yoast_head_json":{"title":"O RIO ESTAR\u00c1 EM 19 EVENTOS PELO MUNDO NESTE SEGUNDO SEMESTRE - Travel3","description":"A TRAVEL3 \u00e9 um portal de conte\u00fado voltado para o turismo, encontre destinos, viagens, hospedagem, passagens, guias, not\u00edcias sobre o mercado do turismo, dicas de viagem, v\u00eddeos e podcast.","robots":{"index":"index","follow":"follow","max-snippet":"max-snippet:-1","max-image-preview":"max-image-preview:large","max-video-preview":"max-video-preview:-1"},"canonical":"https:\/\/www.travel3.com.br\/site\/sem-categoria\/o-rio-estara-em-19-eventos-pelo-mundo-neste-segundo-semestre\/","og_locale":"pt_BR","og_type":"article","og_title":"O RIO ESTAR\u00c1 EM 19 EVENTOS PELO MUNDO NESTE SEGUNDO SEMESTRE - Travel3","og_description":"A TRAVEL3 \u00e9 um portal de conte\u00fado voltado para o turismo, encontre destinos, viagens, hospedagem, passagens, guias, not\u00edcias sobre o mercado do turismo, dicas de viagem, v\u00eddeos e podcast.","og_url":"https:\/\/www.travel3.com.br\/site\/sem-categoria\/o-rio-estara-em-19-eventos-pelo-mundo-neste-segundo-semestre\/","og_site_name":"Travel3","article_publisher":"https:\/\/www.facebook.com\/travel3media\/","article_published_time":"2017-08-25T13:28:52+00:00","author":"admin","twitter_card":"summary_large_image","twitter_misc":{"Escrito por":"admin","Est. tempo de leitura":"2 minutos"},"schema":{"@context":"https:\/\/schema.org","@graph":[{"@type":"Article","@id":"https:\/\/www.travel3.com.br\/site\/sem-categoria\/o-rio-estara-em-19-eventos-pelo-mundo-neste-segundo-semestre\/#article","isPartOf":{"@id":"https:\/\/www.travel3.com.br\/site\/sem-categoria\/o-rio-estara-em-19-eventos-pelo-mundo-neste-segundo-semestre\/"},"author":{"name":"admin","@id":"https:\/\/www.travel3.com.br\/site\/#\/schema\/person\/a69d71e41a024999b6ab82369ac0bd1e"},"headline":"O RIO ESTAR\u00c1 EM 19 EVENTOS PELO MUNDO NESTE SEGUNDO SEMESTRE","datePublished":"2017-08-25T13:28:52+00:00","mainEntityOfPage":{"@id":"https:\/\/www.travel3.com.br\/site\/sem-categoria\/o-rio-estara-em-19-eventos-pelo-mundo-neste-segundo-semestre\/"},"wordCount":333,"commentCount":0,"publisher":{"@id":"https:\/\/www.travel3.com.br\/site\/#organization"},"inLanguage":"pt-BR","potentialAction":[{"@type":"CommentAction","name":"Comment","target":["https:\/\/www.travel3.com.br\/site\/sem-categoria\/o-rio-estara-em-19-eventos-pelo-mundo-neste-segundo-semestre\/#respond"]}]},{"@type":"WebPage","@id":"https:\/\/www.travel3.com.br\/site\/sem-categoria\/o-rio-estara-em-19-eventos-pelo-mundo-neste-segundo-semestre\/","url":"https:\/\/www.travel3.com.br\/site\/sem-categoria\/o-rio-estara-em-19-eventos-pelo-mundo-neste-segundo-semestre\/","name":"O RIO ESTAR\u00c1 EM 19 EVENTOS PELO MUNDO NESTE SEGUNDO SEMESTRE - Travel3","isPartOf":{"@id":"https:\/\/www.travel3.com.br\/site\/#website"},"datePublished":"2017-08-25T13:28:52+00:00","description":"A TRAVEL3 \u00e9 um portal de conte\u00fado voltado para o turismo, encontre destinos, viagens, hospedagem, passagens, guias, not\u00edcias sobre o mercado do turismo, dicas de viagem, v\u00eddeos e podcast.","breadcrumb":{"@id":"https:\/\/www.travel3.com.br\/site\/sem-categoria\/o-rio-estara-em-19-eventos-pelo-mundo-neste-segundo-semestre\/#breadcrumb"},"inLanguage":"pt-BR","potentialAction":[{"@type":"ReadAction","target":["https:\/\/www.travel3.com.br\/site\/sem-categoria\/o-rio-estara-em-19-eventos-pelo-mundo-neste-segundo-semestre\/"]}]},{"@type":"BreadcrumbList","@id":"https:\/\/www.travel3.com.br\/site\/sem-categoria\/o-rio-estara-em-19-eventos-pelo-mundo-neste-segundo-semestre\/#breadcrumb","itemListElement":[{"@type":"ListItem","position":1,"name":"In\u00edcio","item":"https:\/\/www.travel3.com.br\/site\/"},{"@type":"ListItem","position":2,"name":"O RIO ESTAR\u00c1 EM 19 EVENTOS PELO MUNDO NESTE SEGUNDO SEMESTRE"}]},{"@type":"WebSite","@id":"https:\/\/www.travel3.com.br\/site\/#website","url":"https:\/\/www.travel3.com.br\/site\/","name":"Travel3","description":"Lazer + Neg&oacute;cios + Aventura","publisher":{"@id":"https:\/\/www.travel3.com.br\/site\/#organization"},"potentialAction":[{"@type":"SearchAction","target":{"@type":"EntryPoint","urlTemplate":"https:\/\/www.travel3.com.br\/site\/?s={search_term_string}"},"query-input":{"@type":"PropertyValueSpecification","valueRequired":true,"valueName":"search_term_string"}}],"inLanguage":"pt-BR"},{"@type":"Organization","@id":"https:\/\/www.travel3.com.br\/site\/#organization","name":"Travel3","url":"https:\/\/www.travel3.com.br\/site\/","logo":{"@type":"ImageObject","inLanguage":"pt-BR","@id":"https:\/\/www.travel3.com.br\/site\/#\/schema\/logo\/image\/","url":"https:\/\/www.travel3.com.br\/site\/wp-content\/uploads\/2020\/01\/logo-travel3-2020.png","contentUrl":"https:\/\/www.travel3.com.br\/site\/wp-content\/uploads\/2020\/01\/logo-travel3-2020.png","width":232,"height":79,"caption":"Travel3"},"image":{"@id":"https:\/\/www.travel3.com.br\/site\/#\/schema\/logo\/image\/"},"sameAs":["https:\/\/www.facebook.com\/travel3media\/","https:\/\/www.instagram.com\/revistatravel3\/","https:\/\/www.youtube.com\/channel\/UCno7J4paGBR3VbZQzvoJ9Eg"]},{"@type":"Person","@id":"https:\/\/www.travel3.com.br\/site\/#\/schema\/person\/a69d71e41a024999b6ab82369ac0bd1e","name":"admin","image":{"@type":"ImageObject","inLanguage":"pt-BR","@id":"https:\/\/www.travel3.com.br\/site\/#\/schema\/person\/image\/","url":"https:\/\/secure.gravatar.com\/avatar\/732a67adfd764da2a47ba10ce731c4c0?s=96&d=mm&r=g","contentUrl":"https:\/\/secure.gravatar.com\/avatar\/732a67adfd764da2a47ba10ce731c4c0?s=96&d=mm&r=g","caption":"admin"},"url":"https:\/\/www.travel3.com.br\/site\/author\/admin\/"}]}},"_links":{"self":[{"href":"https:\/\/www.travel3.com.br\/site\/wp-json\/wp\/v2\/posts\/5041","targetHints":{"allow":["GET"]}}],"collection":[{"href":"https:\/\/www.travel3.com.br\/site\/wp-json\/wp\/v2\/posts"}],"about":[{"href":"https:\/\/www.travel3.com.br\/site\/wp-json\/wp\/v2\/types\/post"}],"author":[{"embeddable":true,"href":"https:\/\/www.travel3.com.br\/site\/wp-json\/wp\/v2\/users\/1"}],"replies":[{"embeddable":true,"href":"https:\/\/www.travel3.com.br\/site\/wp-json\/wp\/v2\/comments?post=5041"}],"version-history":[{"count":0,"href":"https:\/\/www.travel3.com.br\/site\/wp-json\/wp\/v2\/posts\/5041\/revisions"}],"wp:attachment":[{"href":"https:\/\/www.travel3.com.br\/site\/wp-json\/wp\/v2\/media?parent=5041"}],"wp:term":[{"taxonomy":"category","embeddable":true,"href":"https:\/\/www.travel3.com.br\/site\/wp-json\/wp\/v2\/categories?post=5041"},{"taxonomy":"post_tag","embeddable":true,"href":"https:\/\/www.travel3.com.br\/site\/wp-json\/wp\/v2\/tags?post=5041"}],"curies":[{"name":"wp","href":"https:\/\/api.w.org\/{rel}","templated":true}]}}