{"id":4959,"date":"2017-09-07T23:01:28","date_gmt":"2017-09-07T23:01:28","guid":{"rendered":"http:\/\/www.travel3.com.br\/site\/ir-e-vir\/ar\/turismo-rural-e-espelho-da-industria-e-continua-relegado-ao-2o-plano\/"},"modified":"2017-09-07T23:01:28","modified_gmt":"2017-09-07T23:01:28","slug":"turismo-rural-e-espelho-da-industria-e-continua-relegado-ao-2o-plano","status":"publish","type":"post","link":"https:\/\/www.travel3.com.br\/site\/sem-categoria\/turismo-rural-e-espelho-da-industria-e-continua-relegado-ao-2o-plano\/","title":{"rendered":"TURISMO RURAL \u00c9 ESPELHO DA IND\u00daSTRIA E CONTINUA RELEGADO AO 2o PLANO"},"content":{"rendered":"<p><span style=\"color: #40acad; font-family: -apple-system, system-ui, 'Segoe UI', Roboto, Oxygen-Sans, Ubuntu, Cantarell, 'Helvetica Neue', sans-serif; font-size: 12px; font-weight: bold;\"><\/p>\n<p style=\"text-align:justify\"><strong>Reuni\u00e3o da Comiss\u00e3o de Turismo, na C\u00e2mara dos Deputados (Fotos: Victor Diniz\/Divulga\u00e7\u00e3o)<\/strong><\/p>\n<p style=\"text-align:justify\">O turismo rural come\u00e7ou a florescer no Brasil no in\u00edcio da d\u00e9cada de 1970. Esta foi a solu\u00e7\u00e3o encontrada pelos propriet\u00e1rios de fazendas e outros empreendimentos,\u00a0para evitar o decl\u00ednio e a desgrega\u00e7\u00e3o das sociedades rurais.<\/p>\n<p style=\"text-align:justify\">Desde ent\u00e3o, a atividade tem contribu\u00eddo\u00a0para promover as belas atra\u00e7\u00f5es do interior do Brasil,\u00a0ajudando a melhorar a economia de comunidades agr\u00edcolas. O turismo permite um contato mais direto e genu\u00edno com a natureza, com as atividades agr\u00edcolas e as tradi\u00e7\u00f5es locais.<\/p>\n<p style=\"text-align:justify\">Como o\u00a0turismo no Brasil ainda \u00e9 uma ind\u00fastria de segunda classe, \u00e9 evidente que o segmento rural, como todos os outros do setor, enfreta problemas que oneram os custos dos empreendedores. \u00c9 o famoso Custo Brasil atingindo em cheio um atividade fr\u00e1gil e que poderia, se bem apoiada, gerar genu\u00edno crescimento econ\u00f4mico para a na\u00e7\u00e3o.<\/p>\n<p style=\"text-align:justify\">Para debater o tema e buscar solu\u00e7\u00f5es legislativas, o presidente da Comiss\u00e3o de Turismo, deputado federal Herculano Passos (PSD-SP) prop\u00f4s uma audi\u00eancia p\u00fablica, que foi realizada na \u00faltima quarta-feira (6 de julho), na C\u00e2mara dos Deputados.<\/p>\n<p style=\"text-align:justify\">De acordo com a Presidente do Instituto de Desenvolvimento do Turismo Rural (Idestur), Andr\u00e9ia Roque, 60% dos empreendimentos de turismo rural do Brasil s\u00e3o informais. \u201cO empres\u00e1rio do turismo rural, que tamb\u00e9m \u00e9 produtor rural, precisa ter dois CNPJ. Ele atende com nota fiscal de produtor rural e, para atuar no turismo rural formalmente, tem que ter outra empresa. E a gente entende isso como bitributa\u00e7\u00e3o, tornando imposs\u00edvel qualquer segmento\u201d, lamentou Roque.<\/p>\n<p style=\"text-align:justify\">A maioria das empresas de turismo rural \u00e9 de pequeno porte e, na opini\u00e3o do deputado Herculano, a falta de regulamenta\u00e7\u00e3o prejudica a economia do pa\u00eds. \u201cEm \u00e9poca de crise n\u00f3s temos que facilitar a vida das pessoas, mas sem uma legisla\u00e7\u00e3o pertinente, quem \u00e9 que vai querer formalizar uma empresa e pagar impostos duas vezes? Assim, as empresas de turismo rural seguem informais, sem arrecadar para os cofres p\u00fablicos\u201d, explicou.<\/p>\n<p style=\"text-align:justify\">Sem um CNPJ do segmento tur\u00edstico, estes empreendimentos tamb\u00e9m n\u00e3o podem se incluir no Cadastur, o Sistema de Cadastro de pessoas f\u00edsicas e jur\u00eddicas que atuam na cadeia produtiva do setor, executado pelo Minist\u00e9rio do Turismo. \u201cAssim, ele tamb\u00e9m n\u00e3o tem acesso, por exemplo, \u00e0s linhas de financiamento oferecidas pelo Minist\u00e9rio nem pode ser inclu\u00eddo nas pol\u00edticas p\u00fablicas da pasta\u201d, explicou o Coordenador-geral de Produtos Tur\u00edsticos da Secretaria Nacional de Qualifica\u00e7\u00e3o e Promo\u00e7\u00e3o do Turismo do Minist\u00e9rio do Turismo, Cristiano Borges.<\/p>\n<p style=\"text-align:justify\">A falta de regulamenta\u00e7\u00e3o dificulta a constru\u00e7\u00e3o de determinadas pol\u00edticas e a informalidade tamb\u00e9m impede o acesso a linhas de cr\u00e9dito oferecidas pelo Minist\u00e9rio do Trabalho. \u201cExiste o Proger, que tem uma linha espec\u00edfica para fomentar a\u00e7\u00f5es vinculadas ao setor de turismo, mas para isso \u00e9 preciso um CNPJ desta natureza\u201d, explica a Coordenadora-geral de Emprego e Renda do Minist\u00e9rio do Trabalho, Lucilene Estevam Santana.<\/p>\n<p style=\"text-align:justify\">Segundo levantamento apresentado pela Turism\u00f3loga Marta Feitosa, da Confedera\u00e7\u00e3o Nacional de Munic\u00edpios (CNM), 60% das cidades tur\u00edsticas com predomin\u00e2ncia rural s\u00e3o de pequeno porte, ou seja, com at\u00e9 10 mil habitantes e est\u00e3o categorizados em baixo (44,4%) e m\u00e9dio (35,8%) \u00cdndice de Desenvolvimento Humano (IDH). No Nordeste, este percentual \u00e9 muito maior. Dos 308 munic\u00edpios envolvidos, 75,9%, possuem baixo IDH. \u201cA CNM entende a import\u00e2ncia do Turismo Rural como alternativa de desenvolvimento municipal e principalmente para o aumento da renda do pequeno produtor rural\u201d, afirma Feitosa.<\/p>\n<p style=\"text-align:justify\">Durante a audi\u00eancia, o deputado Professor S\u00e9rgio Oliveira (PSD-PR), frisou que o turismo rural contribui para o crescimento do pa\u00eds. \u201cNesse tempo de mecaniza\u00e7\u00e3o \u00e9 uma tend\u00eancia natural \u00e0 volta para o interior. \u00c9 uma \u00e1rea com potencial absoluto, mas percebemos que 80% do setor est\u00e1 na informalidade. Devemos (deputados) construir um ambiente legal vi\u00e1vel para a constru\u00e7\u00e3o de pol\u00edticas p\u00fablicas de fomento ao turismo rural para gerar emprego, renda e qualidade de vida a todos\u201d, declarou.<\/p>\n<p style=\"text-align:justify\">No ano passado, um projeto de lei que tramitava no Congresso Nacional h\u00e1 oito anos, foi transformado na Lei 13.171\/2015. Ele pretendia regulamentar o turismo rural, mas parte do texto, que dizia considerar atividade rural o conjunto das atividades tur\u00edsticas desenvolvidas no meio rural foi vetado pela Presid\u00eancia da Rep\u00fablica. O argumento usado pelo Pal\u00e1cio do Planalto foi de que da forma ampla como foi redigido, o dispositivo poderia enquadrar certas atividades tur\u00edsticas indevidamente como atividade rural, possibilitando uma aplica\u00e7\u00e3o distorcida de benef\u00edcios tribut\u00e1rios do imposto de renda rural.<\/p>\n<p style=\"text-align:justify\">Tamb\u00e9m participaram da audi\u00eancia a Coordenadora do Projeto Rota da Liberdade, Solange Barbosa, que defendeu a inclus\u00e3o das comunidades quilombolas nas pol\u00edticas de turismo; e o membro da Sociedade Rural Brasileira (SRB), Patrick Assump\u00e7\u00e3o, que apresentou projetos de turismo rural realizados no Vale do Para\u00edba.\u00a0<\/p>\n<p><\/span><\/p>\n","protected":false},"excerpt":{"rendered":"<p>O empres\u00e1rio do turismo rural precisa ter dois CNPJ para iniciar a atividade, o que \u00e9 entendido como bitributa\u00e7\u00e3o pelo setor<\/p>\n","protected":false},"author":1,"featured_media":0,"comment_status":"open","ping_status":"open","sticky":false,"template":"","format":"standard","meta":{"footnotes":""},"categories":[],"tags":[],"class_list":["post-4959","post","type-post","status-publish","format-standard","hentry"],"yoast_head":"<!-- This site is optimized with the Yoast SEO plugin v26.2 - https:\/\/yoast.com\/wordpress\/plugins\/seo\/ -->\n<title>TURISMO RURAL \u00c9 ESPELHO DA IND\u00daSTRIA E CONTINUA RELEGADO AO 2o PLANO - Travel3<\/title>\n<meta name=\"description\" content=\"A TRAVEL3 \u00e9 um portal de conte\u00fado voltado para o turismo, encontre destinos, viagens, hospedagem, passagens, guias, not\u00edcias sobre o mercado do turismo, dicas de viagem, v\u00eddeos e podcast.\" \/>\n<meta name=\"robots\" content=\"index, follow, max-snippet:-1, max-image-preview:large, max-video-preview:-1\" \/>\n<link rel=\"canonical\" href=\"https:\/\/www.travel3.com.br\/site\/sem-categoria\/turismo-rural-e-espelho-da-industria-e-continua-relegado-ao-2o-plano\/\" \/>\n<meta property=\"og:locale\" content=\"pt_BR\" \/>\n<meta property=\"og:type\" content=\"article\" \/>\n<meta property=\"og:title\" content=\"TURISMO RURAL \u00c9 ESPELHO DA IND\u00daSTRIA E CONTINUA RELEGADO AO 2o PLANO - Travel3\" \/>\n<meta property=\"og:description\" content=\"A TRAVEL3 \u00e9 um portal de conte\u00fado voltado para o turismo, encontre destinos, viagens, hospedagem, passagens, guias, not\u00edcias sobre o mercado do turismo, dicas de viagem, v\u00eddeos e podcast.\" \/>\n<meta property=\"og:url\" content=\"https:\/\/www.travel3.com.br\/site\/sem-categoria\/turismo-rural-e-espelho-da-industria-e-continua-relegado-ao-2o-plano\/\" \/>\n<meta property=\"og:site_name\" content=\"Travel3\" \/>\n<meta property=\"article:publisher\" content=\"https:\/\/www.facebook.com\/travel3media\/\" \/>\n<meta property=\"article:published_time\" content=\"2017-09-07T23:01:28+00:00\" \/>\n<meta name=\"author\" content=\"admin\" \/>\n<meta name=\"twitter:card\" content=\"summary_large_image\" \/>\n<meta name=\"twitter:label1\" content=\"Escrito por\" \/>\n\t<meta name=\"twitter:data1\" content=\"admin\" \/>\n\t<meta name=\"twitter:label2\" content=\"Est. tempo de leitura\" \/>\n\t<meta name=\"twitter:data2\" content=\"4 minutos\" \/>\n<script type=\"application\/ld+json\" class=\"yoast-schema-graph\">{\"@context\":\"https:\/\/schema.org\",\"@graph\":[{\"@type\":\"Article\",\"@id\":\"https:\/\/www.travel3.com.br\/site\/sem-categoria\/turismo-rural-e-espelho-da-industria-e-continua-relegado-ao-2o-plano\/#article\",\"isPartOf\":{\"@id\":\"https:\/\/www.travel3.com.br\/site\/sem-categoria\/turismo-rural-e-espelho-da-industria-e-continua-relegado-ao-2o-plano\/\"},\"author\":{\"name\":\"admin\",\"@id\":\"https:\/\/www.travel3.com.br\/site\/#\/schema\/person\/a69d71e41a024999b6ab82369ac0bd1e\"},\"headline\":\"TURISMO RURAL \u00c9 ESPELHO DA IND\u00daSTRIA E CONTINUA RELEGADO AO 2o PLANO\",\"datePublished\":\"2017-09-07T23:01:28+00:00\",\"mainEntityOfPage\":{\"@id\":\"https:\/\/www.travel3.com.br\/site\/sem-categoria\/turismo-rural-e-espelho-da-industria-e-continua-relegado-ao-2o-plano\/\"},\"wordCount\":859,\"commentCount\":0,\"publisher\":{\"@id\":\"https:\/\/www.travel3.com.br\/site\/#organization\"},\"inLanguage\":\"pt-BR\",\"potentialAction\":[{\"@type\":\"CommentAction\",\"name\":\"Comment\",\"target\":[\"https:\/\/www.travel3.com.br\/site\/sem-categoria\/turismo-rural-e-espelho-da-industria-e-continua-relegado-ao-2o-plano\/#respond\"]}]},{\"@type\":\"WebPage\",\"@id\":\"https:\/\/www.travel3.com.br\/site\/sem-categoria\/turismo-rural-e-espelho-da-industria-e-continua-relegado-ao-2o-plano\/\",\"url\":\"https:\/\/www.travel3.com.br\/site\/sem-categoria\/turismo-rural-e-espelho-da-industria-e-continua-relegado-ao-2o-plano\/\",\"name\":\"TURISMO RURAL \u00c9 ESPELHO DA IND\u00daSTRIA E CONTINUA RELEGADO AO 2o PLANO - Travel3\",\"isPartOf\":{\"@id\":\"https:\/\/www.travel3.com.br\/site\/#website\"},\"datePublished\":\"2017-09-07T23:01:28+00:00\",\"description\":\"A TRAVEL3 \u00e9 um portal de conte\u00fado voltado para o turismo, encontre destinos, viagens, hospedagem, passagens, guias, not\u00edcias sobre o mercado do turismo, dicas de viagem, v\u00eddeos e podcast.\",\"breadcrumb\":{\"@id\":\"https:\/\/www.travel3.com.br\/site\/sem-categoria\/turismo-rural-e-espelho-da-industria-e-continua-relegado-ao-2o-plano\/#breadcrumb\"},\"inLanguage\":\"pt-BR\",\"potentialAction\":[{\"@type\":\"ReadAction\",\"target\":[\"https:\/\/www.travel3.com.br\/site\/sem-categoria\/turismo-rural-e-espelho-da-industria-e-continua-relegado-ao-2o-plano\/\"]}]},{\"@type\":\"BreadcrumbList\",\"@id\":\"https:\/\/www.travel3.com.br\/site\/sem-categoria\/turismo-rural-e-espelho-da-industria-e-continua-relegado-ao-2o-plano\/#breadcrumb\",\"itemListElement\":[{\"@type\":\"ListItem\",\"position\":1,\"name\":\"In\u00edcio\",\"item\":\"https:\/\/www.travel3.com.br\/site\/\"},{\"@type\":\"ListItem\",\"position\":2,\"name\":\"TURISMO RURAL \u00c9 ESPELHO DA IND\u00daSTRIA E CONTINUA RELEGADO AO 2o PLANO\"}]},{\"@type\":\"WebSite\",\"@id\":\"https:\/\/www.travel3.com.br\/site\/#website\",\"url\":\"https:\/\/www.travel3.com.br\/site\/\",\"name\":\"Travel3\",\"description\":\"Lazer + Neg&oacute;cios + Aventura\",\"publisher\":{\"@id\":\"https:\/\/www.travel3.com.br\/site\/#organization\"},\"potentialAction\":[{\"@type\":\"SearchAction\",\"target\":{\"@type\":\"EntryPoint\",\"urlTemplate\":\"https:\/\/www.travel3.com.br\/site\/?s={search_term_string}\"},\"query-input\":{\"@type\":\"PropertyValueSpecification\",\"valueRequired\":true,\"valueName\":\"search_term_string\"}}],\"inLanguage\":\"pt-BR\"},{\"@type\":\"Organization\",\"@id\":\"https:\/\/www.travel3.com.br\/site\/#organization\",\"name\":\"Travel3\",\"url\":\"https:\/\/www.travel3.com.br\/site\/\",\"logo\":{\"@type\":\"ImageObject\",\"inLanguage\":\"pt-BR\",\"@id\":\"https:\/\/www.travel3.com.br\/site\/#\/schema\/logo\/image\/\",\"url\":\"https:\/\/www.travel3.com.br\/site\/wp-content\/uploads\/2020\/01\/logo-travel3-2020.png\",\"contentUrl\":\"https:\/\/www.travel3.com.br\/site\/wp-content\/uploads\/2020\/01\/logo-travel3-2020.png\",\"width\":232,\"height\":79,\"caption\":\"Travel3\"},\"image\":{\"@id\":\"https:\/\/www.travel3.com.br\/site\/#\/schema\/logo\/image\/\"},\"sameAs\":[\"https:\/\/www.facebook.com\/travel3media\/\",\"https:\/\/www.instagram.com\/revistatravel3\/\",\"https:\/\/www.youtube.com\/channel\/UCno7J4paGBR3VbZQzvoJ9Eg\"]},{\"@type\":\"Person\",\"@id\":\"https:\/\/www.travel3.com.br\/site\/#\/schema\/person\/a69d71e41a024999b6ab82369ac0bd1e\",\"name\":\"admin\",\"image\":{\"@type\":\"ImageObject\",\"inLanguage\":\"pt-BR\",\"@id\":\"https:\/\/www.travel3.com.br\/site\/#\/schema\/person\/image\/\",\"url\":\"https:\/\/secure.gravatar.com\/avatar\/732a67adfd764da2a47ba10ce731c4c0?s=96&d=mm&r=g\",\"contentUrl\":\"https:\/\/secure.gravatar.com\/avatar\/732a67adfd764da2a47ba10ce731c4c0?s=96&d=mm&r=g\",\"caption\":\"admin\"},\"url\":\"https:\/\/www.travel3.com.br\/site\/author\/admin\/\"}]}<\/script>\n<!-- \/ Yoast SEO plugin. -->","yoast_head_json":{"title":"TURISMO RURAL \u00c9 ESPELHO DA IND\u00daSTRIA E CONTINUA RELEGADO AO 2o PLANO - Travel3","description":"A TRAVEL3 \u00e9 um portal de conte\u00fado voltado para o turismo, encontre destinos, viagens, hospedagem, passagens, guias, not\u00edcias sobre o mercado do turismo, dicas de viagem, v\u00eddeos e podcast.","robots":{"index":"index","follow":"follow","max-snippet":"max-snippet:-1","max-image-preview":"max-image-preview:large","max-video-preview":"max-video-preview:-1"},"canonical":"https:\/\/www.travel3.com.br\/site\/sem-categoria\/turismo-rural-e-espelho-da-industria-e-continua-relegado-ao-2o-plano\/","og_locale":"pt_BR","og_type":"article","og_title":"TURISMO RURAL \u00c9 ESPELHO DA IND\u00daSTRIA E CONTINUA RELEGADO AO 2o PLANO - Travel3","og_description":"A TRAVEL3 \u00e9 um portal de conte\u00fado voltado para o turismo, encontre destinos, viagens, hospedagem, passagens, guias, not\u00edcias sobre o mercado do turismo, dicas de viagem, v\u00eddeos e podcast.","og_url":"https:\/\/www.travel3.com.br\/site\/sem-categoria\/turismo-rural-e-espelho-da-industria-e-continua-relegado-ao-2o-plano\/","og_site_name":"Travel3","article_publisher":"https:\/\/www.facebook.com\/travel3media\/","article_published_time":"2017-09-07T23:01:28+00:00","author":"admin","twitter_card":"summary_large_image","twitter_misc":{"Escrito por":"admin","Est. tempo de leitura":"4 minutos"},"schema":{"@context":"https:\/\/schema.org","@graph":[{"@type":"Article","@id":"https:\/\/www.travel3.com.br\/site\/sem-categoria\/turismo-rural-e-espelho-da-industria-e-continua-relegado-ao-2o-plano\/#article","isPartOf":{"@id":"https:\/\/www.travel3.com.br\/site\/sem-categoria\/turismo-rural-e-espelho-da-industria-e-continua-relegado-ao-2o-plano\/"},"author":{"name":"admin","@id":"https:\/\/www.travel3.com.br\/site\/#\/schema\/person\/a69d71e41a024999b6ab82369ac0bd1e"},"headline":"TURISMO RURAL \u00c9 ESPELHO DA IND\u00daSTRIA E CONTINUA RELEGADO AO 2o PLANO","datePublished":"2017-09-07T23:01:28+00:00","mainEntityOfPage":{"@id":"https:\/\/www.travel3.com.br\/site\/sem-categoria\/turismo-rural-e-espelho-da-industria-e-continua-relegado-ao-2o-plano\/"},"wordCount":859,"commentCount":0,"publisher":{"@id":"https:\/\/www.travel3.com.br\/site\/#organization"},"inLanguage":"pt-BR","potentialAction":[{"@type":"CommentAction","name":"Comment","target":["https:\/\/www.travel3.com.br\/site\/sem-categoria\/turismo-rural-e-espelho-da-industria-e-continua-relegado-ao-2o-plano\/#respond"]}]},{"@type":"WebPage","@id":"https:\/\/www.travel3.com.br\/site\/sem-categoria\/turismo-rural-e-espelho-da-industria-e-continua-relegado-ao-2o-plano\/","url":"https:\/\/www.travel3.com.br\/site\/sem-categoria\/turismo-rural-e-espelho-da-industria-e-continua-relegado-ao-2o-plano\/","name":"TURISMO RURAL \u00c9 ESPELHO DA IND\u00daSTRIA E CONTINUA RELEGADO AO 2o PLANO - Travel3","isPartOf":{"@id":"https:\/\/www.travel3.com.br\/site\/#website"},"datePublished":"2017-09-07T23:01:28+00:00","description":"A TRAVEL3 \u00e9 um portal de conte\u00fado voltado para o turismo, encontre destinos, viagens, hospedagem, passagens, guias, not\u00edcias sobre o mercado do turismo, dicas de viagem, v\u00eddeos e podcast.","breadcrumb":{"@id":"https:\/\/www.travel3.com.br\/site\/sem-categoria\/turismo-rural-e-espelho-da-industria-e-continua-relegado-ao-2o-plano\/#breadcrumb"},"inLanguage":"pt-BR","potentialAction":[{"@type":"ReadAction","target":["https:\/\/www.travel3.com.br\/site\/sem-categoria\/turismo-rural-e-espelho-da-industria-e-continua-relegado-ao-2o-plano\/"]}]},{"@type":"BreadcrumbList","@id":"https:\/\/www.travel3.com.br\/site\/sem-categoria\/turismo-rural-e-espelho-da-industria-e-continua-relegado-ao-2o-plano\/#breadcrumb","itemListElement":[{"@type":"ListItem","position":1,"name":"In\u00edcio","item":"https:\/\/www.travel3.com.br\/site\/"},{"@type":"ListItem","position":2,"name":"TURISMO RURAL \u00c9 ESPELHO DA IND\u00daSTRIA E CONTINUA RELEGADO AO 2o PLANO"}]},{"@type":"WebSite","@id":"https:\/\/www.travel3.com.br\/site\/#website","url":"https:\/\/www.travel3.com.br\/site\/","name":"Travel3","description":"Lazer + Neg&oacute;cios + Aventura","publisher":{"@id":"https:\/\/www.travel3.com.br\/site\/#organization"},"potentialAction":[{"@type":"SearchAction","target":{"@type":"EntryPoint","urlTemplate":"https:\/\/www.travel3.com.br\/site\/?s={search_term_string}"},"query-input":{"@type":"PropertyValueSpecification","valueRequired":true,"valueName":"search_term_string"}}],"inLanguage":"pt-BR"},{"@type":"Organization","@id":"https:\/\/www.travel3.com.br\/site\/#organization","name":"Travel3","url":"https:\/\/www.travel3.com.br\/site\/","logo":{"@type":"ImageObject","inLanguage":"pt-BR","@id":"https:\/\/www.travel3.com.br\/site\/#\/schema\/logo\/image\/","url":"https:\/\/www.travel3.com.br\/site\/wp-content\/uploads\/2020\/01\/logo-travel3-2020.png","contentUrl":"https:\/\/www.travel3.com.br\/site\/wp-content\/uploads\/2020\/01\/logo-travel3-2020.png","width":232,"height":79,"caption":"Travel3"},"image":{"@id":"https:\/\/www.travel3.com.br\/site\/#\/schema\/logo\/image\/"},"sameAs":["https:\/\/www.facebook.com\/travel3media\/","https:\/\/www.instagram.com\/revistatravel3\/","https:\/\/www.youtube.com\/channel\/UCno7J4paGBR3VbZQzvoJ9Eg"]},{"@type":"Person","@id":"https:\/\/www.travel3.com.br\/site\/#\/schema\/person\/a69d71e41a024999b6ab82369ac0bd1e","name":"admin","image":{"@type":"ImageObject","inLanguage":"pt-BR","@id":"https:\/\/www.travel3.com.br\/site\/#\/schema\/person\/image\/","url":"https:\/\/secure.gravatar.com\/avatar\/732a67adfd764da2a47ba10ce731c4c0?s=96&d=mm&r=g","contentUrl":"https:\/\/secure.gravatar.com\/avatar\/732a67adfd764da2a47ba10ce731c4c0?s=96&d=mm&r=g","caption":"admin"},"url":"https:\/\/www.travel3.com.br\/site\/author\/admin\/"}]}},"_links":{"self":[{"href":"https:\/\/www.travel3.com.br\/site\/wp-json\/wp\/v2\/posts\/4959","targetHints":{"allow":["GET"]}}],"collection":[{"href":"https:\/\/www.travel3.com.br\/site\/wp-json\/wp\/v2\/posts"}],"about":[{"href":"https:\/\/www.travel3.com.br\/site\/wp-json\/wp\/v2\/types\/post"}],"author":[{"embeddable":true,"href":"https:\/\/www.travel3.com.br\/site\/wp-json\/wp\/v2\/users\/1"}],"replies":[{"embeddable":true,"href":"https:\/\/www.travel3.com.br\/site\/wp-json\/wp\/v2\/comments?post=4959"}],"version-history":[{"count":0,"href":"https:\/\/www.travel3.com.br\/site\/wp-json\/wp\/v2\/posts\/4959\/revisions"}],"wp:attachment":[{"href":"https:\/\/www.travel3.com.br\/site\/wp-json\/wp\/v2\/media?parent=4959"}],"wp:term":[{"taxonomy":"category","embeddable":true,"href":"https:\/\/www.travel3.com.br\/site\/wp-json\/wp\/v2\/categories?post=4959"},{"taxonomy":"post_tag","embeddable":true,"href":"https:\/\/www.travel3.com.br\/site\/wp-json\/wp\/v2\/tags?post=4959"}],"curies":[{"name":"wp","href":"https:\/\/api.w.org\/{rel}","templated":true}]}}