{"id":4947,"date":"2017-05-16T14:48:18","date_gmt":"2017-05-16T14:48:18","guid":{"rendered":"http:\/\/www.travel3.com.br\/site\/ir-e-vir\/ar\/abr-realizou-assembleia-geral-extraordinaria\/"},"modified":"2017-05-16T14:48:18","modified_gmt":"2017-05-16T14:48:18","slug":"abr-realizou-assembleia-geral-extraordinaria","status":"publish","type":"post","link":"https:\/\/www.travel3.com.br\/site\/sem-categoria\/abr-realizou-assembleia-geral-extraordinaria\/","title":{"rendered":"ABR REALIZOU ASSEMBL\u00c9IA GERAL EXTRAORDIN\u00c1RIA"},"content":{"rendered":"<p><span style=\"color: #40acad; font-family: -apple-system, system-ui, 'Segoe UI', Roboto, Oxygen-Sans, Ubuntu, Cantarell, 'Helvetica Neue', sans-serif; font-size: 12px; font-weight: bold;\"><\/p>\n<p style=\"text-align:justify\">Hoje (11), pela \u00a0manh\u00e3, a Associa\u00e7\u00e3o Brasileira de Resorts realizou uma Assembleia Geral Extraordin\u00e1ria, \u00a0com representantes de 20 resorts associados. Foram apresentados os resultados dos trabalhos desenvolvidos no primeiro semestre e\u00a0 discutidos outros temas de import\u00e2ncia, como o aumento da comiss\u00e3o proposta pela Decolar.com, o qual a ABR \u00a0j\u00e1 definiu posi\u00e7\u00e3o contr\u00e1ria<\/p>\n<p style=\"text-align:justify\"><a class=\"fancybox-media\" href=\"..\/_uploads\/_noticia\/2016-07\/abrassembleiageraljulho11--2-.jpg\" rel=\"portfolio\"><img decoding=\"async\" alt=\"\" src=\"..\/_uploads\/_noticia\/2016-07\/abrassembleiageraljulho11--2-.jpg\" \/><\/a><\/p>\n<p style=\"text-align:justify\">\u00a0<\/p>\n<p style=\"text-align:justify\">Este foi um dos destaques do encontro realizado no Staybridge Suites, no Itaim Bibi. \u00a0A pauta sobre o posicionamento da entidade quanto ao aumento do comissionamento das OTA\u2019s, como a Decolar.com foi um dos mais debatidos. A ABR \u00e9 contr\u00e1ria ao reajuste de valores e prop\u00f5e um equil\u00edbrio dos custos, dada a instabilidade econ\u00f4mica e pol\u00edtica do Pa\u00eds nos \u00faltimos dois anos.<\/p>\n<p style=\"text-align:justify\">Os resorts possuem as tarifas de hospedagem mais altas do mercado e, na atual situa\u00e7\u00e3o, impedidos de repassar os custos desse aumento proposto para os h\u00f3spedes.<\/p>\n<p style=\"text-align:justify\">Tamb\u00e9m foi revisto o acompanhamento de projetos de lei que tramitam na C\u00e2mara dos Deputados e no Senado, relacionados ao Turismo. A diretoria destacou a import\u00e2ncia de ter representatividade ativa junto \u00e0s autoridades governamentais para acompanhar de perto a formula\u00e7\u00e3o e a vota\u00e7\u00e3o de cada projeto. Entre eles, \u00a0a legaliza\u00e7\u00e3o de cassinos (que est\u00e1 para subir \u00e0 vota\u00e7\u00e3o), os projetos de lei de gorjetas, de di\u00e1ria 24 horas,a \u00a0cobran\u00e7a do Ecad, de trabalho intermitente e de salva-vidas em piscinas.<\/p>\n<p style=\"text-align:justify\">O \u00eaxito dos\u00a0workshops\u00a0realizados, at\u00e9 o momento, em sete cidades, foi bastante elogiado. O roteiro teve <span style=\"background-color:rgb(255, 255, 255); color:rgb(0, 0, 0)\">S\u00e3o Paulo \u2013 18\/2; Guaruj\u00e1 \u2013 23\/2; Rio<\/span><span style=\"background-color:rgb(255, 255, 255); color:rgb(0, 90, 149)\"> de Janeiro<\/span><span style=\"background-color:rgb(255, 255, 255); color:rgb(0, 0, 0)\"> \u2013 12\/4; Florian\u00f3polis \u2013 17\/5; Porto Alegre \u2013 7\/6; Curitiba \u2013 9\/6; e Goi\u00e2nia \u2013 21\/6.<\/span> Com cerca de cem agentes e operadores de viagens participantes em cada evento, a associa\u00e7\u00e3o aumentou, ainda, a quantidade de a\u00e7\u00f5es comerciais realizadas em parceria com outras entidades do\u00a0trade. <span style=\"background-color:rgb(255, 255, 255); color:rgb(0, 0, 0)\">O pr\u00f3ximo workshop ser\u00e1 em 3\/8,\u00a0 na cidade de Ribeir\u00e3o Preto, \u00e0s v\u00e9speras da Avirrp.<\/span>.<\/p>\n<p style=\"text-align:justify\">A diretoria tamb\u00e9m salientou o importante trabalho de capta\u00e7\u00e3o de novos resorts para o quadro de associados, com a entrada do Costa Brasilis (BA) e Santa Clara (SP) neste primeiro semestre. Outros dois resorts est\u00e3o em fase de avalia\u00e7\u00e3o de auditores para serem confirmados como novos membros da entidade ainda neste ano.<\/p>\n<p style=\"text-align:justify\">Hoje s\u00e3o 51 empreendimentos em 14 estados e que est\u00e3o vivendo a temporada de julho\/f\u00e9rias<\/p>\n<p style=\"text-align:justify\">A assembleia foi completada com uma passagem pelos comit\u00eas tem\u00e1ticos de trabalho, como o de Qualidade, que j\u00e1 teve o seu primeiro encontro em junho, e o de Recursos Humanos, que se reunir\u00e1 pela primeira vez em agosto. Referente a este \u00faltimo, a novidade foi a apresenta\u00e7\u00e3o da Kenoby, uma plataforma in\u00e9dita para gest\u00e3o, recrutamento e sele\u00e7\u00e3o de colaboradores para os resorts, que ser\u00e1 submetida \u00e0 aprova\u00e7\u00e3o dos gestores de RH dos associados na reuni\u00e3o do comit\u00ea.<\/p>\n<p style=\"text-align:justify\">www.resortsbrasil.com.br<\/p>\n<p>\u00a0<\/p>\n<p><\/span><\/p>\n","protected":false},"excerpt":{"rendered":"<p>Entre os temas debatidos, quest\u00e3o do comissionamento junto \u00e0s OTAs e an\u00e1lise dos workshops realizados em sete cidades<\/p>\n","protected":false},"author":1,"featured_media":0,"comment_status":"open","ping_status":"open","sticky":false,"template":"","format":"standard","meta":{"footnotes":""},"categories":[],"tags":[],"class_list":["post-4947","post","type-post","status-publish","format-standard","hentry"],"yoast_head":"<!-- This site is optimized with the Yoast SEO plugin v26.2 - https:\/\/yoast.com\/wordpress\/plugins\/seo\/ -->\n<title>ABR REALIZOU ASSEMBL\u00c9IA GERAL EXTRAORDIN\u00c1RIA - Travel3<\/title>\n<meta name=\"description\" content=\"A TRAVEL3 \u00e9 um portal de conte\u00fado voltado para o turismo, encontre destinos, viagens, hospedagem, passagens, guias, not\u00edcias sobre o mercado do turismo, dicas de viagem, v\u00eddeos e podcast.\" \/>\n<meta name=\"robots\" content=\"index, follow, max-snippet:-1, max-image-preview:large, max-video-preview:-1\" \/>\n<link rel=\"canonical\" href=\"https:\/\/www.travel3.com.br\/site\/sem-categoria\/abr-realizou-assembleia-geral-extraordinaria\/\" \/>\n<meta property=\"og:locale\" content=\"pt_BR\" \/>\n<meta property=\"og:type\" content=\"article\" \/>\n<meta property=\"og:title\" content=\"ABR REALIZOU ASSEMBL\u00c9IA GERAL EXTRAORDIN\u00c1RIA - Travel3\" \/>\n<meta property=\"og:description\" content=\"A TRAVEL3 \u00e9 um portal de conte\u00fado voltado para o turismo, encontre destinos, viagens, hospedagem, passagens, guias, not\u00edcias sobre o mercado do turismo, dicas de viagem, v\u00eddeos e podcast.\" \/>\n<meta property=\"og:url\" content=\"https:\/\/www.travel3.com.br\/site\/sem-categoria\/abr-realizou-assembleia-geral-extraordinaria\/\" \/>\n<meta property=\"og:site_name\" content=\"Travel3\" \/>\n<meta property=\"article:publisher\" content=\"https:\/\/www.facebook.com\/travel3media\/\" \/>\n<meta property=\"article:published_time\" content=\"2017-05-16T14:48:18+00:00\" \/>\n<meta name=\"author\" content=\"admin\" \/>\n<meta name=\"twitter:card\" content=\"summary_large_image\" \/>\n<meta name=\"twitter:label1\" content=\"Escrito por\" \/>\n\t<meta name=\"twitter:data1\" content=\"admin\" \/>\n\t<meta name=\"twitter:label2\" content=\"Est. tempo de leitura\" \/>\n\t<meta name=\"twitter:data2\" content=\"2 minutos\" \/>\n<script type=\"application\/ld+json\" class=\"yoast-schema-graph\">{\"@context\":\"https:\/\/schema.org\",\"@graph\":[{\"@type\":\"Article\",\"@id\":\"https:\/\/www.travel3.com.br\/site\/sem-categoria\/abr-realizou-assembleia-geral-extraordinaria\/#article\",\"isPartOf\":{\"@id\":\"https:\/\/www.travel3.com.br\/site\/sem-categoria\/abr-realizou-assembleia-geral-extraordinaria\/\"},\"author\":{\"name\":\"admin\",\"@id\":\"https:\/\/www.travel3.com.br\/site\/#\/schema\/person\/a69d71e41a024999b6ab82369ac0bd1e\"},\"headline\":\"ABR REALIZOU ASSEMBL\u00c9IA GERAL EXTRAORDIN\u00c1RIA\",\"datePublished\":\"2017-05-16T14:48:18+00:00\",\"mainEntityOfPage\":{\"@id\":\"https:\/\/www.travel3.com.br\/site\/sem-categoria\/abr-realizou-assembleia-geral-extraordinaria\/\"},\"wordCount\":490,\"commentCount\":0,\"publisher\":{\"@id\":\"https:\/\/www.travel3.com.br\/site\/#organization\"},\"inLanguage\":\"pt-BR\",\"potentialAction\":[{\"@type\":\"CommentAction\",\"name\":\"Comment\",\"target\":[\"https:\/\/www.travel3.com.br\/site\/sem-categoria\/abr-realizou-assembleia-geral-extraordinaria\/#respond\"]}]},{\"@type\":\"WebPage\",\"@id\":\"https:\/\/www.travel3.com.br\/site\/sem-categoria\/abr-realizou-assembleia-geral-extraordinaria\/\",\"url\":\"https:\/\/www.travel3.com.br\/site\/sem-categoria\/abr-realizou-assembleia-geral-extraordinaria\/\",\"name\":\"ABR REALIZOU ASSEMBL\u00c9IA GERAL EXTRAORDIN\u00c1RIA - Travel3\",\"isPartOf\":{\"@id\":\"https:\/\/www.travel3.com.br\/site\/#website\"},\"datePublished\":\"2017-05-16T14:48:18+00:00\",\"description\":\"A TRAVEL3 \u00e9 um portal de conte\u00fado voltado para o turismo, encontre destinos, viagens, hospedagem, passagens, guias, not\u00edcias sobre o mercado do turismo, dicas de viagem, v\u00eddeos e podcast.\",\"breadcrumb\":{\"@id\":\"https:\/\/www.travel3.com.br\/site\/sem-categoria\/abr-realizou-assembleia-geral-extraordinaria\/#breadcrumb\"},\"inLanguage\":\"pt-BR\",\"potentialAction\":[{\"@type\":\"ReadAction\",\"target\":[\"https:\/\/www.travel3.com.br\/site\/sem-categoria\/abr-realizou-assembleia-geral-extraordinaria\/\"]}]},{\"@type\":\"BreadcrumbList\",\"@id\":\"https:\/\/www.travel3.com.br\/site\/sem-categoria\/abr-realizou-assembleia-geral-extraordinaria\/#breadcrumb\",\"itemListElement\":[{\"@type\":\"ListItem\",\"position\":1,\"name\":\"In\u00edcio\",\"item\":\"https:\/\/www.travel3.com.br\/site\/\"},{\"@type\":\"ListItem\",\"position\":2,\"name\":\"ABR REALIZOU ASSEMBL\u00c9IA GERAL EXTRAORDIN\u00c1RIA\"}]},{\"@type\":\"WebSite\",\"@id\":\"https:\/\/www.travel3.com.br\/site\/#website\",\"url\":\"https:\/\/www.travel3.com.br\/site\/\",\"name\":\"Travel3\",\"description\":\"Lazer + Neg&oacute;cios + Aventura\",\"publisher\":{\"@id\":\"https:\/\/www.travel3.com.br\/site\/#organization\"},\"potentialAction\":[{\"@type\":\"SearchAction\",\"target\":{\"@type\":\"EntryPoint\",\"urlTemplate\":\"https:\/\/www.travel3.com.br\/site\/?s={search_term_string}\"},\"query-input\":{\"@type\":\"PropertyValueSpecification\",\"valueRequired\":true,\"valueName\":\"search_term_string\"}}],\"inLanguage\":\"pt-BR\"},{\"@type\":\"Organization\",\"@id\":\"https:\/\/www.travel3.com.br\/site\/#organization\",\"name\":\"Travel3\",\"url\":\"https:\/\/www.travel3.com.br\/site\/\",\"logo\":{\"@type\":\"ImageObject\",\"inLanguage\":\"pt-BR\",\"@id\":\"https:\/\/www.travel3.com.br\/site\/#\/schema\/logo\/image\/\",\"url\":\"https:\/\/www.travel3.com.br\/site\/wp-content\/uploads\/2020\/01\/logo-travel3-2020.png\",\"contentUrl\":\"https:\/\/www.travel3.com.br\/site\/wp-content\/uploads\/2020\/01\/logo-travel3-2020.png\",\"width\":232,\"height\":79,\"caption\":\"Travel3\"},\"image\":{\"@id\":\"https:\/\/www.travel3.com.br\/site\/#\/schema\/logo\/image\/\"},\"sameAs\":[\"https:\/\/www.facebook.com\/travel3media\/\",\"https:\/\/www.instagram.com\/revistatravel3\/\",\"https:\/\/www.youtube.com\/channel\/UCno7J4paGBR3VbZQzvoJ9Eg\"]},{\"@type\":\"Person\",\"@id\":\"https:\/\/www.travel3.com.br\/site\/#\/schema\/person\/a69d71e41a024999b6ab82369ac0bd1e\",\"name\":\"admin\",\"image\":{\"@type\":\"ImageObject\",\"inLanguage\":\"pt-BR\",\"@id\":\"https:\/\/www.travel3.com.br\/site\/#\/schema\/person\/image\/\",\"url\":\"https:\/\/secure.gravatar.com\/avatar\/732a67adfd764da2a47ba10ce731c4c0?s=96&d=mm&r=g\",\"contentUrl\":\"https:\/\/secure.gravatar.com\/avatar\/732a67adfd764da2a47ba10ce731c4c0?s=96&d=mm&r=g\",\"caption\":\"admin\"},\"url\":\"https:\/\/www.travel3.com.br\/site\/author\/admin\/\"}]}<\/script>\n<!-- \/ Yoast SEO plugin. -->","yoast_head_json":{"title":"ABR REALIZOU ASSEMBL\u00c9IA GERAL EXTRAORDIN\u00c1RIA - Travel3","description":"A TRAVEL3 \u00e9 um portal de conte\u00fado voltado para o turismo, encontre destinos, viagens, hospedagem, passagens, guias, not\u00edcias sobre o mercado do turismo, dicas de viagem, v\u00eddeos e podcast.","robots":{"index":"index","follow":"follow","max-snippet":"max-snippet:-1","max-image-preview":"max-image-preview:large","max-video-preview":"max-video-preview:-1"},"canonical":"https:\/\/www.travel3.com.br\/site\/sem-categoria\/abr-realizou-assembleia-geral-extraordinaria\/","og_locale":"pt_BR","og_type":"article","og_title":"ABR REALIZOU ASSEMBL\u00c9IA GERAL EXTRAORDIN\u00c1RIA - Travel3","og_description":"A TRAVEL3 \u00e9 um portal de conte\u00fado voltado para o turismo, encontre destinos, viagens, hospedagem, passagens, guias, not\u00edcias sobre o mercado do turismo, dicas de viagem, v\u00eddeos e podcast.","og_url":"https:\/\/www.travel3.com.br\/site\/sem-categoria\/abr-realizou-assembleia-geral-extraordinaria\/","og_site_name":"Travel3","article_publisher":"https:\/\/www.facebook.com\/travel3media\/","article_published_time":"2017-05-16T14:48:18+00:00","author":"admin","twitter_card":"summary_large_image","twitter_misc":{"Escrito por":"admin","Est. tempo de leitura":"2 minutos"},"schema":{"@context":"https:\/\/schema.org","@graph":[{"@type":"Article","@id":"https:\/\/www.travel3.com.br\/site\/sem-categoria\/abr-realizou-assembleia-geral-extraordinaria\/#article","isPartOf":{"@id":"https:\/\/www.travel3.com.br\/site\/sem-categoria\/abr-realizou-assembleia-geral-extraordinaria\/"},"author":{"name":"admin","@id":"https:\/\/www.travel3.com.br\/site\/#\/schema\/person\/a69d71e41a024999b6ab82369ac0bd1e"},"headline":"ABR REALIZOU ASSEMBL\u00c9IA GERAL EXTRAORDIN\u00c1RIA","datePublished":"2017-05-16T14:48:18+00:00","mainEntityOfPage":{"@id":"https:\/\/www.travel3.com.br\/site\/sem-categoria\/abr-realizou-assembleia-geral-extraordinaria\/"},"wordCount":490,"commentCount":0,"publisher":{"@id":"https:\/\/www.travel3.com.br\/site\/#organization"},"inLanguage":"pt-BR","potentialAction":[{"@type":"CommentAction","name":"Comment","target":["https:\/\/www.travel3.com.br\/site\/sem-categoria\/abr-realizou-assembleia-geral-extraordinaria\/#respond"]}]},{"@type":"WebPage","@id":"https:\/\/www.travel3.com.br\/site\/sem-categoria\/abr-realizou-assembleia-geral-extraordinaria\/","url":"https:\/\/www.travel3.com.br\/site\/sem-categoria\/abr-realizou-assembleia-geral-extraordinaria\/","name":"ABR REALIZOU ASSEMBL\u00c9IA GERAL EXTRAORDIN\u00c1RIA - Travel3","isPartOf":{"@id":"https:\/\/www.travel3.com.br\/site\/#website"},"datePublished":"2017-05-16T14:48:18+00:00","description":"A TRAVEL3 \u00e9 um portal de conte\u00fado voltado para o turismo, encontre destinos, viagens, hospedagem, passagens, guias, not\u00edcias sobre o mercado do turismo, dicas de viagem, v\u00eddeos e podcast.","breadcrumb":{"@id":"https:\/\/www.travel3.com.br\/site\/sem-categoria\/abr-realizou-assembleia-geral-extraordinaria\/#breadcrumb"},"inLanguage":"pt-BR","potentialAction":[{"@type":"ReadAction","target":["https:\/\/www.travel3.com.br\/site\/sem-categoria\/abr-realizou-assembleia-geral-extraordinaria\/"]}]},{"@type":"BreadcrumbList","@id":"https:\/\/www.travel3.com.br\/site\/sem-categoria\/abr-realizou-assembleia-geral-extraordinaria\/#breadcrumb","itemListElement":[{"@type":"ListItem","position":1,"name":"In\u00edcio","item":"https:\/\/www.travel3.com.br\/site\/"},{"@type":"ListItem","position":2,"name":"ABR REALIZOU ASSEMBL\u00c9IA GERAL EXTRAORDIN\u00c1RIA"}]},{"@type":"WebSite","@id":"https:\/\/www.travel3.com.br\/site\/#website","url":"https:\/\/www.travel3.com.br\/site\/","name":"Travel3","description":"Lazer + Neg&oacute;cios + Aventura","publisher":{"@id":"https:\/\/www.travel3.com.br\/site\/#organization"},"potentialAction":[{"@type":"SearchAction","target":{"@type":"EntryPoint","urlTemplate":"https:\/\/www.travel3.com.br\/site\/?s={search_term_string}"},"query-input":{"@type":"PropertyValueSpecification","valueRequired":true,"valueName":"search_term_string"}}],"inLanguage":"pt-BR"},{"@type":"Organization","@id":"https:\/\/www.travel3.com.br\/site\/#organization","name":"Travel3","url":"https:\/\/www.travel3.com.br\/site\/","logo":{"@type":"ImageObject","inLanguage":"pt-BR","@id":"https:\/\/www.travel3.com.br\/site\/#\/schema\/logo\/image\/","url":"https:\/\/www.travel3.com.br\/site\/wp-content\/uploads\/2020\/01\/logo-travel3-2020.png","contentUrl":"https:\/\/www.travel3.com.br\/site\/wp-content\/uploads\/2020\/01\/logo-travel3-2020.png","width":232,"height":79,"caption":"Travel3"},"image":{"@id":"https:\/\/www.travel3.com.br\/site\/#\/schema\/logo\/image\/"},"sameAs":["https:\/\/www.facebook.com\/travel3media\/","https:\/\/www.instagram.com\/revistatravel3\/","https:\/\/www.youtube.com\/channel\/UCno7J4paGBR3VbZQzvoJ9Eg"]},{"@type":"Person","@id":"https:\/\/www.travel3.com.br\/site\/#\/schema\/person\/a69d71e41a024999b6ab82369ac0bd1e","name":"admin","image":{"@type":"ImageObject","inLanguage":"pt-BR","@id":"https:\/\/www.travel3.com.br\/site\/#\/schema\/person\/image\/","url":"https:\/\/secure.gravatar.com\/avatar\/732a67adfd764da2a47ba10ce731c4c0?s=96&d=mm&r=g","contentUrl":"https:\/\/secure.gravatar.com\/avatar\/732a67adfd764da2a47ba10ce731c4c0?s=96&d=mm&r=g","caption":"admin"},"url":"https:\/\/www.travel3.com.br\/site\/author\/admin\/"}]}},"_links":{"self":[{"href":"https:\/\/www.travel3.com.br\/site\/wp-json\/wp\/v2\/posts\/4947","targetHints":{"allow":["GET"]}}],"collection":[{"href":"https:\/\/www.travel3.com.br\/site\/wp-json\/wp\/v2\/posts"}],"about":[{"href":"https:\/\/www.travel3.com.br\/site\/wp-json\/wp\/v2\/types\/post"}],"author":[{"embeddable":true,"href":"https:\/\/www.travel3.com.br\/site\/wp-json\/wp\/v2\/users\/1"}],"replies":[{"embeddable":true,"href":"https:\/\/www.travel3.com.br\/site\/wp-json\/wp\/v2\/comments?post=4947"}],"version-history":[{"count":0,"href":"https:\/\/www.travel3.com.br\/site\/wp-json\/wp\/v2\/posts\/4947\/revisions"}],"wp:attachment":[{"href":"https:\/\/www.travel3.com.br\/site\/wp-json\/wp\/v2\/media?parent=4947"}],"wp:term":[{"taxonomy":"category","embeddable":true,"href":"https:\/\/www.travel3.com.br\/site\/wp-json\/wp\/v2\/categories?post=4947"},{"taxonomy":"post_tag","embeddable":true,"href":"https:\/\/www.travel3.com.br\/site\/wp-json\/wp\/v2\/tags?post=4947"}],"curies":[{"name":"wp","href":"https:\/\/api.w.org\/{rel}","templated":true}]}}