{"id":4919,"date":"2017-07-29T14:25:33","date_gmt":"2017-07-29T14:25:33","guid":{"rendered":"http:\/\/www.travel3.com.br\/site\/ir-e-vir\/ar\/dzt-mostra-aos-mineiros-porque-a-alemanha-e-um-destino-campeao\/"},"modified":"2017-07-29T14:25:33","modified_gmt":"2017-07-29T14:25:33","slug":"dzt-mostra-aos-mineiros-porque-a-alemanha-e-um-destino-campeao","status":"publish","type":"post","link":"https:\/\/www.travel3.com.br\/site\/sem-categoria\/dzt-mostra-aos-mineiros-porque-a-alemanha-e-um-destino-campeao\/","title":{"rendered":"DZT MOSTRA AOS MINEIROS PORQUE A ALEMANHA \u00c9 UM DESTINO CAMPE\u00c3O"},"content":{"rendered":"<p><span style=\"color: #40acad; font-family: -apple-system, system-ui, 'Segoe UI', Roboto, Oxygen-Sans, Ubuntu, Cantarell, 'Helvetica Neue', sans-serif; font-size: 12px; font-weight: bold;\"><\/p>\n<p style=\"text-align:justify\"><strong>Nilton Tavone, da Europcar; Patr\u00edcia Ribeiro, da Lufthansa &#038; Swiss; Margaret Grantham, do DZT, e\u00a0D\u00e9bora Creutzberg, do VisitBerlin, durante a\u00a0capacita\u00e7\u00e3o realizada em Belo Horizonte (Fotos: Claudia Tonaco)<\/strong><\/p>\n<p style=\"text-align:justify\">Pa\u00eds de rainhas e reis;\u00a0de castelos e contos de fadas; de muitos museus, muitos shoppings e pol\u00edtica tax-free para os turistas; de hot\u00e9is para todos os gostos e bolsos; de culin\u00e1ria tradicional, internacional e at\u00e9 estrelada por uma constela\u00e7\u00e3o de restaurantes Michelin. Para completar, o pa\u00eds \u00e9 ainda o reino dos carros de luxo e esportivos (BMW + Porsche + Mercedes + Audi) e, \u00e9 claro, do futebol e da cerveja, paix\u00f5es, tamb\u00e9m, dos brasileiros.<\/p>\n<p style=\"text-align:justify\">Esse caleidosc\u00f3pio de informa\u00e7\u00f5es,\u00a0super atualizadas, distribu\u00eddas de maneira din\u00e2mica e did\u00e1tica, foi o card\u00e1pio do\u00a0caf\u00e9 da manh\u00e3 de capacita\u00e7\u00e3o realizado hoje, pelo DZT-Brasil, em Belo Horizonte, no\u00a0restaurante Santa F\u00e9, localizado no cora\u00e7\u00e3o da Savassi.<\/p>\n<p style=\"text-align:justify\">\u00c0 frente do evento, Margaret Grantham, Diretora do DZT-Brasil, e seus parceiros = Giovanni Lenard, do Turismo de Munique +\u00a0D\u00e9bora Creutzberg, do VisitBerlin + Nilton Tavone, da Europcar locadora de ve\u00edculos + Patricia Ribeiro, da Lufthansa &#038; Swiss.<\/p>\n<p style=\"text-align:justify\">Confira abaixo os melhores momentos do evento:<\/p>\n<p style=\"text-align:justify\"><a class=\"fancybox-media\" href=\"..\/_uploads\/_noticia\/2016-07\/dzt-em-bhz022.jpg\" rel=\"portfolio\"><img decoding=\"async\" alt=\"\" src=\"..\/_uploads\/_noticia\/2016-07\/dzt-em-bhz022.jpg\" \/><\/a><strong>Margaret Grantham mostrou com quantos roteiros (infinitos!) se faz um tour pela Alemanha&#8230;<\/strong><\/p>\n<p style=\"text-align:justify\"><a class=\"fancybox-media\" href=\"..\/_uploads\/_noticia\/2016-07\/dzt-em-bhz026.jpg\" rel=\"portfolio\"><img decoding=\"async\" alt=\"\" src=\"..\/_uploads\/_noticia\/2016-07\/dzt-em-bhz026.jpg\" \/><\/a><strong>&#8230;e os agentes de viagem sorveram cada dica e informa\u00e7\u00e3o<\/strong><\/p>\n<p style=\"text-align:justify\"><a class=\"fancybox-media\" href=\"..\/_uploads\/_noticia\/2016-07\/dzt-em-bhz037.jpg\" rel=\"portfolio\"><img decoding=\"async\" alt=\"\" src=\"..\/_uploads\/_noticia\/2016-07\/dzt-em-bhz037.jpg\" \/><\/a><\/p>\n<p style=\"text-align:justify\"><strong>D\u00e9bora Creutzberg provou, com sugest\u00f5es de roteiros, a nova campanha do VisitBerlin: 365\/24, ou seja, a capital da Alemanha oferece atra\u00e7\u00f5es 24 horas por dia, todos os dias do ano<\/strong><\/p>\n<p><a class=\"fancybox-media\" href=\"..\/_uploads\/_noticia\/2016-07\/dzt-em-bhz040.jpg\" rel=\"portfolio\"><img decoding=\"async\" alt=\"\" src=\"..\/_uploads\/_noticia\/2016-07\/dzt-em-bhz040.jpg\" \/><\/a><strong>O Restaurante Santa F\u00e9 ficou tomado por agentes de viagem, ouvindo a palestra de\u00a0D\u00e9bora Creutzberg<\/strong><\/p>\n<p><a class=\"fancybox-media\" href=\"..\/_uploads\/_noticia\/2016-07\/dzt-em-bhz043.jpg\" rel=\"portfolio\"><img decoding=\"async\" alt=\"\" src=\"..\/_uploads\/_noticia\/2016-07\/dzt-em-bhz043.jpg\" \/><\/a><strong>Nilton Tavone destacou as 560 lojas da Europcar na Alemanha, muitas delas abertas 24h + a frota de 40.000 ve\u00edculos da locadora, no pa\u00eds, oferecendo aproximadamente 165 modelos de 20 marcas + a idade da frota, que \u00e9 trocada a cada 3 ou 6 meses<\/strong><\/p>\n<p><a class=\"fancybox-media\" href=\"..\/_uploads\/_noticia\/2016-07\/dzt-em-bhz053.jpg\" rel=\"portfolio\"><img decoding=\"async\" alt=\"\" src=\"..\/_uploads\/_noticia\/2016-07\/dzt-em-bhz053.jpg\" \/><\/a><strong>Giovanni Lenard\u00a0e Margaret Grantham, num bate-bola sobre as maravilhosas atra\u00e7\u00f5es de Munique<\/strong><\/p>\n<p><\/span><\/p>\n","protected":false},"excerpt":{"rendered":"<p>Acompanhada de v\u00e1rios parceiros, Margaret Grantham, diretora do DZT-Brasil, atualizou os agentes de viagem sobre as atra\u00e7\u00f5es germ\u00e2nicas<\/p>\n","protected":false},"author":1,"featured_media":0,"comment_status":"open","ping_status":"open","sticky":false,"template":"","format":"standard","meta":{"footnotes":""},"categories":[],"tags":[],"class_list":["post-4919","post","type-post","status-publish","format-standard","hentry"],"yoast_head":"<!-- This site is optimized with the Yoast SEO plugin v26.2 - https:\/\/yoast.com\/wordpress\/plugins\/seo\/ -->\n<title>DZT MOSTRA AOS MINEIROS PORQUE A ALEMANHA \u00c9 UM DESTINO CAMPE\u00c3O - Travel3<\/title>\n<meta name=\"description\" content=\"A TRAVEL3 \u00e9 um portal de conte\u00fado voltado para o turismo, encontre destinos, viagens, hospedagem, passagens, guias, not\u00edcias sobre o mercado do turismo, dicas de viagem, v\u00eddeos e podcast.\" \/>\n<meta name=\"robots\" content=\"index, follow, max-snippet:-1, max-image-preview:large, max-video-preview:-1\" \/>\n<link rel=\"canonical\" href=\"https:\/\/www.travel3.com.br\/site\/sem-categoria\/dzt-mostra-aos-mineiros-porque-a-alemanha-e-um-destino-campeao\/\" \/>\n<meta property=\"og:locale\" content=\"pt_BR\" \/>\n<meta property=\"og:type\" content=\"article\" \/>\n<meta property=\"og:title\" content=\"DZT MOSTRA AOS MINEIROS PORQUE A ALEMANHA \u00c9 UM DESTINO CAMPE\u00c3O - Travel3\" \/>\n<meta property=\"og:description\" content=\"A TRAVEL3 \u00e9 um portal de conte\u00fado voltado para o turismo, encontre destinos, viagens, hospedagem, passagens, guias, not\u00edcias sobre o mercado do turismo, dicas de viagem, v\u00eddeos e podcast.\" \/>\n<meta property=\"og:url\" content=\"https:\/\/www.travel3.com.br\/site\/sem-categoria\/dzt-mostra-aos-mineiros-porque-a-alemanha-e-um-destino-campeao\/\" \/>\n<meta property=\"og:site_name\" content=\"Travel3\" \/>\n<meta property=\"article:publisher\" content=\"https:\/\/www.facebook.com\/travel3media\/\" \/>\n<meta property=\"article:published_time\" content=\"2017-07-29T14:25:33+00:00\" \/>\n<meta name=\"author\" content=\"admin\" \/>\n<meta name=\"twitter:card\" content=\"summary_large_image\" \/>\n<meta name=\"twitter:label1\" content=\"Escrito por\" \/>\n\t<meta name=\"twitter:data1\" content=\"admin\" \/>\n\t<meta name=\"twitter:label2\" content=\"Est. tempo de leitura\" \/>\n\t<meta name=\"twitter:data2\" content=\"2 minutos\" \/>\n<script type=\"application\/ld+json\" class=\"yoast-schema-graph\">{\"@context\":\"https:\/\/schema.org\",\"@graph\":[{\"@type\":\"Article\",\"@id\":\"https:\/\/www.travel3.com.br\/site\/sem-categoria\/dzt-mostra-aos-mineiros-porque-a-alemanha-e-um-destino-campeao\/#article\",\"isPartOf\":{\"@id\":\"https:\/\/www.travel3.com.br\/site\/sem-categoria\/dzt-mostra-aos-mineiros-porque-a-alemanha-e-um-destino-campeao\/\"},\"author\":{\"name\":\"admin\",\"@id\":\"https:\/\/www.travel3.com.br\/site\/#\/schema\/person\/a69d71e41a024999b6ab82369ac0bd1e\"},\"headline\":\"DZT MOSTRA AOS MINEIROS PORQUE A ALEMANHA \u00c9 UM DESTINO CAMPE\u00c3O\",\"datePublished\":\"2017-07-29T14:25:33+00:00\",\"mainEntityOfPage\":{\"@id\":\"https:\/\/www.travel3.com.br\/site\/sem-categoria\/dzt-mostra-aos-mineiros-porque-a-alemanha-e-um-destino-campeao\/\"},\"wordCount\":332,\"commentCount\":0,\"publisher\":{\"@id\":\"https:\/\/www.travel3.com.br\/site\/#organization\"},\"inLanguage\":\"pt-BR\",\"potentialAction\":[{\"@type\":\"CommentAction\",\"name\":\"Comment\",\"target\":[\"https:\/\/www.travel3.com.br\/site\/sem-categoria\/dzt-mostra-aos-mineiros-porque-a-alemanha-e-um-destino-campeao\/#respond\"]}]},{\"@type\":\"WebPage\",\"@id\":\"https:\/\/www.travel3.com.br\/site\/sem-categoria\/dzt-mostra-aos-mineiros-porque-a-alemanha-e-um-destino-campeao\/\",\"url\":\"https:\/\/www.travel3.com.br\/site\/sem-categoria\/dzt-mostra-aos-mineiros-porque-a-alemanha-e-um-destino-campeao\/\",\"name\":\"DZT MOSTRA AOS MINEIROS PORQUE A ALEMANHA \u00c9 UM DESTINO CAMPE\u00c3O - Travel3\",\"isPartOf\":{\"@id\":\"https:\/\/www.travel3.com.br\/site\/#website\"},\"datePublished\":\"2017-07-29T14:25:33+00:00\",\"description\":\"A TRAVEL3 \u00e9 um portal de conte\u00fado voltado para o turismo, encontre destinos, viagens, hospedagem, passagens, guias, not\u00edcias sobre o mercado do turismo, dicas de viagem, v\u00eddeos e podcast.\",\"breadcrumb\":{\"@id\":\"https:\/\/www.travel3.com.br\/site\/sem-categoria\/dzt-mostra-aos-mineiros-porque-a-alemanha-e-um-destino-campeao\/#breadcrumb\"},\"inLanguage\":\"pt-BR\",\"potentialAction\":[{\"@type\":\"ReadAction\",\"target\":[\"https:\/\/www.travel3.com.br\/site\/sem-categoria\/dzt-mostra-aos-mineiros-porque-a-alemanha-e-um-destino-campeao\/\"]}]},{\"@type\":\"BreadcrumbList\",\"@id\":\"https:\/\/www.travel3.com.br\/site\/sem-categoria\/dzt-mostra-aos-mineiros-porque-a-alemanha-e-um-destino-campeao\/#breadcrumb\",\"itemListElement\":[{\"@type\":\"ListItem\",\"position\":1,\"name\":\"In\u00edcio\",\"item\":\"https:\/\/www.travel3.com.br\/site\/\"},{\"@type\":\"ListItem\",\"position\":2,\"name\":\"DZT MOSTRA AOS MINEIROS PORQUE A ALEMANHA \u00c9 UM DESTINO CAMPE\u00c3O\"}]},{\"@type\":\"WebSite\",\"@id\":\"https:\/\/www.travel3.com.br\/site\/#website\",\"url\":\"https:\/\/www.travel3.com.br\/site\/\",\"name\":\"Travel3\",\"description\":\"Lazer + Neg&oacute;cios + Aventura\",\"publisher\":{\"@id\":\"https:\/\/www.travel3.com.br\/site\/#organization\"},\"potentialAction\":[{\"@type\":\"SearchAction\",\"target\":{\"@type\":\"EntryPoint\",\"urlTemplate\":\"https:\/\/www.travel3.com.br\/site\/?s={search_term_string}\"},\"query-input\":{\"@type\":\"PropertyValueSpecification\",\"valueRequired\":true,\"valueName\":\"search_term_string\"}}],\"inLanguage\":\"pt-BR\"},{\"@type\":\"Organization\",\"@id\":\"https:\/\/www.travel3.com.br\/site\/#organization\",\"name\":\"Travel3\",\"url\":\"https:\/\/www.travel3.com.br\/site\/\",\"logo\":{\"@type\":\"ImageObject\",\"inLanguage\":\"pt-BR\",\"@id\":\"https:\/\/www.travel3.com.br\/site\/#\/schema\/logo\/image\/\",\"url\":\"https:\/\/www.travel3.com.br\/site\/wp-content\/uploads\/2020\/01\/logo-travel3-2020.png\",\"contentUrl\":\"https:\/\/www.travel3.com.br\/site\/wp-content\/uploads\/2020\/01\/logo-travel3-2020.png\",\"width\":232,\"height\":79,\"caption\":\"Travel3\"},\"image\":{\"@id\":\"https:\/\/www.travel3.com.br\/site\/#\/schema\/logo\/image\/\"},\"sameAs\":[\"https:\/\/www.facebook.com\/travel3media\/\",\"https:\/\/www.instagram.com\/revistatravel3\/\",\"https:\/\/www.youtube.com\/channel\/UCno7J4paGBR3VbZQzvoJ9Eg\"]},{\"@type\":\"Person\",\"@id\":\"https:\/\/www.travel3.com.br\/site\/#\/schema\/person\/a69d71e41a024999b6ab82369ac0bd1e\",\"name\":\"admin\",\"image\":{\"@type\":\"ImageObject\",\"inLanguage\":\"pt-BR\",\"@id\":\"https:\/\/www.travel3.com.br\/site\/#\/schema\/person\/image\/\",\"url\":\"https:\/\/secure.gravatar.com\/avatar\/732a67adfd764da2a47ba10ce731c4c0?s=96&d=mm&r=g\",\"contentUrl\":\"https:\/\/secure.gravatar.com\/avatar\/732a67adfd764da2a47ba10ce731c4c0?s=96&d=mm&r=g\",\"caption\":\"admin\"},\"url\":\"https:\/\/www.travel3.com.br\/site\/author\/admin\/\"}]}<\/script>\n<!-- \/ Yoast SEO plugin. -->","yoast_head_json":{"title":"DZT MOSTRA AOS MINEIROS PORQUE A ALEMANHA \u00c9 UM DESTINO CAMPE\u00c3O - Travel3","description":"A TRAVEL3 \u00e9 um portal de conte\u00fado voltado para o turismo, encontre destinos, viagens, hospedagem, passagens, guias, not\u00edcias sobre o mercado do turismo, dicas de viagem, v\u00eddeos e podcast.","robots":{"index":"index","follow":"follow","max-snippet":"max-snippet:-1","max-image-preview":"max-image-preview:large","max-video-preview":"max-video-preview:-1"},"canonical":"https:\/\/www.travel3.com.br\/site\/sem-categoria\/dzt-mostra-aos-mineiros-porque-a-alemanha-e-um-destino-campeao\/","og_locale":"pt_BR","og_type":"article","og_title":"DZT MOSTRA AOS MINEIROS PORQUE A ALEMANHA \u00c9 UM DESTINO CAMPE\u00c3O - Travel3","og_description":"A TRAVEL3 \u00e9 um portal de conte\u00fado voltado para o turismo, encontre destinos, viagens, hospedagem, passagens, guias, not\u00edcias sobre o mercado do turismo, dicas de viagem, v\u00eddeos e podcast.","og_url":"https:\/\/www.travel3.com.br\/site\/sem-categoria\/dzt-mostra-aos-mineiros-porque-a-alemanha-e-um-destino-campeao\/","og_site_name":"Travel3","article_publisher":"https:\/\/www.facebook.com\/travel3media\/","article_published_time":"2017-07-29T14:25:33+00:00","author":"admin","twitter_card":"summary_large_image","twitter_misc":{"Escrito por":"admin","Est. tempo de leitura":"2 minutos"},"schema":{"@context":"https:\/\/schema.org","@graph":[{"@type":"Article","@id":"https:\/\/www.travel3.com.br\/site\/sem-categoria\/dzt-mostra-aos-mineiros-porque-a-alemanha-e-um-destino-campeao\/#article","isPartOf":{"@id":"https:\/\/www.travel3.com.br\/site\/sem-categoria\/dzt-mostra-aos-mineiros-porque-a-alemanha-e-um-destino-campeao\/"},"author":{"name":"admin","@id":"https:\/\/www.travel3.com.br\/site\/#\/schema\/person\/a69d71e41a024999b6ab82369ac0bd1e"},"headline":"DZT MOSTRA AOS MINEIROS PORQUE A ALEMANHA \u00c9 UM DESTINO CAMPE\u00c3O","datePublished":"2017-07-29T14:25:33+00:00","mainEntityOfPage":{"@id":"https:\/\/www.travel3.com.br\/site\/sem-categoria\/dzt-mostra-aos-mineiros-porque-a-alemanha-e-um-destino-campeao\/"},"wordCount":332,"commentCount":0,"publisher":{"@id":"https:\/\/www.travel3.com.br\/site\/#organization"},"inLanguage":"pt-BR","potentialAction":[{"@type":"CommentAction","name":"Comment","target":["https:\/\/www.travel3.com.br\/site\/sem-categoria\/dzt-mostra-aos-mineiros-porque-a-alemanha-e-um-destino-campeao\/#respond"]}]},{"@type":"WebPage","@id":"https:\/\/www.travel3.com.br\/site\/sem-categoria\/dzt-mostra-aos-mineiros-porque-a-alemanha-e-um-destino-campeao\/","url":"https:\/\/www.travel3.com.br\/site\/sem-categoria\/dzt-mostra-aos-mineiros-porque-a-alemanha-e-um-destino-campeao\/","name":"DZT MOSTRA AOS MINEIROS PORQUE A ALEMANHA \u00c9 UM DESTINO CAMPE\u00c3O - Travel3","isPartOf":{"@id":"https:\/\/www.travel3.com.br\/site\/#website"},"datePublished":"2017-07-29T14:25:33+00:00","description":"A TRAVEL3 \u00e9 um portal de conte\u00fado voltado para o turismo, encontre destinos, viagens, hospedagem, passagens, guias, not\u00edcias sobre o mercado do turismo, dicas de viagem, v\u00eddeos e podcast.","breadcrumb":{"@id":"https:\/\/www.travel3.com.br\/site\/sem-categoria\/dzt-mostra-aos-mineiros-porque-a-alemanha-e-um-destino-campeao\/#breadcrumb"},"inLanguage":"pt-BR","potentialAction":[{"@type":"ReadAction","target":["https:\/\/www.travel3.com.br\/site\/sem-categoria\/dzt-mostra-aos-mineiros-porque-a-alemanha-e-um-destino-campeao\/"]}]},{"@type":"BreadcrumbList","@id":"https:\/\/www.travel3.com.br\/site\/sem-categoria\/dzt-mostra-aos-mineiros-porque-a-alemanha-e-um-destino-campeao\/#breadcrumb","itemListElement":[{"@type":"ListItem","position":1,"name":"In\u00edcio","item":"https:\/\/www.travel3.com.br\/site\/"},{"@type":"ListItem","position":2,"name":"DZT MOSTRA AOS MINEIROS PORQUE A ALEMANHA \u00c9 UM DESTINO CAMPE\u00c3O"}]},{"@type":"WebSite","@id":"https:\/\/www.travel3.com.br\/site\/#website","url":"https:\/\/www.travel3.com.br\/site\/","name":"Travel3","description":"Lazer + Neg&oacute;cios + Aventura","publisher":{"@id":"https:\/\/www.travel3.com.br\/site\/#organization"},"potentialAction":[{"@type":"SearchAction","target":{"@type":"EntryPoint","urlTemplate":"https:\/\/www.travel3.com.br\/site\/?s={search_term_string}"},"query-input":{"@type":"PropertyValueSpecification","valueRequired":true,"valueName":"search_term_string"}}],"inLanguage":"pt-BR"},{"@type":"Organization","@id":"https:\/\/www.travel3.com.br\/site\/#organization","name":"Travel3","url":"https:\/\/www.travel3.com.br\/site\/","logo":{"@type":"ImageObject","inLanguage":"pt-BR","@id":"https:\/\/www.travel3.com.br\/site\/#\/schema\/logo\/image\/","url":"https:\/\/www.travel3.com.br\/site\/wp-content\/uploads\/2020\/01\/logo-travel3-2020.png","contentUrl":"https:\/\/www.travel3.com.br\/site\/wp-content\/uploads\/2020\/01\/logo-travel3-2020.png","width":232,"height":79,"caption":"Travel3"},"image":{"@id":"https:\/\/www.travel3.com.br\/site\/#\/schema\/logo\/image\/"},"sameAs":["https:\/\/www.facebook.com\/travel3media\/","https:\/\/www.instagram.com\/revistatravel3\/","https:\/\/www.youtube.com\/channel\/UCno7J4paGBR3VbZQzvoJ9Eg"]},{"@type":"Person","@id":"https:\/\/www.travel3.com.br\/site\/#\/schema\/person\/a69d71e41a024999b6ab82369ac0bd1e","name":"admin","image":{"@type":"ImageObject","inLanguage":"pt-BR","@id":"https:\/\/www.travel3.com.br\/site\/#\/schema\/person\/image\/","url":"https:\/\/secure.gravatar.com\/avatar\/732a67adfd764da2a47ba10ce731c4c0?s=96&d=mm&r=g","contentUrl":"https:\/\/secure.gravatar.com\/avatar\/732a67adfd764da2a47ba10ce731c4c0?s=96&d=mm&r=g","caption":"admin"},"url":"https:\/\/www.travel3.com.br\/site\/author\/admin\/"}]}},"_links":{"self":[{"href":"https:\/\/www.travel3.com.br\/site\/wp-json\/wp\/v2\/posts\/4919","targetHints":{"allow":["GET"]}}],"collection":[{"href":"https:\/\/www.travel3.com.br\/site\/wp-json\/wp\/v2\/posts"}],"about":[{"href":"https:\/\/www.travel3.com.br\/site\/wp-json\/wp\/v2\/types\/post"}],"author":[{"embeddable":true,"href":"https:\/\/www.travel3.com.br\/site\/wp-json\/wp\/v2\/users\/1"}],"replies":[{"embeddable":true,"href":"https:\/\/www.travel3.com.br\/site\/wp-json\/wp\/v2\/comments?post=4919"}],"version-history":[{"count":0,"href":"https:\/\/www.travel3.com.br\/site\/wp-json\/wp\/v2\/posts\/4919\/revisions"}],"wp:attachment":[{"href":"https:\/\/www.travel3.com.br\/site\/wp-json\/wp\/v2\/media?parent=4919"}],"wp:term":[{"taxonomy":"category","embeddable":true,"href":"https:\/\/www.travel3.com.br\/site\/wp-json\/wp\/v2\/categories?post=4919"},{"taxonomy":"post_tag","embeddable":true,"href":"https:\/\/www.travel3.com.br\/site\/wp-json\/wp\/v2\/tags?post=4919"}],"curies":[{"name":"wp","href":"https:\/\/api.w.org\/{rel}","templated":true}]}}