{"id":4901,"date":"2017-08-06T09:21:48","date_gmt":"2017-08-06T09:21:48","guid":{"rendered":"http:\/\/www.travel3.com.br\/site\/ir-e-vir\/ar\/aeroporto-de-nice-ja-esta-em-funcionamento-apos-ameaca-de-bomba\/"},"modified":"2017-08-06T09:21:48","modified_gmt":"2017-08-06T09:21:48","slug":"aeroporto-de-nice-ja-esta-em-funcionamento-apos-ameaca-de-bomba","status":"publish","type":"post","link":"https:\/\/www.travel3.com.br\/site\/sem-categoria\/aeroporto-de-nice-ja-esta-em-funcionamento-apos-ameaca-de-bomba\/","title":{"rendered":"AEROPORTO DE NICE J\u00c1 EST\u00c1 EM FUNCIONAMENTO AP\u00d3S AMEA\u00c7A DE BOMBA"},"content":{"rendered":"<p><span style=\"color: #40acad; font-family: -apple-system, system-ui, 'Segoe UI', Roboto, Oxygen-Sans, Ubuntu, Cantarell, 'Helvetica Neue', sans-serif; font-size: 12px; font-weight: bold;\"><\/p>\n<p style=\"text-align:justify\">A situa\u00e7\u00e3o agora est\u00e1 normalizada, mas depois de tudo o que houve ontem \u00e0 noite, a manh\u00e3 da sexta (15) continuou de sobressaltos em Nice. O aeroporto local, que tem tr\u00e1fego maior neste per\u00edodo de veraneio, chegou a ser evacuado pela manh\u00e3, depois de uma amea\u00e7a de bomba.<\/p>\n<p style=\"text-align:justify\">A medida de seguran\u00e7a foi tomada, depois de ter sido encontrada uma mala abandonada no terminal 1 do aeroporto.<\/p>\n<p style=\"text-align:justify\"><a class=\"fancybox-media\" href=\"..\/_uploads\/_noticia\/2016-07\/niceaeroporto.jpg\" rel=\"portfolio\"><img decoding=\"async\" alt=\"\" src=\"..\/_uploads\/_noticia\/2016-07\/niceaeroporto.jpg\" \/><\/a><\/p>\n<p style=\"text-align:justify\">As autoridades francesas ainda n\u00e3o forneceram os detalhes completos mas j\u00e1 se sabe que o autor do terr\u00edvel atentado de ontem \u00e9 o franco-tunisiano Mohamed Lahouwy Bouhel, de 31 anos, que era conhecido da pol\u00edcia pela pr\u00e1tica de pequenos delitos.<\/p>\n<p style=\"text-align:justify\">O uso de um caminh\u00e3o como artefato-bomba n\u00e3o surpreende, mas at\u00e9 Nice o modo letal era relativamente baixo, mais decorrente nos conflitores em territ\u00f3rio \u00e1rabe. \u00c9 uma nova preocupa\u00e7\u00e3o que surge. Ainda mais depois dos numeros fatais, com mais de 80 mortos e outras 50 pessoas internadas em estado cr\u00edtico, entre a vida e a morte, como disseram hoje as autoridades. O numero de v\u00edtimas poder\u00e1 chegar a 150, sem contar os feridos e sequelas deixadas em quem la estava, os franceses e um consider\u00e1vel numero de turistas estrangeiros..<\/p>\n<p style=\"text-align:justify\">Nenhum grupo assumiu ainda \u00a0a responsabilidade pelos acontecimentos. Os presidentes da Fran\u00e7a e dos Estados Unidos consideraram o ataque \u00a0como mais um ato de terror.<\/p>\n<p><strong>OMT CONDENA<\/strong><\/p>\n<p>A Organiza\u00e7\u00e3o Mundial do Turismo manifestou-se profundamente pelo atroz atentado perpretado na cidade francesa. Em nome da comunidade tur\u00edstica internacional, a OMT transmitiu seus mais sentidos p\u00easames aos familiares das v\u00edtimas e ao povo franc\u00eas pelo dif\u00edcil momento.<\/p>\n<p>No comunicado, expressa sua mais completa e absoluta solidariedade com o povo e o governo da Fran\u00e7a, como escreve na mensagem o secret\u00e1rio geral Taleb Rifai.<\/p>\n<p>\u2018Nice \u00e9 e seguir\u00e1 sendo, um dos mais importantes destinos tur\u00edsticos da Fran\u00e7a e do mundo. Diante destas for\u00e7as de obscuridade, devemos mais que nunca estarmos unidos para o combate \u00e0 amea\u00e7a global\u2019 agrega o comunicado<\/p>\n<p>\u00a0<\/p>\n<p><\/span><\/p>\n","protected":false},"excerpt":{"rendered":"<p>Pr\u00e9dio teve que ser evacuado, agora a situa\u00e7\u00e3o j\u00e1 est\u00e1 normalizada segundo as autoridades francesas que confirmam um poss\u00edvel grande aumento no numero de vitimas do ataque de ontem<\/p>\n","protected":false},"author":1,"featured_media":0,"comment_status":"open","ping_status":"open","sticky":false,"template":"","format":"standard","meta":{"footnotes":""},"categories":[],"tags":[],"class_list":["post-4901","post","type-post","status-publish","format-standard","hentry"],"yoast_head":"<!-- This site is optimized with the Yoast SEO plugin v26.2 - https:\/\/yoast.com\/wordpress\/plugins\/seo\/ -->\n<title>AEROPORTO DE NICE J\u00c1 EST\u00c1 EM FUNCIONAMENTO AP\u00d3S AMEA\u00c7A DE BOMBA - Travel3<\/title>\n<meta name=\"description\" content=\"A TRAVEL3 \u00e9 um portal de conte\u00fado voltado para o turismo, encontre destinos, viagens, hospedagem, passagens, guias, not\u00edcias sobre o mercado do turismo, dicas de viagem, v\u00eddeos e podcast.\" \/>\n<meta name=\"robots\" content=\"index, follow, max-snippet:-1, max-image-preview:large, max-video-preview:-1\" \/>\n<link rel=\"canonical\" href=\"https:\/\/www.travel3.com.br\/site\/sem-categoria\/aeroporto-de-nice-ja-esta-em-funcionamento-apos-ameaca-de-bomba\/\" \/>\n<meta property=\"og:locale\" content=\"pt_BR\" \/>\n<meta property=\"og:type\" content=\"article\" \/>\n<meta property=\"og:title\" content=\"AEROPORTO DE NICE J\u00c1 EST\u00c1 EM FUNCIONAMENTO AP\u00d3S AMEA\u00c7A DE BOMBA - Travel3\" \/>\n<meta property=\"og:description\" content=\"A TRAVEL3 \u00e9 um portal de conte\u00fado voltado para o turismo, encontre destinos, viagens, hospedagem, passagens, guias, not\u00edcias sobre o mercado do turismo, dicas de viagem, v\u00eddeos e podcast.\" \/>\n<meta property=\"og:url\" content=\"https:\/\/www.travel3.com.br\/site\/sem-categoria\/aeroporto-de-nice-ja-esta-em-funcionamento-apos-ameaca-de-bomba\/\" \/>\n<meta property=\"og:site_name\" content=\"Travel3\" \/>\n<meta property=\"article:publisher\" content=\"https:\/\/www.facebook.com\/travel3media\/\" \/>\n<meta property=\"article:published_time\" content=\"2017-08-06T09:21:48+00:00\" \/>\n<meta name=\"author\" content=\"admin\" \/>\n<meta name=\"twitter:card\" content=\"summary_large_image\" \/>\n<meta name=\"twitter:label1\" content=\"Escrito por\" \/>\n\t<meta name=\"twitter:data1\" content=\"admin\" \/>\n\t<meta name=\"twitter:label2\" content=\"Est. tempo de leitura\" \/>\n\t<meta name=\"twitter:data2\" content=\"2 minutos\" \/>\n<script type=\"application\/ld+json\" class=\"yoast-schema-graph\">{\"@context\":\"https:\/\/schema.org\",\"@graph\":[{\"@type\":\"Article\",\"@id\":\"https:\/\/www.travel3.com.br\/site\/sem-categoria\/aeroporto-de-nice-ja-esta-em-funcionamento-apos-ameaca-de-bomba\/#article\",\"isPartOf\":{\"@id\":\"https:\/\/www.travel3.com.br\/site\/sem-categoria\/aeroporto-de-nice-ja-esta-em-funcionamento-apos-ameaca-de-bomba\/\"},\"author\":{\"name\":\"admin\",\"@id\":\"https:\/\/www.travel3.com.br\/site\/#\/schema\/person\/a69d71e41a024999b6ab82369ac0bd1e\"},\"headline\":\"AEROPORTO DE NICE J\u00c1 EST\u00c1 EM FUNCIONAMENTO AP\u00d3S AMEA\u00c7A DE BOMBA\",\"datePublished\":\"2017-08-06T09:21:48+00:00\",\"mainEntityOfPage\":{\"@id\":\"https:\/\/www.travel3.com.br\/site\/sem-categoria\/aeroporto-de-nice-ja-esta-em-funcionamento-apos-ameaca-de-bomba\/\"},\"wordCount\":354,\"commentCount\":0,\"publisher\":{\"@id\":\"https:\/\/www.travel3.com.br\/site\/#organization\"},\"inLanguage\":\"pt-BR\",\"potentialAction\":[{\"@type\":\"CommentAction\",\"name\":\"Comment\",\"target\":[\"https:\/\/www.travel3.com.br\/site\/sem-categoria\/aeroporto-de-nice-ja-esta-em-funcionamento-apos-ameaca-de-bomba\/#respond\"]}]},{\"@type\":\"WebPage\",\"@id\":\"https:\/\/www.travel3.com.br\/site\/sem-categoria\/aeroporto-de-nice-ja-esta-em-funcionamento-apos-ameaca-de-bomba\/\",\"url\":\"https:\/\/www.travel3.com.br\/site\/sem-categoria\/aeroporto-de-nice-ja-esta-em-funcionamento-apos-ameaca-de-bomba\/\",\"name\":\"AEROPORTO DE NICE J\u00c1 EST\u00c1 EM FUNCIONAMENTO AP\u00d3S AMEA\u00c7A DE BOMBA - Travel3\",\"isPartOf\":{\"@id\":\"https:\/\/www.travel3.com.br\/site\/#website\"},\"datePublished\":\"2017-08-06T09:21:48+00:00\",\"description\":\"A TRAVEL3 \u00e9 um portal de conte\u00fado voltado para o turismo, encontre destinos, viagens, hospedagem, passagens, guias, not\u00edcias sobre o mercado do turismo, dicas de viagem, v\u00eddeos e podcast.\",\"breadcrumb\":{\"@id\":\"https:\/\/www.travel3.com.br\/site\/sem-categoria\/aeroporto-de-nice-ja-esta-em-funcionamento-apos-ameaca-de-bomba\/#breadcrumb\"},\"inLanguage\":\"pt-BR\",\"potentialAction\":[{\"@type\":\"ReadAction\",\"target\":[\"https:\/\/www.travel3.com.br\/site\/sem-categoria\/aeroporto-de-nice-ja-esta-em-funcionamento-apos-ameaca-de-bomba\/\"]}]},{\"@type\":\"BreadcrumbList\",\"@id\":\"https:\/\/www.travel3.com.br\/site\/sem-categoria\/aeroporto-de-nice-ja-esta-em-funcionamento-apos-ameaca-de-bomba\/#breadcrumb\",\"itemListElement\":[{\"@type\":\"ListItem\",\"position\":1,\"name\":\"In\u00edcio\",\"item\":\"https:\/\/www.travel3.com.br\/site\/\"},{\"@type\":\"ListItem\",\"position\":2,\"name\":\"AEROPORTO DE NICE J\u00c1 EST\u00c1 EM FUNCIONAMENTO AP\u00d3S AMEA\u00c7A DE BOMBA\"}]},{\"@type\":\"WebSite\",\"@id\":\"https:\/\/www.travel3.com.br\/site\/#website\",\"url\":\"https:\/\/www.travel3.com.br\/site\/\",\"name\":\"Travel3\",\"description\":\"Lazer + Neg&oacute;cios + Aventura\",\"publisher\":{\"@id\":\"https:\/\/www.travel3.com.br\/site\/#organization\"},\"potentialAction\":[{\"@type\":\"SearchAction\",\"target\":{\"@type\":\"EntryPoint\",\"urlTemplate\":\"https:\/\/www.travel3.com.br\/site\/?s={search_term_string}\"},\"query-input\":{\"@type\":\"PropertyValueSpecification\",\"valueRequired\":true,\"valueName\":\"search_term_string\"}}],\"inLanguage\":\"pt-BR\"},{\"@type\":\"Organization\",\"@id\":\"https:\/\/www.travel3.com.br\/site\/#organization\",\"name\":\"Travel3\",\"url\":\"https:\/\/www.travel3.com.br\/site\/\",\"logo\":{\"@type\":\"ImageObject\",\"inLanguage\":\"pt-BR\",\"@id\":\"https:\/\/www.travel3.com.br\/site\/#\/schema\/logo\/image\/\",\"url\":\"https:\/\/www.travel3.com.br\/site\/wp-content\/uploads\/2020\/01\/logo-travel3-2020.png\",\"contentUrl\":\"https:\/\/www.travel3.com.br\/site\/wp-content\/uploads\/2020\/01\/logo-travel3-2020.png\",\"width\":232,\"height\":79,\"caption\":\"Travel3\"},\"image\":{\"@id\":\"https:\/\/www.travel3.com.br\/site\/#\/schema\/logo\/image\/\"},\"sameAs\":[\"https:\/\/www.facebook.com\/travel3media\/\",\"https:\/\/www.instagram.com\/revistatravel3\/\",\"https:\/\/www.youtube.com\/channel\/UCno7J4paGBR3VbZQzvoJ9Eg\"]},{\"@type\":\"Person\",\"@id\":\"https:\/\/www.travel3.com.br\/site\/#\/schema\/person\/a69d71e41a024999b6ab82369ac0bd1e\",\"name\":\"admin\",\"image\":{\"@type\":\"ImageObject\",\"inLanguage\":\"pt-BR\",\"@id\":\"https:\/\/www.travel3.com.br\/site\/#\/schema\/person\/image\/\",\"url\":\"https:\/\/secure.gravatar.com\/avatar\/732a67adfd764da2a47ba10ce731c4c0?s=96&d=mm&r=g\",\"contentUrl\":\"https:\/\/secure.gravatar.com\/avatar\/732a67adfd764da2a47ba10ce731c4c0?s=96&d=mm&r=g\",\"caption\":\"admin\"},\"url\":\"https:\/\/www.travel3.com.br\/site\/author\/admin\/\"}]}<\/script>\n<!-- \/ Yoast SEO plugin. -->","yoast_head_json":{"title":"AEROPORTO DE NICE J\u00c1 EST\u00c1 EM FUNCIONAMENTO AP\u00d3S AMEA\u00c7A DE BOMBA - Travel3","description":"A TRAVEL3 \u00e9 um portal de conte\u00fado voltado para o turismo, encontre destinos, viagens, hospedagem, passagens, guias, not\u00edcias sobre o mercado do turismo, dicas de viagem, v\u00eddeos e podcast.","robots":{"index":"index","follow":"follow","max-snippet":"max-snippet:-1","max-image-preview":"max-image-preview:large","max-video-preview":"max-video-preview:-1"},"canonical":"https:\/\/www.travel3.com.br\/site\/sem-categoria\/aeroporto-de-nice-ja-esta-em-funcionamento-apos-ameaca-de-bomba\/","og_locale":"pt_BR","og_type":"article","og_title":"AEROPORTO DE NICE J\u00c1 EST\u00c1 EM FUNCIONAMENTO AP\u00d3S AMEA\u00c7A DE BOMBA - Travel3","og_description":"A TRAVEL3 \u00e9 um portal de conte\u00fado voltado para o turismo, encontre destinos, viagens, hospedagem, passagens, guias, not\u00edcias sobre o mercado do turismo, dicas de viagem, v\u00eddeos e podcast.","og_url":"https:\/\/www.travel3.com.br\/site\/sem-categoria\/aeroporto-de-nice-ja-esta-em-funcionamento-apos-ameaca-de-bomba\/","og_site_name":"Travel3","article_publisher":"https:\/\/www.facebook.com\/travel3media\/","article_published_time":"2017-08-06T09:21:48+00:00","author":"admin","twitter_card":"summary_large_image","twitter_misc":{"Escrito por":"admin","Est. tempo de leitura":"2 minutos"},"schema":{"@context":"https:\/\/schema.org","@graph":[{"@type":"Article","@id":"https:\/\/www.travel3.com.br\/site\/sem-categoria\/aeroporto-de-nice-ja-esta-em-funcionamento-apos-ameaca-de-bomba\/#article","isPartOf":{"@id":"https:\/\/www.travel3.com.br\/site\/sem-categoria\/aeroporto-de-nice-ja-esta-em-funcionamento-apos-ameaca-de-bomba\/"},"author":{"name":"admin","@id":"https:\/\/www.travel3.com.br\/site\/#\/schema\/person\/a69d71e41a024999b6ab82369ac0bd1e"},"headline":"AEROPORTO DE NICE J\u00c1 EST\u00c1 EM FUNCIONAMENTO AP\u00d3S AMEA\u00c7A DE BOMBA","datePublished":"2017-08-06T09:21:48+00:00","mainEntityOfPage":{"@id":"https:\/\/www.travel3.com.br\/site\/sem-categoria\/aeroporto-de-nice-ja-esta-em-funcionamento-apos-ameaca-de-bomba\/"},"wordCount":354,"commentCount":0,"publisher":{"@id":"https:\/\/www.travel3.com.br\/site\/#organization"},"inLanguage":"pt-BR","potentialAction":[{"@type":"CommentAction","name":"Comment","target":["https:\/\/www.travel3.com.br\/site\/sem-categoria\/aeroporto-de-nice-ja-esta-em-funcionamento-apos-ameaca-de-bomba\/#respond"]}]},{"@type":"WebPage","@id":"https:\/\/www.travel3.com.br\/site\/sem-categoria\/aeroporto-de-nice-ja-esta-em-funcionamento-apos-ameaca-de-bomba\/","url":"https:\/\/www.travel3.com.br\/site\/sem-categoria\/aeroporto-de-nice-ja-esta-em-funcionamento-apos-ameaca-de-bomba\/","name":"AEROPORTO DE NICE J\u00c1 EST\u00c1 EM FUNCIONAMENTO AP\u00d3S AMEA\u00c7A DE BOMBA - Travel3","isPartOf":{"@id":"https:\/\/www.travel3.com.br\/site\/#website"},"datePublished":"2017-08-06T09:21:48+00:00","description":"A TRAVEL3 \u00e9 um portal de conte\u00fado voltado para o turismo, encontre destinos, viagens, hospedagem, passagens, guias, not\u00edcias sobre o mercado do turismo, dicas de viagem, v\u00eddeos e podcast.","breadcrumb":{"@id":"https:\/\/www.travel3.com.br\/site\/sem-categoria\/aeroporto-de-nice-ja-esta-em-funcionamento-apos-ameaca-de-bomba\/#breadcrumb"},"inLanguage":"pt-BR","potentialAction":[{"@type":"ReadAction","target":["https:\/\/www.travel3.com.br\/site\/sem-categoria\/aeroporto-de-nice-ja-esta-em-funcionamento-apos-ameaca-de-bomba\/"]}]},{"@type":"BreadcrumbList","@id":"https:\/\/www.travel3.com.br\/site\/sem-categoria\/aeroporto-de-nice-ja-esta-em-funcionamento-apos-ameaca-de-bomba\/#breadcrumb","itemListElement":[{"@type":"ListItem","position":1,"name":"In\u00edcio","item":"https:\/\/www.travel3.com.br\/site\/"},{"@type":"ListItem","position":2,"name":"AEROPORTO DE NICE J\u00c1 EST\u00c1 EM FUNCIONAMENTO AP\u00d3S AMEA\u00c7A DE BOMBA"}]},{"@type":"WebSite","@id":"https:\/\/www.travel3.com.br\/site\/#website","url":"https:\/\/www.travel3.com.br\/site\/","name":"Travel3","description":"Lazer + Neg&oacute;cios + Aventura","publisher":{"@id":"https:\/\/www.travel3.com.br\/site\/#organization"},"potentialAction":[{"@type":"SearchAction","target":{"@type":"EntryPoint","urlTemplate":"https:\/\/www.travel3.com.br\/site\/?s={search_term_string}"},"query-input":{"@type":"PropertyValueSpecification","valueRequired":true,"valueName":"search_term_string"}}],"inLanguage":"pt-BR"},{"@type":"Organization","@id":"https:\/\/www.travel3.com.br\/site\/#organization","name":"Travel3","url":"https:\/\/www.travel3.com.br\/site\/","logo":{"@type":"ImageObject","inLanguage":"pt-BR","@id":"https:\/\/www.travel3.com.br\/site\/#\/schema\/logo\/image\/","url":"https:\/\/www.travel3.com.br\/site\/wp-content\/uploads\/2020\/01\/logo-travel3-2020.png","contentUrl":"https:\/\/www.travel3.com.br\/site\/wp-content\/uploads\/2020\/01\/logo-travel3-2020.png","width":232,"height":79,"caption":"Travel3"},"image":{"@id":"https:\/\/www.travel3.com.br\/site\/#\/schema\/logo\/image\/"},"sameAs":["https:\/\/www.facebook.com\/travel3media\/","https:\/\/www.instagram.com\/revistatravel3\/","https:\/\/www.youtube.com\/channel\/UCno7J4paGBR3VbZQzvoJ9Eg"]},{"@type":"Person","@id":"https:\/\/www.travel3.com.br\/site\/#\/schema\/person\/a69d71e41a024999b6ab82369ac0bd1e","name":"admin","image":{"@type":"ImageObject","inLanguage":"pt-BR","@id":"https:\/\/www.travel3.com.br\/site\/#\/schema\/person\/image\/","url":"https:\/\/secure.gravatar.com\/avatar\/732a67adfd764da2a47ba10ce731c4c0?s=96&d=mm&r=g","contentUrl":"https:\/\/secure.gravatar.com\/avatar\/732a67adfd764da2a47ba10ce731c4c0?s=96&d=mm&r=g","caption":"admin"},"url":"https:\/\/www.travel3.com.br\/site\/author\/admin\/"}]}},"_links":{"self":[{"href":"https:\/\/www.travel3.com.br\/site\/wp-json\/wp\/v2\/posts\/4901","targetHints":{"allow":["GET"]}}],"collection":[{"href":"https:\/\/www.travel3.com.br\/site\/wp-json\/wp\/v2\/posts"}],"about":[{"href":"https:\/\/www.travel3.com.br\/site\/wp-json\/wp\/v2\/types\/post"}],"author":[{"embeddable":true,"href":"https:\/\/www.travel3.com.br\/site\/wp-json\/wp\/v2\/users\/1"}],"replies":[{"embeddable":true,"href":"https:\/\/www.travel3.com.br\/site\/wp-json\/wp\/v2\/comments?post=4901"}],"version-history":[{"count":0,"href":"https:\/\/www.travel3.com.br\/site\/wp-json\/wp\/v2\/posts\/4901\/revisions"}],"wp:attachment":[{"href":"https:\/\/www.travel3.com.br\/site\/wp-json\/wp\/v2\/media?parent=4901"}],"wp:term":[{"taxonomy":"category","embeddable":true,"href":"https:\/\/www.travel3.com.br\/site\/wp-json\/wp\/v2\/categories?post=4901"},{"taxonomy":"post_tag","embeddable":true,"href":"https:\/\/www.travel3.com.br\/site\/wp-json\/wp\/v2\/tags?post=4901"}],"curies":[{"name":"wp","href":"https:\/\/api.w.org\/{rel}","templated":true}]}}