{"id":4895,"date":"2017-08-20T21:45:04","date_gmt":"2017-08-20T21:45:04","guid":{"rendered":"http:\/\/www.travel3.com.br\/site\/ir-e-vir\/ar\/belo-horizonte-recebe-a-exposicao-mondrian-e-o-movimento-de-stijl\/"},"modified":"2017-08-20T21:45:04","modified_gmt":"2017-08-20T21:45:04","slug":"belo-horizonte-recebe-a-exposicao-mondrian-e-o-movimento-de-stijl","status":"publish","type":"post","link":"https:\/\/www.travel3.com.br\/site\/sem-categoria\/belo-horizonte-recebe-a-exposicao-mondrian-e-o-movimento-de-stijl\/","title":{"rendered":"BELO HORIZONTE RECEBE A EXPOSI\u00c7\u00c3O MONDRIAN E O MOVIMENTO DE STIJL"},"content":{"rendered":"<p><span style=\"color: #40acad; font-family: -apple-system, system-ui, 'Segoe UI', Roboto, Oxygen-Sans, Ubuntu, Cantarell, 'Helvetica Neue', sans-serif; font-size: 12px; font-weight: bold;\"><\/p>\n<p style=\"text-align:justify\">Para muitas pessoas, o nome Mondrian remete a uma associa\u00e7\u00e3o mais ou menos imediata com ret\u00e2ngulos de cores prim\u00e1rias delimitados por grossas linhas pretas. Mas ele, como tantos outros mestres das artes, n\u00e3o se manteve a vida inteira no \u00e2mbito dos seus trabalhos mais conhecidos. Piet Mondrian (1872-1944) chegou a sua obra mais famosa \u2013 Composi\u00e7\u00e3o com grande plano vermelho, amarelo, preto, cinza e azul \u00a0\u2013 em 1921, depois de uma trajet\u00f3ria que iniciou em 1892, ao ingressar na Academia Real de Artes Visuais de Amsterd\u00e3.<\/p>\n<p style=\"text-align:justify\">Nos quase 30 anos que antecederam a esse despojamento, Mondrian produziu paisagens carregadas de cores escuras, e as vezes sombrias, que caracterizavam a pintura holandesa do s\u00e9culo XIX. Aos poucos, ele foi se aproximando dos movimentos art\u00edsticos que aconteciam na Europa. Seus tons foram clareando e suas composi\u00e7\u00f5es ficando mais ousadas \u00e0 medida em que se aproximava dos p\u00f3s-impressionistas franceses, enchendo-se das cores e pinceladas vigorosas de Van Gogh, ou experimentando o pontilhismo de Seurat. Num processo cont\u00ednuo, ap\u00f3s uma influ\u00eancia tempor\u00e1ria do cubismo, procurou formas de abstrair a realidade e buscar a ess\u00eancia da imagem.<\/p>\n<p style=\"text-align:justify\">Mondrian e o movimento De Stijl, nome da exposi\u00e7\u00e3o que o CCBB em parceria com a Art Unlimited preparou para os mineiros, \u00e9 uma oportunidade imperd\u00edvel. \u201cOrganizamos tudo para que o visitante possa acompanhar esse percurso e entender que aqueles ret\u00e2ngulos coloridos que povoam at\u00e9 hoje o imagin\u00e1rio do moderno, e s\u00e3o t\u00e3o facilmente reconhec\u00edveis, n\u00e3o nasceram de uma hora para outra, nem por acaso\u201d, explica o curador da exposi\u00e7\u00e3o, Pieter Tjabbes.<\/p>\n<p style=\"text-align:justify\">A exposi\u00e7\u00e3o, contudo, n\u00e3o se esgota com a hist\u00f3ria art\u00edstica de Mondrian. H\u00e1 uma segunda etapa, igualmente relevante para compreender o que aconteceu naquele per\u00edodo (1917-1928), que mostra a agita\u00e7\u00e3o provocada pela revista De Stijl (O Estilo), o meio escolhido para que um grupo de artistas, designers e arquitetos, incluindo Mondrian, defendesse o neoplasticismo e a utopia da harmonia universal de todas as artes.<\/p>\n<p style=\"text-align:justify\">Mondrian acreditava que sua vis\u00e3o da arte moderna transcendia as divis\u00f5es culturais e poderia se transformar numa linguagem universal, baseada na pureza das cores prim\u00e1rias, na superf\u00edcie plana das formas e na tens\u00e3o din\u00e2mica em suas telas. E seus companheiros da De Stijl n\u00e3o s\u00f3 tinham vis\u00e3o semelhante, como aplicaram esses conceitos a todo tipo de arte.<\/p>\n<p style=\"text-align:justify\">No design, por exemplo, \u00e9 representativa desse movimento a cadeira Vermelha Azul, que Gerrit Rietveld criou entre 1917 e 1923. O mesmo Rietveld levou o De Stijl para a arquitetura, ao desenhar e construir em 1924 uma casa para Truus Schroder-Schrader em que aplicou a paleta de cores prim\u00e1rias privilegiando espa\u00e7os abertos, luminosidade, ventila\u00e7\u00e3o e funcionalidade, rompendo com conven\u00e7\u00f5es arquitet\u00f4nicas da \u00e9poca.<\/p>\n<p style=\"text-align:justify\">Os princ\u00edpios expostos nos 12 anos em que a revista De Stijl circulou foram utilizados nas artes pl\u00e1sticas, na arquitetura, na fotografia, no design, na literatura, na tipografia e at\u00e9 mesmo na moda. Em Mondrian e o movimento De Stijl ser\u00e1 poss\u00edvel acompanhar, por interm\u00e9dio de obras originais, maquetes, mobili\u00e1rios, fotografia, document\u00e1rios, fac-s\u00edmiles e publica\u00e7\u00f5es de \u00e9poca, essa forma de ver o mundo e as artes que era revolucion\u00e1ria em 1917 e continua moderna at\u00e9 hoje.<\/p>\n<p style=\"text-align:justify\">Mondrian continuou experimentando at\u00e9 Victory Boogie Woogie, sua \u00faltima obra, de 1944, pintada quando j\u00e1 morava nos Estados Unidos. Ele morreu de pneumonia, em 1944, aos 71 anos.<\/p>\n<p style=\"text-align:justify\">A exposi\u00e7\u00e3o Mondrian e o movimento De Stijl, organizada pela Art Unlimited e patrocinada pelo Banco do Brasil, com apoio do Banco Votorantim, ser\u00e1 aberta ao p\u00fablico de Belo Horizonte em 20 de julho. S\u00e3o cerca de 100 obras \u2014 30 das quais de Mondrian \u2014 e uma sele\u00e7\u00e3o de m\u00faltiplas manifesta\u00e7\u00f5es do movimento De Stijl compondo o mais completo conjunto desse per\u00edodo j\u00e1 exibido no Brasil.<\/p>\n<p style=\"text-align:justify\">A maior parte do acervo \u00e9 procedente do Museu Municipal de Haia (Gemeentemuseum, Den Haag), da Holanda, que re\u00fane a maior cole\u00e7\u00e3o do mundo de obras de Mondrian. A exposi\u00e7\u00e3o, que \u00e9 gratuita, acontece no CCBB de Belo Horizonte e segue para o Rio de Janeiro.<\/p>\n<p><\/span><\/p>\n","protected":false},"excerpt":{"rendered":"<p>A exposi\u00e7\u00e3o Mondrian e o movimento De Stijl ser\u00e1 aberta ao p\u00fablico de Belo Horizonte em 20 de julho, no CCBB<\/p>\n","protected":false},"author":1,"featured_media":0,"comment_status":"open","ping_status":"open","sticky":false,"template":"","format":"standard","meta":{"footnotes":""},"categories":[],"tags":[],"class_list":["post-4895","post","type-post","status-publish","format-standard","hentry"],"yoast_head":"<!-- This site is optimized with the Yoast SEO plugin v26.2 - https:\/\/yoast.com\/wordpress\/plugins\/seo\/ -->\n<title>BELO HORIZONTE RECEBE A EXPOSI\u00c7\u00c3O MONDRIAN E O MOVIMENTO DE STIJL - Travel3<\/title>\n<meta name=\"description\" content=\"A TRAVEL3 \u00e9 um portal de conte\u00fado voltado para o turismo, encontre destinos, viagens, hospedagem, passagens, guias, not\u00edcias sobre o mercado do turismo, dicas de viagem, v\u00eddeos e podcast.\" \/>\n<meta name=\"robots\" content=\"index, follow, max-snippet:-1, max-image-preview:large, max-video-preview:-1\" \/>\n<link rel=\"canonical\" href=\"https:\/\/www.travel3.com.br\/site\/sem-categoria\/belo-horizonte-recebe-a-exposicao-mondrian-e-o-movimento-de-stijl\/\" \/>\n<meta property=\"og:locale\" content=\"pt_BR\" \/>\n<meta property=\"og:type\" content=\"article\" \/>\n<meta property=\"og:title\" content=\"BELO HORIZONTE RECEBE A EXPOSI\u00c7\u00c3O MONDRIAN E O MOVIMENTO DE STIJL - Travel3\" \/>\n<meta property=\"og:description\" content=\"A TRAVEL3 \u00e9 um portal de conte\u00fado voltado para o turismo, encontre destinos, viagens, hospedagem, passagens, guias, not\u00edcias sobre o mercado do turismo, dicas de viagem, v\u00eddeos e podcast.\" \/>\n<meta property=\"og:url\" content=\"https:\/\/www.travel3.com.br\/site\/sem-categoria\/belo-horizonte-recebe-a-exposicao-mondrian-e-o-movimento-de-stijl\/\" \/>\n<meta property=\"og:site_name\" content=\"Travel3\" \/>\n<meta property=\"article:publisher\" content=\"https:\/\/www.facebook.com\/travel3media\/\" \/>\n<meta property=\"article:published_time\" content=\"2017-08-20T21:45:04+00:00\" \/>\n<meta name=\"author\" content=\"admin\" \/>\n<meta name=\"twitter:card\" content=\"summary_large_image\" \/>\n<meta name=\"twitter:label1\" content=\"Escrito por\" \/>\n\t<meta name=\"twitter:data1\" content=\"admin\" \/>\n\t<meta name=\"twitter:label2\" content=\"Est. tempo de leitura\" \/>\n\t<meta name=\"twitter:data2\" content=\"3 minutos\" \/>\n<script type=\"application\/ld+json\" class=\"yoast-schema-graph\">{\"@context\":\"https:\/\/schema.org\",\"@graph\":[{\"@type\":\"Article\",\"@id\":\"https:\/\/www.travel3.com.br\/site\/sem-categoria\/belo-horizonte-recebe-a-exposicao-mondrian-e-o-movimento-de-stijl\/#article\",\"isPartOf\":{\"@id\":\"https:\/\/www.travel3.com.br\/site\/sem-categoria\/belo-horizonte-recebe-a-exposicao-mondrian-e-o-movimento-de-stijl\/\"},\"author\":{\"name\":\"admin\",\"@id\":\"https:\/\/www.travel3.com.br\/site\/#\/schema\/person\/a69d71e41a024999b6ab82369ac0bd1e\"},\"headline\":\"BELO HORIZONTE RECEBE A EXPOSI\u00c7\u00c3O MONDRIAN E O MOVIMENTO DE STIJL\",\"datePublished\":\"2017-08-20T21:45:04+00:00\",\"mainEntityOfPage\":{\"@id\":\"https:\/\/www.travel3.com.br\/site\/sem-categoria\/belo-horizonte-recebe-a-exposicao-mondrian-e-o-movimento-de-stijl\/\"},\"wordCount\":705,\"commentCount\":0,\"publisher\":{\"@id\":\"https:\/\/www.travel3.com.br\/site\/#organization\"},\"inLanguage\":\"pt-BR\",\"potentialAction\":[{\"@type\":\"CommentAction\",\"name\":\"Comment\",\"target\":[\"https:\/\/www.travel3.com.br\/site\/sem-categoria\/belo-horizonte-recebe-a-exposicao-mondrian-e-o-movimento-de-stijl\/#respond\"]}]},{\"@type\":\"WebPage\",\"@id\":\"https:\/\/www.travel3.com.br\/site\/sem-categoria\/belo-horizonte-recebe-a-exposicao-mondrian-e-o-movimento-de-stijl\/\",\"url\":\"https:\/\/www.travel3.com.br\/site\/sem-categoria\/belo-horizonte-recebe-a-exposicao-mondrian-e-o-movimento-de-stijl\/\",\"name\":\"BELO HORIZONTE RECEBE A EXPOSI\u00c7\u00c3O MONDRIAN E O MOVIMENTO DE STIJL - Travel3\",\"isPartOf\":{\"@id\":\"https:\/\/www.travel3.com.br\/site\/#website\"},\"datePublished\":\"2017-08-20T21:45:04+00:00\",\"description\":\"A TRAVEL3 \u00e9 um portal de conte\u00fado voltado para o turismo, encontre destinos, viagens, hospedagem, passagens, guias, not\u00edcias sobre o mercado do turismo, dicas de viagem, v\u00eddeos e podcast.\",\"breadcrumb\":{\"@id\":\"https:\/\/www.travel3.com.br\/site\/sem-categoria\/belo-horizonte-recebe-a-exposicao-mondrian-e-o-movimento-de-stijl\/#breadcrumb\"},\"inLanguage\":\"pt-BR\",\"potentialAction\":[{\"@type\":\"ReadAction\",\"target\":[\"https:\/\/www.travel3.com.br\/site\/sem-categoria\/belo-horizonte-recebe-a-exposicao-mondrian-e-o-movimento-de-stijl\/\"]}]},{\"@type\":\"BreadcrumbList\",\"@id\":\"https:\/\/www.travel3.com.br\/site\/sem-categoria\/belo-horizonte-recebe-a-exposicao-mondrian-e-o-movimento-de-stijl\/#breadcrumb\",\"itemListElement\":[{\"@type\":\"ListItem\",\"position\":1,\"name\":\"In\u00edcio\",\"item\":\"https:\/\/www.travel3.com.br\/site\/\"},{\"@type\":\"ListItem\",\"position\":2,\"name\":\"BELO HORIZONTE RECEBE A EXPOSI\u00c7\u00c3O MONDRIAN E O MOVIMENTO DE STIJL\"}]},{\"@type\":\"WebSite\",\"@id\":\"https:\/\/www.travel3.com.br\/site\/#website\",\"url\":\"https:\/\/www.travel3.com.br\/site\/\",\"name\":\"Travel3\",\"description\":\"Lazer + Neg&oacute;cios + Aventura\",\"publisher\":{\"@id\":\"https:\/\/www.travel3.com.br\/site\/#organization\"},\"potentialAction\":[{\"@type\":\"SearchAction\",\"target\":{\"@type\":\"EntryPoint\",\"urlTemplate\":\"https:\/\/www.travel3.com.br\/site\/?s={search_term_string}\"},\"query-input\":{\"@type\":\"PropertyValueSpecification\",\"valueRequired\":true,\"valueName\":\"search_term_string\"}}],\"inLanguage\":\"pt-BR\"},{\"@type\":\"Organization\",\"@id\":\"https:\/\/www.travel3.com.br\/site\/#organization\",\"name\":\"Travel3\",\"url\":\"https:\/\/www.travel3.com.br\/site\/\",\"logo\":{\"@type\":\"ImageObject\",\"inLanguage\":\"pt-BR\",\"@id\":\"https:\/\/www.travel3.com.br\/site\/#\/schema\/logo\/image\/\",\"url\":\"https:\/\/www.travel3.com.br\/site\/wp-content\/uploads\/2020\/01\/logo-travel3-2020.png\",\"contentUrl\":\"https:\/\/www.travel3.com.br\/site\/wp-content\/uploads\/2020\/01\/logo-travel3-2020.png\",\"width\":232,\"height\":79,\"caption\":\"Travel3\"},\"image\":{\"@id\":\"https:\/\/www.travel3.com.br\/site\/#\/schema\/logo\/image\/\"},\"sameAs\":[\"https:\/\/www.facebook.com\/travel3media\/\",\"https:\/\/www.instagram.com\/revistatravel3\/\",\"https:\/\/www.youtube.com\/channel\/UCno7J4paGBR3VbZQzvoJ9Eg\"]},{\"@type\":\"Person\",\"@id\":\"https:\/\/www.travel3.com.br\/site\/#\/schema\/person\/a69d71e41a024999b6ab82369ac0bd1e\",\"name\":\"admin\",\"image\":{\"@type\":\"ImageObject\",\"inLanguage\":\"pt-BR\",\"@id\":\"https:\/\/www.travel3.com.br\/site\/#\/schema\/person\/image\/\",\"url\":\"https:\/\/secure.gravatar.com\/avatar\/732a67adfd764da2a47ba10ce731c4c0?s=96&d=mm&r=g\",\"contentUrl\":\"https:\/\/secure.gravatar.com\/avatar\/732a67adfd764da2a47ba10ce731c4c0?s=96&d=mm&r=g\",\"caption\":\"admin\"},\"url\":\"https:\/\/www.travel3.com.br\/site\/author\/admin\/\"}]}<\/script>\n<!-- \/ Yoast SEO plugin. -->","yoast_head_json":{"title":"BELO HORIZONTE RECEBE A EXPOSI\u00c7\u00c3O MONDRIAN E O MOVIMENTO DE STIJL - Travel3","description":"A TRAVEL3 \u00e9 um portal de conte\u00fado voltado para o turismo, encontre destinos, viagens, hospedagem, passagens, guias, not\u00edcias sobre o mercado do turismo, dicas de viagem, v\u00eddeos e podcast.","robots":{"index":"index","follow":"follow","max-snippet":"max-snippet:-1","max-image-preview":"max-image-preview:large","max-video-preview":"max-video-preview:-1"},"canonical":"https:\/\/www.travel3.com.br\/site\/sem-categoria\/belo-horizonte-recebe-a-exposicao-mondrian-e-o-movimento-de-stijl\/","og_locale":"pt_BR","og_type":"article","og_title":"BELO HORIZONTE RECEBE A EXPOSI\u00c7\u00c3O MONDRIAN E O MOVIMENTO DE STIJL - Travel3","og_description":"A TRAVEL3 \u00e9 um portal de conte\u00fado voltado para o turismo, encontre destinos, viagens, hospedagem, passagens, guias, not\u00edcias sobre o mercado do turismo, dicas de viagem, v\u00eddeos e podcast.","og_url":"https:\/\/www.travel3.com.br\/site\/sem-categoria\/belo-horizonte-recebe-a-exposicao-mondrian-e-o-movimento-de-stijl\/","og_site_name":"Travel3","article_publisher":"https:\/\/www.facebook.com\/travel3media\/","article_published_time":"2017-08-20T21:45:04+00:00","author":"admin","twitter_card":"summary_large_image","twitter_misc":{"Escrito por":"admin","Est. tempo de leitura":"3 minutos"},"schema":{"@context":"https:\/\/schema.org","@graph":[{"@type":"Article","@id":"https:\/\/www.travel3.com.br\/site\/sem-categoria\/belo-horizonte-recebe-a-exposicao-mondrian-e-o-movimento-de-stijl\/#article","isPartOf":{"@id":"https:\/\/www.travel3.com.br\/site\/sem-categoria\/belo-horizonte-recebe-a-exposicao-mondrian-e-o-movimento-de-stijl\/"},"author":{"name":"admin","@id":"https:\/\/www.travel3.com.br\/site\/#\/schema\/person\/a69d71e41a024999b6ab82369ac0bd1e"},"headline":"BELO HORIZONTE RECEBE A EXPOSI\u00c7\u00c3O MONDRIAN E O MOVIMENTO DE STIJL","datePublished":"2017-08-20T21:45:04+00:00","mainEntityOfPage":{"@id":"https:\/\/www.travel3.com.br\/site\/sem-categoria\/belo-horizonte-recebe-a-exposicao-mondrian-e-o-movimento-de-stijl\/"},"wordCount":705,"commentCount":0,"publisher":{"@id":"https:\/\/www.travel3.com.br\/site\/#organization"},"inLanguage":"pt-BR","potentialAction":[{"@type":"CommentAction","name":"Comment","target":["https:\/\/www.travel3.com.br\/site\/sem-categoria\/belo-horizonte-recebe-a-exposicao-mondrian-e-o-movimento-de-stijl\/#respond"]}]},{"@type":"WebPage","@id":"https:\/\/www.travel3.com.br\/site\/sem-categoria\/belo-horizonte-recebe-a-exposicao-mondrian-e-o-movimento-de-stijl\/","url":"https:\/\/www.travel3.com.br\/site\/sem-categoria\/belo-horizonte-recebe-a-exposicao-mondrian-e-o-movimento-de-stijl\/","name":"BELO HORIZONTE RECEBE A EXPOSI\u00c7\u00c3O MONDRIAN E O MOVIMENTO DE STIJL - Travel3","isPartOf":{"@id":"https:\/\/www.travel3.com.br\/site\/#website"},"datePublished":"2017-08-20T21:45:04+00:00","description":"A TRAVEL3 \u00e9 um portal de conte\u00fado voltado para o turismo, encontre destinos, viagens, hospedagem, passagens, guias, not\u00edcias sobre o mercado do turismo, dicas de viagem, v\u00eddeos e podcast.","breadcrumb":{"@id":"https:\/\/www.travel3.com.br\/site\/sem-categoria\/belo-horizonte-recebe-a-exposicao-mondrian-e-o-movimento-de-stijl\/#breadcrumb"},"inLanguage":"pt-BR","potentialAction":[{"@type":"ReadAction","target":["https:\/\/www.travel3.com.br\/site\/sem-categoria\/belo-horizonte-recebe-a-exposicao-mondrian-e-o-movimento-de-stijl\/"]}]},{"@type":"BreadcrumbList","@id":"https:\/\/www.travel3.com.br\/site\/sem-categoria\/belo-horizonte-recebe-a-exposicao-mondrian-e-o-movimento-de-stijl\/#breadcrumb","itemListElement":[{"@type":"ListItem","position":1,"name":"In\u00edcio","item":"https:\/\/www.travel3.com.br\/site\/"},{"@type":"ListItem","position":2,"name":"BELO HORIZONTE RECEBE A EXPOSI\u00c7\u00c3O MONDRIAN E O MOVIMENTO DE STIJL"}]},{"@type":"WebSite","@id":"https:\/\/www.travel3.com.br\/site\/#website","url":"https:\/\/www.travel3.com.br\/site\/","name":"Travel3","description":"Lazer + Neg&oacute;cios + Aventura","publisher":{"@id":"https:\/\/www.travel3.com.br\/site\/#organization"},"potentialAction":[{"@type":"SearchAction","target":{"@type":"EntryPoint","urlTemplate":"https:\/\/www.travel3.com.br\/site\/?s={search_term_string}"},"query-input":{"@type":"PropertyValueSpecification","valueRequired":true,"valueName":"search_term_string"}}],"inLanguage":"pt-BR"},{"@type":"Organization","@id":"https:\/\/www.travel3.com.br\/site\/#organization","name":"Travel3","url":"https:\/\/www.travel3.com.br\/site\/","logo":{"@type":"ImageObject","inLanguage":"pt-BR","@id":"https:\/\/www.travel3.com.br\/site\/#\/schema\/logo\/image\/","url":"https:\/\/www.travel3.com.br\/site\/wp-content\/uploads\/2020\/01\/logo-travel3-2020.png","contentUrl":"https:\/\/www.travel3.com.br\/site\/wp-content\/uploads\/2020\/01\/logo-travel3-2020.png","width":232,"height":79,"caption":"Travel3"},"image":{"@id":"https:\/\/www.travel3.com.br\/site\/#\/schema\/logo\/image\/"},"sameAs":["https:\/\/www.facebook.com\/travel3media\/","https:\/\/www.instagram.com\/revistatravel3\/","https:\/\/www.youtube.com\/channel\/UCno7J4paGBR3VbZQzvoJ9Eg"]},{"@type":"Person","@id":"https:\/\/www.travel3.com.br\/site\/#\/schema\/person\/a69d71e41a024999b6ab82369ac0bd1e","name":"admin","image":{"@type":"ImageObject","inLanguage":"pt-BR","@id":"https:\/\/www.travel3.com.br\/site\/#\/schema\/person\/image\/","url":"https:\/\/secure.gravatar.com\/avatar\/732a67adfd764da2a47ba10ce731c4c0?s=96&d=mm&r=g","contentUrl":"https:\/\/secure.gravatar.com\/avatar\/732a67adfd764da2a47ba10ce731c4c0?s=96&d=mm&r=g","caption":"admin"},"url":"https:\/\/www.travel3.com.br\/site\/author\/admin\/"}]}},"_links":{"self":[{"href":"https:\/\/www.travel3.com.br\/site\/wp-json\/wp\/v2\/posts\/4895","targetHints":{"allow":["GET"]}}],"collection":[{"href":"https:\/\/www.travel3.com.br\/site\/wp-json\/wp\/v2\/posts"}],"about":[{"href":"https:\/\/www.travel3.com.br\/site\/wp-json\/wp\/v2\/types\/post"}],"author":[{"embeddable":true,"href":"https:\/\/www.travel3.com.br\/site\/wp-json\/wp\/v2\/users\/1"}],"replies":[{"embeddable":true,"href":"https:\/\/www.travel3.com.br\/site\/wp-json\/wp\/v2\/comments?post=4895"}],"version-history":[{"count":0,"href":"https:\/\/www.travel3.com.br\/site\/wp-json\/wp\/v2\/posts\/4895\/revisions"}],"wp:attachment":[{"href":"https:\/\/www.travel3.com.br\/site\/wp-json\/wp\/v2\/media?parent=4895"}],"wp:term":[{"taxonomy":"category","embeddable":true,"href":"https:\/\/www.travel3.com.br\/site\/wp-json\/wp\/v2\/categories?post=4895"},{"taxonomy":"post_tag","embeddable":true,"href":"https:\/\/www.travel3.com.br\/site\/wp-json\/wp\/v2\/tags?post=4895"}],"curies":[{"name":"wp","href":"https:\/\/api.w.org\/{rel}","templated":true}]}}