{"id":4858,"date":"2017-08-25T07:23:12","date_gmt":"2017-08-25T07:23:12","guid":{"rendered":"http:\/\/www.travel3.com.br\/site\/ir-e-vir\/ar\/super-herois-invadem-o-parque-vale-verde-nas-ferias-de-julho\/"},"modified":"2017-08-25T07:23:12","modified_gmt":"2017-08-25T07:23:12","slug":"super-herois-invadem-o-parque-vale-verde-nas-ferias-de-julho","status":"publish","type":"post","link":"https:\/\/www.travel3.com.br\/site\/sem-categoria\/super-herois-invadem-o-parque-vale-verde-nas-ferias-de-julho\/","title":{"rendered":"SUPER-HER\u00d3IS INVADEM O PARQUE VALE VERDE NAS F\u00c9RIAS DE JULHO"},"content":{"rendered":"<p><span style=\"color: #40acad; font-family: -apple-system, system-ui, 'Segoe UI', Roboto, Oxygen-Sans, Ubuntu, Cantarell, 'Helvetica Neue', sans-serif; font-size: 12px; font-weight: bold;\"><\/p>\n<p style=\"text-align: justify;\"><a class=\"fancybox-media\" href=\"..\/_uploads\/_noticia\/2016-07\/vale-verde-290815-foto-gustavoandrade00006.jpg\" rel=\"portfolio\"><img decoding=\"async\" alt=\"\" src=\"..\/_uploads\/_noticia\/2016-07\/vale-verde-290815-foto-gustavoandrade00006.jpg\" \/><\/a><\/p>\n<p style=\"text-align: justify;\">O Vale Verde Parque Ecol\u00f3gico, que fica a\u00a042 quil\u00f4metros da capital e \u00e9 considerado um dos melhores complexos tur\u00edsticos do entorno de BH, est\u00e1 com uma programa\u00e7\u00e3o pra l\u00e1 de especial para as f\u00e9rias de julho. Com o tema \u201cA liga Vale Verde ir\u00e1 salvar os papagaios\u201d, o Parque convida a crian\u00e7ada e toda a fam\u00edlia para fazer\u00a0uma viagem pelo mundo dos her\u00f3is, al\u00e9m de conferir atra\u00e7\u00f5es para comemorar o Ano do Papagaio. A campanha foi criada para alertar sobre o tr\u00e1fico de papagaios, o aumento do risco de extin\u00e7\u00e3o dessas aves e tamb\u00e9m chamar a aten\u00e7\u00e3o para a acelerada fragmenta\u00e7\u00e3o de seus habitats.<\/p>\n<p style=\"text-align: justify;\">\u201cToda crian\u00e7a \u00e9 apaixonada pelo mundo dos quadrinhos. N\u00f3s queremos oferecer a elas um ambiente divertido onde v\u00e3o poder conhecer um pouco mais sobre a hist\u00f3ria de seus her\u00f3is preferidos. Queremos aproveitar esta oportunidade para aproximar as crian\u00e7as da natureza e refor\u00e7ar a import\u00e2ncia de preservar a fauna silvestre, principalmente os Psitac\u00eddeos, que s\u00e3o as araras, os papagaios, as maritacas e as jandaias\u201d, afirma D\u00e9bora Vieira, coordenadora de Educa\u00e7\u00e3o Ambiental e Recrea\u00e7\u00e3o do Parque Ecol\u00f3gico.<\/p>\n<p style=\"text-align: justify;\">Logo na entrada do Parque, os \u201cBich\u00f5es\u201d (papagaios mascotes do Vale Verde) ir\u00e3o recepcionar os visitantes. As atividades come\u00e7am a partir das 11 horas e v\u00e3o acontecer durante o dia todo. No espa\u00e7o Playground, haver\u00e1 oficina de confec\u00e7\u00e3o de m\u00e1scaras de super-her\u00f3is, entre eles: Batman, Capit\u00e3o Am\u00e9rica, Homem de Ferro e Homem Aranha. Al\u00e9m disso, aqueles que quiserem passar o tempo relembrando divertidos e heroicos personagens das hist\u00f3rias em quadrinhos podem conferir a Exposi\u00e7\u00e3o de Gibis.<\/p>\n<p style=\"text-align: justify;\">Na sala Arara Azul ter\u00e1 Sess\u00e3o de Cinema com exibi\u00e7\u00e3o dos filmes: Batman VS Superman, Capit\u00e3o Am\u00e9rica, Tartarugas Ninja, Batman Cavaleiro das Trevas, Homem Formiga, Bolt Super C\u00e3o, Homem de Ferro, Os Vingadores e Os incr\u00edveis. \u00a0<\/p>\n<p style=\"text-align: justify;\">\nOs atrativos de lazer e aventura do Vale Verde Parque Ecol\u00f3gico funcionar\u00e3o normalmente no per\u00edodo das f\u00e9rias de julho, como a Tirolesa, Arco e Flecha, Pedalinho, Arvorismo, Escalada e o Viveiro Encantado dos L\u00f3ris.<\/p>\n<p style=\"text-align: justify;\"><a class=\"fancybox-media\" href=\"..\/_uploads\/_noticia\/2016-07\/vale-verde-290815-foto-gustavoandrade00011.jpg\" rel=\"portfolio\"><img decoding=\"async\" alt=\"\" src=\"..\/_uploads\/_noticia\/2016-07\/vale-verde-290815-foto-gustavoandrade00011.jpg\" \/><\/a><\/p>\n<p style=\"text-align: justify;\">Al\u00e9m disto, uma super exposi\u00e7\u00e3o do artista Luiz Carlos Santos ir\u00e1 retratar os diversos super her\u00f3is com giz e l\u00e1pis de cor. No dia 23, s\u00e1bado, ele far\u00e1 uma oficina para que a garotada aprenda os primeiros passos para criar o seu super her\u00f3i.<\/p>\n<p style=\"text-align: justify;\"><strong>Contato com a natureza<\/strong><br \/>\nDurante todo o passeio os visitantes interagem com o meio ambiente do local. \u00c9 poss\u00edvel encontrar diversos animais: s\u00e3o mais de 1.300, entre aves, mam\u00edferos, r\u00e9pteis e peixes. Viveiros gigantes e encantadores est\u00e3o por toda a parte. No Viveiro Encantado dos L\u00f3ris, por exemplo, que possui aves australianas muito coloridas e receptivas \u00e0 conviv\u00eancia humana, \u00e9 poss\u00edvel entrar e alimentar os p\u00e1ssaros.<br \/>\nJ\u00e1 no Viveiro Interativo as crian\u00e7as poder\u00e3o participar do Papo Animal, que acontece nos s\u00e1bado e domingo \u00e0s 15h30. A atividade \u00e9 desenvolvida e ministrada pela equipe de educa\u00e7\u00e3o ambiental, na qual os visitantes t\u00eam a oportunidade de aprender sobre o mundo animal e o cuidado com o meio ambiente, interagindo diretamente com os bichos. Durante a a\u00e7\u00e3o, crian\u00e7as e adultos se surpreendem com informa\u00e7\u00f5es sobre os h\u00e1bitos e o comportamento de animais curiosos como a Cacatua, Arara Azul Gigante, Grou Coroado, Jabuti, Iguana, Jiboia, entre muitos outros.<\/p>\n<p style=\"text-align: justify;\"><strong>Educafalco<\/strong><br \/>\nA Falcoaria, arte de criar e treinar falc\u00f5es e outras aves de rapina, promete impressionar \u00e0queles que passarem por l\u00e1. A apresenta\u00e7\u00e3o proporciona aos participantes um contato maior com as aves de rapina, fortalecendo a atividade de Educa\u00e7\u00e3o Ambiental exercida no Parque e sensibilizando o p\u00fablico a respeito da import\u00e2ncia da conserva\u00e7\u00e3o dos recursos naturais e oferecendo conhecimento sobre a relev\u00e2ncia dessas aves no ecossistema. A apresenta\u00e7\u00e3o acontecer\u00e1 no s\u00e1bado \u00e0s 14h, no Gramado da Mangueira.<\/p>\n<p style=\"text-align: justify;\"><a class=\"fancybox-media\" href=\"..\/_uploads\/_noticia\/2016-07\/vale-verde-290815-foto-gustavoandrade00060.jpg\" rel=\"portfolio\"><img decoding=\"async\" alt=\"\" src=\"..\/_uploads\/_noticia\/2016-07\/vale-verde-290815-foto-gustavoandrade00060.jpg\" \/><\/a><\/p>\n<p style=\"text-align: justify;\"><strong>Museu e processo de produ\u00e7\u00e3o das Cacha\u00e7as Vale Verde<\/strong><br \/>\nCom um acervo com cerca de 2 mil r\u00f3tulos com cacha\u00e7as de todo o Brasil, destilados de todo o mundo e uma s\u00e9rie de pain\u00e9is que ilustram a trajet\u00f3ria da cacha\u00e7a desde os primeiros relatos no Egito antigo at\u00e9 os dias de hoje, o Museu da Cacha\u00e7a \u00e9 uma espa\u00e7o onde o visitante faz uma viagem no tempo pela hist\u00f3ria da bebida. O museu est\u00e1 aberto para visita\u00e7\u00e3o das 10h \u00e0s 17h.<br \/>\nO Alambique das Cacha\u00e7as Vale Verde tamb\u00e9m estar\u00e1 aberto para \u00e0s visitas guiadas, onde \u00e9 poss\u00edvel conhecer sobre a produ\u00e7\u00e3o artesanal e sustent\u00e1vel dos produtos, desde a moagem at\u00e9 a degusta\u00e7\u00e3o da bebida. O tour, que tem in\u00edcio no Museu da Cacha\u00e7a, acontece \u00e0s 11h30, 13h30 e 14h30.<\/p>\n<p style=\"text-align: justify;\"><strong>Insetarium<\/strong><br \/>\nO espa\u00e7o conta com a exposi\u00e7\u00e3o permanente de insetos. Na visita, \u00e9 poss\u00edvel encontrar baratas, moscas, broca da cana, ten\u00e9brios, abelas, bichos-pau e grilos de diferentes idades. \u00c9 poss\u00edvel saber as propriedades nutritivas e entender como esses insetos s\u00e3o ideais para a alimenta\u00e7\u00e3o de animais que vivem em cativeiro. Est\u00e1 aberto \u00e0 visita\u00e7\u00e3o das 10h \u00e0s 16h.<\/p>\n<p style=\"text-align: justify;\"><strong>Gastronomia<\/strong><br \/>\nO Deck Restaurante Vale Verde possui op\u00e7\u00f5es variadas da culin\u00e1ria mineira, nacional e internacional, al\u00e9m de estar localizado em um lugar privilegiado, com uma vista panor\u00e2mica do Parque Ecol\u00f3gico. O toque especial fica por conta da harmoniza\u00e7\u00e3o da cacha\u00e7a na prepara\u00e7\u00e3o dos pratos e drinks.<br \/>\nPara quem preferir lanches r\u00e1pidos a melhor op\u00e7\u00e3o \u00e9 a Lanchonete Adega que oferece deliciosos lanches como os combos de cachorro-quente e x-burguer, al\u00e9m de petiscos como o leg\u00edtimo tropeiro mineiro e a t\u00e1bua de picanha.<\/p>\n<p><\/span><\/p>\n","protected":false},"excerpt":{"rendered":"<p>Crian\u00e7as e os adultos v\u00e3o fazer uma viagem pelo mundo dos quadrinhos, al\u00e9m de atra\u00e7\u00f5es em comemora\u00e7\u00e3o ao Ano do Papagaio<\/p>\n","protected":false},"author":1,"featured_media":0,"comment_status":"open","ping_status":"open","sticky":false,"template":"","format":"standard","meta":{"footnotes":""},"categories":[],"tags":[],"class_list":["post-4858","post","type-post","status-publish","format-standard","hentry"],"yoast_head":"<!-- This site is optimized with the Yoast SEO plugin v26.2 - https:\/\/yoast.com\/wordpress\/plugins\/seo\/ -->\n<title>SUPER-HER\u00d3IS INVADEM O PARQUE VALE VERDE NAS F\u00c9RIAS DE JULHO - Travel3<\/title>\n<meta name=\"description\" content=\"A TRAVEL3 \u00e9 um portal de conte\u00fado voltado para o turismo, encontre destinos, viagens, hospedagem, passagens, guias, not\u00edcias sobre o mercado do turismo, dicas de viagem, v\u00eddeos e podcast.\" \/>\n<meta name=\"robots\" content=\"index, follow, max-snippet:-1, max-image-preview:large, max-video-preview:-1\" \/>\n<link rel=\"canonical\" href=\"https:\/\/www.travel3.com.br\/site\/sem-categoria\/super-herois-invadem-o-parque-vale-verde-nas-ferias-de-julho\/\" \/>\n<meta property=\"og:locale\" content=\"pt_BR\" \/>\n<meta property=\"og:type\" content=\"article\" \/>\n<meta property=\"og:title\" content=\"SUPER-HER\u00d3IS INVADEM O PARQUE VALE VERDE NAS F\u00c9RIAS DE JULHO - Travel3\" \/>\n<meta property=\"og:description\" content=\"A TRAVEL3 \u00e9 um portal de conte\u00fado voltado para o turismo, encontre destinos, viagens, hospedagem, passagens, guias, not\u00edcias sobre o mercado do turismo, dicas de viagem, v\u00eddeos e podcast.\" \/>\n<meta property=\"og:url\" content=\"https:\/\/www.travel3.com.br\/site\/sem-categoria\/super-herois-invadem-o-parque-vale-verde-nas-ferias-de-julho\/\" \/>\n<meta property=\"og:site_name\" content=\"Travel3\" \/>\n<meta property=\"article:publisher\" content=\"https:\/\/www.facebook.com\/travel3media\/\" \/>\n<meta property=\"article:published_time\" content=\"2017-08-25T07:23:12+00:00\" \/>\n<meta name=\"author\" content=\"admin\" \/>\n<meta name=\"twitter:card\" content=\"summary_large_image\" \/>\n<meta name=\"twitter:label1\" content=\"Escrito por\" \/>\n\t<meta name=\"twitter:data1\" content=\"admin\" \/>\n\t<meta name=\"twitter:label2\" content=\"Est. tempo de leitura\" \/>\n\t<meta name=\"twitter:data2\" content=\"5 minutos\" \/>\n<script type=\"application\/ld+json\" class=\"yoast-schema-graph\">{\"@context\":\"https:\/\/schema.org\",\"@graph\":[{\"@type\":\"Article\",\"@id\":\"https:\/\/www.travel3.com.br\/site\/sem-categoria\/super-herois-invadem-o-parque-vale-verde-nas-ferias-de-julho\/#article\",\"isPartOf\":{\"@id\":\"https:\/\/www.travel3.com.br\/site\/sem-categoria\/super-herois-invadem-o-parque-vale-verde-nas-ferias-de-julho\/\"},\"author\":{\"name\":\"admin\",\"@id\":\"https:\/\/www.travel3.com.br\/site\/#\/schema\/person\/a69d71e41a024999b6ab82369ac0bd1e\"},\"headline\":\"SUPER-HER\u00d3IS INVADEM O PARQUE VALE VERDE NAS F\u00c9RIAS DE JULHO\",\"datePublished\":\"2017-08-25T07:23:12+00:00\",\"mainEntityOfPage\":{\"@id\":\"https:\/\/www.travel3.com.br\/site\/sem-categoria\/super-herois-invadem-o-parque-vale-verde-nas-ferias-de-julho\/\"},\"wordCount\":993,\"commentCount\":0,\"publisher\":{\"@id\":\"https:\/\/www.travel3.com.br\/site\/#organization\"},\"inLanguage\":\"pt-BR\",\"potentialAction\":[{\"@type\":\"CommentAction\",\"name\":\"Comment\",\"target\":[\"https:\/\/www.travel3.com.br\/site\/sem-categoria\/super-herois-invadem-o-parque-vale-verde-nas-ferias-de-julho\/#respond\"]}]},{\"@type\":\"WebPage\",\"@id\":\"https:\/\/www.travel3.com.br\/site\/sem-categoria\/super-herois-invadem-o-parque-vale-verde-nas-ferias-de-julho\/\",\"url\":\"https:\/\/www.travel3.com.br\/site\/sem-categoria\/super-herois-invadem-o-parque-vale-verde-nas-ferias-de-julho\/\",\"name\":\"SUPER-HER\u00d3IS INVADEM O PARQUE VALE VERDE NAS F\u00c9RIAS DE JULHO - Travel3\",\"isPartOf\":{\"@id\":\"https:\/\/www.travel3.com.br\/site\/#website\"},\"datePublished\":\"2017-08-25T07:23:12+00:00\",\"description\":\"A TRAVEL3 \u00e9 um portal de conte\u00fado voltado para o turismo, encontre destinos, viagens, hospedagem, passagens, guias, not\u00edcias sobre o mercado do turismo, dicas de viagem, v\u00eddeos e podcast.\",\"breadcrumb\":{\"@id\":\"https:\/\/www.travel3.com.br\/site\/sem-categoria\/super-herois-invadem-o-parque-vale-verde-nas-ferias-de-julho\/#breadcrumb\"},\"inLanguage\":\"pt-BR\",\"potentialAction\":[{\"@type\":\"ReadAction\",\"target\":[\"https:\/\/www.travel3.com.br\/site\/sem-categoria\/super-herois-invadem-o-parque-vale-verde-nas-ferias-de-julho\/\"]}]},{\"@type\":\"BreadcrumbList\",\"@id\":\"https:\/\/www.travel3.com.br\/site\/sem-categoria\/super-herois-invadem-o-parque-vale-verde-nas-ferias-de-julho\/#breadcrumb\",\"itemListElement\":[{\"@type\":\"ListItem\",\"position\":1,\"name\":\"In\u00edcio\",\"item\":\"https:\/\/www.travel3.com.br\/site\/\"},{\"@type\":\"ListItem\",\"position\":2,\"name\":\"SUPER-HER\u00d3IS INVADEM O PARQUE VALE VERDE NAS F\u00c9RIAS DE JULHO\"}]},{\"@type\":\"WebSite\",\"@id\":\"https:\/\/www.travel3.com.br\/site\/#website\",\"url\":\"https:\/\/www.travel3.com.br\/site\/\",\"name\":\"Travel3\",\"description\":\"Lazer + Neg&oacute;cios + Aventura\",\"publisher\":{\"@id\":\"https:\/\/www.travel3.com.br\/site\/#organization\"},\"potentialAction\":[{\"@type\":\"SearchAction\",\"target\":{\"@type\":\"EntryPoint\",\"urlTemplate\":\"https:\/\/www.travel3.com.br\/site\/?s={search_term_string}\"},\"query-input\":{\"@type\":\"PropertyValueSpecification\",\"valueRequired\":true,\"valueName\":\"search_term_string\"}}],\"inLanguage\":\"pt-BR\"},{\"@type\":\"Organization\",\"@id\":\"https:\/\/www.travel3.com.br\/site\/#organization\",\"name\":\"Travel3\",\"url\":\"https:\/\/www.travel3.com.br\/site\/\",\"logo\":{\"@type\":\"ImageObject\",\"inLanguage\":\"pt-BR\",\"@id\":\"https:\/\/www.travel3.com.br\/site\/#\/schema\/logo\/image\/\",\"url\":\"https:\/\/www.travel3.com.br\/site\/wp-content\/uploads\/2020\/01\/logo-travel3-2020.png\",\"contentUrl\":\"https:\/\/www.travel3.com.br\/site\/wp-content\/uploads\/2020\/01\/logo-travel3-2020.png\",\"width\":232,\"height\":79,\"caption\":\"Travel3\"},\"image\":{\"@id\":\"https:\/\/www.travel3.com.br\/site\/#\/schema\/logo\/image\/\"},\"sameAs\":[\"https:\/\/www.facebook.com\/travel3media\/\",\"https:\/\/www.instagram.com\/revistatravel3\/\",\"https:\/\/www.youtube.com\/channel\/UCno7J4paGBR3VbZQzvoJ9Eg\"]},{\"@type\":\"Person\",\"@id\":\"https:\/\/www.travel3.com.br\/site\/#\/schema\/person\/a69d71e41a024999b6ab82369ac0bd1e\",\"name\":\"admin\",\"image\":{\"@type\":\"ImageObject\",\"inLanguage\":\"pt-BR\",\"@id\":\"https:\/\/www.travel3.com.br\/site\/#\/schema\/person\/image\/\",\"url\":\"https:\/\/secure.gravatar.com\/avatar\/732a67adfd764da2a47ba10ce731c4c0?s=96&d=mm&r=g\",\"contentUrl\":\"https:\/\/secure.gravatar.com\/avatar\/732a67adfd764da2a47ba10ce731c4c0?s=96&d=mm&r=g\",\"caption\":\"admin\"},\"url\":\"https:\/\/www.travel3.com.br\/site\/author\/admin\/\"}]}<\/script>\n<!-- \/ Yoast SEO plugin. -->","yoast_head_json":{"title":"SUPER-HER\u00d3IS INVADEM O PARQUE VALE VERDE NAS F\u00c9RIAS DE JULHO - Travel3","description":"A TRAVEL3 \u00e9 um portal de conte\u00fado voltado para o turismo, encontre destinos, viagens, hospedagem, passagens, guias, not\u00edcias sobre o mercado do turismo, dicas de viagem, v\u00eddeos e podcast.","robots":{"index":"index","follow":"follow","max-snippet":"max-snippet:-1","max-image-preview":"max-image-preview:large","max-video-preview":"max-video-preview:-1"},"canonical":"https:\/\/www.travel3.com.br\/site\/sem-categoria\/super-herois-invadem-o-parque-vale-verde-nas-ferias-de-julho\/","og_locale":"pt_BR","og_type":"article","og_title":"SUPER-HER\u00d3IS INVADEM O PARQUE VALE VERDE NAS F\u00c9RIAS DE JULHO - Travel3","og_description":"A TRAVEL3 \u00e9 um portal de conte\u00fado voltado para o turismo, encontre destinos, viagens, hospedagem, passagens, guias, not\u00edcias sobre o mercado do turismo, dicas de viagem, v\u00eddeos e podcast.","og_url":"https:\/\/www.travel3.com.br\/site\/sem-categoria\/super-herois-invadem-o-parque-vale-verde-nas-ferias-de-julho\/","og_site_name":"Travel3","article_publisher":"https:\/\/www.facebook.com\/travel3media\/","article_published_time":"2017-08-25T07:23:12+00:00","author":"admin","twitter_card":"summary_large_image","twitter_misc":{"Escrito por":"admin","Est. tempo de leitura":"5 minutos"},"schema":{"@context":"https:\/\/schema.org","@graph":[{"@type":"Article","@id":"https:\/\/www.travel3.com.br\/site\/sem-categoria\/super-herois-invadem-o-parque-vale-verde-nas-ferias-de-julho\/#article","isPartOf":{"@id":"https:\/\/www.travel3.com.br\/site\/sem-categoria\/super-herois-invadem-o-parque-vale-verde-nas-ferias-de-julho\/"},"author":{"name":"admin","@id":"https:\/\/www.travel3.com.br\/site\/#\/schema\/person\/a69d71e41a024999b6ab82369ac0bd1e"},"headline":"SUPER-HER\u00d3IS INVADEM O PARQUE VALE VERDE NAS F\u00c9RIAS DE JULHO","datePublished":"2017-08-25T07:23:12+00:00","mainEntityOfPage":{"@id":"https:\/\/www.travel3.com.br\/site\/sem-categoria\/super-herois-invadem-o-parque-vale-verde-nas-ferias-de-julho\/"},"wordCount":993,"commentCount":0,"publisher":{"@id":"https:\/\/www.travel3.com.br\/site\/#organization"},"inLanguage":"pt-BR","potentialAction":[{"@type":"CommentAction","name":"Comment","target":["https:\/\/www.travel3.com.br\/site\/sem-categoria\/super-herois-invadem-o-parque-vale-verde-nas-ferias-de-julho\/#respond"]}]},{"@type":"WebPage","@id":"https:\/\/www.travel3.com.br\/site\/sem-categoria\/super-herois-invadem-o-parque-vale-verde-nas-ferias-de-julho\/","url":"https:\/\/www.travel3.com.br\/site\/sem-categoria\/super-herois-invadem-o-parque-vale-verde-nas-ferias-de-julho\/","name":"SUPER-HER\u00d3IS INVADEM O PARQUE VALE VERDE NAS F\u00c9RIAS DE JULHO - Travel3","isPartOf":{"@id":"https:\/\/www.travel3.com.br\/site\/#website"},"datePublished":"2017-08-25T07:23:12+00:00","description":"A TRAVEL3 \u00e9 um portal de conte\u00fado voltado para o turismo, encontre destinos, viagens, hospedagem, passagens, guias, not\u00edcias sobre o mercado do turismo, dicas de viagem, v\u00eddeos e podcast.","breadcrumb":{"@id":"https:\/\/www.travel3.com.br\/site\/sem-categoria\/super-herois-invadem-o-parque-vale-verde-nas-ferias-de-julho\/#breadcrumb"},"inLanguage":"pt-BR","potentialAction":[{"@type":"ReadAction","target":["https:\/\/www.travel3.com.br\/site\/sem-categoria\/super-herois-invadem-o-parque-vale-verde-nas-ferias-de-julho\/"]}]},{"@type":"BreadcrumbList","@id":"https:\/\/www.travel3.com.br\/site\/sem-categoria\/super-herois-invadem-o-parque-vale-verde-nas-ferias-de-julho\/#breadcrumb","itemListElement":[{"@type":"ListItem","position":1,"name":"In\u00edcio","item":"https:\/\/www.travel3.com.br\/site\/"},{"@type":"ListItem","position":2,"name":"SUPER-HER\u00d3IS INVADEM O PARQUE VALE VERDE NAS F\u00c9RIAS DE JULHO"}]},{"@type":"WebSite","@id":"https:\/\/www.travel3.com.br\/site\/#website","url":"https:\/\/www.travel3.com.br\/site\/","name":"Travel3","description":"Lazer + Neg&oacute;cios + Aventura","publisher":{"@id":"https:\/\/www.travel3.com.br\/site\/#organization"},"potentialAction":[{"@type":"SearchAction","target":{"@type":"EntryPoint","urlTemplate":"https:\/\/www.travel3.com.br\/site\/?s={search_term_string}"},"query-input":{"@type":"PropertyValueSpecification","valueRequired":true,"valueName":"search_term_string"}}],"inLanguage":"pt-BR"},{"@type":"Organization","@id":"https:\/\/www.travel3.com.br\/site\/#organization","name":"Travel3","url":"https:\/\/www.travel3.com.br\/site\/","logo":{"@type":"ImageObject","inLanguage":"pt-BR","@id":"https:\/\/www.travel3.com.br\/site\/#\/schema\/logo\/image\/","url":"https:\/\/www.travel3.com.br\/site\/wp-content\/uploads\/2020\/01\/logo-travel3-2020.png","contentUrl":"https:\/\/www.travel3.com.br\/site\/wp-content\/uploads\/2020\/01\/logo-travel3-2020.png","width":232,"height":79,"caption":"Travel3"},"image":{"@id":"https:\/\/www.travel3.com.br\/site\/#\/schema\/logo\/image\/"},"sameAs":["https:\/\/www.facebook.com\/travel3media\/","https:\/\/www.instagram.com\/revistatravel3\/","https:\/\/www.youtube.com\/channel\/UCno7J4paGBR3VbZQzvoJ9Eg"]},{"@type":"Person","@id":"https:\/\/www.travel3.com.br\/site\/#\/schema\/person\/a69d71e41a024999b6ab82369ac0bd1e","name":"admin","image":{"@type":"ImageObject","inLanguage":"pt-BR","@id":"https:\/\/www.travel3.com.br\/site\/#\/schema\/person\/image\/","url":"https:\/\/secure.gravatar.com\/avatar\/732a67adfd764da2a47ba10ce731c4c0?s=96&d=mm&r=g","contentUrl":"https:\/\/secure.gravatar.com\/avatar\/732a67adfd764da2a47ba10ce731c4c0?s=96&d=mm&r=g","caption":"admin"},"url":"https:\/\/www.travel3.com.br\/site\/author\/admin\/"}]}},"_links":{"self":[{"href":"https:\/\/www.travel3.com.br\/site\/wp-json\/wp\/v2\/posts\/4858","targetHints":{"allow":["GET"]}}],"collection":[{"href":"https:\/\/www.travel3.com.br\/site\/wp-json\/wp\/v2\/posts"}],"about":[{"href":"https:\/\/www.travel3.com.br\/site\/wp-json\/wp\/v2\/types\/post"}],"author":[{"embeddable":true,"href":"https:\/\/www.travel3.com.br\/site\/wp-json\/wp\/v2\/users\/1"}],"replies":[{"embeddable":true,"href":"https:\/\/www.travel3.com.br\/site\/wp-json\/wp\/v2\/comments?post=4858"}],"version-history":[{"count":0,"href":"https:\/\/www.travel3.com.br\/site\/wp-json\/wp\/v2\/posts\/4858\/revisions"}],"wp:attachment":[{"href":"https:\/\/www.travel3.com.br\/site\/wp-json\/wp\/v2\/media?parent=4858"}],"wp:term":[{"taxonomy":"category","embeddable":true,"href":"https:\/\/www.travel3.com.br\/site\/wp-json\/wp\/v2\/categories?post=4858"},{"taxonomy":"post_tag","embeddable":true,"href":"https:\/\/www.travel3.com.br\/site\/wp-json\/wp\/v2\/tags?post=4858"}],"curies":[{"name":"wp","href":"https:\/\/api.w.org\/{rel}","templated":true}]}}