{"id":4834,"date":"2017-08-25T15:12:17","date_gmt":"2017-08-25T15:12:17","guid":{"rendered":"http:\/\/www.travel3.com.br\/site\/ir-e-vir\/ar\/joinville-recebe-titulo-oficial-de-capital-nacional-da-danca\/"},"modified":"2017-08-25T15:12:17","modified_gmt":"2017-08-25T15:12:17","slug":"joinville-recebe-titulo-oficial-de-capital-nacional-da-danca","status":"publish","type":"post","link":"https:\/\/www.travel3.com.br\/site\/sem-categoria\/joinville-recebe-titulo-oficial-de-capital-nacional-da-danca\/","title":{"rendered":"JOINVILLE RECEBE TITULO OFICIAL DE CAPITAL NACIONAL DA DAN\u00c7A"},"content":{"rendered":"<p><span style=\"color: #40acad; font-family: -apple-system, system-ui, 'Segoe UI', Roboto, Oxygen-Sans, Ubuntu, Cantarell, 'Helvetica Neue', sans-serif; font-size: 12px; font-weight: bold;\"><\/p>\n<p style=\"text-align: justify;\"><a class=\"fancybox-media\" href=\"..\/_uploads\/_noticia\/2016-07\/festdancajoinvilleum.jpg\" rel=\"portfolio\"><img decoding=\"async\" alt=\"\" src=\"..\/_uploads\/_noticia\/2016-07\/festdancajoinvilleum.jpg\" \/><\/a><\/p>\n<p style=\"text-align: justify;\"><strong>JOINVILLE (SC)<\/strong> \u2013 A grande not\u00edcia da noite inaugural do 34\u00ba\u00a0Festival de Dan\u00e7a teve imediato reconhecimento e justa comemora\u00e7\u00e3o. Joinville recebeu oficialmente a comunica\u00e7\u00e3o do Decreto Lei 13.314 que oficializa sua designa\u00e7\u00e3o de Capital Nacional da Dan\u00e7a.<\/p>\n<p style=\"text-align: justify;\">Aplausos e muita emo\u00e7\u00e3o, afinal s\u00e3o mais de tr\u00eas d\u00e9cadas de um evento que tanto diz no bin\u00f4mio onde arte e cultura movimentam a economia. Joinville tem este atributo oficial,\u00a0saudado\u00a0por todos aqueles que constru\u00edram uma brilhante hist\u00f3ria neste evento.<\/p>\n<p style=\"text-align: justify;\"><a class=\"fancybox-media\" href=\"..\/_uploads\/_noticia\/2016-07\/joinvilletitulocidadanca.jpg\" rel=\"portfolio\"><img decoding=\"async\" alt=\"\" src=\"..\/_uploads\/_noticia\/2016-07\/joinvilletitulocidadanca.jpg\" \/><\/a><\/p>\n<p style=\"text-align: justify;\">Alunos da Escola do Teatro Bolshoi no Brasil levaram a p\u00e1gina emoldurada para o palco e fizeram \u00a0a entregaram para autoridades reunidas, o governador Raimundo Colombo, o Secret\u00e1rio Estadual de Cultura, Turismo e Lazer, Filipe Mello, o presidente da Funda\u00e7\u00e3o Cultural de Joinville, Guilherme Gassenferth, o presidente da Escola Bolshoi Brasil, Valdir Steglich, e o presidente do Instituto Festival de Dan\u00e7a, Ely Diniz, dentro do cerimonial que teve pronunciamentos\u00a0 enfatizando o significado do evento que neste ano re\u00fane um numero recorde de participantes.<\/p>\n<p style=\"text-align: justify;\">O presidente Ely Diniz, em seu discurso de sauda\u00e7\u00e3o, trouxe outros fatos significativos no hist\u00f3rico do evento, que dos 55% iniciais de recursos do governo para o seu or\u00e7amento, 34 edi\u00e7\u00f5es depois reduziu para apenas 18%. Com um corte de custos sem abdicar jamais da qualidade, mantemos o car\u00e1ter inovador e formador.<\/p>\n<p style=\"text-align: justify;\"><a class=\"fancybox-media\" href=\"..\/_uploads\/_noticia\/2016-07\/joinvillefestdancaelydiscursa.jpg\" rel=\"portfolio\"><img decoding=\"async\" alt=\"\" src=\"..\/_uploads\/_noticia\/2016-07\/joinvillefestdancaelydiscursa.jpg\" \/><\/a><\/p>\n<p style=\"text-align: justify;\">Neste ano, por exemplo, a escola Bolshoi ter\u00e1 cursos de aperfei\u00e7oamento para participantes que vieram de grande parte do pa\u00eds, do Paraguai e da Argentina. Vinte e tr\u00eas\u00a0estados brasileiros est\u00e3o presentes na capital da dan\u00e7a.<\/p>\n<p style=\"text-align: justify;\">Um detalhe significativo \u00e9 o aumento de 15% no numero de participantes deste ano em rela\u00e7\u00e3o a 2015. Outro \u00e9 o fato de ser um evento que conseguiu manter o mesmo numero de patrocinadores, apesar do critico momento vivido desde o ano passado pela economia brasileira.<\/p>\n<p style=\"text-align: justify;\">A \u2018Noite Especial\u2019 de inaugura\u00e7\u00e3o teve a \u00a0S\u00e3o Paulo Companhia de Dan\u00e7a, que retornou ao festival 7 anos depois de sua ultima apresenta\u00e7\u00e3o.\u00a0 Foram tr\u00eas su\u00edtes em diferentes linguagens, acompanhadas por um publico de quase cinco mil pessoas. O grupo\u00a0 paulista tem em sua forma\u00e7\u00e3o dois ex-alunos da Bolshoi de Joinville e dois medalhistas de ouro do Festival. \u00a0<\/p>\n<p style=\"text-align: justify;\"><a class=\"fancybox-media\" href=\"..\/_uploads\/_noticia\/2016-07\/joinvillefestdancaapresentacao.jpg\" rel=\"portfolio\"><img decoding=\"async\" alt=\"\" src=\"..\/_uploads\/_noticia\/2016-07\/joinvillefestdancaapresentacao.jpg\" \/><\/a><\/p>\n<p style=\"text-align: justify;\">\u00a0<\/p>\n<p style=\"text-align: justify;\"><a class=\"fancybox-media\" href=\"..\/_uploads\/_noticia\/2016-07\/8banner-coobrand-april-travel3--2-.jpg\" rel=\"portfolio\"><img decoding=\"async\" alt=\"\" src=\"..\/_uploads\/_noticia\/2016-07\/8banner-coobrand-april-travel3--2-.jpg\" \/><\/a><\/p>\n<p style=\"text-align: justify;\">\u00a0<\/p>\n<p style=\"text-align: justify;\">\u00a0<\/p>\n<p style=\"text-align: justify;\">\u00a0<\/p>\n<p style=\"text-align: justify;\">\u00a0<\/p>\n<p style=\"text-align: justify;\">\u00a0<\/p>\n<p><\/span><\/p>\n","protected":false},"excerpt":{"rendered":"<p>Decreto Lei presidencial apresentado na noite de abertura torna hist\u00f3rica a edi\u00e7\u00e3o de numero 34 do evento que vai at\u00e9 o dia 30<\/p>\n","protected":false},"author":1,"featured_media":0,"comment_status":"open","ping_status":"open","sticky":false,"template":"","format":"standard","meta":{"footnotes":""},"categories":[],"tags":[],"class_list":["post-4834","post","type-post","status-publish","format-standard","hentry"],"yoast_head":"<!-- This site is optimized with the Yoast SEO plugin v26.2 - https:\/\/yoast.com\/wordpress\/plugins\/seo\/ -->\n<title>JOINVILLE RECEBE TITULO OFICIAL DE CAPITAL NACIONAL DA DAN\u00c7A - Travel3<\/title>\n<meta name=\"description\" content=\"A TRAVEL3 \u00e9 um portal de conte\u00fado voltado para o turismo, encontre destinos, viagens, hospedagem, passagens, guias, not\u00edcias sobre o mercado do turismo, dicas de viagem, v\u00eddeos e podcast.\" \/>\n<meta name=\"robots\" content=\"index, follow, max-snippet:-1, max-image-preview:large, max-video-preview:-1\" \/>\n<link rel=\"canonical\" href=\"https:\/\/www.travel3.com.br\/site\/sem-categoria\/joinville-recebe-titulo-oficial-de-capital-nacional-da-danca\/\" \/>\n<meta property=\"og:locale\" content=\"pt_BR\" \/>\n<meta property=\"og:type\" content=\"article\" \/>\n<meta property=\"og:title\" content=\"JOINVILLE RECEBE TITULO OFICIAL DE CAPITAL NACIONAL DA DAN\u00c7A - Travel3\" \/>\n<meta property=\"og:description\" content=\"A TRAVEL3 \u00e9 um portal de conte\u00fado voltado para o turismo, encontre destinos, viagens, hospedagem, passagens, guias, not\u00edcias sobre o mercado do turismo, dicas de viagem, v\u00eddeos e podcast.\" \/>\n<meta property=\"og:url\" content=\"https:\/\/www.travel3.com.br\/site\/sem-categoria\/joinville-recebe-titulo-oficial-de-capital-nacional-da-danca\/\" \/>\n<meta property=\"og:site_name\" content=\"Travel3\" \/>\n<meta property=\"article:publisher\" content=\"https:\/\/www.facebook.com\/travel3media\/\" \/>\n<meta property=\"article:published_time\" content=\"2017-08-25T15:12:17+00:00\" \/>\n<meta name=\"author\" content=\"admin\" \/>\n<meta name=\"twitter:card\" content=\"summary_large_image\" \/>\n<meta name=\"twitter:label1\" content=\"Escrito por\" \/>\n\t<meta name=\"twitter:data1\" content=\"admin\" \/>\n\t<meta name=\"twitter:label2\" content=\"Est. tempo de leitura\" \/>\n\t<meta name=\"twitter:data2\" content=\"2 minutos\" \/>\n<script type=\"application\/ld+json\" class=\"yoast-schema-graph\">{\"@context\":\"https:\/\/schema.org\",\"@graph\":[{\"@type\":\"Article\",\"@id\":\"https:\/\/www.travel3.com.br\/site\/sem-categoria\/joinville-recebe-titulo-oficial-de-capital-nacional-da-danca\/#article\",\"isPartOf\":{\"@id\":\"https:\/\/www.travel3.com.br\/site\/sem-categoria\/joinville-recebe-titulo-oficial-de-capital-nacional-da-danca\/\"},\"author\":{\"name\":\"admin\",\"@id\":\"https:\/\/www.travel3.com.br\/site\/#\/schema\/person\/a69d71e41a024999b6ab82369ac0bd1e\"},\"headline\":\"JOINVILLE RECEBE TITULO OFICIAL DE CAPITAL NACIONAL DA DAN\u00c7A\",\"datePublished\":\"2017-08-25T15:12:17+00:00\",\"mainEntityOfPage\":{\"@id\":\"https:\/\/www.travel3.com.br\/site\/sem-categoria\/joinville-recebe-titulo-oficial-de-capital-nacional-da-danca\/\"},\"wordCount\":389,\"commentCount\":0,\"publisher\":{\"@id\":\"https:\/\/www.travel3.com.br\/site\/#organization\"},\"inLanguage\":\"pt-BR\",\"potentialAction\":[{\"@type\":\"CommentAction\",\"name\":\"Comment\",\"target\":[\"https:\/\/www.travel3.com.br\/site\/sem-categoria\/joinville-recebe-titulo-oficial-de-capital-nacional-da-danca\/#respond\"]}]},{\"@type\":\"WebPage\",\"@id\":\"https:\/\/www.travel3.com.br\/site\/sem-categoria\/joinville-recebe-titulo-oficial-de-capital-nacional-da-danca\/\",\"url\":\"https:\/\/www.travel3.com.br\/site\/sem-categoria\/joinville-recebe-titulo-oficial-de-capital-nacional-da-danca\/\",\"name\":\"JOINVILLE RECEBE TITULO OFICIAL DE CAPITAL NACIONAL DA DAN\u00c7A - Travel3\",\"isPartOf\":{\"@id\":\"https:\/\/www.travel3.com.br\/site\/#website\"},\"datePublished\":\"2017-08-25T15:12:17+00:00\",\"description\":\"A TRAVEL3 \u00e9 um portal de conte\u00fado voltado para o turismo, encontre destinos, viagens, hospedagem, passagens, guias, not\u00edcias sobre o mercado do turismo, dicas de viagem, v\u00eddeos e podcast.\",\"breadcrumb\":{\"@id\":\"https:\/\/www.travel3.com.br\/site\/sem-categoria\/joinville-recebe-titulo-oficial-de-capital-nacional-da-danca\/#breadcrumb\"},\"inLanguage\":\"pt-BR\",\"potentialAction\":[{\"@type\":\"ReadAction\",\"target\":[\"https:\/\/www.travel3.com.br\/site\/sem-categoria\/joinville-recebe-titulo-oficial-de-capital-nacional-da-danca\/\"]}]},{\"@type\":\"BreadcrumbList\",\"@id\":\"https:\/\/www.travel3.com.br\/site\/sem-categoria\/joinville-recebe-titulo-oficial-de-capital-nacional-da-danca\/#breadcrumb\",\"itemListElement\":[{\"@type\":\"ListItem\",\"position\":1,\"name\":\"In\u00edcio\",\"item\":\"https:\/\/www.travel3.com.br\/site\/\"},{\"@type\":\"ListItem\",\"position\":2,\"name\":\"JOINVILLE RECEBE TITULO OFICIAL DE CAPITAL NACIONAL DA DAN\u00c7A\"}]},{\"@type\":\"WebSite\",\"@id\":\"https:\/\/www.travel3.com.br\/site\/#website\",\"url\":\"https:\/\/www.travel3.com.br\/site\/\",\"name\":\"Travel3\",\"description\":\"Lazer + Neg&oacute;cios + Aventura\",\"publisher\":{\"@id\":\"https:\/\/www.travel3.com.br\/site\/#organization\"},\"potentialAction\":[{\"@type\":\"SearchAction\",\"target\":{\"@type\":\"EntryPoint\",\"urlTemplate\":\"https:\/\/www.travel3.com.br\/site\/?s={search_term_string}\"},\"query-input\":{\"@type\":\"PropertyValueSpecification\",\"valueRequired\":true,\"valueName\":\"search_term_string\"}}],\"inLanguage\":\"pt-BR\"},{\"@type\":\"Organization\",\"@id\":\"https:\/\/www.travel3.com.br\/site\/#organization\",\"name\":\"Travel3\",\"url\":\"https:\/\/www.travel3.com.br\/site\/\",\"logo\":{\"@type\":\"ImageObject\",\"inLanguage\":\"pt-BR\",\"@id\":\"https:\/\/www.travel3.com.br\/site\/#\/schema\/logo\/image\/\",\"url\":\"https:\/\/www.travel3.com.br\/site\/wp-content\/uploads\/2020\/01\/logo-travel3-2020.png\",\"contentUrl\":\"https:\/\/www.travel3.com.br\/site\/wp-content\/uploads\/2020\/01\/logo-travel3-2020.png\",\"width\":232,\"height\":79,\"caption\":\"Travel3\"},\"image\":{\"@id\":\"https:\/\/www.travel3.com.br\/site\/#\/schema\/logo\/image\/\"},\"sameAs\":[\"https:\/\/www.facebook.com\/travel3media\/\",\"https:\/\/www.instagram.com\/revistatravel3\/\",\"https:\/\/www.youtube.com\/channel\/UCno7J4paGBR3VbZQzvoJ9Eg\"]},{\"@type\":\"Person\",\"@id\":\"https:\/\/www.travel3.com.br\/site\/#\/schema\/person\/a69d71e41a024999b6ab82369ac0bd1e\",\"name\":\"admin\",\"image\":{\"@type\":\"ImageObject\",\"inLanguage\":\"pt-BR\",\"@id\":\"https:\/\/www.travel3.com.br\/site\/#\/schema\/person\/image\/\",\"url\":\"https:\/\/secure.gravatar.com\/avatar\/732a67adfd764da2a47ba10ce731c4c0?s=96&d=mm&r=g\",\"contentUrl\":\"https:\/\/secure.gravatar.com\/avatar\/732a67adfd764da2a47ba10ce731c4c0?s=96&d=mm&r=g\",\"caption\":\"admin\"},\"url\":\"https:\/\/www.travel3.com.br\/site\/author\/admin\/\"}]}<\/script>\n<!-- \/ Yoast SEO plugin. -->","yoast_head_json":{"title":"JOINVILLE RECEBE TITULO OFICIAL DE CAPITAL NACIONAL DA DAN\u00c7A - Travel3","description":"A TRAVEL3 \u00e9 um portal de conte\u00fado voltado para o turismo, encontre destinos, viagens, hospedagem, passagens, guias, not\u00edcias sobre o mercado do turismo, dicas de viagem, v\u00eddeos e podcast.","robots":{"index":"index","follow":"follow","max-snippet":"max-snippet:-1","max-image-preview":"max-image-preview:large","max-video-preview":"max-video-preview:-1"},"canonical":"https:\/\/www.travel3.com.br\/site\/sem-categoria\/joinville-recebe-titulo-oficial-de-capital-nacional-da-danca\/","og_locale":"pt_BR","og_type":"article","og_title":"JOINVILLE RECEBE TITULO OFICIAL DE CAPITAL NACIONAL DA DAN\u00c7A - Travel3","og_description":"A TRAVEL3 \u00e9 um portal de conte\u00fado voltado para o turismo, encontre destinos, viagens, hospedagem, passagens, guias, not\u00edcias sobre o mercado do turismo, dicas de viagem, v\u00eddeos e podcast.","og_url":"https:\/\/www.travel3.com.br\/site\/sem-categoria\/joinville-recebe-titulo-oficial-de-capital-nacional-da-danca\/","og_site_name":"Travel3","article_publisher":"https:\/\/www.facebook.com\/travel3media\/","article_published_time":"2017-08-25T15:12:17+00:00","author":"admin","twitter_card":"summary_large_image","twitter_misc":{"Escrito por":"admin","Est. tempo de leitura":"2 minutos"},"schema":{"@context":"https:\/\/schema.org","@graph":[{"@type":"Article","@id":"https:\/\/www.travel3.com.br\/site\/sem-categoria\/joinville-recebe-titulo-oficial-de-capital-nacional-da-danca\/#article","isPartOf":{"@id":"https:\/\/www.travel3.com.br\/site\/sem-categoria\/joinville-recebe-titulo-oficial-de-capital-nacional-da-danca\/"},"author":{"name":"admin","@id":"https:\/\/www.travel3.com.br\/site\/#\/schema\/person\/a69d71e41a024999b6ab82369ac0bd1e"},"headline":"JOINVILLE RECEBE TITULO OFICIAL DE CAPITAL NACIONAL DA DAN\u00c7A","datePublished":"2017-08-25T15:12:17+00:00","mainEntityOfPage":{"@id":"https:\/\/www.travel3.com.br\/site\/sem-categoria\/joinville-recebe-titulo-oficial-de-capital-nacional-da-danca\/"},"wordCount":389,"commentCount":0,"publisher":{"@id":"https:\/\/www.travel3.com.br\/site\/#organization"},"inLanguage":"pt-BR","potentialAction":[{"@type":"CommentAction","name":"Comment","target":["https:\/\/www.travel3.com.br\/site\/sem-categoria\/joinville-recebe-titulo-oficial-de-capital-nacional-da-danca\/#respond"]}]},{"@type":"WebPage","@id":"https:\/\/www.travel3.com.br\/site\/sem-categoria\/joinville-recebe-titulo-oficial-de-capital-nacional-da-danca\/","url":"https:\/\/www.travel3.com.br\/site\/sem-categoria\/joinville-recebe-titulo-oficial-de-capital-nacional-da-danca\/","name":"JOINVILLE RECEBE TITULO OFICIAL DE CAPITAL NACIONAL DA DAN\u00c7A - Travel3","isPartOf":{"@id":"https:\/\/www.travel3.com.br\/site\/#website"},"datePublished":"2017-08-25T15:12:17+00:00","description":"A TRAVEL3 \u00e9 um portal de conte\u00fado voltado para o turismo, encontre destinos, viagens, hospedagem, passagens, guias, not\u00edcias sobre o mercado do turismo, dicas de viagem, v\u00eddeos e podcast.","breadcrumb":{"@id":"https:\/\/www.travel3.com.br\/site\/sem-categoria\/joinville-recebe-titulo-oficial-de-capital-nacional-da-danca\/#breadcrumb"},"inLanguage":"pt-BR","potentialAction":[{"@type":"ReadAction","target":["https:\/\/www.travel3.com.br\/site\/sem-categoria\/joinville-recebe-titulo-oficial-de-capital-nacional-da-danca\/"]}]},{"@type":"BreadcrumbList","@id":"https:\/\/www.travel3.com.br\/site\/sem-categoria\/joinville-recebe-titulo-oficial-de-capital-nacional-da-danca\/#breadcrumb","itemListElement":[{"@type":"ListItem","position":1,"name":"In\u00edcio","item":"https:\/\/www.travel3.com.br\/site\/"},{"@type":"ListItem","position":2,"name":"JOINVILLE RECEBE TITULO OFICIAL DE CAPITAL NACIONAL DA DAN\u00c7A"}]},{"@type":"WebSite","@id":"https:\/\/www.travel3.com.br\/site\/#website","url":"https:\/\/www.travel3.com.br\/site\/","name":"Travel3","description":"Lazer + Neg&oacute;cios + Aventura","publisher":{"@id":"https:\/\/www.travel3.com.br\/site\/#organization"},"potentialAction":[{"@type":"SearchAction","target":{"@type":"EntryPoint","urlTemplate":"https:\/\/www.travel3.com.br\/site\/?s={search_term_string}"},"query-input":{"@type":"PropertyValueSpecification","valueRequired":true,"valueName":"search_term_string"}}],"inLanguage":"pt-BR"},{"@type":"Organization","@id":"https:\/\/www.travel3.com.br\/site\/#organization","name":"Travel3","url":"https:\/\/www.travel3.com.br\/site\/","logo":{"@type":"ImageObject","inLanguage":"pt-BR","@id":"https:\/\/www.travel3.com.br\/site\/#\/schema\/logo\/image\/","url":"https:\/\/www.travel3.com.br\/site\/wp-content\/uploads\/2020\/01\/logo-travel3-2020.png","contentUrl":"https:\/\/www.travel3.com.br\/site\/wp-content\/uploads\/2020\/01\/logo-travel3-2020.png","width":232,"height":79,"caption":"Travel3"},"image":{"@id":"https:\/\/www.travel3.com.br\/site\/#\/schema\/logo\/image\/"},"sameAs":["https:\/\/www.facebook.com\/travel3media\/","https:\/\/www.instagram.com\/revistatravel3\/","https:\/\/www.youtube.com\/channel\/UCno7J4paGBR3VbZQzvoJ9Eg"]},{"@type":"Person","@id":"https:\/\/www.travel3.com.br\/site\/#\/schema\/person\/a69d71e41a024999b6ab82369ac0bd1e","name":"admin","image":{"@type":"ImageObject","inLanguage":"pt-BR","@id":"https:\/\/www.travel3.com.br\/site\/#\/schema\/person\/image\/","url":"https:\/\/secure.gravatar.com\/avatar\/732a67adfd764da2a47ba10ce731c4c0?s=96&d=mm&r=g","contentUrl":"https:\/\/secure.gravatar.com\/avatar\/732a67adfd764da2a47ba10ce731c4c0?s=96&d=mm&r=g","caption":"admin"},"url":"https:\/\/www.travel3.com.br\/site\/author\/admin\/"}]}},"_links":{"self":[{"href":"https:\/\/www.travel3.com.br\/site\/wp-json\/wp\/v2\/posts\/4834","targetHints":{"allow":["GET"]}}],"collection":[{"href":"https:\/\/www.travel3.com.br\/site\/wp-json\/wp\/v2\/posts"}],"about":[{"href":"https:\/\/www.travel3.com.br\/site\/wp-json\/wp\/v2\/types\/post"}],"author":[{"embeddable":true,"href":"https:\/\/www.travel3.com.br\/site\/wp-json\/wp\/v2\/users\/1"}],"replies":[{"embeddable":true,"href":"https:\/\/www.travel3.com.br\/site\/wp-json\/wp\/v2\/comments?post=4834"}],"version-history":[{"count":0,"href":"https:\/\/www.travel3.com.br\/site\/wp-json\/wp\/v2\/posts\/4834\/revisions"}],"wp:attachment":[{"href":"https:\/\/www.travel3.com.br\/site\/wp-json\/wp\/v2\/media?parent=4834"}],"wp:term":[{"taxonomy":"category","embeddable":true,"href":"https:\/\/www.travel3.com.br\/site\/wp-json\/wp\/v2\/categories?post=4834"},{"taxonomy":"post_tag","embeddable":true,"href":"https:\/\/www.travel3.com.br\/site\/wp-json\/wp\/v2\/tags?post=4834"}],"curies":[{"name":"wp","href":"https:\/\/api.w.org\/{rel}","templated":true}]}}