{"id":48276,"date":"2022-05-11T20:01:29","date_gmt":"2022-05-11T23:01:29","guid":{"rendered":"https:\/\/www.travel3.com.br\/?p=48276"},"modified":"2022-05-11T20:23:51","modified_gmt":"2022-05-11T23:23:51","slug":"diversa-promove-o-caribe-para-agentes-mineiros","status":"publish","type":"post","link":"https:\/\/www.travel3.com.br\/site\/acontece-no-turismo\/operadoras\/diversa-promove-o-caribe-para-agentes-mineiros\/","title":{"rendered":"Diversa promove o Caribe para agentes mineiros"},"content":{"rendered":"\n<h2 class=\"has-text-align-center wp-block-heading\">Em formato inovador, evento Descubra Caribe movimentou o trade tur\u00edstico de Minas Gerais<\/h2>\n\n\n\n<p>O evento Descubra Caribe, promovido pela Diversa Turismo, aconteceu na \u00faltima ter\u00e7a-feira, 10\/05, em Belo Horizonte. &nbsp;Ap\u00f3s edi\u00e7\u00f5es em Campinas e em S\u00e3o Paulo, o encerramento da caravana na capital mineira fechou com chave de ouro o road-show da operadora do Grupo Arbo.<\/p>\n\n\n\n<p>Em BH os agentes de viagem foram recebidos pelo time da Diversa &#8211; n\u00e3o s\u00f3 pela equipe da operadora em Minas Gerais, mas tamb\u00e9m por parte da base de S\u00e3o Paulo que veio especialmente para acompanhar o evento<\/p>\n\n\n\n<p>Os sal\u00f5es do hotel Mercure Belo Horizonte Lourdes foram tomados por fornecedores e profissionais das ag\u00eancias de viagem, todos parceiros da Diversa. Mais de 40 agentes convidados acompanharam as apresenta\u00e7\u00f5es sobre os produtos oferecidos e travaram contato com destinos, hot\u00e9is, companhia a\u00e9rea e outros servi\u00e7os tur\u00edsticos do seu interesse. Al\u00e9m disso, puderam conhecer novos produtos e buscar informa\u00e7\u00f5es sobre atra\u00e7\u00f5es espec\u00edficas.<\/p>\n\n\n\n<div class=\"wp-block-image\"><figure class=\"aligncenter size-full\"><img loading=\"lazy\" decoding=\"async\" width=\"1024\" height=\"765\" src=\"https:\/\/www.travel3.com.br\/site\/wp-content\/uploads\/2022\/05\/Diversa-Descubra-Caribe4.jpg\" alt=\"Descubra Caribe - Diversa\" class=\"wp-image-48341\" srcset=\"https:\/\/www.travel3.com.br\/site\/wp-content\/uploads\/2022\/05\/Diversa-Descubra-Caribe4.jpg 1024w, https:\/\/www.travel3.com.br\/site\/wp-content\/uploads\/2022\/05\/Diversa-Descubra-Caribe4-300x224.jpg 300w, https:\/\/www.travel3.com.br\/site\/wp-content\/uploads\/2022\/05\/Diversa-Descubra-Caribe4-768x574.jpg 768w, https:\/\/www.travel3.com.br\/site\/wp-content\/uploads\/2022\/05\/Diversa-Descubra-Caribe4-150x112.jpg 150w, https:\/\/www.travel3.com.br\/site\/wp-content\/uploads\/2022\/05\/Diversa-Descubra-Caribe4-750x560.jpg 750w\" sizes=\"auto, (max-width: 1024px) 100vw, 1024px\" \/><figcaption>Diversa reuniu agentes de viagem e fornecedores no Descubra Caribe (Foto: Caroline Tonaco) <\/figcaption><\/figure><\/div>\n\n\n\n<h2 class=\"wp-block-heading\">Descubra Caribe \u2013 Diversa inova no formato do evento<\/h2>\n\n\n\n<p>Nas rodadas que aconteceram em Campinas e em S\u00e3o Paulo, o Descubra Caribe j\u00e1 mostrou uma ess\u00eancia singular que gerou empolga\u00e7\u00e3o entre os participantes. E em Belo Horizonte n\u00e3o foi diferente. Al\u00e9m de promover capacita\u00e7\u00e3o, o objetivo principal do encontro foi proporcionar aos agentes uma oportunidade exclusiva de relacionamento, entre si e com os fornecedores, durante um dia reservado para uma imers\u00e3o no destino Caribe. As capacita\u00e7\u00f5es tiveram in\u00edcio logo ap\u00f3s o caf\u00e9 da manh\u00e3 de boas-vindas e, intercaladas por um coffee break, seguiram at\u00e9 o meio-dia.<\/p>\n\n\n\n<blockquote class=\"wp-block-quote is-layout-flow wp-block-quote-is-layout-flow\"><p>N\u00f3s quer\u00edamos fazer algo diferente do usual.  Foi quando pensamos em limitar a quantidade de fornecedores, para que a capacita\u00e7\u00e3o ocorresse somente durante a manh\u00e3, e na parte da tarde pudesse ser feita uma din\u00e2mica em grupo. Assim, escolhemos 6 temas de viagens, e atrav\u00e9s de sorteio, definimos os grupos e o tema que cada um deles teria para montar um pacote de viagem. \u00a0Dessa forma, unimos agentes que n\u00e3o se conheciam, e a brincadeira come\u00e7ou. <\/p><p>Com essa din\u00e2mica, os fornecedores acabaram se tornando consultores, sendo chamados pelos grupos para esclarecer quaisquer d\u00favidas dos agentes.<\/p><p>Ao final, os 6 pacotes de viagem elaborados pelos grupos foram analisados em v\u00e1rios quesitos por uma banca julgadora que concedeu, ao vencedor, um famtour no Caribe, com hospedagem nos hot\u00e9is do grupo Posadas, um dos nossos parceiros no evento.<\/p><cite>Priscila Fabri &#8211; Gerente de Marketing da Diversa Turismo<\/cite><\/blockquote>\n\n\n\n<p>Ap\u00f3s o almo\u00e7o o evento continuou com o sorteio dos grupos e dos temas de viagens para que os pacote customizados pudessem ser idealizados. Os 6 temas &#8211; Viagem somente para adultos + Viagem em fam\u00edlia + LGBT + Celebra\u00e7\u00f5es+ Bem estar + Vida ao ar livre &#8211; foram os mesmos nas 3 edi\u00e7\u00f5es do Descubra Caribe.<\/p>\n\n\n\n<p>Os agentes puderam usar de suas expertises para, com o apoio dos fornecedores, criar uma viagem que atendesse ao tema e que fizesse a uni\u00e3o perfeita entre destino + hotel + passeios + pre\u00e7o =  finalizando um pacote de viagem pass\u00edvel de comercializa\u00e7\u00e3o.<\/p>\n\n\n\n<div class=\"wp-block-image\"><figure class=\"aligncenter size-full\"><img loading=\"lazy\" decoding=\"async\" width=\"1024\" height=\"768\" src=\"https:\/\/www.travel3.com.br\/site\/wp-content\/uploads\/2022\/05\/diversa1.jpg\" alt=\"evento Diversa\" class=\"wp-image-48350\" srcset=\"https:\/\/www.travel3.com.br\/site\/wp-content\/uploads\/2022\/05\/diversa1.jpg 1024w, https:\/\/www.travel3.com.br\/site\/wp-content\/uploads\/2022\/05\/diversa1-300x225.jpg 300w, https:\/\/www.travel3.com.br\/site\/wp-content\/uploads\/2022\/05\/diversa1-768x576.jpg 768w, https:\/\/www.travel3.com.br\/site\/wp-content\/uploads\/2022\/05\/diversa1-150x113.jpg 150w, https:\/\/www.travel3.com.br\/site\/wp-content\/uploads\/2022\/05\/diversa1-750x563.jpg 750w\" sizes=\"auto, (max-width: 1024px) 100vw, 1024px\" \/><figcaption>Marisa Zamboni, da ATTravel; Ney Neves, da AMRCollection e Luciana Alonso, do Turismo da Jamaica. (Foto: Caroline Tonaco)<\/figcaption><\/figure><\/div>\n\n\n\n<h2 class=\"wp-block-heading\">Fornecedores marcam presen\u00e7a<\/h2>\n\n\n\n<p>Como sempre acontece nas capacita\u00e7\u00f5es da Diversa Turismo, os fornecedores de produtos e servi\u00e7os parceiros primaram pela qualidade. O evento Descubra Caribe contou com a parceria de AMRCollection, ATTravel, Caribe Mexicano, Copa Airlines, Grupo Presidente, Turismo da Jamaica, Meli\u00e1 Hotels International, Palladium Hotel Group, Playa Hotels &amp; Resorts, RCD Hotels, Sandos Hotels &amp; Resorts, Seadust Canc\u00fan Family Resorts e Grupo Posadas.<\/p>\n\n\n\n<div class=\"wp-block-image\"><figure class=\"aligncenter size-full\"><img loading=\"lazy\" decoding=\"async\" width=\"1024\" height=\"768\" src=\"https:\/\/www.travel3.com.br\/site\/wp-content\/uploads\/2022\/05\/diversa2.jpg\" alt=\"evento Diversa\" class=\"wp-image-48351\" srcset=\"https:\/\/www.travel3.com.br\/site\/wp-content\/uploads\/2022\/05\/diversa2.jpg 1024w, https:\/\/www.travel3.com.br\/site\/wp-content\/uploads\/2022\/05\/diversa2-300x225.jpg 300w, https:\/\/www.travel3.com.br\/site\/wp-content\/uploads\/2022\/05\/diversa2-768x576.jpg 768w, https:\/\/www.travel3.com.br\/site\/wp-content\/uploads\/2022\/05\/diversa2-150x113.jpg 150w, https:\/\/www.travel3.com.br\/site\/wp-content\/uploads\/2022\/05\/diversa2-750x563.jpg 750w\" sizes=\"auto, (max-width: 1024px) 100vw, 1024px\" \/><figcaption>Beatriz Barbosa, da RCD Hotels (Foto: Caroline Tonaco)<\/figcaption><\/figure><\/div>\n\n\n\n<div class=\"wp-block-image\"><figure class=\"aligncenter size-full\"><img loading=\"lazy\" decoding=\"async\" width=\"1024\" height=\"820\" src=\"https:\/\/www.travel3.com.br\/site\/wp-content\/uploads\/2022\/05\/diversa3.jpg\" alt=\"evento Diversa BH\" class=\"wp-image-48352\" srcset=\"https:\/\/www.travel3.com.br\/site\/wp-content\/uploads\/2022\/05\/diversa3.jpg 1024w, https:\/\/www.travel3.com.br\/site\/wp-content\/uploads\/2022\/05\/diversa3-300x240.jpg 300w, https:\/\/www.travel3.com.br\/site\/wp-content\/uploads\/2022\/05\/diversa3-768x615.jpg 768w, https:\/\/www.travel3.com.br\/site\/wp-content\/uploads\/2022\/05\/diversa3-150x120.jpg 150w, https:\/\/www.travel3.com.br\/site\/wp-content\/uploads\/2022\/05\/diversa3-750x601.jpg 750w\" sizes=\"auto, (max-width: 1024px) 100vw, 1024px\" \/><figcaption>Marcelo Salom\u00e3o, do Grupo Presidente (Foto: Caroline Tonaco)<\/figcaption><\/figure><\/div>\n\n\n\n<div class=\"wp-block-image\"><figure class=\"aligncenter size-full\"><img loading=\"lazy\" decoding=\"async\" width=\"1024\" height=\"841\" src=\"https:\/\/www.travel3.com.br\/site\/wp-content\/uploads\/2022\/05\/diversa4.jpg\" alt=\"evento Diversa BH\" class=\"wp-image-48353\" srcset=\"https:\/\/www.travel3.com.br\/site\/wp-content\/uploads\/2022\/05\/diversa4.jpg 1024w, https:\/\/www.travel3.com.br\/site\/wp-content\/uploads\/2022\/05\/diversa4-300x246.jpg 300w, https:\/\/www.travel3.com.br\/site\/wp-content\/uploads\/2022\/05\/diversa4-768x631.jpg 768w, https:\/\/www.travel3.com.br\/site\/wp-content\/uploads\/2022\/05\/diversa4-150x123.jpg 150w, https:\/\/www.travel3.com.br\/site\/wp-content\/uploads\/2022\/05\/diversa4-750x616.jpg 750w\" sizes=\"auto, (max-width: 1024px) 100vw, 1024px\" \/><figcaption>Jessica Fabbrini, do Playa Resorts (Foto: Caroline Tonaco)<\/figcaption><\/figure><\/div>\n\n\n\n<div class=\"wp-block-image\"><figure class=\"aligncenter size-full\"><img loading=\"lazy\" decoding=\"async\" width=\"1024\" height=\"774\" src=\"https:\/\/www.travel3.com.br\/site\/wp-content\/uploads\/2022\/05\/diversa5.jpg\" alt=\"evento Diversa\" class=\"wp-image-48354\" srcset=\"https:\/\/www.travel3.com.br\/site\/wp-content\/uploads\/2022\/05\/diversa5.jpg 1024w, https:\/\/www.travel3.com.br\/site\/wp-content\/uploads\/2022\/05\/diversa5-300x227.jpg 300w, https:\/\/www.travel3.com.br\/site\/wp-content\/uploads\/2022\/05\/diversa5-768x581.jpg 768w, https:\/\/www.travel3.com.br\/site\/wp-content\/uploads\/2022\/05\/diversa5-150x113.jpg 150w, https:\/\/www.travel3.com.br\/site\/wp-content\/uploads\/2022\/05\/diversa5-750x567.jpg 750w\" sizes=\"auto, (max-width: 1024px) 100vw, 1024px\" \/><figcaption>Carolina Massocato, do Sandos Hotels &amp; Resorts (foto: Caroline Tonaco)<\/figcaption><\/figure><\/div>\n\n\n\n<div class=\"wp-block-image\"><figure class=\"aligncenter size-full\"><img loading=\"lazy\" decoding=\"async\" width=\"1024\" height=\"901\" src=\"https:\/\/www.travel3.com.br\/site\/wp-content\/uploads\/2022\/05\/diversa6.jpg\" alt=\"evento Diversa\" class=\"wp-image-48355\" srcset=\"https:\/\/www.travel3.com.br\/site\/wp-content\/uploads\/2022\/05\/diversa6.jpg 1024w, https:\/\/www.travel3.com.br\/site\/wp-content\/uploads\/2022\/05\/diversa6-300x264.jpg 300w, https:\/\/www.travel3.com.br\/site\/wp-content\/uploads\/2022\/05\/diversa6-768x676.jpg 768w, https:\/\/www.travel3.com.br\/site\/wp-content\/uploads\/2022\/05\/diversa6-150x132.jpg 150w, https:\/\/www.travel3.com.br\/site\/wp-content\/uploads\/2022\/05\/diversa6-750x660.jpg 750w\" sizes=\"auto, (max-width: 1024px) 100vw, 1024px\" \/><figcaption>Luis Fabiano Dias, da Copa Airlines (Foto:: Caroline Tonaco)<\/figcaption><\/figure><\/div>\n\n\n\n<h2 class=\"wp-block-heading\">Edi\u00e7\u00e3o de BH premia 2 grupos com viagem ao Caribe<\/h2>\n\n\n\n<p>Na etapa Belo Horizonte do Descubra Caribe, ocorreu um fato in\u00e9dito. Ap\u00f3s a apresenta\u00e7\u00e3o dos pacotes idealizados pelos grupos, uma diferen\u00e7a de apenas 0,4 pontos foi apontada entre os dois primeiros colocados, o que levou a banca julgadora a se reunir com os fornecedores presentes, e decidiram pela premia\u00e7\u00e3o de ambos os grupos.<\/p>\n\n\n\n<div class=\"wp-block-image\"><figure class=\"aligncenter size-large\"><img loading=\"lazy\" decoding=\"async\" width=\"1024\" height=\"768\" src=\"https:\/\/www.travel3.com.br\/site\/wp-content\/uploads\/2022\/05\/Grupo-Celebracoes-Diversa-Turismo-1024x768.jpg\" alt=\"Descubra Caribe - Diversa\" class=\"wp-image-48342\" srcset=\"https:\/\/www.travel3.com.br\/site\/wp-content\/uploads\/2022\/05\/Grupo-Celebracoes-Diversa-Turismo-1024x768.jpg 1024w, https:\/\/www.travel3.com.br\/site\/wp-content\/uploads\/2022\/05\/Grupo-Celebracoes-Diversa-Turismo-300x225.jpg 300w, https:\/\/www.travel3.com.br\/site\/wp-content\/uploads\/2022\/05\/Grupo-Celebracoes-Diversa-Turismo-768x576.jpg 768w, https:\/\/www.travel3.com.br\/site\/wp-content\/uploads\/2022\/05\/Grupo-Celebracoes-Diversa-Turismo-1536x1152.jpg 1536w, https:\/\/www.travel3.com.br\/site\/wp-content\/uploads\/2022\/05\/Grupo-Celebracoes-Diversa-Turismo-150x113.jpg 150w, https:\/\/www.travel3.com.br\/site\/wp-content\/uploads\/2022\/05\/Grupo-Celebracoes-Diversa-Turismo-750x563.jpg 750w, https:\/\/www.travel3.com.br\/site\/wp-content\/uploads\/2022\/05\/Grupo-Celebracoes-Diversa-Turismo-1140x855.jpg 1140w, https:\/\/www.travel3.com.br\/site\/wp-content\/uploads\/2022\/05\/Grupo-Celebracoes-Diversa-Turismo.jpg 1600w\" sizes=\"auto, (max-width: 1024px) 100vw, 1024px\" \/><figcaption>Grupo vencedor do 1\u00ba lugar, premiado com viagem ao Caribe pela rede Posadas &#8211; Tucha Falcon, da Tucha Turismo; Pablo Vasconcelos, Vasconcelos Turismo; Igor Madaleno, Belvitur; Vanessa, Via Real; Heloisa Maffia, Realizar Viagens e Marco Centurim (Foto: Divulga\u00e7\u00e3o)<\/figcaption><\/figure><\/div>\n\n\n\n<p>O Grupo premiado em 1\u00ba lugar desenvolveu uma viagem com o tema Celebra\u00e7\u00f5es, e apresentou um pacote de 4 noites + passeios + festas + tempo livre no hotel,  para 9 amigos fazerem a inusitada celebra\u00e7\u00e3o de um div\u00f3rcio. Os agentes integrantes do grupo Celebra\u00e7\u00f5es foram premiados com um famtour para o Caribe, oferecido pelo Grupo Posadas.<\/p>\n\n\n\n<div class=\"wp-block-image\"><figure class=\"aligncenter size-large\"><img loading=\"lazy\" decoding=\"async\" width=\"1024\" height=\"766\" src=\"https:\/\/www.travel3.com.br\/site\/wp-content\/uploads\/2022\/05\/Grupo-Vida-ao-Ar-Livre-Diversa-Turismo-1024x766.jpg\" alt=\"Descubra Caribe - Diversa\" class=\"wp-image-48343\" srcset=\"https:\/\/www.travel3.com.br\/site\/wp-content\/uploads\/2022\/05\/Grupo-Vida-ao-Ar-Livre-Diversa-Turismo-1024x766.jpg 1024w, https:\/\/www.travel3.com.br\/site\/wp-content\/uploads\/2022\/05\/Grupo-Vida-ao-Ar-Livre-Diversa-Turismo-300x225.jpg 300w, https:\/\/www.travel3.com.br\/site\/wp-content\/uploads\/2022\/05\/Grupo-Vida-ao-Ar-Livre-Diversa-Turismo-768x575.jpg 768w, https:\/\/www.travel3.com.br\/site\/wp-content\/uploads\/2022\/05\/Grupo-Vida-ao-Ar-Livre-Diversa-Turismo-150x112.jpg 150w, https:\/\/www.travel3.com.br\/site\/wp-content\/uploads\/2022\/05\/Grupo-Vida-ao-Ar-Livre-Diversa-Turismo-750x561.jpg 750w, https:\/\/www.travel3.com.br\/site\/wp-content\/uploads\/2022\/05\/Grupo-Vida-ao-Ar-Livre-Diversa-Turismo-1140x853.jpg 1140w, https:\/\/www.travel3.com.br\/site\/wp-content\/uploads\/2022\/05\/Grupo-Vida-ao-Ar-Livre-Diversa-Turismo.jpg 1280w\" sizes=\"auto, (max-width: 1024px) 100vw, 1024px\" \/><figcaption>Mariza Zamboni, Jessica Fabbrini e Luciana Alonso, ladeando o grupo premiado com viagem para a Jamaica : Sergio Lagares, Fanaticostur; Ana Paula, Castle Tours; Vivian, Viva Tours; Rafael, Falls Viagens; Sil Paceli, Classtur e Simone, Art Fly (Foto: Divulga\u00e7\u00e3o)<\/figcaption><\/figure><\/div>\n\n\n\n<p>O grupo Vida ao Ar Livre ficou com o 2\u00ba lugar, com um roteiro idealizado para 6 mulheres buscando uma viagem que lhes permitisse novas experi\u00eancias e sensa\u00e7\u00f5es em contato cm a natureza. Apesar de n\u00e3o estar na programa\u00e7\u00e3o, pela diferen\u00e7a m\u00ednima apontada pelos julgadores, o grupo foi premiado com uma viagem para a Jamaica, oferecida pelo turismo da Jamaica + Playa Resorts + Palace Resorts.<\/p>\n\n\n\n<div class=\"wp-block-image\"><figure class=\"aligncenter size-full\"><img loading=\"lazy\" decoding=\"async\" width=\"767\" height=\"1024\" src=\"https:\/\/www.travel3.com.br\/site\/wp-content\/uploads\/2022\/05\/Diversa-Descubra-Caribe3.jpg\" alt=\"Descubra Caribe - Diversa\" class=\"wp-image-48340\" srcset=\"https:\/\/www.travel3.com.br\/site\/wp-content\/uploads\/2022\/05\/Diversa-Descubra-Caribe3.jpg 767w, https:\/\/www.travel3.com.br\/site\/wp-content\/uploads\/2022\/05\/Diversa-Descubra-Caribe3-225x300.jpg 225w, https:\/\/www.travel3.com.br\/site\/wp-content\/uploads\/2022\/05\/Diversa-Descubra-Caribe3-640x853.jpg 640w, https:\/\/www.travel3.com.br\/site\/wp-content\/uploads\/2022\/05\/Diversa-Descubra-Caribe3-150x200.jpg 150w, https:\/\/www.travel3.com.br\/site\/wp-content\/uploads\/2022\/05\/Diversa-Descubra-Caribe3-750x1001.jpg 750w\" sizes=\"auto, (max-width: 767px) 100vw, 767px\" \/><\/figure><\/div>\n\n\n\n<h2 class=\"wp-block-heading\">Sucesso do Descubra Caribe promete novas edi\u00e7\u00f5es do evento <\/h2>\n\n\n\n<p>Os n\u00fameros apontados pelo Descubra Caribe refletem o sucesso da 1\u00aa edi\u00e7\u00e3o do evento promovido pela Diversa Turismo. Mais de 120 agentes de viagem participaram e desenvolveram 18 novos roteiros\/pacotes. Devido \u00e0 boa receptividade de agentes e fornecedores com o novo formato apresentado, a operadora j\u00e1 se manifestou favor\u00e1vel a uma segunda edi\u00e7\u00e3o do Descubra, agora com um novo destino.<\/p>\n\n\n\n<p>A Diversa ressalta que todos os 18 pacotes criados durante as 3 edi\u00e7\u00f5es do Descubra Caribe ser\u00e3o disponibilizados, com os nomes dos idealizadores, brevemente no <strong><a href=\"http:\/\/www.diversaturismo.com.br\" target=\"_blank\" rel=\"noreferrer noopener\">site da operadora<\/a><\/strong>.<\/p>\n\n\n\n<blockquote class=\"wp-block-quote is-layout-flow wp-block-quote-is-layout-flow\"><p>Foi muito bom ver a imers\u00e3o dos agentes, vendo que eles toparam o desafio de entrar nessa din\u00e2mica em grupo que envolveu muita troca de experi\u00eancias e tamb\u00e9m de opini\u00f5es. O Descubra Caribe superou as nossas expectativas, e tamb\u00e9m a dos nossos parceiros fornecedores. J\u00e1 estamos pensando numa pr\u00f3xima edi\u00e7\u00e3o com um novo destino. Os pacotes criados entrar\u00e3o no site da Diversa, consolidando tudo aquilo que foi constru\u00eddo durante o evento, que teve muita qualidade e deixou todos n\u00f3s felizes. Fechamos com chave de ouro em Belo Horizonte! Estamos encerrando o Descubra Caribe com uma \u00f3tima sensa\u00e7\u00e3o de dever cumprido.<\/p><cite>Priscila Fabri &#8211; Gerente de marketing da Diversa Turismo<\/cite><\/blockquote>\n","protected":false},"excerpt":{"rendered":"<p>Em formato inovador, evento Descubra Caribe movimentou o trade tur\u00edstico de Minas Gerais<\/p>\n","protected":false},"author":6,"featured_media":48347,"comment_status":"open","ping_status":"open","sticky":false,"template":"","format":"standard","meta":{"footnotes":""},"categories":[969,226,5,4],"tags":[4906,4010,2076,4089],"class_list":["post-48276","post","type-post","status-publish","format-standard","has-post-thumbnail","hentry","category-acontece-no-turismo","category-destaque","category-eventos-e-feiras","category-operadoras","tag-descubra-caribe","tag-diversa","tag-diversa-turismo","tag-grupo-arbo"],"yoast_head":"<!-- This site is optimized with the Yoast SEO plugin v26.2 - https:\/\/yoast.com\/wordpress\/plugins\/seo\/ -->\n<title>Diversa promove o Caribe para agentes mineiros - Travel3<\/title>\n<meta name=\"description\" content=\"Diversa promove o Caribe para agentes mineiros; Em formato inovador, evento Descubra Caribe movimentou o trade tur\u00edstico de Minas Gerais\" \/>\n<meta name=\"robots\" content=\"index, follow, max-snippet:-1, max-image-preview:large, max-video-preview:-1\" \/>\n<link rel=\"canonical\" href=\"https:\/\/www.travel3.com.br\/site\/acontece-no-turismo\/operadoras\/diversa-promove-o-caribe-para-agentes-mineiros\/\" \/>\n<meta property=\"og:locale\" content=\"pt_BR\" \/>\n<meta property=\"og:type\" content=\"article\" \/>\n<meta property=\"og:title\" content=\"Diversa promove o Caribe para agentes mineiros - Travel3\" \/>\n<meta property=\"og:description\" content=\"Diversa promove o Caribe para agentes mineiros; Em formato inovador, evento Descubra Caribe movimentou o trade tur\u00edstico de Minas Gerais\" \/>\n<meta property=\"og:url\" content=\"https:\/\/www.travel3.com.br\/site\/acontece-no-turismo\/operadoras\/diversa-promove-o-caribe-para-agentes-mineiros\/\" \/>\n<meta property=\"og:site_name\" content=\"Travel3\" \/>\n<meta property=\"article:publisher\" content=\"https:\/\/www.facebook.com\/travel3media\/\" \/>\n<meta property=\"article:published_time\" content=\"2022-05-11T23:01:29+00:00\" \/>\n<meta property=\"article:modified_time\" content=\"2022-05-11T23:23:51+00:00\" \/>\n<meta property=\"og:image\" content=\"https:\/\/www.travel3.com.br\/site\/wp-content\/uploads\/2022\/05\/Descubra-Caribe-e1652290938614.jpg\" \/>\n\t<meta property=\"og:image:width\" content=\"983\" \/>\n\t<meta property=\"og:image:height\" content=\"847\" \/>\n\t<meta property=\"og:image:type\" content=\"image\/jpeg\" \/>\n<meta name=\"author\" content=\"Reda\u00e7\u00e3o Travel3\" \/>\n<meta name=\"twitter:card\" content=\"summary_large_image\" \/>\n<meta name=\"twitter:label1\" content=\"Escrito por\" \/>\n\t<meta name=\"twitter:data1\" content=\"Reda\u00e7\u00e3o Travel3\" \/>\n\t<meta name=\"twitter:label2\" content=\"Est. tempo de leitura\" \/>\n\t<meta name=\"twitter:data2\" content=\"8 minutos\" \/>\n<script type=\"application\/ld+json\" class=\"yoast-schema-graph\">{\"@context\":\"https:\/\/schema.org\",\"@graph\":[{\"@type\":\"Article\",\"@id\":\"https:\/\/www.travel3.com.br\/site\/acontece-no-turismo\/operadoras\/diversa-promove-o-caribe-para-agentes-mineiros\/#article\",\"isPartOf\":{\"@id\":\"https:\/\/www.travel3.com.br\/site\/acontece-no-turismo\/operadoras\/diversa-promove-o-caribe-para-agentes-mineiros\/\"},\"author\":{\"name\":\"Reda\u00e7\u00e3o Travel3\",\"@id\":\"https:\/\/www.travel3.com.br\/site\/#\/schema\/person\/9cff8daac0a2f1aa0799f827b8aa8308\"},\"headline\":\"Diversa promove o Caribe para agentes mineiros\",\"datePublished\":\"2022-05-11T23:01:29+00:00\",\"dateModified\":\"2022-05-11T23:23:51+00:00\",\"mainEntityOfPage\":{\"@id\":\"https:\/\/www.travel3.com.br\/site\/acontece-no-turismo\/operadoras\/diversa-promove-o-caribe-para-agentes-mineiros\/\"},\"wordCount\":1167,\"commentCount\":0,\"publisher\":{\"@id\":\"https:\/\/www.travel3.com.br\/site\/#organization\"},\"image\":{\"@id\":\"https:\/\/www.travel3.com.br\/site\/acontece-no-turismo\/operadoras\/diversa-promove-o-caribe-para-agentes-mineiros\/#primaryimage\"},\"thumbnailUrl\":\"https:\/\/www.travel3.com.br\/site\/wp-content\/uploads\/2022\/05\/Descubra-Caribe-e1652290938614.jpg\",\"keywords\":[\"Descubra caribe\",\"Diversa\",\"Diversa Turismo\",\"Grupo Arbo\"],\"articleSection\":[\"Acontece no Turismo\",\"Destaque\",\"Eventos e Feiras\",\"Operadoras\"],\"inLanguage\":\"pt-BR\",\"potentialAction\":[{\"@type\":\"CommentAction\",\"name\":\"Comment\",\"target\":[\"https:\/\/www.travel3.com.br\/site\/acontece-no-turismo\/operadoras\/diversa-promove-o-caribe-para-agentes-mineiros\/#respond\"]}]},{\"@type\":\"WebPage\",\"@id\":\"https:\/\/www.travel3.com.br\/site\/acontece-no-turismo\/operadoras\/diversa-promove-o-caribe-para-agentes-mineiros\/\",\"url\":\"https:\/\/www.travel3.com.br\/site\/acontece-no-turismo\/operadoras\/diversa-promove-o-caribe-para-agentes-mineiros\/\",\"name\":\"Diversa promove o Caribe para agentes mineiros - Travel3\",\"isPartOf\":{\"@id\":\"https:\/\/www.travel3.com.br\/site\/#website\"},\"primaryImageOfPage\":{\"@id\":\"https:\/\/www.travel3.com.br\/site\/acontece-no-turismo\/operadoras\/diversa-promove-o-caribe-para-agentes-mineiros\/#primaryimage\"},\"image\":{\"@id\":\"https:\/\/www.travel3.com.br\/site\/acontece-no-turismo\/operadoras\/diversa-promove-o-caribe-para-agentes-mineiros\/#primaryimage\"},\"thumbnailUrl\":\"https:\/\/www.travel3.com.br\/site\/wp-content\/uploads\/2022\/05\/Descubra-Caribe-e1652290938614.jpg\",\"datePublished\":\"2022-05-11T23:01:29+00:00\",\"dateModified\":\"2022-05-11T23:23:51+00:00\",\"description\":\"Diversa promove o Caribe para agentes mineiros; Em formato inovador, evento Descubra Caribe movimentou o trade tur\u00edstico de Minas Gerais\",\"breadcrumb\":{\"@id\":\"https:\/\/www.travel3.com.br\/site\/acontece-no-turismo\/operadoras\/diversa-promove-o-caribe-para-agentes-mineiros\/#breadcrumb\"},\"inLanguage\":\"pt-BR\",\"potentialAction\":[{\"@type\":\"ReadAction\",\"target\":[\"https:\/\/www.travel3.com.br\/site\/acontece-no-turismo\/operadoras\/diversa-promove-o-caribe-para-agentes-mineiros\/\"]}]},{\"@type\":\"ImageObject\",\"inLanguage\":\"pt-BR\",\"@id\":\"https:\/\/www.travel3.com.br\/site\/acontece-no-turismo\/operadoras\/diversa-promove-o-caribe-para-agentes-mineiros\/#primaryimage\",\"url\":\"https:\/\/www.travel3.com.br\/site\/wp-content\/uploads\/2022\/05\/Descubra-Caribe-e1652290938614.jpg\",\"contentUrl\":\"https:\/\/www.travel3.com.br\/site\/wp-content\/uploads\/2022\/05\/Descubra-Caribe-e1652290938614.jpg\",\"width\":983,\"height\":847,\"caption\":\"Filipe Lorandes, Nathallya Le\u00e3o, Patr\u00edcia Br\u00edgido, Priscila Fabri, Hugo Lagares, Mariana Syllos, Jo\u00e3o Cruz e Raquel Batista. O time da Diversa presente no evento em BH (Foto: Caroline Tonaco)\"},{\"@type\":\"BreadcrumbList\",\"@id\":\"https:\/\/www.travel3.com.br\/site\/acontece-no-turismo\/operadoras\/diversa-promove-o-caribe-para-agentes-mineiros\/#breadcrumb\",\"itemListElement\":[{\"@type\":\"ListItem\",\"position\":1,\"name\":\"In\u00edcio\",\"item\":\"https:\/\/www.travel3.com.br\/site\/\"},{\"@type\":\"ListItem\",\"position\":2,\"name\":\"Diversa promove o Caribe para agentes mineiros\"}]},{\"@type\":\"WebSite\",\"@id\":\"https:\/\/www.travel3.com.br\/site\/#website\",\"url\":\"https:\/\/www.travel3.com.br\/site\/\",\"name\":\"Travel3\",\"description\":\"Lazer + Neg&oacute;cios + Aventura\",\"publisher\":{\"@id\":\"https:\/\/www.travel3.com.br\/site\/#organization\"},\"potentialAction\":[{\"@type\":\"SearchAction\",\"target\":{\"@type\":\"EntryPoint\",\"urlTemplate\":\"https:\/\/www.travel3.com.br\/site\/?s={search_term_string}\"},\"query-input\":{\"@type\":\"PropertyValueSpecification\",\"valueRequired\":true,\"valueName\":\"search_term_string\"}}],\"inLanguage\":\"pt-BR\"},{\"@type\":\"Organization\",\"@id\":\"https:\/\/www.travel3.com.br\/site\/#organization\",\"name\":\"Travel3\",\"url\":\"https:\/\/www.travel3.com.br\/site\/\",\"logo\":{\"@type\":\"ImageObject\",\"inLanguage\":\"pt-BR\",\"@id\":\"https:\/\/www.travel3.com.br\/site\/#\/schema\/logo\/image\/\",\"url\":\"https:\/\/www.travel3.com.br\/site\/wp-content\/uploads\/2020\/01\/logo-travel3-2020.png\",\"contentUrl\":\"https:\/\/www.travel3.com.br\/site\/wp-content\/uploads\/2020\/01\/logo-travel3-2020.png\",\"width\":232,\"height\":79,\"caption\":\"Travel3\"},\"image\":{\"@id\":\"https:\/\/www.travel3.com.br\/site\/#\/schema\/logo\/image\/\"},\"sameAs\":[\"https:\/\/www.facebook.com\/travel3media\/\",\"https:\/\/www.instagram.com\/revistatravel3\/\",\"https:\/\/www.youtube.com\/channel\/UCno7J4paGBR3VbZQzvoJ9Eg\"]},{\"@type\":\"Person\",\"@id\":\"https:\/\/www.travel3.com.br\/site\/#\/schema\/person\/9cff8daac0a2f1aa0799f827b8aa8308\",\"name\":\"Reda\u00e7\u00e3o Travel3\",\"image\":{\"@type\":\"ImageObject\",\"inLanguage\":\"pt-BR\",\"@id\":\"https:\/\/www.travel3.com.br\/site\/#\/schema\/person\/image\/\",\"url\":\"https:\/\/secure.gravatar.com\/avatar\/6e6125525e1f04b7b8c607d71556e490?s=96&d=mm&r=g\",\"contentUrl\":\"https:\/\/secure.gravatar.com\/avatar\/6e6125525e1f04b7b8c607d71556e490?s=96&d=mm&r=g\",\"caption\":\"Reda\u00e7\u00e3o Travel3\"},\"sameAs\":[\"http:\/\/www.travel3.com.br\"],\"url\":\"https:\/\/www.travel3.com.br\/site\/author\/redacao2\/\"}]}<\/script>\n<!-- \/ Yoast SEO plugin. -->","yoast_head_json":{"title":"Diversa promove o Caribe para agentes mineiros - Travel3","description":"Diversa promove o Caribe para agentes mineiros; Em formato inovador, evento Descubra Caribe movimentou o trade tur\u00edstico de Minas Gerais","robots":{"index":"index","follow":"follow","max-snippet":"max-snippet:-1","max-image-preview":"max-image-preview:large","max-video-preview":"max-video-preview:-1"},"canonical":"https:\/\/www.travel3.com.br\/site\/acontece-no-turismo\/operadoras\/diversa-promove-o-caribe-para-agentes-mineiros\/","og_locale":"pt_BR","og_type":"article","og_title":"Diversa promove o Caribe para agentes mineiros - Travel3","og_description":"Diversa promove o Caribe para agentes mineiros; Em formato inovador, evento Descubra Caribe movimentou o trade tur\u00edstico de Minas Gerais","og_url":"https:\/\/www.travel3.com.br\/site\/acontece-no-turismo\/operadoras\/diversa-promove-o-caribe-para-agentes-mineiros\/","og_site_name":"Travel3","article_publisher":"https:\/\/www.facebook.com\/travel3media\/","article_published_time":"2022-05-11T23:01:29+00:00","article_modified_time":"2022-05-11T23:23:51+00:00","og_image":[{"width":983,"height":847,"url":"https:\/\/www.travel3.com.br\/site\/wp-content\/uploads\/2022\/05\/Descubra-Caribe-e1652290938614.jpg","type":"image\/jpeg"}],"author":"Reda\u00e7\u00e3o Travel3","twitter_card":"summary_large_image","twitter_misc":{"Escrito por":"Reda\u00e7\u00e3o Travel3","Est. tempo de leitura":"8 minutos"},"schema":{"@context":"https:\/\/schema.org","@graph":[{"@type":"Article","@id":"https:\/\/www.travel3.com.br\/site\/acontece-no-turismo\/operadoras\/diversa-promove-o-caribe-para-agentes-mineiros\/#article","isPartOf":{"@id":"https:\/\/www.travel3.com.br\/site\/acontece-no-turismo\/operadoras\/diversa-promove-o-caribe-para-agentes-mineiros\/"},"author":{"name":"Reda\u00e7\u00e3o Travel3","@id":"https:\/\/www.travel3.com.br\/site\/#\/schema\/person\/9cff8daac0a2f1aa0799f827b8aa8308"},"headline":"Diversa promove o Caribe para agentes mineiros","datePublished":"2022-05-11T23:01:29+00:00","dateModified":"2022-05-11T23:23:51+00:00","mainEntityOfPage":{"@id":"https:\/\/www.travel3.com.br\/site\/acontece-no-turismo\/operadoras\/diversa-promove-o-caribe-para-agentes-mineiros\/"},"wordCount":1167,"commentCount":0,"publisher":{"@id":"https:\/\/www.travel3.com.br\/site\/#organization"},"image":{"@id":"https:\/\/www.travel3.com.br\/site\/acontece-no-turismo\/operadoras\/diversa-promove-o-caribe-para-agentes-mineiros\/#primaryimage"},"thumbnailUrl":"https:\/\/www.travel3.com.br\/site\/wp-content\/uploads\/2022\/05\/Descubra-Caribe-e1652290938614.jpg","keywords":["Descubra caribe","Diversa","Diversa Turismo","Grupo Arbo"],"articleSection":["Acontece no Turismo","Destaque","Eventos e Feiras","Operadoras"],"inLanguage":"pt-BR","potentialAction":[{"@type":"CommentAction","name":"Comment","target":["https:\/\/www.travel3.com.br\/site\/acontece-no-turismo\/operadoras\/diversa-promove-o-caribe-para-agentes-mineiros\/#respond"]}]},{"@type":"WebPage","@id":"https:\/\/www.travel3.com.br\/site\/acontece-no-turismo\/operadoras\/diversa-promove-o-caribe-para-agentes-mineiros\/","url":"https:\/\/www.travel3.com.br\/site\/acontece-no-turismo\/operadoras\/diversa-promove-o-caribe-para-agentes-mineiros\/","name":"Diversa promove o Caribe para agentes mineiros - Travel3","isPartOf":{"@id":"https:\/\/www.travel3.com.br\/site\/#website"},"primaryImageOfPage":{"@id":"https:\/\/www.travel3.com.br\/site\/acontece-no-turismo\/operadoras\/diversa-promove-o-caribe-para-agentes-mineiros\/#primaryimage"},"image":{"@id":"https:\/\/www.travel3.com.br\/site\/acontece-no-turismo\/operadoras\/diversa-promove-o-caribe-para-agentes-mineiros\/#primaryimage"},"thumbnailUrl":"https:\/\/www.travel3.com.br\/site\/wp-content\/uploads\/2022\/05\/Descubra-Caribe-e1652290938614.jpg","datePublished":"2022-05-11T23:01:29+00:00","dateModified":"2022-05-11T23:23:51+00:00","description":"Diversa promove o Caribe para agentes mineiros; Em formato inovador, evento Descubra Caribe movimentou o trade tur\u00edstico de Minas Gerais","breadcrumb":{"@id":"https:\/\/www.travel3.com.br\/site\/acontece-no-turismo\/operadoras\/diversa-promove-o-caribe-para-agentes-mineiros\/#breadcrumb"},"inLanguage":"pt-BR","potentialAction":[{"@type":"ReadAction","target":["https:\/\/www.travel3.com.br\/site\/acontece-no-turismo\/operadoras\/diversa-promove-o-caribe-para-agentes-mineiros\/"]}]},{"@type":"ImageObject","inLanguage":"pt-BR","@id":"https:\/\/www.travel3.com.br\/site\/acontece-no-turismo\/operadoras\/diversa-promove-o-caribe-para-agentes-mineiros\/#primaryimage","url":"https:\/\/www.travel3.com.br\/site\/wp-content\/uploads\/2022\/05\/Descubra-Caribe-e1652290938614.jpg","contentUrl":"https:\/\/www.travel3.com.br\/site\/wp-content\/uploads\/2022\/05\/Descubra-Caribe-e1652290938614.jpg","width":983,"height":847,"caption":"Filipe Lorandes, Nathallya Le\u00e3o, Patr\u00edcia Br\u00edgido, Priscila Fabri, Hugo Lagares, Mariana Syllos, Jo\u00e3o Cruz e Raquel Batista. O time da Diversa presente no evento em BH (Foto: Caroline Tonaco)"},{"@type":"BreadcrumbList","@id":"https:\/\/www.travel3.com.br\/site\/acontece-no-turismo\/operadoras\/diversa-promove-o-caribe-para-agentes-mineiros\/#breadcrumb","itemListElement":[{"@type":"ListItem","position":1,"name":"In\u00edcio","item":"https:\/\/www.travel3.com.br\/site\/"},{"@type":"ListItem","position":2,"name":"Diversa promove o Caribe para agentes mineiros"}]},{"@type":"WebSite","@id":"https:\/\/www.travel3.com.br\/site\/#website","url":"https:\/\/www.travel3.com.br\/site\/","name":"Travel3","description":"Lazer + Neg&oacute;cios + Aventura","publisher":{"@id":"https:\/\/www.travel3.com.br\/site\/#organization"},"potentialAction":[{"@type":"SearchAction","target":{"@type":"EntryPoint","urlTemplate":"https:\/\/www.travel3.com.br\/site\/?s={search_term_string}"},"query-input":{"@type":"PropertyValueSpecification","valueRequired":true,"valueName":"search_term_string"}}],"inLanguage":"pt-BR"},{"@type":"Organization","@id":"https:\/\/www.travel3.com.br\/site\/#organization","name":"Travel3","url":"https:\/\/www.travel3.com.br\/site\/","logo":{"@type":"ImageObject","inLanguage":"pt-BR","@id":"https:\/\/www.travel3.com.br\/site\/#\/schema\/logo\/image\/","url":"https:\/\/www.travel3.com.br\/site\/wp-content\/uploads\/2020\/01\/logo-travel3-2020.png","contentUrl":"https:\/\/www.travel3.com.br\/site\/wp-content\/uploads\/2020\/01\/logo-travel3-2020.png","width":232,"height":79,"caption":"Travel3"},"image":{"@id":"https:\/\/www.travel3.com.br\/site\/#\/schema\/logo\/image\/"},"sameAs":["https:\/\/www.facebook.com\/travel3media\/","https:\/\/www.instagram.com\/revistatravel3\/","https:\/\/www.youtube.com\/channel\/UCno7J4paGBR3VbZQzvoJ9Eg"]},{"@type":"Person","@id":"https:\/\/www.travel3.com.br\/site\/#\/schema\/person\/9cff8daac0a2f1aa0799f827b8aa8308","name":"Reda\u00e7\u00e3o Travel3","image":{"@type":"ImageObject","inLanguage":"pt-BR","@id":"https:\/\/www.travel3.com.br\/site\/#\/schema\/person\/image\/","url":"https:\/\/secure.gravatar.com\/avatar\/6e6125525e1f04b7b8c607d71556e490?s=96&d=mm&r=g","contentUrl":"https:\/\/secure.gravatar.com\/avatar\/6e6125525e1f04b7b8c607d71556e490?s=96&d=mm&r=g","caption":"Reda\u00e7\u00e3o Travel3"},"sameAs":["http:\/\/www.travel3.com.br"],"url":"https:\/\/www.travel3.com.br\/site\/author\/redacao2\/"}]}},"_links":{"self":[{"href":"https:\/\/www.travel3.com.br\/site\/wp-json\/wp\/v2\/posts\/48276","targetHints":{"allow":["GET"]}}],"collection":[{"href":"https:\/\/www.travel3.com.br\/site\/wp-json\/wp\/v2\/posts"}],"about":[{"href":"https:\/\/www.travel3.com.br\/site\/wp-json\/wp\/v2\/types\/post"}],"author":[{"embeddable":true,"href":"https:\/\/www.travel3.com.br\/site\/wp-json\/wp\/v2\/users\/6"}],"replies":[{"embeddable":true,"href":"https:\/\/www.travel3.com.br\/site\/wp-json\/wp\/v2\/comments?post=48276"}],"version-history":[{"count":63,"href":"https:\/\/www.travel3.com.br\/site\/wp-json\/wp\/v2\/posts\/48276\/revisions"}],"predecessor-version":[{"id":48455,"href":"https:\/\/www.travel3.com.br\/site\/wp-json\/wp\/v2\/posts\/48276\/revisions\/48455"}],"wp:featuredmedia":[{"embeddable":true,"href":"https:\/\/www.travel3.com.br\/site\/wp-json\/wp\/v2\/media\/48347"}],"wp:attachment":[{"href":"https:\/\/www.travel3.com.br\/site\/wp-json\/wp\/v2\/media?parent=48276"}],"wp:term":[{"taxonomy":"category","embeddable":true,"href":"https:\/\/www.travel3.com.br\/site\/wp-json\/wp\/v2\/categories?post=48276"},{"taxonomy":"post_tag","embeddable":true,"href":"https:\/\/www.travel3.com.br\/site\/wp-json\/wp\/v2\/tags?post=48276"}],"curies":[{"name":"wp","href":"https:\/\/api.w.org\/{rel}","templated":true}]}}