{"id":4823,"date":"2017-09-11T03:58:23","date_gmt":"2017-09-11T03:58:23","guid":{"rendered":"http:\/\/www.travel3.com.br\/site\/ir-e-vir\/ar\/atlantica-hotels-inaugura-mais-uma-unidade-no-rio\/"},"modified":"2017-09-11T03:58:23","modified_gmt":"2017-09-11T03:58:23","slug":"atlantica-hotels-inaugura-mais-uma-unidade-no-rio","status":"publish","type":"post","link":"https:\/\/www.travel3.com.br\/site\/sem-categoria\/atlantica-hotels-inaugura-mais-uma-unidade-no-rio\/","title":{"rendered":"ATLANTICA HOTELS INAUGURA MAIS UMA UNIDADE NO RIO"},"content":{"rendered":"<p><span style=\"color: #40acad; font-family: -apple-system, system-ui, 'Segoe UI', Roboto, Oxygen-Sans, Ubuntu, Cantarell, 'Helvetica Neue', sans-serif; font-size: 12px; font-weight: bold;\"><\/p>\n<p><a class=\"fancybox-media\" href=\"..\/_uploads\/_noticia\/2016-07\/fachada.jpg\" rel=\"portfolio\"><img decoding=\"async\" alt=\"\" src=\"..\/_uploads\/_noticia\/2016-07\/fachada.jpg\" \/><\/a><br \/>\n<strong>Comfort Inn Grande Rio Dutra \u00e9 a segunda inaugura\u00e7\u00e3o\u00a0da rede no Rio em 2016 (foto: Divulga\u00e7\u00e3o)<\/strong><\/p>\n<p>Com inaugura\u00e7\u00e3o oficial confirmada para 1\u00ba de agosto, a Atlantica Hotels anuncia a abertura do Comfort Inn Grande Rio Dutra, em S\u00e3o Jo\u00e3o do Meriti, na regi\u00e3o metropolitana do Rio de Janeiro e a menos de 30km da capital fluminense.<\/p>\n<p>Apesar da proximidade das Olimp\u00edadas Rio 2016, a companhia n\u00e3o pretende focar exclusivamente no evento. \u201cObviamente estaremos preparados para atender aos visitantes dos Jogos Ol\u00edmpicos, mas na verdade, o evento dura menos de 20 dias. A Atlantica aposta a longo prazo, com uma administra\u00e7\u00e3o voltada para a perenidade do produto e para o retorno de resultados aos investidores\u201d, afirma Paul J. Sistare, fundador e CEO da Atlantica.<\/p>\n<p>O Comfort Inn Grande Rio Dutra est\u00e1 \u00e0s margens da Rodovia Presidente Dutra,\u00a0a 22km do Aeroporto Internacional do Gale\u00e3o, pr\u00f3ximo a grandes empresas e principais atrativos da regi\u00e3o, como o Shopping Grande Rio, bares, restaurantes e com\u00e9rcio local.<\/p>\n<p>Segundo Sistare, a escolha por S\u00e3o Jo\u00e3o do Meriti se deve por ser uma cidade importante, com localiza\u00e7\u00e3o estrat\u00e9gica. \u201cEstando a menos de 40 minutos do centro do Rio e o munic\u00edpio \u00e9 passagem entre a capital e outros pontos do estado\u201d, diz o executivo.<\/p>\n<p>Em janeiro deste ano a rede j\u00e1 havia inaugurado o Quality Rio Olympic Park ao seu portf\u00f3lio de hot\u00e9is.<\/p>\n<p><strong>Estrutura<\/strong><br \/>\nO\u00a0novo hotel foi concebido para oferecer um ambiente\u00a0acolhedor e espa\u00e7oso principalmente \u00a0para o viajante de neg\u00f3cio.\u00a0S\u00e3o 240 apartamentos, distribu\u00eddos em 13 andares, com metragens que variam entre 19\u00a0m\u00b2\u00a0e 40 m\u00b2.<\/p>\n<p>Entre os servi\u00e7os cortesia, o h\u00f3spede conta com caf\u00e9 da manh\u00e3 completo, conex\u00e3o para internet wireless nos apartamentos e room service 24 horas, al\u00e9m de \u00e1rea de lazer com academia aberta 24 horas, piscina e sauna.<\/p>\n<p>A \u00e1rea de eventos \u00e9 composta por seis salas\u00a0com metragens de 22 m\u00b2 a 135 m\u00b2, tendo\u00a0capacidade total para 380 lugares\u00a0em audit\u00f3rio.<\/p>\n<p>Na parte gastron\u00f4mica, o hotel \u00e9 atendido pelo Azzou Restaurante, que tamb\u00e9m \u00e9 aberto ao p\u00fablico e pode acomodar at\u00e9 106 pessoas.<\/p>\n<p>O estacionamento conta com 90 vagas cobertas e outras\u00a0seis descobertas.<\/p>\n<p><\/span><\/p>\n","protected":false},"excerpt":{"rendered":"<p>Novo empreendimento da rede ser\u00e1 aberto oficialmente em 1\u00ba de agosto em S\u00e3o Jo\u00e3o do Meriti, a 30 km da capital fluminense<\/p>\n","protected":false},"author":1,"featured_media":0,"comment_status":"open","ping_status":"open","sticky":false,"template":"","format":"standard","meta":{"footnotes":""},"categories":[],"tags":[],"class_list":["post-4823","post","type-post","status-publish","format-standard","hentry"],"yoast_head":"<!-- This site is optimized with the Yoast SEO plugin v26.2 - https:\/\/yoast.com\/wordpress\/plugins\/seo\/ -->\n<title>ATLANTICA HOTELS INAUGURA MAIS UMA UNIDADE NO RIO - Travel3<\/title>\n<meta name=\"description\" content=\"A TRAVEL3 \u00e9 um portal de conte\u00fado voltado para o turismo, encontre destinos, viagens, hospedagem, passagens, guias, not\u00edcias sobre o mercado do turismo, dicas de viagem, v\u00eddeos e podcast.\" \/>\n<meta name=\"robots\" content=\"index, follow, max-snippet:-1, max-image-preview:large, max-video-preview:-1\" \/>\n<link rel=\"canonical\" href=\"https:\/\/www.travel3.com.br\/site\/sem-categoria\/atlantica-hotels-inaugura-mais-uma-unidade-no-rio\/\" \/>\n<meta property=\"og:locale\" content=\"pt_BR\" \/>\n<meta property=\"og:type\" content=\"article\" \/>\n<meta property=\"og:title\" content=\"ATLANTICA HOTELS INAUGURA MAIS UMA UNIDADE NO RIO - Travel3\" \/>\n<meta property=\"og:description\" content=\"A TRAVEL3 \u00e9 um portal de conte\u00fado voltado para o turismo, encontre destinos, viagens, hospedagem, passagens, guias, not\u00edcias sobre o mercado do turismo, dicas de viagem, v\u00eddeos e podcast.\" \/>\n<meta property=\"og:url\" content=\"https:\/\/www.travel3.com.br\/site\/sem-categoria\/atlantica-hotels-inaugura-mais-uma-unidade-no-rio\/\" \/>\n<meta property=\"og:site_name\" content=\"Travel3\" \/>\n<meta property=\"article:publisher\" content=\"https:\/\/www.facebook.com\/travel3media\/\" \/>\n<meta property=\"article:published_time\" content=\"2017-09-11T03:58:23+00:00\" \/>\n<meta name=\"author\" content=\"admin\" \/>\n<meta name=\"twitter:card\" content=\"summary_large_image\" \/>\n<meta name=\"twitter:label1\" content=\"Escrito por\" \/>\n\t<meta name=\"twitter:data1\" content=\"admin\" \/>\n\t<meta name=\"twitter:label2\" content=\"Est. tempo de leitura\" \/>\n\t<meta name=\"twitter:data2\" content=\"2 minutos\" \/>\n<script type=\"application\/ld+json\" class=\"yoast-schema-graph\">{\"@context\":\"https:\/\/schema.org\",\"@graph\":[{\"@type\":\"Article\",\"@id\":\"https:\/\/www.travel3.com.br\/site\/sem-categoria\/atlantica-hotels-inaugura-mais-uma-unidade-no-rio\/#article\",\"isPartOf\":{\"@id\":\"https:\/\/www.travel3.com.br\/site\/sem-categoria\/atlantica-hotels-inaugura-mais-uma-unidade-no-rio\/\"},\"author\":{\"name\":\"admin\",\"@id\":\"https:\/\/www.travel3.com.br\/site\/#\/schema\/person\/a69d71e41a024999b6ab82369ac0bd1e\"},\"headline\":\"ATLANTICA HOTELS INAUGURA MAIS UMA UNIDADE NO RIO\",\"datePublished\":\"2017-09-11T03:58:23+00:00\",\"mainEntityOfPage\":{\"@id\":\"https:\/\/www.travel3.com.br\/site\/sem-categoria\/atlantica-hotels-inaugura-mais-uma-unidade-no-rio\/\"},\"wordCount\":377,\"commentCount\":0,\"publisher\":{\"@id\":\"https:\/\/www.travel3.com.br\/site\/#organization\"},\"inLanguage\":\"pt-BR\",\"potentialAction\":[{\"@type\":\"CommentAction\",\"name\":\"Comment\",\"target\":[\"https:\/\/www.travel3.com.br\/site\/sem-categoria\/atlantica-hotels-inaugura-mais-uma-unidade-no-rio\/#respond\"]}]},{\"@type\":\"WebPage\",\"@id\":\"https:\/\/www.travel3.com.br\/site\/sem-categoria\/atlantica-hotels-inaugura-mais-uma-unidade-no-rio\/\",\"url\":\"https:\/\/www.travel3.com.br\/site\/sem-categoria\/atlantica-hotels-inaugura-mais-uma-unidade-no-rio\/\",\"name\":\"ATLANTICA HOTELS INAUGURA MAIS UMA UNIDADE NO RIO - Travel3\",\"isPartOf\":{\"@id\":\"https:\/\/www.travel3.com.br\/site\/#website\"},\"datePublished\":\"2017-09-11T03:58:23+00:00\",\"description\":\"A TRAVEL3 \u00e9 um portal de conte\u00fado voltado para o turismo, encontre destinos, viagens, hospedagem, passagens, guias, not\u00edcias sobre o mercado do turismo, dicas de viagem, v\u00eddeos e podcast.\",\"breadcrumb\":{\"@id\":\"https:\/\/www.travel3.com.br\/site\/sem-categoria\/atlantica-hotels-inaugura-mais-uma-unidade-no-rio\/#breadcrumb\"},\"inLanguage\":\"pt-BR\",\"potentialAction\":[{\"@type\":\"ReadAction\",\"target\":[\"https:\/\/www.travel3.com.br\/site\/sem-categoria\/atlantica-hotels-inaugura-mais-uma-unidade-no-rio\/\"]}]},{\"@type\":\"BreadcrumbList\",\"@id\":\"https:\/\/www.travel3.com.br\/site\/sem-categoria\/atlantica-hotels-inaugura-mais-uma-unidade-no-rio\/#breadcrumb\",\"itemListElement\":[{\"@type\":\"ListItem\",\"position\":1,\"name\":\"In\u00edcio\",\"item\":\"https:\/\/www.travel3.com.br\/site\/\"},{\"@type\":\"ListItem\",\"position\":2,\"name\":\"ATLANTICA HOTELS INAUGURA MAIS UMA UNIDADE NO RIO\"}]},{\"@type\":\"WebSite\",\"@id\":\"https:\/\/www.travel3.com.br\/site\/#website\",\"url\":\"https:\/\/www.travel3.com.br\/site\/\",\"name\":\"Travel3\",\"description\":\"Lazer + Neg&oacute;cios + Aventura\",\"publisher\":{\"@id\":\"https:\/\/www.travel3.com.br\/site\/#organization\"},\"potentialAction\":[{\"@type\":\"SearchAction\",\"target\":{\"@type\":\"EntryPoint\",\"urlTemplate\":\"https:\/\/www.travel3.com.br\/site\/?s={search_term_string}\"},\"query-input\":{\"@type\":\"PropertyValueSpecification\",\"valueRequired\":true,\"valueName\":\"search_term_string\"}}],\"inLanguage\":\"pt-BR\"},{\"@type\":\"Organization\",\"@id\":\"https:\/\/www.travel3.com.br\/site\/#organization\",\"name\":\"Travel3\",\"url\":\"https:\/\/www.travel3.com.br\/site\/\",\"logo\":{\"@type\":\"ImageObject\",\"inLanguage\":\"pt-BR\",\"@id\":\"https:\/\/www.travel3.com.br\/site\/#\/schema\/logo\/image\/\",\"url\":\"https:\/\/www.travel3.com.br\/site\/wp-content\/uploads\/2020\/01\/logo-travel3-2020.png\",\"contentUrl\":\"https:\/\/www.travel3.com.br\/site\/wp-content\/uploads\/2020\/01\/logo-travel3-2020.png\",\"width\":232,\"height\":79,\"caption\":\"Travel3\"},\"image\":{\"@id\":\"https:\/\/www.travel3.com.br\/site\/#\/schema\/logo\/image\/\"},\"sameAs\":[\"https:\/\/www.facebook.com\/travel3media\/\",\"https:\/\/www.instagram.com\/revistatravel3\/\",\"https:\/\/www.youtube.com\/channel\/UCno7J4paGBR3VbZQzvoJ9Eg\"]},{\"@type\":\"Person\",\"@id\":\"https:\/\/www.travel3.com.br\/site\/#\/schema\/person\/a69d71e41a024999b6ab82369ac0bd1e\",\"name\":\"admin\",\"image\":{\"@type\":\"ImageObject\",\"inLanguage\":\"pt-BR\",\"@id\":\"https:\/\/www.travel3.com.br\/site\/#\/schema\/person\/image\/\",\"url\":\"https:\/\/secure.gravatar.com\/avatar\/732a67adfd764da2a47ba10ce731c4c0?s=96&d=mm&r=g\",\"contentUrl\":\"https:\/\/secure.gravatar.com\/avatar\/732a67adfd764da2a47ba10ce731c4c0?s=96&d=mm&r=g\",\"caption\":\"admin\"},\"url\":\"https:\/\/www.travel3.com.br\/site\/author\/admin\/\"}]}<\/script>\n<!-- \/ Yoast SEO plugin. -->","yoast_head_json":{"title":"ATLANTICA HOTELS INAUGURA MAIS UMA UNIDADE NO RIO - Travel3","description":"A TRAVEL3 \u00e9 um portal de conte\u00fado voltado para o turismo, encontre destinos, viagens, hospedagem, passagens, guias, not\u00edcias sobre o mercado do turismo, dicas de viagem, v\u00eddeos e podcast.","robots":{"index":"index","follow":"follow","max-snippet":"max-snippet:-1","max-image-preview":"max-image-preview:large","max-video-preview":"max-video-preview:-1"},"canonical":"https:\/\/www.travel3.com.br\/site\/sem-categoria\/atlantica-hotels-inaugura-mais-uma-unidade-no-rio\/","og_locale":"pt_BR","og_type":"article","og_title":"ATLANTICA HOTELS INAUGURA MAIS UMA UNIDADE NO RIO - Travel3","og_description":"A TRAVEL3 \u00e9 um portal de conte\u00fado voltado para o turismo, encontre destinos, viagens, hospedagem, passagens, guias, not\u00edcias sobre o mercado do turismo, dicas de viagem, v\u00eddeos e podcast.","og_url":"https:\/\/www.travel3.com.br\/site\/sem-categoria\/atlantica-hotels-inaugura-mais-uma-unidade-no-rio\/","og_site_name":"Travel3","article_publisher":"https:\/\/www.facebook.com\/travel3media\/","article_published_time":"2017-09-11T03:58:23+00:00","author":"admin","twitter_card":"summary_large_image","twitter_misc":{"Escrito por":"admin","Est. tempo de leitura":"2 minutos"},"schema":{"@context":"https:\/\/schema.org","@graph":[{"@type":"Article","@id":"https:\/\/www.travel3.com.br\/site\/sem-categoria\/atlantica-hotels-inaugura-mais-uma-unidade-no-rio\/#article","isPartOf":{"@id":"https:\/\/www.travel3.com.br\/site\/sem-categoria\/atlantica-hotels-inaugura-mais-uma-unidade-no-rio\/"},"author":{"name":"admin","@id":"https:\/\/www.travel3.com.br\/site\/#\/schema\/person\/a69d71e41a024999b6ab82369ac0bd1e"},"headline":"ATLANTICA HOTELS INAUGURA MAIS UMA UNIDADE NO RIO","datePublished":"2017-09-11T03:58:23+00:00","mainEntityOfPage":{"@id":"https:\/\/www.travel3.com.br\/site\/sem-categoria\/atlantica-hotels-inaugura-mais-uma-unidade-no-rio\/"},"wordCount":377,"commentCount":0,"publisher":{"@id":"https:\/\/www.travel3.com.br\/site\/#organization"},"inLanguage":"pt-BR","potentialAction":[{"@type":"CommentAction","name":"Comment","target":["https:\/\/www.travel3.com.br\/site\/sem-categoria\/atlantica-hotels-inaugura-mais-uma-unidade-no-rio\/#respond"]}]},{"@type":"WebPage","@id":"https:\/\/www.travel3.com.br\/site\/sem-categoria\/atlantica-hotels-inaugura-mais-uma-unidade-no-rio\/","url":"https:\/\/www.travel3.com.br\/site\/sem-categoria\/atlantica-hotels-inaugura-mais-uma-unidade-no-rio\/","name":"ATLANTICA HOTELS INAUGURA MAIS UMA UNIDADE NO RIO - Travel3","isPartOf":{"@id":"https:\/\/www.travel3.com.br\/site\/#website"},"datePublished":"2017-09-11T03:58:23+00:00","description":"A TRAVEL3 \u00e9 um portal de conte\u00fado voltado para o turismo, encontre destinos, viagens, hospedagem, passagens, guias, not\u00edcias sobre o mercado do turismo, dicas de viagem, v\u00eddeos e podcast.","breadcrumb":{"@id":"https:\/\/www.travel3.com.br\/site\/sem-categoria\/atlantica-hotels-inaugura-mais-uma-unidade-no-rio\/#breadcrumb"},"inLanguage":"pt-BR","potentialAction":[{"@type":"ReadAction","target":["https:\/\/www.travel3.com.br\/site\/sem-categoria\/atlantica-hotels-inaugura-mais-uma-unidade-no-rio\/"]}]},{"@type":"BreadcrumbList","@id":"https:\/\/www.travel3.com.br\/site\/sem-categoria\/atlantica-hotels-inaugura-mais-uma-unidade-no-rio\/#breadcrumb","itemListElement":[{"@type":"ListItem","position":1,"name":"In\u00edcio","item":"https:\/\/www.travel3.com.br\/site\/"},{"@type":"ListItem","position":2,"name":"ATLANTICA HOTELS INAUGURA MAIS UMA UNIDADE NO RIO"}]},{"@type":"WebSite","@id":"https:\/\/www.travel3.com.br\/site\/#website","url":"https:\/\/www.travel3.com.br\/site\/","name":"Travel3","description":"Lazer + Neg&oacute;cios + Aventura","publisher":{"@id":"https:\/\/www.travel3.com.br\/site\/#organization"},"potentialAction":[{"@type":"SearchAction","target":{"@type":"EntryPoint","urlTemplate":"https:\/\/www.travel3.com.br\/site\/?s={search_term_string}"},"query-input":{"@type":"PropertyValueSpecification","valueRequired":true,"valueName":"search_term_string"}}],"inLanguage":"pt-BR"},{"@type":"Organization","@id":"https:\/\/www.travel3.com.br\/site\/#organization","name":"Travel3","url":"https:\/\/www.travel3.com.br\/site\/","logo":{"@type":"ImageObject","inLanguage":"pt-BR","@id":"https:\/\/www.travel3.com.br\/site\/#\/schema\/logo\/image\/","url":"https:\/\/www.travel3.com.br\/site\/wp-content\/uploads\/2020\/01\/logo-travel3-2020.png","contentUrl":"https:\/\/www.travel3.com.br\/site\/wp-content\/uploads\/2020\/01\/logo-travel3-2020.png","width":232,"height":79,"caption":"Travel3"},"image":{"@id":"https:\/\/www.travel3.com.br\/site\/#\/schema\/logo\/image\/"},"sameAs":["https:\/\/www.facebook.com\/travel3media\/","https:\/\/www.instagram.com\/revistatravel3\/","https:\/\/www.youtube.com\/channel\/UCno7J4paGBR3VbZQzvoJ9Eg"]},{"@type":"Person","@id":"https:\/\/www.travel3.com.br\/site\/#\/schema\/person\/a69d71e41a024999b6ab82369ac0bd1e","name":"admin","image":{"@type":"ImageObject","inLanguage":"pt-BR","@id":"https:\/\/www.travel3.com.br\/site\/#\/schema\/person\/image\/","url":"https:\/\/secure.gravatar.com\/avatar\/732a67adfd764da2a47ba10ce731c4c0?s=96&d=mm&r=g","contentUrl":"https:\/\/secure.gravatar.com\/avatar\/732a67adfd764da2a47ba10ce731c4c0?s=96&d=mm&r=g","caption":"admin"},"url":"https:\/\/www.travel3.com.br\/site\/author\/admin\/"}]}},"_links":{"self":[{"href":"https:\/\/www.travel3.com.br\/site\/wp-json\/wp\/v2\/posts\/4823","targetHints":{"allow":["GET"]}}],"collection":[{"href":"https:\/\/www.travel3.com.br\/site\/wp-json\/wp\/v2\/posts"}],"about":[{"href":"https:\/\/www.travel3.com.br\/site\/wp-json\/wp\/v2\/types\/post"}],"author":[{"embeddable":true,"href":"https:\/\/www.travel3.com.br\/site\/wp-json\/wp\/v2\/users\/1"}],"replies":[{"embeddable":true,"href":"https:\/\/www.travel3.com.br\/site\/wp-json\/wp\/v2\/comments?post=4823"}],"version-history":[{"count":0,"href":"https:\/\/www.travel3.com.br\/site\/wp-json\/wp\/v2\/posts\/4823\/revisions"}],"wp:attachment":[{"href":"https:\/\/www.travel3.com.br\/site\/wp-json\/wp\/v2\/media?parent=4823"}],"wp:term":[{"taxonomy":"category","embeddable":true,"href":"https:\/\/www.travel3.com.br\/site\/wp-json\/wp\/v2\/categories?post=4823"},{"taxonomy":"post_tag","embeddable":true,"href":"https:\/\/www.travel3.com.br\/site\/wp-json\/wp\/v2\/tags?post=4823"}],"curies":[{"name":"wp","href":"https:\/\/api.w.org\/{rel}","templated":true}]}}