{"id":48143,"date":"2022-05-05T08:21:57","date_gmt":"2022-05-05T11:21:57","guid":{"rendered":"https:\/\/www.travel3.com.br\/?p=48143"},"modified":"2022-05-05T08:23:56","modified_gmt":"2022-05-05T11:23:56","slug":"diversa-leva-agentes-para-o-transamerica-comandatuba","status":"publish","type":"post","link":"https:\/\/www.travel3.com.br\/site\/acontece-no-turismo\/operadoras\/diversa-leva-agentes-para-o-transamerica-comandatuba\/","title":{"rendered":"Diversa leva agentes para o Transamerica Comandatuba"},"content":{"rendered":"\n<h2 class=\"has-text-align-center wp-block-heading\">Participaram do famtour integrantes do grupo The Travel Team<\/h2>\n\n\n\n<p>A Diversa Turismo encerrou no \u00faltimo domingo mais um famtour nacional, e dessa vez o destino foi o Transamerica Resort, na Ilha de Comandatuba. Fizeram parte da viagem, entre 27 e 30 de abril, dez agentes do grupo chamado<strong> <a href=\"https:\/\/instagram.com\/ttt.agentesdosonhos?igshid=YmMyMTA2M2Y=\" target=\"_blank\" rel=\"noreferrer noopener\">The Travel Team<\/a><\/strong>, com profissionais de Belo Horizonte, Divin\u00f3polis, Montes Claros, Goi\u00e2nia, Florian\u00f3polis, S\u00e3o Paulo, Campinas, Sorocaba e Bragan\u00e7a Paulista.<\/p>\n\n\n\n<blockquote class=\"wp-block-quote is-layout-flow wp-block-quote-is-layout-flow\"><p>Foi muito importante para a Diversa conhecer melhor este grupo de agentes e mostrar um pouco mais da empresa a eles. Nem todos os presentes eram clientes Diversa, ent\u00e3o foi uma excelente oportunidade de nos aproximarmos. Sabemos da import\u00e2ncia de estarmos sempre pr\u00f3ximos dos nossos clientes e o quanto a rela\u00e7\u00e3o de confian\u00e7a e amizade ajuda na rela\u00e7\u00e3o profissional. Trabalhamos com pessoas, e o turismo nos d\u00e1 a oportunidade de, al\u00e9m de parceiros comerciais, fazermos novos amigos. E isso \u00e9 \u00f3timo para ambos os lados.<\/p><cite><strong>Hugo Lagares &#8211; Gestor da \u00c1rea Comercial Brasil da Operadora <\/strong><\/cite><\/blockquote>\n\n\n\n<p>Os agentes aproveitaram os quatro dias de famtour para conhecer as depend\u00eancias do resort e vivenciar tudo o que \u00e9 disponibilizado aos h\u00f3spedes, realizando atividades como passeio de lancha, stand up paddle e arco e flecha. <\/p>\n\n\n\n<blockquote class=\"wp-block-quote is-layout-flow wp-block-quote-is-layout-flow\"><p>Realizar um famtour com um grande parceiro faz parte deste momento do Destino Comandatuba. Vivenciar a nossa experi\u00eancia faz com que o agente de viagens conhe\u00e7a a nossa excel\u00eancia em servi\u00e7os e se destaque no trade. Ao mesmo tempo, ter essa proximidade com os agentes \u00e9 muito importante para o resort.<\/p><cite><strong>Cinthya Costa &#8211; Gerente de vendas do Transamerica<\/strong><\/cite><\/blockquote>\n\n\n\n<p>Massagens no spa, apresenta\u00e7\u00f5es musicais e dois jantares tem\u00e1ticos tamb\u00e9m fizeram parte do programa.<\/p>\n\n\n\n<blockquote class=\"wp-block-quote is-layout-flow wp-block-quote-is-layout-flow\"><p>Agradecemos muito \u00e0 Diversa e ao Comandatuba pela oportunidade de conhecermos este excelente produto. Temos certeza que o retorno ser\u00e1 bom para todos.<\/p><cite><strong><em>Lucas Braga<\/em>, da <em>Brooklyn Viagens<\/em> &#8211; Integrante do The Travel Team<\/strong><\/cite><\/blockquote>\n\n\n\n<h2 class=\"wp-block-heading\">Campanhas de vendas Diversa + Transamerica Ilha de Comandatuba<\/h2>\n\n\n\n<p>Da parceria entre a Diversa com o Transamerica Ilha de Comandatuba nasceram as 3 campanhas de vendas ativas desde 04 de abril em S\u00e3o Paulo, Minas Gerais e regi\u00e3o Centro Oeste. Pelo regulamento, os 8 agentes de viagens que mais venderem o resort durante o per\u00edodo da campanha em sua regi\u00e3o ser\u00e3o premiados com uma viagem de famtour (em quarto individual). As campanhas terminam em 31 de maio (MG), 31 de julho (SP) e 19\/08 (Centro Oeste).<\/p>\n\n\n\n<p>Saiba mais = <strong><a href=\"http:\/\/mkt.diversaturismo.com.br\" target=\"_blank\" rel=\"noreferrer noopener\">mkt.diversaturismo.com.br<\/a><\/strong><\/p>\n","protected":false},"excerpt":{"rendered":"<p>Participaram do famtour integrantes do grupo The Travel Team<\/p>\n","protected":false},"author":6,"featured_media":48148,"comment_status":"open","ping_status":"open","sticky":false,"template":"","format":"standard","meta":{"footnotes":""},"categories":[969,4],"tags":[4010,2076,4089,4900],"class_list":["post-48143","post","type-post","status-publish","format-standard","has-post-thumbnail","hentry","category-acontece-no-turismo","category-operadoras","tag-diversa","tag-diversa-turismo","tag-grupo-arbo","tag-the-travel-team"],"yoast_head":"<!-- This site is optimized with the Yoast SEO plugin v26.2 - https:\/\/yoast.com\/wordpress\/plugins\/seo\/ -->\n<title>Diversa leva agentes para o Transamerica Comandatuba - Travel3<\/title>\n<meta name=\"description\" content=\"Diversa leva agentes para o Transamerica Comandatuba; participaram do famtour integrantes do grupo The Travel Team\" \/>\n<meta name=\"robots\" content=\"index, follow, max-snippet:-1, max-image-preview:large, max-video-preview:-1\" \/>\n<link rel=\"canonical\" href=\"https:\/\/www.travel3.com.br\/site\/acontece-no-turismo\/operadoras\/diversa-leva-agentes-para-o-transamerica-comandatuba\/\" \/>\n<meta property=\"og:locale\" content=\"pt_BR\" \/>\n<meta property=\"og:type\" content=\"article\" \/>\n<meta property=\"og:title\" content=\"Diversa leva agentes para o Transamerica Comandatuba - Travel3\" \/>\n<meta property=\"og:description\" content=\"Diversa leva agentes para o Transamerica Comandatuba; participaram do famtour integrantes do grupo The Travel Team\" \/>\n<meta property=\"og:url\" content=\"https:\/\/www.travel3.com.br\/site\/acontece-no-turismo\/operadoras\/diversa-leva-agentes-para-o-transamerica-comandatuba\/\" \/>\n<meta property=\"og:site_name\" content=\"Travel3\" \/>\n<meta property=\"article:publisher\" content=\"https:\/\/www.facebook.com\/travel3media\/\" \/>\n<meta property=\"article:published_time\" content=\"2022-05-05T11:21:57+00:00\" \/>\n<meta property=\"article:modified_time\" content=\"2022-05-05T11:23:56+00:00\" \/>\n<meta property=\"og:image\" content=\"https:\/\/www.travel3.com.br\/site\/wp-content\/uploads\/2022\/05\/Diversa_Comandatuba.jpeg\" \/>\n\t<meta property=\"og:image:width\" content=\"1280\" \/>\n\t<meta property=\"og:image:height\" content=\"958\" \/>\n\t<meta property=\"og:image:type\" content=\"image\/jpeg\" \/>\n<meta name=\"author\" content=\"Reda\u00e7\u00e3o Travel3\" \/>\n<meta name=\"twitter:card\" content=\"summary_large_image\" \/>\n<meta name=\"twitter:label1\" content=\"Escrito por\" \/>\n\t<meta name=\"twitter:data1\" content=\"Reda\u00e7\u00e3o Travel3\" \/>\n\t<meta name=\"twitter:label2\" content=\"Est. tempo de leitura\" \/>\n\t<meta name=\"twitter:data2\" content=\"3 minutos\" \/>\n<script type=\"application\/ld+json\" class=\"yoast-schema-graph\">{\"@context\":\"https:\/\/schema.org\",\"@graph\":[{\"@type\":\"Article\",\"@id\":\"https:\/\/www.travel3.com.br\/site\/acontece-no-turismo\/operadoras\/diversa-leva-agentes-para-o-transamerica-comandatuba\/#article\",\"isPartOf\":{\"@id\":\"https:\/\/www.travel3.com.br\/site\/acontece-no-turismo\/operadoras\/diversa-leva-agentes-para-o-transamerica-comandatuba\/\"},\"author\":{\"name\":\"Reda\u00e7\u00e3o Travel3\",\"@id\":\"https:\/\/www.travel3.com.br\/site\/#\/schema\/person\/9cff8daac0a2f1aa0799f827b8aa8308\"},\"headline\":\"Diversa leva agentes para o Transamerica Comandatuba\",\"datePublished\":\"2022-05-05T11:21:57+00:00\",\"dateModified\":\"2022-05-05T11:23:56+00:00\",\"mainEntityOfPage\":{\"@id\":\"https:\/\/www.travel3.com.br\/site\/acontece-no-turismo\/operadoras\/diversa-leva-agentes-para-o-transamerica-comandatuba\/\"},\"wordCount\":418,\"commentCount\":0,\"publisher\":{\"@id\":\"https:\/\/www.travel3.com.br\/site\/#organization\"},\"image\":{\"@id\":\"https:\/\/www.travel3.com.br\/site\/acontece-no-turismo\/operadoras\/diversa-leva-agentes-para-o-transamerica-comandatuba\/#primaryimage\"},\"thumbnailUrl\":\"https:\/\/www.travel3.com.br\/site\/wp-content\/uploads\/2022\/05\/Diversa_Comandatuba.jpeg\",\"keywords\":[\"Diversa\",\"Diversa Turismo\",\"Grupo Arbo\",\"The Travel Team\"],\"articleSection\":[\"Acontece no Turismo\",\"Operadoras\"],\"inLanguage\":\"pt-BR\",\"potentialAction\":[{\"@type\":\"CommentAction\",\"name\":\"Comment\",\"target\":[\"https:\/\/www.travel3.com.br\/site\/acontece-no-turismo\/operadoras\/diversa-leva-agentes-para-o-transamerica-comandatuba\/#respond\"]}]},{\"@type\":\"WebPage\",\"@id\":\"https:\/\/www.travel3.com.br\/site\/acontece-no-turismo\/operadoras\/diversa-leva-agentes-para-o-transamerica-comandatuba\/\",\"url\":\"https:\/\/www.travel3.com.br\/site\/acontece-no-turismo\/operadoras\/diversa-leva-agentes-para-o-transamerica-comandatuba\/\",\"name\":\"Diversa leva agentes para o Transamerica Comandatuba - Travel3\",\"isPartOf\":{\"@id\":\"https:\/\/www.travel3.com.br\/site\/#website\"},\"primaryImageOfPage\":{\"@id\":\"https:\/\/www.travel3.com.br\/site\/acontece-no-turismo\/operadoras\/diversa-leva-agentes-para-o-transamerica-comandatuba\/#primaryimage\"},\"image\":{\"@id\":\"https:\/\/www.travel3.com.br\/site\/acontece-no-turismo\/operadoras\/diversa-leva-agentes-para-o-transamerica-comandatuba\/#primaryimage\"},\"thumbnailUrl\":\"https:\/\/www.travel3.com.br\/site\/wp-content\/uploads\/2022\/05\/Diversa_Comandatuba.jpeg\",\"datePublished\":\"2022-05-05T11:21:57+00:00\",\"dateModified\":\"2022-05-05T11:23:56+00:00\",\"description\":\"Diversa leva agentes para o Transamerica Comandatuba; participaram do famtour integrantes do grupo The Travel Team\",\"breadcrumb\":{\"@id\":\"https:\/\/www.travel3.com.br\/site\/acontece-no-turismo\/operadoras\/diversa-leva-agentes-para-o-transamerica-comandatuba\/#breadcrumb\"},\"inLanguage\":\"pt-BR\",\"potentialAction\":[{\"@type\":\"ReadAction\",\"target\":[\"https:\/\/www.travel3.com.br\/site\/acontece-no-turismo\/operadoras\/diversa-leva-agentes-para-o-transamerica-comandatuba\/\"]}]},{\"@type\":\"ImageObject\",\"inLanguage\":\"pt-BR\",\"@id\":\"https:\/\/www.travel3.com.br\/site\/acontece-no-turismo\/operadoras\/diversa-leva-agentes-para-o-transamerica-comandatuba\/#primaryimage\",\"url\":\"https:\/\/www.travel3.com.br\/site\/wp-content\/uploads\/2022\/05\/Diversa_Comandatuba.jpeg\",\"contentUrl\":\"https:\/\/www.travel3.com.br\/site\/wp-content\/uploads\/2022\/05\/Diversa_Comandatuba.jpeg\",\"width\":1280,\"height\":958,\"caption\":\"O grupo The Travel Team, acompanhado de Hugo Lagares, no famtour da Diversa Turismo para o Transam\u00e9rica Comandatuba (Foto: Divulga\u00e7\u00e3o)\"},{\"@type\":\"BreadcrumbList\",\"@id\":\"https:\/\/www.travel3.com.br\/site\/acontece-no-turismo\/operadoras\/diversa-leva-agentes-para-o-transamerica-comandatuba\/#breadcrumb\",\"itemListElement\":[{\"@type\":\"ListItem\",\"position\":1,\"name\":\"In\u00edcio\",\"item\":\"https:\/\/www.travel3.com.br\/site\/\"},{\"@type\":\"ListItem\",\"position\":2,\"name\":\"Diversa leva agentes para o Transamerica Comandatuba\"}]},{\"@type\":\"WebSite\",\"@id\":\"https:\/\/www.travel3.com.br\/site\/#website\",\"url\":\"https:\/\/www.travel3.com.br\/site\/\",\"name\":\"Travel3\",\"description\":\"Lazer + Neg&oacute;cios + Aventura\",\"publisher\":{\"@id\":\"https:\/\/www.travel3.com.br\/site\/#organization\"},\"potentialAction\":[{\"@type\":\"SearchAction\",\"target\":{\"@type\":\"EntryPoint\",\"urlTemplate\":\"https:\/\/www.travel3.com.br\/site\/?s={search_term_string}\"},\"query-input\":{\"@type\":\"PropertyValueSpecification\",\"valueRequired\":true,\"valueName\":\"search_term_string\"}}],\"inLanguage\":\"pt-BR\"},{\"@type\":\"Organization\",\"@id\":\"https:\/\/www.travel3.com.br\/site\/#organization\",\"name\":\"Travel3\",\"url\":\"https:\/\/www.travel3.com.br\/site\/\",\"logo\":{\"@type\":\"ImageObject\",\"inLanguage\":\"pt-BR\",\"@id\":\"https:\/\/www.travel3.com.br\/site\/#\/schema\/logo\/image\/\",\"url\":\"https:\/\/www.travel3.com.br\/site\/wp-content\/uploads\/2020\/01\/logo-travel3-2020.png\",\"contentUrl\":\"https:\/\/www.travel3.com.br\/site\/wp-content\/uploads\/2020\/01\/logo-travel3-2020.png\",\"width\":232,\"height\":79,\"caption\":\"Travel3\"},\"image\":{\"@id\":\"https:\/\/www.travel3.com.br\/site\/#\/schema\/logo\/image\/\"},\"sameAs\":[\"https:\/\/www.facebook.com\/travel3media\/\",\"https:\/\/www.instagram.com\/revistatravel3\/\",\"https:\/\/www.youtube.com\/channel\/UCno7J4paGBR3VbZQzvoJ9Eg\"]},{\"@type\":\"Person\",\"@id\":\"https:\/\/www.travel3.com.br\/site\/#\/schema\/person\/9cff8daac0a2f1aa0799f827b8aa8308\",\"name\":\"Reda\u00e7\u00e3o Travel3\",\"image\":{\"@type\":\"ImageObject\",\"inLanguage\":\"pt-BR\",\"@id\":\"https:\/\/www.travel3.com.br\/site\/#\/schema\/person\/image\/\",\"url\":\"https:\/\/secure.gravatar.com\/avatar\/6e6125525e1f04b7b8c607d71556e490?s=96&d=mm&r=g\",\"contentUrl\":\"https:\/\/secure.gravatar.com\/avatar\/6e6125525e1f04b7b8c607d71556e490?s=96&d=mm&r=g\",\"caption\":\"Reda\u00e7\u00e3o Travel3\"},\"sameAs\":[\"http:\/\/www.travel3.com.br\"],\"url\":\"https:\/\/www.travel3.com.br\/site\/author\/redacao2\/\"}]}<\/script>\n<!-- \/ Yoast SEO plugin. -->","yoast_head_json":{"title":"Diversa leva agentes para o Transamerica Comandatuba - Travel3","description":"Diversa leva agentes para o Transamerica Comandatuba; participaram do famtour integrantes do grupo The Travel Team","robots":{"index":"index","follow":"follow","max-snippet":"max-snippet:-1","max-image-preview":"max-image-preview:large","max-video-preview":"max-video-preview:-1"},"canonical":"https:\/\/www.travel3.com.br\/site\/acontece-no-turismo\/operadoras\/diversa-leva-agentes-para-o-transamerica-comandatuba\/","og_locale":"pt_BR","og_type":"article","og_title":"Diversa leva agentes para o Transamerica Comandatuba - Travel3","og_description":"Diversa leva agentes para o Transamerica Comandatuba; participaram do famtour integrantes do grupo The Travel Team","og_url":"https:\/\/www.travel3.com.br\/site\/acontece-no-turismo\/operadoras\/diversa-leva-agentes-para-o-transamerica-comandatuba\/","og_site_name":"Travel3","article_publisher":"https:\/\/www.facebook.com\/travel3media\/","article_published_time":"2022-05-05T11:21:57+00:00","article_modified_time":"2022-05-05T11:23:56+00:00","og_image":[{"width":1280,"height":958,"url":"https:\/\/www.travel3.com.br\/site\/wp-content\/uploads\/2022\/05\/Diversa_Comandatuba.jpeg","type":"image\/jpeg"}],"author":"Reda\u00e7\u00e3o Travel3","twitter_card":"summary_large_image","twitter_misc":{"Escrito por":"Reda\u00e7\u00e3o Travel3","Est. tempo de leitura":"3 minutos"},"schema":{"@context":"https:\/\/schema.org","@graph":[{"@type":"Article","@id":"https:\/\/www.travel3.com.br\/site\/acontece-no-turismo\/operadoras\/diversa-leva-agentes-para-o-transamerica-comandatuba\/#article","isPartOf":{"@id":"https:\/\/www.travel3.com.br\/site\/acontece-no-turismo\/operadoras\/diversa-leva-agentes-para-o-transamerica-comandatuba\/"},"author":{"name":"Reda\u00e7\u00e3o Travel3","@id":"https:\/\/www.travel3.com.br\/site\/#\/schema\/person\/9cff8daac0a2f1aa0799f827b8aa8308"},"headline":"Diversa leva agentes para o Transamerica Comandatuba","datePublished":"2022-05-05T11:21:57+00:00","dateModified":"2022-05-05T11:23:56+00:00","mainEntityOfPage":{"@id":"https:\/\/www.travel3.com.br\/site\/acontece-no-turismo\/operadoras\/diversa-leva-agentes-para-o-transamerica-comandatuba\/"},"wordCount":418,"commentCount":0,"publisher":{"@id":"https:\/\/www.travel3.com.br\/site\/#organization"},"image":{"@id":"https:\/\/www.travel3.com.br\/site\/acontece-no-turismo\/operadoras\/diversa-leva-agentes-para-o-transamerica-comandatuba\/#primaryimage"},"thumbnailUrl":"https:\/\/www.travel3.com.br\/site\/wp-content\/uploads\/2022\/05\/Diversa_Comandatuba.jpeg","keywords":["Diversa","Diversa Turismo","Grupo Arbo","The Travel Team"],"articleSection":["Acontece no Turismo","Operadoras"],"inLanguage":"pt-BR","potentialAction":[{"@type":"CommentAction","name":"Comment","target":["https:\/\/www.travel3.com.br\/site\/acontece-no-turismo\/operadoras\/diversa-leva-agentes-para-o-transamerica-comandatuba\/#respond"]}]},{"@type":"WebPage","@id":"https:\/\/www.travel3.com.br\/site\/acontece-no-turismo\/operadoras\/diversa-leva-agentes-para-o-transamerica-comandatuba\/","url":"https:\/\/www.travel3.com.br\/site\/acontece-no-turismo\/operadoras\/diversa-leva-agentes-para-o-transamerica-comandatuba\/","name":"Diversa leva agentes para o Transamerica Comandatuba - Travel3","isPartOf":{"@id":"https:\/\/www.travel3.com.br\/site\/#website"},"primaryImageOfPage":{"@id":"https:\/\/www.travel3.com.br\/site\/acontece-no-turismo\/operadoras\/diversa-leva-agentes-para-o-transamerica-comandatuba\/#primaryimage"},"image":{"@id":"https:\/\/www.travel3.com.br\/site\/acontece-no-turismo\/operadoras\/diversa-leva-agentes-para-o-transamerica-comandatuba\/#primaryimage"},"thumbnailUrl":"https:\/\/www.travel3.com.br\/site\/wp-content\/uploads\/2022\/05\/Diversa_Comandatuba.jpeg","datePublished":"2022-05-05T11:21:57+00:00","dateModified":"2022-05-05T11:23:56+00:00","description":"Diversa leva agentes para o Transamerica Comandatuba; participaram do famtour integrantes do grupo The Travel Team","breadcrumb":{"@id":"https:\/\/www.travel3.com.br\/site\/acontece-no-turismo\/operadoras\/diversa-leva-agentes-para-o-transamerica-comandatuba\/#breadcrumb"},"inLanguage":"pt-BR","potentialAction":[{"@type":"ReadAction","target":["https:\/\/www.travel3.com.br\/site\/acontece-no-turismo\/operadoras\/diversa-leva-agentes-para-o-transamerica-comandatuba\/"]}]},{"@type":"ImageObject","inLanguage":"pt-BR","@id":"https:\/\/www.travel3.com.br\/site\/acontece-no-turismo\/operadoras\/diversa-leva-agentes-para-o-transamerica-comandatuba\/#primaryimage","url":"https:\/\/www.travel3.com.br\/site\/wp-content\/uploads\/2022\/05\/Diversa_Comandatuba.jpeg","contentUrl":"https:\/\/www.travel3.com.br\/site\/wp-content\/uploads\/2022\/05\/Diversa_Comandatuba.jpeg","width":1280,"height":958,"caption":"O grupo The Travel Team, acompanhado de Hugo Lagares, no famtour da Diversa Turismo para o Transam\u00e9rica Comandatuba (Foto: Divulga\u00e7\u00e3o)"},{"@type":"BreadcrumbList","@id":"https:\/\/www.travel3.com.br\/site\/acontece-no-turismo\/operadoras\/diversa-leva-agentes-para-o-transamerica-comandatuba\/#breadcrumb","itemListElement":[{"@type":"ListItem","position":1,"name":"In\u00edcio","item":"https:\/\/www.travel3.com.br\/site\/"},{"@type":"ListItem","position":2,"name":"Diversa leva agentes para o Transamerica Comandatuba"}]},{"@type":"WebSite","@id":"https:\/\/www.travel3.com.br\/site\/#website","url":"https:\/\/www.travel3.com.br\/site\/","name":"Travel3","description":"Lazer + Neg&oacute;cios + Aventura","publisher":{"@id":"https:\/\/www.travel3.com.br\/site\/#organization"},"potentialAction":[{"@type":"SearchAction","target":{"@type":"EntryPoint","urlTemplate":"https:\/\/www.travel3.com.br\/site\/?s={search_term_string}"},"query-input":{"@type":"PropertyValueSpecification","valueRequired":true,"valueName":"search_term_string"}}],"inLanguage":"pt-BR"},{"@type":"Organization","@id":"https:\/\/www.travel3.com.br\/site\/#organization","name":"Travel3","url":"https:\/\/www.travel3.com.br\/site\/","logo":{"@type":"ImageObject","inLanguage":"pt-BR","@id":"https:\/\/www.travel3.com.br\/site\/#\/schema\/logo\/image\/","url":"https:\/\/www.travel3.com.br\/site\/wp-content\/uploads\/2020\/01\/logo-travel3-2020.png","contentUrl":"https:\/\/www.travel3.com.br\/site\/wp-content\/uploads\/2020\/01\/logo-travel3-2020.png","width":232,"height":79,"caption":"Travel3"},"image":{"@id":"https:\/\/www.travel3.com.br\/site\/#\/schema\/logo\/image\/"},"sameAs":["https:\/\/www.facebook.com\/travel3media\/","https:\/\/www.instagram.com\/revistatravel3\/","https:\/\/www.youtube.com\/channel\/UCno7J4paGBR3VbZQzvoJ9Eg"]},{"@type":"Person","@id":"https:\/\/www.travel3.com.br\/site\/#\/schema\/person\/9cff8daac0a2f1aa0799f827b8aa8308","name":"Reda\u00e7\u00e3o Travel3","image":{"@type":"ImageObject","inLanguage":"pt-BR","@id":"https:\/\/www.travel3.com.br\/site\/#\/schema\/person\/image\/","url":"https:\/\/secure.gravatar.com\/avatar\/6e6125525e1f04b7b8c607d71556e490?s=96&d=mm&r=g","contentUrl":"https:\/\/secure.gravatar.com\/avatar\/6e6125525e1f04b7b8c607d71556e490?s=96&d=mm&r=g","caption":"Reda\u00e7\u00e3o Travel3"},"sameAs":["http:\/\/www.travel3.com.br"],"url":"https:\/\/www.travel3.com.br\/site\/author\/redacao2\/"}]}},"_links":{"self":[{"href":"https:\/\/www.travel3.com.br\/site\/wp-json\/wp\/v2\/posts\/48143","targetHints":{"allow":["GET"]}}],"collection":[{"href":"https:\/\/www.travel3.com.br\/site\/wp-json\/wp\/v2\/posts"}],"about":[{"href":"https:\/\/www.travel3.com.br\/site\/wp-json\/wp\/v2\/types\/post"}],"author":[{"embeddable":true,"href":"https:\/\/www.travel3.com.br\/site\/wp-json\/wp\/v2\/users\/6"}],"replies":[{"embeddable":true,"href":"https:\/\/www.travel3.com.br\/site\/wp-json\/wp\/v2\/comments?post=48143"}],"version-history":[{"count":6,"href":"https:\/\/www.travel3.com.br\/site\/wp-json\/wp\/v2\/posts\/48143\/revisions"}],"predecessor-version":[{"id":48198,"href":"https:\/\/www.travel3.com.br\/site\/wp-json\/wp\/v2\/posts\/48143\/revisions\/48198"}],"wp:featuredmedia":[{"embeddable":true,"href":"https:\/\/www.travel3.com.br\/site\/wp-json\/wp\/v2\/media\/48148"}],"wp:attachment":[{"href":"https:\/\/www.travel3.com.br\/site\/wp-json\/wp\/v2\/media?parent=48143"}],"wp:term":[{"taxonomy":"category","embeddable":true,"href":"https:\/\/www.travel3.com.br\/site\/wp-json\/wp\/v2\/categories?post=48143"},{"taxonomy":"post_tag","embeddable":true,"href":"https:\/\/www.travel3.com.br\/site\/wp-json\/wp\/v2\/tags?post=48143"}],"curies":[{"name":"wp","href":"https:\/\/api.w.org\/{rel}","templated":true}]}}