{"id":4810,"date":"2017-08-20T22:04:45","date_gmt":"2017-08-20T22:04:45","guid":{"rendered":"http:\/\/www.travel3.com.br\/site\/ir-e-vir\/ar\/eduardo-zorzanello-assume-presidencia-do-gramado-convention\/"},"modified":"2017-08-20T22:04:45","modified_gmt":"2017-08-20T22:04:45","slug":"eduardo-zorzanello-assume-presidencia-do-gramado-convention","status":"publish","type":"post","link":"https:\/\/www.travel3.com.br\/site\/sem-categoria\/eduardo-zorzanello-assume-presidencia-do-gramado-convention\/","title":{"rendered":"EDUARDO ZORZANELLO ASSUME PRESID\u00caNCIA DO GRAMADO CONVENTION"},"content":{"rendered":"<p><span style=\"color: #40acad; font-family: -apple-system, system-ui, 'Segoe UI', Roboto, Oxygen-Sans, Ubuntu, Cantarell, 'Helvetica Neue', sans-serif; font-size: 12px; font-weight: bold;\"><\/p>\n<p style=\"text-align:justify\">O advogado e empres\u00e1rio Eduardo Zorzanello assumiu a presid\u00eancia do Convention &#038; Vistors Bureau &#8211; Regi\u00e3o das Hort\u00eansias, com planos de atua\u00e7\u00e3o direta e incensiva com base na forte presen\u00e7a que vem mostrando no turismo pelas a\u00e7\u00f5es e iniciativas \u00e0 frente da Rossi &#038; Zorzanello, empresa organizadora de eventos corporativos e detentora das marcas FESTURIS Gramado &#8211; Feira Internacional de Turismo e Chocofest.<\/p>\n<p style=\"text-align:justify\">Reconhecido como h\u00e1bil negociador, desde que assumiu fun\u00e7\u00f5es diretivas na empresa fundada pela m\u00e3e Silvia, unificou a sociedade com Marta Rossi e ambos tem dado uma feliz continuidade ao Fesival de Gramado juntamente com Marcos Rossi, o terceiro integrante do trio de comando da empresa.<\/p>\n<p style=\"text-align:justify\"><a class=\"fancybox-media\" href=\"..\/_uploads\/_noticia\/2016-07\/dscn2719--2-.jpg\" rel=\"portfolio\"><img decoding=\"async\" alt=\"\" src=\"..\/_uploads\/_noticia\/2016-07\/dscn2719--2-.jpg\" \/><\/a><\/p>\n<p style=\"text-align:justify\">&#8220;N\u00f3s temos uma equipe competente e pretendemos manter a qualidade do atendimento e servi\u00e7os prestados pelo Convention. Queremos \u00a0tamb\u00e9m ampliar a capacita\u00e7\u00e3o de eventos em Gramado e Canela e buscar um di\u00e1logo com os demais setores e entidades para aumentar a competitividade da regi\u00e3o em rela\u00e7\u00e3o a outros destinos&#8221;, destaca o empres\u00e1rio que tamb\u00e9m \u00e9 vice-presidente da Abeoc-RS.<\/p>\n<p style=\"text-align:justify\">Para Eduardo, a ideia \u00e9 trabalhar com os setores tur\u00edsticos \u00a0no fortalecimento e a capta\u00e7\u00e3o de eventos. &#8220;A Regi\u00e3o das Hort\u00eansias \u00e9 o segundo destino mais desejado do pa\u00eds, e o terceiro destino mais procurado. Temos um potencial muito grande para a capta\u00e7\u00e3o de eventos, \u00a0ainda mais pela possibilidade de unir encontros de neg\u00f3cios ao lazer, pelas op\u00e7\u00f5es gastron\u00f4micas e de entretenimento de alta qualidade que temos. Algumas quest\u00f5es estruturais nas duas cidades podem ser pensadas e conversadas em conjunto com os empres\u00e1rios do setor para fortalecer esta capta\u00e7\u00e3o&#8221;, analisa.<\/p>\n<p style=\"text-align:justify\">O vice-presidente para a nova gest\u00e3o \u00e9 Jaime de Oliveira, gerente do Hotel Laje de Pedra, nome reconhecido da hotelaria e outro profissional de turismo com grande experi\u00eancia e relacionamentos.<\/p>\n<p style=\"text-align:justify\">A elei\u00e7\u00e3o que definiu Eduardo Zorzanello como presidente ocorreu em reuni\u00e3o ordin\u00e1ria do Conselho Curador da entidade realizada no m\u00eas de junho, e a gest\u00e3o \u00e9 para o bi\u00eanio 2016\/2018.<br \/>\n\u00a0<\/p>\n<p>\u00a0<\/p>\n<p><\/span><\/p>\n","protected":false},"excerpt":{"rendered":"<p>Caminho natural na carreira do  executivo que \u00e9 diretor do Festuris e  vai dirigir o organismo captador da Regi\u00e3o das Hort\u00eansias<\/p>\n","protected":false},"author":1,"featured_media":0,"comment_status":"open","ping_status":"open","sticky":false,"template":"","format":"standard","meta":{"footnotes":""},"categories":[],"tags":[],"class_list":["post-4810","post","type-post","status-publish","format-standard","hentry"],"yoast_head":"<!-- This site is optimized with the Yoast SEO plugin v26.2 - https:\/\/yoast.com\/wordpress\/plugins\/seo\/ -->\n<title>EDUARDO ZORZANELLO ASSUME PRESID\u00caNCIA DO GRAMADO CONVENTION - Travel3<\/title>\n<meta name=\"description\" content=\"A TRAVEL3 \u00e9 um portal de conte\u00fado voltado para o turismo, encontre destinos, viagens, hospedagem, passagens, guias, not\u00edcias sobre o mercado do turismo, dicas de viagem, v\u00eddeos e podcast.\" \/>\n<meta name=\"robots\" content=\"index, follow, max-snippet:-1, max-image-preview:large, max-video-preview:-1\" \/>\n<link rel=\"canonical\" href=\"https:\/\/www.travel3.com.br\/site\/sem-categoria\/eduardo-zorzanello-assume-presidencia-do-gramado-convention\/\" \/>\n<meta property=\"og:locale\" content=\"pt_BR\" \/>\n<meta property=\"og:type\" content=\"article\" \/>\n<meta property=\"og:title\" content=\"EDUARDO ZORZANELLO ASSUME PRESID\u00caNCIA DO GRAMADO CONVENTION - Travel3\" \/>\n<meta property=\"og:description\" content=\"A TRAVEL3 \u00e9 um portal de conte\u00fado voltado para o turismo, encontre destinos, viagens, hospedagem, passagens, guias, not\u00edcias sobre o mercado do turismo, dicas de viagem, v\u00eddeos e podcast.\" \/>\n<meta property=\"og:url\" content=\"https:\/\/www.travel3.com.br\/site\/sem-categoria\/eduardo-zorzanello-assume-presidencia-do-gramado-convention\/\" \/>\n<meta property=\"og:site_name\" content=\"Travel3\" \/>\n<meta property=\"article:publisher\" content=\"https:\/\/www.facebook.com\/travel3media\/\" \/>\n<meta property=\"article:published_time\" content=\"2017-08-20T22:04:45+00:00\" \/>\n<meta name=\"author\" content=\"admin\" \/>\n<meta name=\"twitter:card\" content=\"summary_large_image\" \/>\n<meta name=\"twitter:label1\" content=\"Escrito por\" \/>\n\t<meta name=\"twitter:data1\" content=\"admin\" \/>\n\t<meta name=\"twitter:label2\" content=\"Est. tempo de leitura\" \/>\n\t<meta name=\"twitter:data2\" content=\"2 minutos\" \/>\n<script type=\"application\/ld+json\" class=\"yoast-schema-graph\">{\"@context\":\"https:\/\/schema.org\",\"@graph\":[{\"@type\":\"Article\",\"@id\":\"https:\/\/www.travel3.com.br\/site\/sem-categoria\/eduardo-zorzanello-assume-presidencia-do-gramado-convention\/#article\",\"isPartOf\":{\"@id\":\"https:\/\/www.travel3.com.br\/site\/sem-categoria\/eduardo-zorzanello-assume-presidencia-do-gramado-convention\/\"},\"author\":{\"name\":\"admin\",\"@id\":\"https:\/\/www.travel3.com.br\/site\/#\/schema\/person\/a69d71e41a024999b6ab82369ac0bd1e\"},\"headline\":\"EDUARDO ZORZANELLO ASSUME PRESID\u00caNCIA DO GRAMADO CONVENTION\",\"datePublished\":\"2017-08-20T22:04:45+00:00\",\"mainEntityOfPage\":{\"@id\":\"https:\/\/www.travel3.com.br\/site\/sem-categoria\/eduardo-zorzanello-assume-presidencia-do-gramado-convention\/\"},\"wordCount\":354,\"commentCount\":0,\"publisher\":{\"@id\":\"https:\/\/www.travel3.com.br\/site\/#organization\"},\"inLanguage\":\"pt-BR\",\"potentialAction\":[{\"@type\":\"CommentAction\",\"name\":\"Comment\",\"target\":[\"https:\/\/www.travel3.com.br\/site\/sem-categoria\/eduardo-zorzanello-assume-presidencia-do-gramado-convention\/#respond\"]}]},{\"@type\":\"WebPage\",\"@id\":\"https:\/\/www.travel3.com.br\/site\/sem-categoria\/eduardo-zorzanello-assume-presidencia-do-gramado-convention\/\",\"url\":\"https:\/\/www.travel3.com.br\/site\/sem-categoria\/eduardo-zorzanello-assume-presidencia-do-gramado-convention\/\",\"name\":\"EDUARDO ZORZANELLO ASSUME PRESID\u00caNCIA DO GRAMADO CONVENTION - Travel3\",\"isPartOf\":{\"@id\":\"https:\/\/www.travel3.com.br\/site\/#website\"},\"datePublished\":\"2017-08-20T22:04:45+00:00\",\"description\":\"A TRAVEL3 \u00e9 um portal de conte\u00fado voltado para o turismo, encontre destinos, viagens, hospedagem, passagens, guias, not\u00edcias sobre o mercado do turismo, dicas de viagem, v\u00eddeos e podcast.\",\"breadcrumb\":{\"@id\":\"https:\/\/www.travel3.com.br\/site\/sem-categoria\/eduardo-zorzanello-assume-presidencia-do-gramado-convention\/#breadcrumb\"},\"inLanguage\":\"pt-BR\",\"potentialAction\":[{\"@type\":\"ReadAction\",\"target\":[\"https:\/\/www.travel3.com.br\/site\/sem-categoria\/eduardo-zorzanello-assume-presidencia-do-gramado-convention\/\"]}]},{\"@type\":\"BreadcrumbList\",\"@id\":\"https:\/\/www.travel3.com.br\/site\/sem-categoria\/eduardo-zorzanello-assume-presidencia-do-gramado-convention\/#breadcrumb\",\"itemListElement\":[{\"@type\":\"ListItem\",\"position\":1,\"name\":\"In\u00edcio\",\"item\":\"https:\/\/www.travel3.com.br\/site\/\"},{\"@type\":\"ListItem\",\"position\":2,\"name\":\"EDUARDO ZORZANELLO ASSUME PRESID\u00caNCIA DO GRAMADO CONVENTION\"}]},{\"@type\":\"WebSite\",\"@id\":\"https:\/\/www.travel3.com.br\/site\/#website\",\"url\":\"https:\/\/www.travel3.com.br\/site\/\",\"name\":\"Travel3\",\"description\":\"Lazer + Neg&oacute;cios + Aventura\",\"publisher\":{\"@id\":\"https:\/\/www.travel3.com.br\/site\/#organization\"},\"potentialAction\":[{\"@type\":\"SearchAction\",\"target\":{\"@type\":\"EntryPoint\",\"urlTemplate\":\"https:\/\/www.travel3.com.br\/site\/?s={search_term_string}\"},\"query-input\":{\"@type\":\"PropertyValueSpecification\",\"valueRequired\":true,\"valueName\":\"search_term_string\"}}],\"inLanguage\":\"pt-BR\"},{\"@type\":\"Organization\",\"@id\":\"https:\/\/www.travel3.com.br\/site\/#organization\",\"name\":\"Travel3\",\"url\":\"https:\/\/www.travel3.com.br\/site\/\",\"logo\":{\"@type\":\"ImageObject\",\"inLanguage\":\"pt-BR\",\"@id\":\"https:\/\/www.travel3.com.br\/site\/#\/schema\/logo\/image\/\",\"url\":\"https:\/\/www.travel3.com.br\/site\/wp-content\/uploads\/2020\/01\/logo-travel3-2020.png\",\"contentUrl\":\"https:\/\/www.travel3.com.br\/site\/wp-content\/uploads\/2020\/01\/logo-travel3-2020.png\",\"width\":232,\"height\":79,\"caption\":\"Travel3\"},\"image\":{\"@id\":\"https:\/\/www.travel3.com.br\/site\/#\/schema\/logo\/image\/\"},\"sameAs\":[\"https:\/\/www.facebook.com\/travel3media\/\",\"https:\/\/www.instagram.com\/revistatravel3\/\",\"https:\/\/www.youtube.com\/channel\/UCno7J4paGBR3VbZQzvoJ9Eg\"]},{\"@type\":\"Person\",\"@id\":\"https:\/\/www.travel3.com.br\/site\/#\/schema\/person\/a69d71e41a024999b6ab82369ac0bd1e\",\"name\":\"admin\",\"image\":{\"@type\":\"ImageObject\",\"inLanguage\":\"pt-BR\",\"@id\":\"https:\/\/www.travel3.com.br\/site\/#\/schema\/person\/image\/\",\"url\":\"https:\/\/secure.gravatar.com\/avatar\/732a67adfd764da2a47ba10ce731c4c0?s=96&d=mm&r=g\",\"contentUrl\":\"https:\/\/secure.gravatar.com\/avatar\/732a67adfd764da2a47ba10ce731c4c0?s=96&d=mm&r=g\",\"caption\":\"admin\"},\"url\":\"https:\/\/www.travel3.com.br\/site\/author\/admin\/\"}]}<\/script>\n<!-- \/ Yoast SEO plugin. -->","yoast_head_json":{"title":"EDUARDO ZORZANELLO ASSUME PRESID\u00caNCIA DO GRAMADO CONVENTION - Travel3","description":"A TRAVEL3 \u00e9 um portal de conte\u00fado voltado para o turismo, encontre destinos, viagens, hospedagem, passagens, guias, not\u00edcias sobre o mercado do turismo, dicas de viagem, v\u00eddeos e podcast.","robots":{"index":"index","follow":"follow","max-snippet":"max-snippet:-1","max-image-preview":"max-image-preview:large","max-video-preview":"max-video-preview:-1"},"canonical":"https:\/\/www.travel3.com.br\/site\/sem-categoria\/eduardo-zorzanello-assume-presidencia-do-gramado-convention\/","og_locale":"pt_BR","og_type":"article","og_title":"EDUARDO ZORZANELLO ASSUME PRESID\u00caNCIA DO GRAMADO CONVENTION - Travel3","og_description":"A TRAVEL3 \u00e9 um portal de conte\u00fado voltado para o turismo, encontre destinos, viagens, hospedagem, passagens, guias, not\u00edcias sobre o mercado do turismo, dicas de viagem, v\u00eddeos e podcast.","og_url":"https:\/\/www.travel3.com.br\/site\/sem-categoria\/eduardo-zorzanello-assume-presidencia-do-gramado-convention\/","og_site_name":"Travel3","article_publisher":"https:\/\/www.facebook.com\/travel3media\/","article_published_time":"2017-08-20T22:04:45+00:00","author":"admin","twitter_card":"summary_large_image","twitter_misc":{"Escrito por":"admin","Est. tempo de leitura":"2 minutos"},"schema":{"@context":"https:\/\/schema.org","@graph":[{"@type":"Article","@id":"https:\/\/www.travel3.com.br\/site\/sem-categoria\/eduardo-zorzanello-assume-presidencia-do-gramado-convention\/#article","isPartOf":{"@id":"https:\/\/www.travel3.com.br\/site\/sem-categoria\/eduardo-zorzanello-assume-presidencia-do-gramado-convention\/"},"author":{"name":"admin","@id":"https:\/\/www.travel3.com.br\/site\/#\/schema\/person\/a69d71e41a024999b6ab82369ac0bd1e"},"headline":"EDUARDO ZORZANELLO ASSUME PRESID\u00caNCIA DO GRAMADO CONVENTION","datePublished":"2017-08-20T22:04:45+00:00","mainEntityOfPage":{"@id":"https:\/\/www.travel3.com.br\/site\/sem-categoria\/eduardo-zorzanello-assume-presidencia-do-gramado-convention\/"},"wordCount":354,"commentCount":0,"publisher":{"@id":"https:\/\/www.travel3.com.br\/site\/#organization"},"inLanguage":"pt-BR","potentialAction":[{"@type":"CommentAction","name":"Comment","target":["https:\/\/www.travel3.com.br\/site\/sem-categoria\/eduardo-zorzanello-assume-presidencia-do-gramado-convention\/#respond"]}]},{"@type":"WebPage","@id":"https:\/\/www.travel3.com.br\/site\/sem-categoria\/eduardo-zorzanello-assume-presidencia-do-gramado-convention\/","url":"https:\/\/www.travel3.com.br\/site\/sem-categoria\/eduardo-zorzanello-assume-presidencia-do-gramado-convention\/","name":"EDUARDO ZORZANELLO ASSUME PRESID\u00caNCIA DO GRAMADO CONVENTION - Travel3","isPartOf":{"@id":"https:\/\/www.travel3.com.br\/site\/#website"},"datePublished":"2017-08-20T22:04:45+00:00","description":"A TRAVEL3 \u00e9 um portal de conte\u00fado voltado para o turismo, encontre destinos, viagens, hospedagem, passagens, guias, not\u00edcias sobre o mercado do turismo, dicas de viagem, v\u00eddeos e podcast.","breadcrumb":{"@id":"https:\/\/www.travel3.com.br\/site\/sem-categoria\/eduardo-zorzanello-assume-presidencia-do-gramado-convention\/#breadcrumb"},"inLanguage":"pt-BR","potentialAction":[{"@type":"ReadAction","target":["https:\/\/www.travel3.com.br\/site\/sem-categoria\/eduardo-zorzanello-assume-presidencia-do-gramado-convention\/"]}]},{"@type":"BreadcrumbList","@id":"https:\/\/www.travel3.com.br\/site\/sem-categoria\/eduardo-zorzanello-assume-presidencia-do-gramado-convention\/#breadcrumb","itemListElement":[{"@type":"ListItem","position":1,"name":"In\u00edcio","item":"https:\/\/www.travel3.com.br\/site\/"},{"@type":"ListItem","position":2,"name":"EDUARDO ZORZANELLO ASSUME PRESID\u00caNCIA DO GRAMADO CONVENTION"}]},{"@type":"WebSite","@id":"https:\/\/www.travel3.com.br\/site\/#website","url":"https:\/\/www.travel3.com.br\/site\/","name":"Travel3","description":"Lazer + Neg&oacute;cios + Aventura","publisher":{"@id":"https:\/\/www.travel3.com.br\/site\/#organization"},"potentialAction":[{"@type":"SearchAction","target":{"@type":"EntryPoint","urlTemplate":"https:\/\/www.travel3.com.br\/site\/?s={search_term_string}"},"query-input":{"@type":"PropertyValueSpecification","valueRequired":true,"valueName":"search_term_string"}}],"inLanguage":"pt-BR"},{"@type":"Organization","@id":"https:\/\/www.travel3.com.br\/site\/#organization","name":"Travel3","url":"https:\/\/www.travel3.com.br\/site\/","logo":{"@type":"ImageObject","inLanguage":"pt-BR","@id":"https:\/\/www.travel3.com.br\/site\/#\/schema\/logo\/image\/","url":"https:\/\/www.travel3.com.br\/site\/wp-content\/uploads\/2020\/01\/logo-travel3-2020.png","contentUrl":"https:\/\/www.travel3.com.br\/site\/wp-content\/uploads\/2020\/01\/logo-travel3-2020.png","width":232,"height":79,"caption":"Travel3"},"image":{"@id":"https:\/\/www.travel3.com.br\/site\/#\/schema\/logo\/image\/"},"sameAs":["https:\/\/www.facebook.com\/travel3media\/","https:\/\/www.instagram.com\/revistatravel3\/","https:\/\/www.youtube.com\/channel\/UCno7J4paGBR3VbZQzvoJ9Eg"]},{"@type":"Person","@id":"https:\/\/www.travel3.com.br\/site\/#\/schema\/person\/a69d71e41a024999b6ab82369ac0bd1e","name":"admin","image":{"@type":"ImageObject","inLanguage":"pt-BR","@id":"https:\/\/www.travel3.com.br\/site\/#\/schema\/person\/image\/","url":"https:\/\/secure.gravatar.com\/avatar\/732a67adfd764da2a47ba10ce731c4c0?s=96&d=mm&r=g","contentUrl":"https:\/\/secure.gravatar.com\/avatar\/732a67adfd764da2a47ba10ce731c4c0?s=96&d=mm&r=g","caption":"admin"},"url":"https:\/\/www.travel3.com.br\/site\/author\/admin\/"}]}},"_links":{"self":[{"href":"https:\/\/www.travel3.com.br\/site\/wp-json\/wp\/v2\/posts\/4810","targetHints":{"allow":["GET"]}}],"collection":[{"href":"https:\/\/www.travel3.com.br\/site\/wp-json\/wp\/v2\/posts"}],"about":[{"href":"https:\/\/www.travel3.com.br\/site\/wp-json\/wp\/v2\/types\/post"}],"author":[{"embeddable":true,"href":"https:\/\/www.travel3.com.br\/site\/wp-json\/wp\/v2\/users\/1"}],"replies":[{"embeddable":true,"href":"https:\/\/www.travel3.com.br\/site\/wp-json\/wp\/v2\/comments?post=4810"}],"version-history":[{"count":0,"href":"https:\/\/www.travel3.com.br\/site\/wp-json\/wp\/v2\/posts\/4810\/revisions"}],"wp:attachment":[{"href":"https:\/\/www.travel3.com.br\/site\/wp-json\/wp\/v2\/media?parent=4810"}],"wp:term":[{"taxonomy":"category","embeddable":true,"href":"https:\/\/www.travel3.com.br\/site\/wp-json\/wp\/v2\/categories?post=4810"},{"taxonomy":"post_tag","embeddable":true,"href":"https:\/\/www.travel3.com.br\/site\/wp-json\/wp\/v2\/tags?post=4810"}],"curies":[{"name":"wp","href":"https:\/\/api.w.org\/{rel}","templated":true}]}}