{"id":4801,"date":"2017-09-05T18:49:32","date_gmt":"2017-09-05T18:49:32","guid":{"rendered":"http:\/\/www.travel3.com.br\/site\/ir-e-vir\/ar\/bom-dia-ipanema-retrata-a-vida-de-cariocas-que-lutam-para-sobreviver\/"},"modified":"2017-09-05T18:49:32","modified_gmt":"2017-09-05T18:49:32","slug":"bom-dia-ipanema-retrata-a-vida-de-cariocas-que-lutam-para-sobreviver","status":"publish","type":"post","link":"https:\/\/www.travel3.com.br\/site\/sem-categoria\/bom-dia-ipanema-retrata-a-vida-de-cariocas-que-lutam-para-sobreviver\/","title":{"rendered":"&#8220;BOM DIA, IPANEMA&#8221; RETRATA A VIDA DE CARIOCAS QUE LUTAM PARA SOBREVIVER"},"content":{"rendered":"<p><span style=\"color: #40acad; font-family: -apple-system, system-ui, 'Segoe UI', Roboto, Oxygen-Sans, Ubuntu, Cantarell, 'Helvetica Neue', sans-serif; font-size: 12px; font-weight: bold;\"><\/p>\n<p style=\"text-align: justify;\"><a class=\"fancybox-media\" href=\"..\/_uploads\/_noticia\/2016-07\/10287966-10152354801115926-1405376391-o.jpg\" rel=\"portfolio\"><img decoding=\"async\" alt=\"\" src=\"..\/_uploads\/_noticia\/2016-07\/10287966-10152354801115926-1405376391-o.jpg\" \/><\/a><\/p>\n<p style=\"text-align: justify;\">O desemprego cresce para 10,9% e atinge 11 milh\u00f5es de pessoas em 2016. \u00a0Em tempos como este, o filme &#8220;Bom Dia, Ipanema!&#8221; retrata a vida de cariocas que lutam para sobreviver. \u00a0<\/p>\n<p style=\"text-align: justify;\">O document\u00e1rio independente &#8220;Bom dia, Ipanema!\u2019\u2019 mostra para o mundo, atrav\u00e9s dos retratos ilustres e carism\u00e1ticos dos vendedores ambulantes da Praia de Ipanema, o esp\u00edrito de alto-astral dos cariocas e da cidade de S\u00e3o Sebasti\u00e3o do Rio de Janeiro.<\/p>\n<p style=\"text-align: justify;\">\u00a0<\/p>\n<p style=\"text-align: justify;\"><a class=\"fancybox-media\" href=\"..\/_uploads\/_noticia\/2016-07\/m-j-03-img-3280.jpg\" rel=\"portfolio\"><img decoding=\"async\" alt=\"\" src=\"..\/_uploads\/_noticia\/2016-07\/m-j-03-img-3280.jpg\" \/><\/a><\/p>\n<p style=\"text-align: justify;\">Da especial linguagem, da express\u00e3o corporal, das tiradas c\u00f4micas, das trag\u00e9dias humanas camufladas pelos risos v\u00e3o surgindo aspectos do que se poderia chamar de \u201cCarioca way of life\u201d com sua bonomia e poder de sedu\u00e7\u00e3o. \u00a0Um desses personagens, o criativo e bem sucedido Raphael &#8220;Hareburger&#8221;, foi convidado a conduzir a tocha Ol\u00edmpica: venha conhecer a hist\u00f3ria desse empreendedor!\u00a0<\/p>\n<p style=\"text-align: justify;\">Num mundo onde tanto se fala sobre sustentabilidade, o filme \u00e9 um olhar sobre a \u201csustent\u00e1vel leveza do ser\u201d, parafraseando, ou melhor, refraseando, Milan Kundera. Dentre todas as \u201csustentabilidades\u201d, a humana deveria estar sempre em primeiro lugar. Trata-se, ent\u00e3o, de um extraordin\u00e1rio exemplo de empreendedorismo. Pequenas hist\u00f3rias sobre a sustentabilidade do ser humano. Hist\u00f3rias verdadeiras, vividas por incr\u00edveis personagens cujos dramas se transformam em li\u00e7\u00f5es de vida, sob as mais diferentes formas.<\/p>\n<p><\/span><\/p>\n","protected":false},"excerpt":{"rendered":"<p>O document\u00e1rio independente &#8220;Bom dia, Ipanema!\u2019\u2019 retrata a vida dos carism\u00e1ticos vendedores ambulantes da Praia de Ipanema<\/p>\n","protected":false},"author":1,"featured_media":0,"comment_status":"open","ping_status":"open","sticky":false,"template":"","format":"standard","meta":{"footnotes":""},"categories":[],"tags":[],"class_list":["post-4801","post","type-post","status-publish","format-standard","hentry"],"yoast_head":"<!-- This site is optimized with the Yoast SEO plugin v26.2 - https:\/\/yoast.com\/wordpress\/plugins\/seo\/ -->\n<title>&quot;BOM DIA, IPANEMA&quot; RETRATA A VIDA DE CARIOCAS QUE LUTAM PARA SOBREVIVER - Travel3<\/title>\n<meta name=\"description\" content=\"A TRAVEL3 \u00e9 um portal de conte\u00fado voltado para o turismo, encontre destinos, viagens, hospedagem, passagens, guias, not\u00edcias sobre o mercado do turismo, dicas de viagem, v\u00eddeos e podcast.\" \/>\n<meta name=\"robots\" content=\"index, follow, max-snippet:-1, max-image-preview:large, max-video-preview:-1\" \/>\n<link rel=\"canonical\" href=\"https:\/\/www.travel3.com.br\/site\/sem-categoria\/bom-dia-ipanema-retrata-a-vida-de-cariocas-que-lutam-para-sobreviver\/\" \/>\n<meta property=\"og:locale\" content=\"pt_BR\" \/>\n<meta property=\"og:type\" content=\"article\" \/>\n<meta property=\"og:title\" content=\"&quot;BOM DIA, IPANEMA&quot; RETRATA A VIDA DE CARIOCAS QUE LUTAM PARA SOBREVIVER - Travel3\" \/>\n<meta property=\"og:description\" content=\"A TRAVEL3 \u00e9 um portal de conte\u00fado voltado para o turismo, encontre destinos, viagens, hospedagem, passagens, guias, not\u00edcias sobre o mercado do turismo, dicas de viagem, v\u00eddeos e podcast.\" \/>\n<meta property=\"og:url\" content=\"https:\/\/www.travel3.com.br\/site\/sem-categoria\/bom-dia-ipanema-retrata-a-vida-de-cariocas-que-lutam-para-sobreviver\/\" \/>\n<meta property=\"og:site_name\" content=\"Travel3\" \/>\n<meta property=\"article:publisher\" content=\"https:\/\/www.facebook.com\/travel3media\/\" \/>\n<meta property=\"article:published_time\" content=\"2017-09-05T18:49:32+00:00\" \/>\n<meta name=\"author\" content=\"admin\" \/>\n<meta name=\"twitter:card\" content=\"summary_large_image\" \/>\n<meta name=\"twitter:label1\" content=\"Escrito por\" \/>\n\t<meta name=\"twitter:data1\" content=\"admin\" \/>\n\t<meta name=\"twitter:label2\" content=\"Est. tempo de leitura\" \/>\n\t<meta name=\"twitter:data2\" content=\"1 minuto\" \/>\n<script type=\"application\/ld+json\" class=\"yoast-schema-graph\">{\"@context\":\"https:\/\/schema.org\",\"@graph\":[{\"@type\":\"Article\",\"@id\":\"https:\/\/www.travel3.com.br\/site\/sem-categoria\/bom-dia-ipanema-retrata-a-vida-de-cariocas-que-lutam-para-sobreviver\/#article\",\"isPartOf\":{\"@id\":\"https:\/\/www.travel3.com.br\/site\/sem-categoria\/bom-dia-ipanema-retrata-a-vida-de-cariocas-que-lutam-para-sobreviver\/\"},\"author\":{\"name\":\"admin\",\"@id\":\"https:\/\/www.travel3.com.br\/site\/#\/schema\/person\/a69d71e41a024999b6ab82369ac0bd1e\"},\"headline\":\"&#8220;BOM DIA, IPANEMA&#8221; RETRATA A VIDA DE CARIOCAS QUE LUTAM PARA SOBREVIVER\",\"datePublished\":\"2017-09-05T18:49:32+00:00\",\"mainEntityOfPage\":{\"@id\":\"https:\/\/www.travel3.com.br\/site\/sem-categoria\/bom-dia-ipanema-retrata-a-vida-de-cariocas-que-lutam-para-sobreviver\/\"},\"wordCount\":229,\"commentCount\":0,\"publisher\":{\"@id\":\"https:\/\/www.travel3.com.br\/site\/#organization\"},\"inLanguage\":\"pt-BR\",\"potentialAction\":[{\"@type\":\"CommentAction\",\"name\":\"Comment\",\"target\":[\"https:\/\/www.travel3.com.br\/site\/sem-categoria\/bom-dia-ipanema-retrata-a-vida-de-cariocas-que-lutam-para-sobreviver\/#respond\"]}]},{\"@type\":\"WebPage\",\"@id\":\"https:\/\/www.travel3.com.br\/site\/sem-categoria\/bom-dia-ipanema-retrata-a-vida-de-cariocas-que-lutam-para-sobreviver\/\",\"url\":\"https:\/\/www.travel3.com.br\/site\/sem-categoria\/bom-dia-ipanema-retrata-a-vida-de-cariocas-que-lutam-para-sobreviver\/\",\"name\":\"\\\"BOM DIA, IPANEMA\\\" RETRATA A VIDA DE CARIOCAS QUE LUTAM PARA SOBREVIVER - Travel3\",\"isPartOf\":{\"@id\":\"https:\/\/www.travel3.com.br\/site\/#website\"},\"datePublished\":\"2017-09-05T18:49:32+00:00\",\"description\":\"A TRAVEL3 \u00e9 um portal de conte\u00fado voltado para o turismo, encontre destinos, viagens, hospedagem, passagens, guias, not\u00edcias sobre o mercado do turismo, dicas de viagem, v\u00eddeos e podcast.\",\"breadcrumb\":{\"@id\":\"https:\/\/www.travel3.com.br\/site\/sem-categoria\/bom-dia-ipanema-retrata-a-vida-de-cariocas-que-lutam-para-sobreviver\/#breadcrumb\"},\"inLanguage\":\"pt-BR\",\"potentialAction\":[{\"@type\":\"ReadAction\",\"target\":[\"https:\/\/www.travel3.com.br\/site\/sem-categoria\/bom-dia-ipanema-retrata-a-vida-de-cariocas-que-lutam-para-sobreviver\/\"]}]},{\"@type\":\"BreadcrumbList\",\"@id\":\"https:\/\/www.travel3.com.br\/site\/sem-categoria\/bom-dia-ipanema-retrata-a-vida-de-cariocas-que-lutam-para-sobreviver\/#breadcrumb\",\"itemListElement\":[{\"@type\":\"ListItem\",\"position\":1,\"name\":\"In\u00edcio\",\"item\":\"https:\/\/www.travel3.com.br\/site\/\"},{\"@type\":\"ListItem\",\"position\":2,\"name\":\"&#8220;BOM DIA, IPANEMA&#8221; RETRATA A VIDA DE CARIOCAS QUE LUTAM PARA SOBREVIVER\"}]},{\"@type\":\"WebSite\",\"@id\":\"https:\/\/www.travel3.com.br\/site\/#website\",\"url\":\"https:\/\/www.travel3.com.br\/site\/\",\"name\":\"Travel3\",\"description\":\"Lazer + Neg&oacute;cios + Aventura\",\"publisher\":{\"@id\":\"https:\/\/www.travel3.com.br\/site\/#organization\"},\"potentialAction\":[{\"@type\":\"SearchAction\",\"target\":{\"@type\":\"EntryPoint\",\"urlTemplate\":\"https:\/\/www.travel3.com.br\/site\/?s={search_term_string}\"},\"query-input\":{\"@type\":\"PropertyValueSpecification\",\"valueRequired\":true,\"valueName\":\"search_term_string\"}}],\"inLanguage\":\"pt-BR\"},{\"@type\":\"Organization\",\"@id\":\"https:\/\/www.travel3.com.br\/site\/#organization\",\"name\":\"Travel3\",\"url\":\"https:\/\/www.travel3.com.br\/site\/\",\"logo\":{\"@type\":\"ImageObject\",\"inLanguage\":\"pt-BR\",\"@id\":\"https:\/\/www.travel3.com.br\/site\/#\/schema\/logo\/image\/\",\"url\":\"https:\/\/www.travel3.com.br\/site\/wp-content\/uploads\/2020\/01\/logo-travel3-2020.png\",\"contentUrl\":\"https:\/\/www.travel3.com.br\/site\/wp-content\/uploads\/2020\/01\/logo-travel3-2020.png\",\"width\":232,\"height\":79,\"caption\":\"Travel3\"},\"image\":{\"@id\":\"https:\/\/www.travel3.com.br\/site\/#\/schema\/logo\/image\/\"},\"sameAs\":[\"https:\/\/www.facebook.com\/travel3media\/\",\"https:\/\/www.instagram.com\/revistatravel3\/\",\"https:\/\/www.youtube.com\/channel\/UCno7J4paGBR3VbZQzvoJ9Eg\"]},{\"@type\":\"Person\",\"@id\":\"https:\/\/www.travel3.com.br\/site\/#\/schema\/person\/a69d71e41a024999b6ab82369ac0bd1e\",\"name\":\"admin\",\"image\":{\"@type\":\"ImageObject\",\"inLanguage\":\"pt-BR\",\"@id\":\"https:\/\/www.travel3.com.br\/site\/#\/schema\/person\/image\/\",\"url\":\"https:\/\/secure.gravatar.com\/avatar\/732a67adfd764da2a47ba10ce731c4c0?s=96&d=mm&r=g\",\"contentUrl\":\"https:\/\/secure.gravatar.com\/avatar\/732a67adfd764da2a47ba10ce731c4c0?s=96&d=mm&r=g\",\"caption\":\"admin\"},\"url\":\"https:\/\/www.travel3.com.br\/site\/author\/admin\/\"}]}<\/script>\n<!-- \/ Yoast SEO plugin. -->","yoast_head_json":{"title":"\"BOM DIA, IPANEMA\" RETRATA A VIDA DE CARIOCAS QUE LUTAM PARA SOBREVIVER - Travel3","description":"A TRAVEL3 \u00e9 um portal de conte\u00fado voltado para o turismo, encontre destinos, viagens, hospedagem, passagens, guias, not\u00edcias sobre o mercado do turismo, dicas de viagem, v\u00eddeos e podcast.","robots":{"index":"index","follow":"follow","max-snippet":"max-snippet:-1","max-image-preview":"max-image-preview:large","max-video-preview":"max-video-preview:-1"},"canonical":"https:\/\/www.travel3.com.br\/site\/sem-categoria\/bom-dia-ipanema-retrata-a-vida-de-cariocas-que-lutam-para-sobreviver\/","og_locale":"pt_BR","og_type":"article","og_title":"\"BOM DIA, IPANEMA\" RETRATA A VIDA DE CARIOCAS QUE LUTAM PARA SOBREVIVER - Travel3","og_description":"A TRAVEL3 \u00e9 um portal de conte\u00fado voltado para o turismo, encontre destinos, viagens, hospedagem, passagens, guias, not\u00edcias sobre o mercado do turismo, dicas de viagem, v\u00eddeos e podcast.","og_url":"https:\/\/www.travel3.com.br\/site\/sem-categoria\/bom-dia-ipanema-retrata-a-vida-de-cariocas-que-lutam-para-sobreviver\/","og_site_name":"Travel3","article_publisher":"https:\/\/www.facebook.com\/travel3media\/","article_published_time":"2017-09-05T18:49:32+00:00","author":"admin","twitter_card":"summary_large_image","twitter_misc":{"Escrito por":"admin","Est. tempo de leitura":"1 minuto"},"schema":{"@context":"https:\/\/schema.org","@graph":[{"@type":"Article","@id":"https:\/\/www.travel3.com.br\/site\/sem-categoria\/bom-dia-ipanema-retrata-a-vida-de-cariocas-que-lutam-para-sobreviver\/#article","isPartOf":{"@id":"https:\/\/www.travel3.com.br\/site\/sem-categoria\/bom-dia-ipanema-retrata-a-vida-de-cariocas-que-lutam-para-sobreviver\/"},"author":{"name":"admin","@id":"https:\/\/www.travel3.com.br\/site\/#\/schema\/person\/a69d71e41a024999b6ab82369ac0bd1e"},"headline":"&#8220;BOM DIA, IPANEMA&#8221; RETRATA A VIDA DE CARIOCAS QUE LUTAM PARA SOBREVIVER","datePublished":"2017-09-05T18:49:32+00:00","mainEntityOfPage":{"@id":"https:\/\/www.travel3.com.br\/site\/sem-categoria\/bom-dia-ipanema-retrata-a-vida-de-cariocas-que-lutam-para-sobreviver\/"},"wordCount":229,"commentCount":0,"publisher":{"@id":"https:\/\/www.travel3.com.br\/site\/#organization"},"inLanguage":"pt-BR","potentialAction":[{"@type":"CommentAction","name":"Comment","target":["https:\/\/www.travel3.com.br\/site\/sem-categoria\/bom-dia-ipanema-retrata-a-vida-de-cariocas-que-lutam-para-sobreviver\/#respond"]}]},{"@type":"WebPage","@id":"https:\/\/www.travel3.com.br\/site\/sem-categoria\/bom-dia-ipanema-retrata-a-vida-de-cariocas-que-lutam-para-sobreviver\/","url":"https:\/\/www.travel3.com.br\/site\/sem-categoria\/bom-dia-ipanema-retrata-a-vida-de-cariocas-que-lutam-para-sobreviver\/","name":"\"BOM DIA, IPANEMA\" RETRATA A VIDA DE CARIOCAS QUE LUTAM PARA SOBREVIVER - Travel3","isPartOf":{"@id":"https:\/\/www.travel3.com.br\/site\/#website"},"datePublished":"2017-09-05T18:49:32+00:00","description":"A TRAVEL3 \u00e9 um portal de conte\u00fado voltado para o turismo, encontre destinos, viagens, hospedagem, passagens, guias, not\u00edcias sobre o mercado do turismo, dicas de viagem, v\u00eddeos e podcast.","breadcrumb":{"@id":"https:\/\/www.travel3.com.br\/site\/sem-categoria\/bom-dia-ipanema-retrata-a-vida-de-cariocas-que-lutam-para-sobreviver\/#breadcrumb"},"inLanguage":"pt-BR","potentialAction":[{"@type":"ReadAction","target":["https:\/\/www.travel3.com.br\/site\/sem-categoria\/bom-dia-ipanema-retrata-a-vida-de-cariocas-que-lutam-para-sobreviver\/"]}]},{"@type":"BreadcrumbList","@id":"https:\/\/www.travel3.com.br\/site\/sem-categoria\/bom-dia-ipanema-retrata-a-vida-de-cariocas-que-lutam-para-sobreviver\/#breadcrumb","itemListElement":[{"@type":"ListItem","position":1,"name":"In\u00edcio","item":"https:\/\/www.travel3.com.br\/site\/"},{"@type":"ListItem","position":2,"name":"&#8220;BOM DIA, IPANEMA&#8221; RETRATA A VIDA DE CARIOCAS QUE LUTAM PARA SOBREVIVER"}]},{"@type":"WebSite","@id":"https:\/\/www.travel3.com.br\/site\/#website","url":"https:\/\/www.travel3.com.br\/site\/","name":"Travel3","description":"Lazer + Neg&oacute;cios + Aventura","publisher":{"@id":"https:\/\/www.travel3.com.br\/site\/#organization"},"potentialAction":[{"@type":"SearchAction","target":{"@type":"EntryPoint","urlTemplate":"https:\/\/www.travel3.com.br\/site\/?s={search_term_string}"},"query-input":{"@type":"PropertyValueSpecification","valueRequired":true,"valueName":"search_term_string"}}],"inLanguage":"pt-BR"},{"@type":"Organization","@id":"https:\/\/www.travel3.com.br\/site\/#organization","name":"Travel3","url":"https:\/\/www.travel3.com.br\/site\/","logo":{"@type":"ImageObject","inLanguage":"pt-BR","@id":"https:\/\/www.travel3.com.br\/site\/#\/schema\/logo\/image\/","url":"https:\/\/www.travel3.com.br\/site\/wp-content\/uploads\/2020\/01\/logo-travel3-2020.png","contentUrl":"https:\/\/www.travel3.com.br\/site\/wp-content\/uploads\/2020\/01\/logo-travel3-2020.png","width":232,"height":79,"caption":"Travel3"},"image":{"@id":"https:\/\/www.travel3.com.br\/site\/#\/schema\/logo\/image\/"},"sameAs":["https:\/\/www.facebook.com\/travel3media\/","https:\/\/www.instagram.com\/revistatravel3\/","https:\/\/www.youtube.com\/channel\/UCno7J4paGBR3VbZQzvoJ9Eg"]},{"@type":"Person","@id":"https:\/\/www.travel3.com.br\/site\/#\/schema\/person\/a69d71e41a024999b6ab82369ac0bd1e","name":"admin","image":{"@type":"ImageObject","inLanguage":"pt-BR","@id":"https:\/\/www.travel3.com.br\/site\/#\/schema\/person\/image\/","url":"https:\/\/secure.gravatar.com\/avatar\/732a67adfd764da2a47ba10ce731c4c0?s=96&d=mm&r=g","contentUrl":"https:\/\/secure.gravatar.com\/avatar\/732a67adfd764da2a47ba10ce731c4c0?s=96&d=mm&r=g","caption":"admin"},"url":"https:\/\/www.travel3.com.br\/site\/author\/admin\/"}]}},"_links":{"self":[{"href":"https:\/\/www.travel3.com.br\/site\/wp-json\/wp\/v2\/posts\/4801","targetHints":{"allow":["GET"]}}],"collection":[{"href":"https:\/\/www.travel3.com.br\/site\/wp-json\/wp\/v2\/posts"}],"about":[{"href":"https:\/\/www.travel3.com.br\/site\/wp-json\/wp\/v2\/types\/post"}],"author":[{"embeddable":true,"href":"https:\/\/www.travel3.com.br\/site\/wp-json\/wp\/v2\/users\/1"}],"replies":[{"embeddable":true,"href":"https:\/\/www.travel3.com.br\/site\/wp-json\/wp\/v2\/comments?post=4801"}],"version-history":[{"count":0,"href":"https:\/\/www.travel3.com.br\/site\/wp-json\/wp\/v2\/posts\/4801\/revisions"}],"wp:attachment":[{"href":"https:\/\/www.travel3.com.br\/site\/wp-json\/wp\/v2\/media?parent=4801"}],"wp:term":[{"taxonomy":"category","embeddable":true,"href":"https:\/\/www.travel3.com.br\/site\/wp-json\/wp\/v2\/categories?post=4801"},{"taxonomy":"post_tag","embeddable":true,"href":"https:\/\/www.travel3.com.br\/site\/wp-json\/wp\/v2\/tags?post=4801"}],"curies":[{"name":"wp","href":"https:\/\/api.w.org\/{rel}","templated":true}]}}