{"id":4744,"date":"2017-08-08T22:23:11","date_gmt":"2017-08-08T22:23:11","guid":{"rendered":"http:\/\/www.travel3.com.br\/site\/ir-e-vir\/ar\/parque-nacional-da-tijuca-anuncia-novidades-em-ano-olimpico\/"},"modified":"2017-08-08T22:23:11","modified_gmt":"2017-08-08T22:23:11","slug":"parque-nacional-da-tijuca-anuncia-novidades-em-ano-olimpico","status":"publish","type":"post","link":"https:\/\/www.travel3.com.br\/site\/sem-categoria\/parque-nacional-da-tijuca-anuncia-novidades-em-ano-olimpico\/","title":{"rendered":"PARQUE NACIONAL DA TIJUCA ANUNCIA NOVIDADES EM ANO OL\u00cdMPICO"},"content":{"rendered":"<p><span style=\"color: #40acad; font-family: -apple-system, system-ui, 'Segoe UI', Roboto, Oxygen-Sans, Ubuntu, Cantarell, 'Helvetica Neue', sans-serif; font-size: 12px; font-weight: bold;\"><\/p>\n<p><a class=\"fancybox-media\" href=\"..\/_uploads\/_noticia\/2016-07\/paineiras1.jpg\" rel=\"portfolio\"><img decoding=\"async\" alt=\"\" src=\"..\/_uploads\/_noticia\/2016-07\/paineiras1.jpg\" \/><\/a><strong>Novo espa\u00e7o d\u00e1 vida ao antigo Hotel Paineiras (fotos: Divulga\u00e7\u00e3o)<\/strong><\/p>\n<p>O Parque Nacional da Tijuca, no Rio de Janeiro, inaugura neste s\u00e1bado (30) o Centro de Visitantes Paineiras. O local d\u00e1 vida ao antigo Hotel Paineiras, que no passado recebeu personalidades do mundo todo e ficou abandonado por mais de 30 anos.<\/p>\n<p>O projeto arquitet\u00f4nico do novo Centro de Visitantes foi desenvolvido pelo Est\u00fadio Am\u00e9rica, vencedor do concurso promovido pelo ICMBio e Instituto dos Arquitetos do Brasil e conta com uma exposi\u00e7\u00e3o interativa sobre o Parque Nacional da Tijuca, a biodiversidade da Mata Atl\u00e2ntica e os outros parques nacionais brasileiros; \u00e1rea gastron\u00f4mica com vista panor\u00e2mica para a cidade; loja de souvenirs e bilheteria com sistema de autoatendimento e senhas.<\/p>\n<p><a class=\"fancybox-media\" href=\"..\/_uploads\/_noticia\/2016-07\/paineiras2.jpg\" rel=\"portfolio\"><img decoding=\"async\" alt=\"\" src=\"..\/_uploads\/_noticia\/2016-07\/paineiras2.jpg\" \/><\/a><br \/>\nTamb\u00e9m a partir de 30 de julho, dois novos pontos para banho estar\u00e3o abertos no setor Floresta. A Cascata Gabriela e Cachoeira da Baronesa, com acessos sinalizados, s\u00e3o as novas op\u00e7\u00f5es para o visitante se refrescar ap\u00f3s as caminhadas nas trilhas do Parque.<\/p>\n<p>Os sites das duas concession\u00e1rias que operam o trem a as vans para chegar ao alto do morro do Corcovado est\u00e3o conclu\u00eddos com as vendas online funcionando normalmente, incluindo hor\u00e1rios para o mesmo dia. Desde o dia 1\u00ba de julho, o Trem do Corcovado vende seus ingressos exclusivamente pela internet.<\/p>\n<p>No per\u00edodo dos Jogos Ol\u00edmpicos o esquema de seguran\u00e7a estar\u00e1 refor\u00e7ado para receber o p\u00fablico, com refor\u00e7o no apoio do Batalh\u00e3o de Pol\u00edcia Tur\u00edstica (BPTur), Comando de Policia Ambiental (CPAm) e da Guarda Municipal.\u00a0<\/p>\n<p>Tamb\u00e9m para o per\u00edodo ol\u00edmpico e em parceria com a RioTur, os visitantes do Parque encontrar\u00e3o foodtrucks espalhados por diversos locais, como Vista Chinesa, Pedra Bonita, Mirante Dona Marta e Floresta da Tijuca.\u00a0<\/p>\n<p><strong>Servi\u00e7o:<\/strong><br \/>\nCentro de Visitantes Paineiras<br \/>\nDiariamente, 8h \u00e0s 19h<br \/>\nHor\u00e1rio especial no per\u00edodo dos Jogos Ol\u00edmpicos (8 a 17 de agosto): 8h \u00e0s 22h<br \/>\nExposi\u00e7\u00e3o \u201cFloresta Protetora\u201d: Entrada gr\u00e1tis \/ Classifica\u00e7\u00e3o Livre<br \/>\nConsulte o site <a href=\"http:\/\/www.paineirascorcovado.com.br\" target=\"_blank\">www.paineirascorcovado.com.br<\/a> para mais informa\u00e7\u00f5es sobre atra\u00e7\u00f5es e tarifas.<\/p>\n<p>\u00a0<\/p>\n<p><\/span><\/p>\n","protected":false},"excerpt":{"rendered":"<p>Centro de Visitantes Paineiras, novos pontos para banho, melhorias nas trilhas e bilheteria online fazem parte do pacote de melhorias<\/p>\n","protected":false},"author":1,"featured_media":0,"comment_status":"open","ping_status":"open","sticky":false,"template":"","format":"standard","meta":{"footnotes":""},"categories":[],"tags":[],"class_list":["post-4744","post","type-post","status-publish","format-standard","hentry"],"yoast_head":"<!-- This site is optimized with the Yoast SEO plugin v26.2 - https:\/\/yoast.com\/wordpress\/plugins\/seo\/ -->\n<title>PARQUE NACIONAL DA TIJUCA ANUNCIA NOVIDADES EM ANO OL\u00cdMPICO - Travel3<\/title>\n<meta name=\"description\" content=\"A TRAVEL3 \u00e9 um portal de conte\u00fado voltado para o turismo, encontre destinos, viagens, hospedagem, passagens, guias, not\u00edcias sobre o mercado do turismo, dicas de viagem, v\u00eddeos e podcast.\" \/>\n<meta name=\"robots\" content=\"index, follow, max-snippet:-1, max-image-preview:large, max-video-preview:-1\" \/>\n<link rel=\"canonical\" href=\"https:\/\/www.travel3.com.br\/site\/sem-categoria\/parque-nacional-da-tijuca-anuncia-novidades-em-ano-olimpico\/\" \/>\n<meta property=\"og:locale\" content=\"pt_BR\" \/>\n<meta property=\"og:type\" content=\"article\" \/>\n<meta property=\"og:title\" content=\"PARQUE NACIONAL DA TIJUCA ANUNCIA NOVIDADES EM ANO OL\u00cdMPICO - Travel3\" \/>\n<meta property=\"og:description\" content=\"A TRAVEL3 \u00e9 um portal de conte\u00fado voltado para o turismo, encontre destinos, viagens, hospedagem, passagens, guias, not\u00edcias sobre o mercado do turismo, dicas de viagem, v\u00eddeos e podcast.\" \/>\n<meta property=\"og:url\" content=\"https:\/\/www.travel3.com.br\/site\/sem-categoria\/parque-nacional-da-tijuca-anuncia-novidades-em-ano-olimpico\/\" \/>\n<meta property=\"og:site_name\" content=\"Travel3\" \/>\n<meta property=\"article:publisher\" content=\"https:\/\/www.facebook.com\/travel3media\/\" \/>\n<meta property=\"article:published_time\" content=\"2017-08-08T22:23:11+00:00\" \/>\n<meta name=\"author\" content=\"admin\" \/>\n<meta name=\"twitter:card\" content=\"summary_large_image\" \/>\n<meta name=\"twitter:label1\" content=\"Escrito por\" \/>\n\t<meta name=\"twitter:data1\" content=\"admin\" \/>\n\t<meta name=\"twitter:label2\" content=\"Est. tempo de leitura\" \/>\n\t<meta name=\"twitter:data2\" content=\"2 minutos\" \/>\n<script type=\"application\/ld+json\" class=\"yoast-schema-graph\">{\"@context\":\"https:\/\/schema.org\",\"@graph\":[{\"@type\":\"Article\",\"@id\":\"https:\/\/www.travel3.com.br\/site\/sem-categoria\/parque-nacional-da-tijuca-anuncia-novidades-em-ano-olimpico\/#article\",\"isPartOf\":{\"@id\":\"https:\/\/www.travel3.com.br\/site\/sem-categoria\/parque-nacional-da-tijuca-anuncia-novidades-em-ano-olimpico\/\"},\"author\":{\"name\":\"admin\",\"@id\":\"https:\/\/www.travel3.com.br\/site\/#\/schema\/person\/a69d71e41a024999b6ab82369ac0bd1e\"},\"headline\":\"PARQUE NACIONAL DA TIJUCA ANUNCIA NOVIDADES EM ANO OL\u00cdMPICO\",\"datePublished\":\"2017-08-08T22:23:11+00:00\",\"mainEntityOfPage\":{\"@id\":\"https:\/\/www.travel3.com.br\/site\/sem-categoria\/parque-nacional-da-tijuca-anuncia-novidades-em-ano-olimpico\/\"},\"wordCount\":369,\"commentCount\":0,\"publisher\":{\"@id\":\"https:\/\/www.travel3.com.br\/site\/#organization\"},\"inLanguage\":\"pt-BR\",\"potentialAction\":[{\"@type\":\"CommentAction\",\"name\":\"Comment\",\"target\":[\"https:\/\/www.travel3.com.br\/site\/sem-categoria\/parque-nacional-da-tijuca-anuncia-novidades-em-ano-olimpico\/#respond\"]}]},{\"@type\":\"WebPage\",\"@id\":\"https:\/\/www.travel3.com.br\/site\/sem-categoria\/parque-nacional-da-tijuca-anuncia-novidades-em-ano-olimpico\/\",\"url\":\"https:\/\/www.travel3.com.br\/site\/sem-categoria\/parque-nacional-da-tijuca-anuncia-novidades-em-ano-olimpico\/\",\"name\":\"PARQUE NACIONAL DA TIJUCA ANUNCIA NOVIDADES EM ANO OL\u00cdMPICO - Travel3\",\"isPartOf\":{\"@id\":\"https:\/\/www.travel3.com.br\/site\/#website\"},\"datePublished\":\"2017-08-08T22:23:11+00:00\",\"description\":\"A TRAVEL3 \u00e9 um portal de conte\u00fado voltado para o turismo, encontre destinos, viagens, hospedagem, passagens, guias, not\u00edcias sobre o mercado do turismo, dicas de viagem, v\u00eddeos e podcast.\",\"breadcrumb\":{\"@id\":\"https:\/\/www.travel3.com.br\/site\/sem-categoria\/parque-nacional-da-tijuca-anuncia-novidades-em-ano-olimpico\/#breadcrumb\"},\"inLanguage\":\"pt-BR\",\"potentialAction\":[{\"@type\":\"ReadAction\",\"target\":[\"https:\/\/www.travel3.com.br\/site\/sem-categoria\/parque-nacional-da-tijuca-anuncia-novidades-em-ano-olimpico\/\"]}]},{\"@type\":\"BreadcrumbList\",\"@id\":\"https:\/\/www.travel3.com.br\/site\/sem-categoria\/parque-nacional-da-tijuca-anuncia-novidades-em-ano-olimpico\/#breadcrumb\",\"itemListElement\":[{\"@type\":\"ListItem\",\"position\":1,\"name\":\"In\u00edcio\",\"item\":\"https:\/\/www.travel3.com.br\/site\/\"},{\"@type\":\"ListItem\",\"position\":2,\"name\":\"PARQUE NACIONAL DA TIJUCA ANUNCIA NOVIDADES EM ANO OL\u00cdMPICO\"}]},{\"@type\":\"WebSite\",\"@id\":\"https:\/\/www.travel3.com.br\/site\/#website\",\"url\":\"https:\/\/www.travel3.com.br\/site\/\",\"name\":\"Travel3\",\"description\":\"Lazer + Neg&oacute;cios + Aventura\",\"publisher\":{\"@id\":\"https:\/\/www.travel3.com.br\/site\/#organization\"},\"potentialAction\":[{\"@type\":\"SearchAction\",\"target\":{\"@type\":\"EntryPoint\",\"urlTemplate\":\"https:\/\/www.travel3.com.br\/site\/?s={search_term_string}\"},\"query-input\":{\"@type\":\"PropertyValueSpecification\",\"valueRequired\":true,\"valueName\":\"search_term_string\"}}],\"inLanguage\":\"pt-BR\"},{\"@type\":\"Organization\",\"@id\":\"https:\/\/www.travel3.com.br\/site\/#organization\",\"name\":\"Travel3\",\"url\":\"https:\/\/www.travel3.com.br\/site\/\",\"logo\":{\"@type\":\"ImageObject\",\"inLanguage\":\"pt-BR\",\"@id\":\"https:\/\/www.travel3.com.br\/site\/#\/schema\/logo\/image\/\",\"url\":\"https:\/\/www.travel3.com.br\/site\/wp-content\/uploads\/2020\/01\/logo-travel3-2020.png\",\"contentUrl\":\"https:\/\/www.travel3.com.br\/site\/wp-content\/uploads\/2020\/01\/logo-travel3-2020.png\",\"width\":232,\"height\":79,\"caption\":\"Travel3\"},\"image\":{\"@id\":\"https:\/\/www.travel3.com.br\/site\/#\/schema\/logo\/image\/\"},\"sameAs\":[\"https:\/\/www.facebook.com\/travel3media\/\",\"https:\/\/www.instagram.com\/revistatravel3\/\",\"https:\/\/www.youtube.com\/channel\/UCno7J4paGBR3VbZQzvoJ9Eg\"]},{\"@type\":\"Person\",\"@id\":\"https:\/\/www.travel3.com.br\/site\/#\/schema\/person\/a69d71e41a024999b6ab82369ac0bd1e\",\"name\":\"admin\",\"image\":{\"@type\":\"ImageObject\",\"inLanguage\":\"pt-BR\",\"@id\":\"https:\/\/www.travel3.com.br\/site\/#\/schema\/person\/image\/\",\"url\":\"https:\/\/secure.gravatar.com\/avatar\/732a67adfd764da2a47ba10ce731c4c0?s=96&d=mm&r=g\",\"contentUrl\":\"https:\/\/secure.gravatar.com\/avatar\/732a67adfd764da2a47ba10ce731c4c0?s=96&d=mm&r=g\",\"caption\":\"admin\"},\"url\":\"https:\/\/www.travel3.com.br\/site\/author\/admin\/\"}]}<\/script>\n<!-- \/ Yoast SEO plugin. -->","yoast_head_json":{"title":"PARQUE NACIONAL DA TIJUCA ANUNCIA NOVIDADES EM ANO OL\u00cdMPICO - Travel3","description":"A TRAVEL3 \u00e9 um portal de conte\u00fado voltado para o turismo, encontre destinos, viagens, hospedagem, passagens, guias, not\u00edcias sobre o mercado do turismo, dicas de viagem, v\u00eddeos e podcast.","robots":{"index":"index","follow":"follow","max-snippet":"max-snippet:-1","max-image-preview":"max-image-preview:large","max-video-preview":"max-video-preview:-1"},"canonical":"https:\/\/www.travel3.com.br\/site\/sem-categoria\/parque-nacional-da-tijuca-anuncia-novidades-em-ano-olimpico\/","og_locale":"pt_BR","og_type":"article","og_title":"PARQUE NACIONAL DA TIJUCA ANUNCIA NOVIDADES EM ANO OL\u00cdMPICO - Travel3","og_description":"A TRAVEL3 \u00e9 um portal de conte\u00fado voltado para o turismo, encontre destinos, viagens, hospedagem, passagens, guias, not\u00edcias sobre o mercado do turismo, dicas de viagem, v\u00eddeos e podcast.","og_url":"https:\/\/www.travel3.com.br\/site\/sem-categoria\/parque-nacional-da-tijuca-anuncia-novidades-em-ano-olimpico\/","og_site_name":"Travel3","article_publisher":"https:\/\/www.facebook.com\/travel3media\/","article_published_time":"2017-08-08T22:23:11+00:00","author":"admin","twitter_card":"summary_large_image","twitter_misc":{"Escrito por":"admin","Est. tempo de leitura":"2 minutos"},"schema":{"@context":"https:\/\/schema.org","@graph":[{"@type":"Article","@id":"https:\/\/www.travel3.com.br\/site\/sem-categoria\/parque-nacional-da-tijuca-anuncia-novidades-em-ano-olimpico\/#article","isPartOf":{"@id":"https:\/\/www.travel3.com.br\/site\/sem-categoria\/parque-nacional-da-tijuca-anuncia-novidades-em-ano-olimpico\/"},"author":{"name":"admin","@id":"https:\/\/www.travel3.com.br\/site\/#\/schema\/person\/a69d71e41a024999b6ab82369ac0bd1e"},"headline":"PARQUE NACIONAL DA TIJUCA ANUNCIA NOVIDADES EM ANO OL\u00cdMPICO","datePublished":"2017-08-08T22:23:11+00:00","mainEntityOfPage":{"@id":"https:\/\/www.travel3.com.br\/site\/sem-categoria\/parque-nacional-da-tijuca-anuncia-novidades-em-ano-olimpico\/"},"wordCount":369,"commentCount":0,"publisher":{"@id":"https:\/\/www.travel3.com.br\/site\/#organization"},"inLanguage":"pt-BR","potentialAction":[{"@type":"CommentAction","name":"Comment","target":["https:\/\/www.travel3.com.br\/site\/sem-categoria\/parque-nacional-da-tijuca-anuncia-novidades-em-ano-olimpico\/#respond"]}]},{"@type":"WebPage","@id":"https:\/\/www.travel3.com.br\/site\/sem-categoria\/parque-nacional-da-tijuca-anuncia-novidades-em-ano-olimpico\/","url":"https:\/\/www.travel3.com.br\/site\/sem-categoria\/parque-nacional-da-tijuca-anuncia-novidades-em-ano-olimpico\/","name":"PARQUE NACIONAL DA TIJUCA ANUNCIA NOVIDADES EM ANO OL\u00cdMPICO - Travel3","isPartOf":{"@id":"https:\/\/www.travel3.com.br\/site\/#website"},"datePublished":"2017-08-08T22:23:11+00:00","description":"A TRAVEL3 \u00e9 um portal de conte\u00fado voltado para o turismo, encontre destinos, viagens, hospedagem, passagens, guias, not\u00edcias sobre o mercado do turismo, dicas de viagem, v\u00eddeos e podcast.","breadcrumb":{"@id":"https:\/\/www.travel3.com.br\/site\/sem-categoria\/parque-nacional-da-tijuca-anuncia-novidades-em-ano-olimpico\/#breadcrumb"},"inLanguage":"pt-BR","potentialAction":[{"@type":"ReadAction","target":["https:\/\/www.travel3.com.br\/site\/sem-categoria\/parque-nacional-da-tijuca-anuncia-novidades-em-ano-olimpico\/"]}]},{"@type":"BreadcrumbList","@id":"https:\/\/www.travel3.com.br\/site\/sem-categoria\/parque-nacional-da-tijuca-anuncia-novidades-em-ano-olimpico\/#breadcrumb","itemListElement":[{"@type":"ListItem","position":1,"name":"In\u00edcio","item":"https:\/\/www.travel3.com.br\/site\/"},{"@type":"ListItem","position":2,"name":"PARQUE NACIONAL DA TIJUCA ANUNCIA NOVIDADES EM ANO OL\u00cdMPICO"}]},{"@type":"WebSite","@id":"https:\/\/www.travel3.com.br\/site\/#website","url":"https:\/\/www.travel3.com.br\/site\/","name":"Travel3","description":"Lazer + Neg&oacute;cios + Aventura","publisher":{"@id":"https:\/\/www.travel3.com.br\/site\/#organization"},"potentialAction":[{"@type":"SearchAction","target":{"@type":"EntryPoint","urlTemplate":"https:\/\/www.travel3.com.br\/site\/?s={search_term_string}"},"query-input":{"@type":"PropertyValueSpecification","valueRequired":true,"valueName":"search_term_string"}}],"inLanguage":"pt-BR"},{"@type":"Organization","@id":"https:\/\/www.travel3.com.br\/site\/#organization","name":"Travel3","url":"https:\/\/www.travel3.com.br\/site\/","logo":{"@type":"ImageObject","inLanguage":"pt-BR","@id":"https:\/\/www.travel3.com.br\/site\/#\/schema\/logo\/image\/","url":"https:\/\/www.travel3.com.br\/site\/wp-content\/uploads\/2020\/01\/logo-travel3-2020.png","contentUrl":"https:\/\/www.travel3.com.br\/site\/wp-content\/uploads\/2020\/01\/logo-travel3-2020.png","width":232,"height":79,"caption":"Travel3"},"image":{"@id":"https:\/\/www.travel3.com.br\/site\/#\/schema\/logo\/image\/"},"sameAs":["https:\/\/www.facebook.com\/travel3media\/","https:\/\/www.instagram.com\/revistatravel3\/","https:\/\/www.youtube.com\/channel\/UCno7J4paGBR3VbZQzvoJ9Eg"]},{"@type":"Person","@id":"https:\/\/www.travel3.com.br\/site\/#\/schema\/person\/a69d71e41a024999b6ab82369ac0bd1e","name":"admin","image":{"@type":"ImageObject","inLanguage":"pt-BR","@id":"https:\/\/www.travel3.com.br\/site\/#\/schema\/person\/image\/","url":"https:\/\/secure.gravatar.com\/avatar\/732a67adfd764da2a47ba10ce731c4c0?s=96&d=mm&r=g","contentUrl":"https:\/\/secure.gravatar.com\/avatar\/732a67adfd764da2a47ba10ce731c4c0?s=96&d=mm&r=g","caption":"admin"},"url":"https:\/\/www.travel3.com.br\/site\/author\/admin\/"}]}},"_links":{"self":[{"href":"https:\/\/www.travel3.com.br\/site\/wp-json\/wp\/v2\/posts\/4744","targetHints":{"allow":["GET"]}}],"collection":[{"href":"https:\/\/www.travel3.com.br\/site\/wp-json\/wp\/v2\/posts"}],"about":[{"href":"https:\/\/www.travel3.com.br\/site\/wp-json\/wp\/v2\/types\/post"}],"author":[{"embeddable":true,"href":"https:\/\/www.travel3.com.br\/site\/wp-json\/wp\/v2\/users\/1"}],"replies":[{"embeddable":true,"href":"https:\/\/www.travel3.com.br\/site\/wp-json\/wp\/v2\/comments?post=4744"}],"version-history":[{"count":0,"href":"https:\/\/www.travel3.com.br\/site\/wp-json\/wp\/v2\/posts\/4744\/revisions"}],"wp:attachment":[{"href":"https:\/\/www.travel3.com.br\/site\/wp-json\/wp\/v2\/media?parent=4744"}],"wp:term":[{"taxonomy":"category","embeddable":true,"href":"https:\/\/www.travel3.com.br\/site\/wp-json\/wp\/v2\/categories?post=4744"},{"taxonomy":"post_tag","embeddable":true,"href":"https:\/\/www.travel3.com.br\/site\/wp-json\/wp\/v2\/tags?post=4744"}],"curies":[{"name":"wp","href":"https:\/\/api.w.org\/{rel}","templated":true}]}}